{"id":4007,"date":"2024-09-07T11:53:39","date_gmt":"2024-09-07T11:53:39","guid":{"rendered":"https:\/\/blogdobispo.com.br\/?p=4007"},"modified":"2024-09-07T11:53:39","modified_gmt":"2024-09-07T11:53:39","slug":"nova-frota-beneficia-40-mil-passageiros-por-dia-na-regiao-metropolitana-de-natal","status":"publish","type":"post","link":"https:\/\/blogdobispo.com.br\/?p=4007","title":{"rendered":"Nova frota beneficia 40 mil passageiros por dia na Regi\u00e3o Metropolitana de Natal"},"content":{"rendered":"\n<figure class=\"wp-block-image size-large\"><img data-recalc-dims=\"1\" fetchpriority=\"high\" decoding=\"async\" width=\"800\" height=\"600\" src=\"https:\/\/i0.wp.com\/blogdobispo.com.br\/wp-content\/uploads\/2024\/09\/70a23f13-8c22-4580-bd63-90f694269960-1-1-1024x768.jpg?resize=800%2C600&#038;ssl=1\" class=\"wp-image-4006\" srcset=\"https:\/\/i0.wp.com\/blogdobispo.com.br\/wp-content\/uploads\/2024\/09\/70a23f13-8c22-4580-bd63-90f694269960-1-1.jpg?resize=1024%2C768&amp;ssl=1 1024w, https:\/\/i0.wp.com\/blogdobispo.com.br\/wp-content\/uploads\/2024\/09\/70a23f13-8c22-4580-bd63-90f694269960-1-1.jpg?resize=300%2C225&amp;ssl=1 300w, https:\/\/i0.wp.com\/blogdobispo.com.br\/wp-content\/uploads\/2024\/09\/70a23f13-8c22-4580-bd63-90f694269960-1-1.jpg?resize=768%2C576&amp;ssl=1 768w, https:\/\/i0.wp.com\/blogdobispo.com.br\/wp-content\/uploads\/2024\/09\/70a23f13-8c22-4580-bd63-90f694269960-1-1.jpg?resize=1536%2C1152&amp;ssl=1 1536w, https:\/\/i0.wp.com\/blogdobispo.com.br\/wp-content\/uploads\/2024\/09\/70a23f13-8c22-4580-bd63-90f694269960-1-1.jpg?w=2000&amp;ssl=1 2000w, https:\/\/i0.wp.com\/blogdobispo.com.br\/wp-content\/uploads\/2024\/09\/70a23f13-8c22-4580-bd63-90f694269960-1-1.jpg?w=1600 1600w\" sizes=\"(max-width: 800px) 100vw, 800px\" \/><\/figure>\n\n\n\n<p><\/p>\n\n\n\n<p><em>Empresa Trampolim da Vit\u00f3ria refor\u00e7a opera\u00e7\u00f5es com novos ve\u00edculos, garantindo benef\u00edcios aos clientes<\/em><\/p>\n\n\n\n<p>Os novos \u00f4nibus da empresa Trampolim da Vit\u00f3ria est\u00e3o beneficiando 40 mil passageiros diariamente que utilizam as linhas da empresa na Regi\u00e3o Metropolitana de Natal. Os ve\u00edculos, entregues em cerim\u00f4nia oficial com a governadora F\u00e1tima Bezerra na \u00faltima ter\u00e7a-feira (3), j\u00e1 est\u00e3o em opera\u00e7\u00e3o, atendendo as principais linhas da empresa, que faz a liga\u00e7\u00e3o entre os munic\u00edpios de Parnamirim, Maca\u00edba e S\u00e3o Gon\u00e7alo a Natal.<\/p>\n\n\n\n<p>Com a inclus\u00e3o dos novos \u00f4nibus, a empresa aumentou sua capacidade de atendimento, adicionando 1.060 novas viagens mensais, o que beneficia os milhares de clientes que utilizam as linhas da empresa &#8211; principalmente trabalhadores e estudantes que dependem do transporte p\u00fablico para suas atividades di\u00e1rias. Segundo a empresa, os novos \u00f4nibus foram destinados \u00e0 amplia\u00e7\u00e3o da frota.<\/p>\n\n\n\n<p>O diretor da Trampolim da Vit\u00f3ria, Almir Buonora, considera que a renova\u00e7\u00e3o tem o prop\u00f3sito da garantir que a empresa ofere\u00e7a um servi\u00e7o de qualidade. &#8220;A Trampolim da Vit\u00f3ria segue comprometida em investir na melhoria do transporte intermunicipal, com foco na inova\u00e7\u00e3o e na excel\u00eancia do servi\u00e7o prestado, reafirmando sua posi\u00e7\u00e3o como uma das principais empresas do setor no estado&#8221;, afirmou.<\/p>\n\n\n\n<p>Almir lembrou a inclus\u00e3o de 18 \u00f4nibus 0 km em 2023 e afirmou que at\u00e9 o final do 2024, ser\u00e3o mais 30 \u00f4nibus novos em opera\u00e7\u00e3o. &#8220;Trata-se de uma renova\u00e7\u00e3o hist\u00f3rica. Atrav\u00e9s da parceria com o Governo do Estado, que apoia a renova\u00e7\u00e3o da frota atrav\u00e9s de incentivos fiscais e subs\u00eddios, como a isen\u00e7\u00e3o do ICMS sobre o diesel, estamos mudando a realidade do transporte intermunicipal no RN&#8221;, destaca.<\/p>\n\n\n\n<p><em>Wi-Fi em toda a frota<\/em><\/p>\n\n\n\n<p>A empresa Trampolim da Vit\u00f3ria tamb\u00e9m est\u00e1 implantando a tecnologia de internet wi-fi em toda a frota, garantindo mais conectividade para os passageiros durante suas viagens. \u201cSomos a primeira empresa de transportes do RN a ofertar a internet Wi-Fi em toda a frota. Nosso cliente viaja conectado, sem precisar gastar dos seus dados m\u00f3veis. Todos os \u00f4nibus t\u00eam um roteador pr\u00f3prio, onde os passageiros conectam e podem viajar enquanto acessam a internet de excelente qualidade gratuitamente\u201d, explica Almir.<\/p>\n\n\n\n<p><em>Mais conforto, sustentabilidade e seguran\u00e7a<\/em><\/p>\n\n\n\n<p>Os 10 novos ve\u00edculos foram fabricados pela Marcopolo, no munic\u00edpio de S\u00e3o Mateus, no Esp\u00edrito Santo, e contam com total acessibilidade &#8211; incluindo elevador para embarque e desembarque de pessoas com defici\u00eancia e assentos preferenciais para idosos, pessoas com defici\u00eancia e com crian\u00e7as de colo, gestantes e autistas.<\/p>\n\n\n\n<p>Os novos \u00f4nibus atendem ao protocolo europeu EURO 6, que estabelece limites rigorosos para a emiss\u00e3o de poluentes, demonstrando o compromisso da empresa com a sustentabilidade. Al\u00e9m disso, os ve\u00edculos t\u00eam c\u00e2meras de seguran\u00e7a e sistema de GPS, garantindo mais seguran\u00e7a aos passageiros durante as viagens.<\/p>\n","protected":false},"excerpt":{"rendered":"<p>Empresa Trampolim da Vit\u00f3ria refor\u00e7a opera\u00e7\u00f5es com novos ve\u00edculos, garantindo benef\u00edcios aos clientes Os novos \u00f4nibus da empresa Trampolim da Vit\u00f3ria est\u00e3o beneficiando 40 mil passageiros diariamente que utilizam as linhas da empresa na Regi\u00e3o Metropolitana de Natal. Os ve\u00edculos, entregues em cerim\u00f4nia oficial com a governadora F\u00e1tima Bezerra na \u00faltima ter\u00e7a-feira (3), j\u00e1 est\u00e3o [&hellip;]<\/p>\n","protected":false},"author":1,"featured_media":0,"comment_status":"open","ping_status":"open","sticky":false,"template":"","format":"standard","meta":{"cybocfi_hide_featured_image":"","_jetpack_memberships_contains_paid_content":false,"footnotes":""},"categories":[1],"tags":[],"class_list":["post-4007","post","type-post","status-publish","format-standard","hentry","category-diversos"],"yoast_head":"<!-- This site is optimized with the Yoast SEO plugin v25.6 - https:\/\/yoast.com\/wordpress\/plugins\/seo\/ -->\n<title>Nova frota beneficia 40 mil passageiros por dia na Regi\u00e3o Metropolitana de Natal - Blog do Bispo<\/title>\n<meta name=\"robots\" content=\"index, follow, max-snippet:-1, max-image-preview:large, max-video-preview:-1\" \/>\n<link rel=\"canonical\" href=\"https:\/\/blogdobispo.com.br\/?p=4007\" \/>\n<meta property=\"og:locale\" content=\"pt_BR\" \/>\n<meta property=\"og:type\" content=\"article\" \/>\n<meta property=\"og:title\" content=\"Nova frota beneficia 40 mil passageiros por dia na Regi\u00e3o Metropolitana de Natal - Blog do Bispo\" \/>\n<meta property=\"og:description\" content=\"Empresa Trampolim da Vit\u00f3ria refor\u00e7a opera\u00e7\u00f5es com novos ve\u00edculos, garantindo benef\u00edcios aos clientes Os novos \u00f4nibus da empresa Trampolim da Vit\u00f3ria est\u00e3o beneficiando 40 mil passageiros diariamente que utilizam as linhas da empresa na Regi\u00e3o Metropolitana de Natal. Os ve\u00edculos, entregues em cerim\u00f4nia oficial com a governadora F\u00e1tima Bezerra na \u00faltima ter\u00e7a-feira (3), j\u00e1 est\u00e3o [&hellip;]\" \/>\n<meta property=\"og:url\" content=\"https:\/\/blogdobispo.com.br\/?p=4007\" \/>\n<meta property=\"og:site_name\" content=\"Blog do Bispo\" \/>\n<meta property=\"article:published_time\" content=\"2024-09-07T11:53:39+00:00\" \/>\n<meta property=\"og:image\" content=\"https:\/\/blogdobispo.com.br\/wp-content\/uploads\/2024\/09\/70a23f13-8c22-4580-bd63-90f694269960-1-1-1024x768.jpg\" \/>\n<meta name=\"author\" content=\"Jefferson Sterfeno\" \/>\n<meta name=\"twitter:card\" content=\"summary_large_image\" \/>\n<meta name=\"twitter:label1\" content=\"Escrito por\" \/>\n\t<meta name=\"twitter:data1\" content=\"Jefferson Sterfeno\" \/>\n\t<meta name=\"twitter:label2\" content=\"Est. tempo de leitura\" \/>\n\t<meta name=\"twitter:data2\" content=\"2 minutos\" \/>\n<script type=\"application\/ld+json\" class=\"yoast-schema-graph\">{\"@context\":\"https:\/\/schema.org\",\"@graph\":[{\"@type\":\"Article\",\"@id\":\"https:\/\/blogdobispo.com.br\/?p=4007#article\",\"isPartOf\":{\"@id\":\"https:\/\/blogdobispo.com.br\/?p=4007\"},\"author\":{\"name\":\"Jefferson Sterfeno\",\"@id\":\"https:\/\/blogdobispo.com.br\/#\/schema\/person\/e2209cc0e6cea5c5233d033e997b373f\"},\"headline\":\"Nova frota beneficia 40 mil passageiros por dia na Regi\u00e3o Metropolitana de Natal\",\"datePublished\":\"2024-09-07T11:53:39+00:00\",\"mainEntityOfPage\":{\"@id\":\"https:\/\/blogdobispo.com.br\/?p=4007\"},\"wordCount\":512,\"commentCount\":0,\"publisher\":{\"@id\":\"https:\/\/blogdobispo.com.br\/#organization\"},\"image\":{\"@id\":\"https:\/\/blogdobispo.com.br\/?p=4007#primaryimage\"},\"thumbnailUrl\":\"https:\/\/blogdobispo.com.br\/wp-content\/uploads\/2024\/09\/70a23f13-8c22-4580-bd63-90f694269960-1-1-1024x768.jpg\",\"articleSection\":[\"diversos\"],\"inLanguage\":\"pt-BR\",\"potentialAction\":[{\"@type\":\"CommentAction\",\"name\":\"Comment\",\"target\":[\"https:\/\/blogdobispo.com.br\/?p=4007#respond\"]}]},{\"@type\":\"WebPage\",\"@id\":\"https:\/\/blogdobispo.com.br\/?p=4007\",\"url\":\"https:\/\/blogdobispo.com.br\/?p=4007\",\"name\":\"Nova frota beneficia 40 mil passageiros por dia na Regi\u00e3o Metropolitana de Natal - Blog do Bispo\",\"isPartOf\":{\"@id\":\"https:\/\/blogdobispo.com.br\/#website\"},\"primaryImageOfPage\":{\"@id\":\"https:\/\/blogdobispo.com.br\/?p=4007#primaryimage\"},\"image\":{\"@id\":\"https:\/\/blogdobispo.com.br\/?p=4007#primaryimage\"},\"thumbnailUrl\":\"https:\/\/blogdobispo.com.br\/wp-content\/uploads\/2024\/09\/70a23f13-8c22-4580-bd63-90f694269960-1-1-1024x768.jpg\",\"datePublished\":\"2024-09-07T11:53:39+00:00\",\"breadcrumb\":{\"@id\":\"https:\/\/blogdobispo.com.br\/?p=4007#breadcrumb\"},\"inLanguage\":\"pt-BR\",\"potentialAction\":[{\"@type\":\"ReadAction\",\"target\":[\"https:\/\/blogdobispo.com.br\/?p=4007\"]}]},{\"@type\":\"ImageObject\",\"inLanguage\":\"pt-BR\",\"@id\":\"https:\/\/blogdobispo.com.br\/?p=4007#primaryimage\",\"url\":\"https:\/\/blogdobispo.com.br\/wp-content\/uploads\/2024\/09\/70a23f13-8c22-4580-bd63-90f694269960-1-1-1024x768.jpg\",\"contentUrl\":\"https:\/\/blogdobispo.com.br\/wp-content\/uploads\/2024\/09\/70a23f13-8c22-4580-bd63-90f694269960-1-1-1024x768.jpg\"},{\"@type\":\"BreadcrumbList\",\"@id\":\"https:\/\/blogdobispo.com.br\/?p=4007#breadcrumb\",\"itemListElement\":[{\"@type\":\"ListItem\",\"position\":1,\"name\":\"In\u00edcio\",\"item\":\"https:\/\/blogdobispo.com.br\/\"},{\"@type\":\"ListItem\",\"position\":2,\"name\":\"Nova frota beneficia 40 mil passageiros por dia na Regi\u00e3o Metropolitana de Natal\"}]},{\"@type\":\"WebSite\",\"@id\":\"https:\/\/blogdobispo.com.br\/#website\",\"url\":\"https:\/\/blogdobispo.com.br\/\",\"name\":\"Blog do Bispo\",\"description\":\"Comprometido apenas com o leitor\",\"publisher\":{\"@id\":\"https:\/\/blogdobispo.com.br\/#organization\"},\"potentialAction\":[{\"@type\":\"SearchAction\",\"target\":{\"@type\":\"EntryPoint\",\"urlTemplate\":\"https:\/\/blogdobispo.com.br\/?s={search_term_string}\"},\"query-input\":{\"@type\":\"PropertyValueSpecification\",\"valueRequired\":true,\"valueName\":\"search_term_string\"}}],\"inLanguage\":\"pt-BR\"},{\"@type\":\"Organization\",\"@id\":\"https:\/\/blogdobispo.com.br\/#organization\",\"name\":\"Blog do Bispo\",\"url\":\"https:\/\/blogdobispo.com.br\/\",\"logo\":{\"@type\":\"ImageObject\",\"inLanguage\":\"pt-BR\",\"@id\":\"https:\/\/blogdobispo.com.br\/#\/schema\/logo\/image\/\",\"url\":\"http:\/\/blogdobispo.com.br\/wp-content\/uploads\/2023\/05\/cropped-headear.png\",\"contentUrl\":\"http:\/\/blogdobispo.com.br\/wp-content\/uploads\/2023\/05\/cropped-headear.png\",\"width\":1500,\"height\":399,\"caption\":\"Blog do Bispo\"},\"image\":{\"@id\":\"https:\/\/blogdobispo.com.br\/#\/schema\/logo\/image\/\"}},{\"@type\":\"Person\",\"@id\":\"https:\/\/blogdobispo.com.br\/#\/schema\/person\/e2209cc0e6cea5c5233d033e997b373f\",\"name\":\"Jefferson Sterfeno\",\"image\":{\"@type\":\"ImageObject\",\"inLanguage\":\"pt-BR\",\"@id\":\"https:\/\/blogdobispo.com.br\/#\/schema\/person\/image\/\",\"url\":\"https:\/\/secure.gravatar.com\/avatar\/0534e84764641168a677026b6d57a3f51dc7ac4db0b4f6186d9cb330d4ee1160?s=96&d=mm&r=g\",\"contentUrl\":\"https:\/\/secure.gravatar.com\/avatar\/0534e84764641168a677026b6d57a3f51dc7ac4db0b4f6186d9cb330d4ee1160?s=96&d=mm&r=g\",\"caption\":\"Jefferson Sterfeno\"},\"sameAs\":[\"http:\/\/blogdobispo.com.br\"],\"url\":\"https:\/\/blogdobispo.com.br\/?author=1\"}]}<\/script>\n<!-- \/ Yoast SEO plugin. -->","yoast_head_json":{"title":"Nova frota beneficia 40 mil passageiros por dia na Regi\u00e3o Metropolitana de Natal - Blog do Bispo","robots":{"index":"index","follow":"follow","max-snippet":"max-snippet:-1","max-image-preview":"max-image-preview:large","max-video-preview":"max-video-preview:-1"},"canonical":"https:\/\/blogdobispo.com.br\/?p=4007","og_locale":"pt_BR","og_type":"article","og_title":"Nova frota beneficia 40 mil passageiros por dia na Regi\u00e3o Metropolitana de Natal - Blog do Bispo","og_description":"Empresa Trampolim da Vit\u00f3ria refor\u00e7a opera\u00e7\u00f5es com novos ve\u00edculos, garantindo benef\u00edcios aos clientes Os novos \u00f4nibus da empresa Trampolim da Vit\u00f3ria est\u00e3o beneficiando 40 mil passageiros diariamente que utilizam as linhas da empresa na Regi\u00e3o Metropolitana de Natal. Os ve\u00edculos, entregues em cerim\u00f4nia oficial com a governadora F\u00e1tima Bezerra na \u00faltima ter\u00e7a-feira (3), j\u00e1 est\u00e3o [&hellip;]","og_url":"https:\/\/blogdobispo.com.br\/?p=4007","og_site_name":"Blog do Bispo","article_published_time":"2024-09-07T11:53:39+00:00","og_image":[{"url":"https:\/\/blogdobispo.com.br\/wp-content\/uploads\/2024\/09\/70a23f13-8c22-4580-bd63-90f694269960-1-1-1024x768.jpg","type":"","width":"","height":""}],"author":"Jefferson Sterfeno","twitter_card":"summary_large_image","twitter_misc":{"Escrito por":"Jefferson Sterfeno","Est. tempo de leitura":"2 minutos"},"schema":{"@context":"https:\/\/schema.org","@graph":[{"@type":"Article","@id":"https:\/\/blogdobispo.com.br\/?p=4007#article","isPartOf":{"@id":"https:\/\/blogdobispo.com.br\/?p=4007"},"author":{"name":"Jefferson Sterfeno","@id":"https:\/\/blogdobispo.com.br\/#\/schema\/person\/e2209cc0e6cea5c5233d033e997b373f"},"headline":"Nova frota beneficia 40 mil passageiros por dia na Regi\u00e3o Metropolitana de Natal","datePublished":"2024-09-07T11:53:39+00:00","mainEntityOfPage":{"@id":"https:\/\/blogdobispo.com.br\/?p=4007"},"wordCount":512,"commentCount":0,"publisher":{"@id":"https:\/\/blogdobispo.com.br\/#organization"},"image":{"@id":"https:\/\/blogdobispo.com.br\/?p=4007#primaryimage"},"thumbnailUrl":"https:\/\/blogdobispo.com.br\/wp-content\/uploads\/2024\/09\/70a23f13-8c22-4580-bd63-90f694269960-1-1-1024x768.jpg","articleSection":["diversos"],"inLanguage":"pt-BR","potentialAction":[{"@type":"CommentAction","name":"Comment","target":["https:\/\/blogdobispo.com.br\/?p=4007#respond"]}]},{"@type":"WebPage","@id":"https:\/\/blogdobispo.com.br\/?p=4007","url":"https:\/\/blogdobispo.com.br\/?p=4007","name":"Nova frota beneficia 40 mil passageiros por dia na Regi\u00e3o Metropolitana de Natal - Blog do Bispo","isPartOf":{"@id":"https:\/\/blogdobispo.com.br\/#website"},"primaryImageOfPage":{"@id":"https:\/\/blogdobispo.com.br\/?p=4007#primaryimage"},"image":{"@id":"https:\/\/blogdobispo.com.br\/?p=4007#primaryimage"},"thumbnailUrl":"https:\/\/blogdobispo.com.br\/wp-content\/uploads\/2024\/09\/70a23f13-8c22-4580-bd63-90f694269960-1-1-1024x768.jpg","datePublished":"2024-09-07T11:53:39+00:00","breadcrumb":{"@id":"https:\/\/blogdobispo.com.br\/?p=4007#breadcrumb"},"inLanguage":"pt-BR","potentialAction":[{"@type":"ReadAction","target":["https:\/\/blogdobispo.com.br\/?p=4007"]}]},{"@type":"ImageObject","inLanguage":"pt-BR","@id":"https:\/\/blogdobispo.com.br\/?p=4007#primaryimage","url":"https:\/\/blogdobispo.com.br\/wp-content\/uploads\/2024\/09\/70a23f13-8c22-4580-bd63-90f694269960-1-1-1024x768.jpg","contentUrl":"https:\/\/blogdobispo.com.br\/wp-content\/uploads\/2024\/09\/70a23f13-8c22-4580-bd63-90f694269960-1-1-1024x768.jpg"},{"@type":"BreadcrumbList","@id":"https:\/\/blogdobispo.com.br\/?p=4007#breadcrumb","itemListElement":[{"@type":"ListItem","position":1,"name":"In\u00edcio","item":"https:\/\/blogdobispo.com.br\/"},{"@type":"ListItem","position":2,"name":"Nova frota beneficia 40 mil passageiros por dia na Regi\u00e3o Metropolitana de Natal"}]},{"@type":"WebSite","@id":"https:\/\/blogdobispo.com.br\/#website","url":"https:\/\/blogdobispo.com.br\/","name":"Blog do Bispo","description":"Comprometido apenas com o leitor","publisher":{"@id":"https:\/\/blogdobispo.com.br\/#organization"},"potentialAction":[{"@type":"SearchAction","target":{"@type":"EntryPoint","urlTemplate":"https:\/\/blogdobispo.com.br\/?s={search_term_string}"},"query-input":{"@type":"PropertyValueSpecification","valueRequired":true,"valueName":"search_term_string"}}],"inLanguage":"pt-BR"},{"@type":"Organization","@id":"https:\/\/blogdobispo.com.br\/#organization","name":"Blog do Bispo","url":"https:\/\/blogdobispo.com.br\/","logo":{"@type":"ImageObject","inLanguage":"pt-BR","@id":"https:\/\/blogdobispo.com.br\/#\/schema\/logo\/image\/","url":"http:\/\/blogdobispo.com.br\/wp-content\/uploads\/2023\/05\/cropped-headear.png","contentUrl":"http:\/\/blogdobispo.com.br\/wp-content\/uploads\/2023\/05\/cropped-headear.png","width":1500,"height":399,"caption":"Blog do Bispo"},"image":{"@id":"https:\/\/blogdobispo.com.br\/#\/schema\/logo\/image\/"}},{"@type":"Person","@id":"https:\/\/blogdobispo.com.br\/#\/schema\/person\/e2209cc0e6cea5c5233d033e997b373f","name":"Jefferson Sterfeno","image":{"@type":"ImageObject","inLanguage":"pt-BR","@id":"https:\/\/blogdobispo.com.br\/#\/schema\/person\/image\/","url":"https:\/\/secure.gravatar.com\/avatar\/0534e84764641168a677026b6d57a3f51dc7ac4db0b4f6186d9cb330d4ee1160?s=96&d=mm&r=g","contentUrl":"https:\/\/secure.gravatar.com\/avatar\/0534e84764641168a677026b6d57a3f51dc7ac4db0b4f6186d9cb330d4ee1160?s=96&d=mm&r=g","caption":"Jefferson Sterfeno"},"sameAs":["http:\/\/blogdobispo.com.br"],"url":"https:\/\/blogdobispo.com.br\/?author=1"}]}},"featured_image_urls":{"full":"","thumbnail":"","medium":"","medium_large":"","large":"","1536x1536":"","2048x2048":""},"author_info":{"display_name":"Jefferson Sterfeno","author_link":"https:\/\/blogdobispo.com.br\/?author=1"},"category_info":"<a href=\"https:\/\/blogdobispo.com.br\/?cat=1\" rel=\"category\">diversos<\/a>","tag_info":"diversos","comment_count":"0","jetpack_featured_media_url":"","jetpack_sharing_enabled":true,"_links":{"self":[{"href":"https:\/\/blogdobispo.com.br\/index.php?rest_route=\/wp\/v2\/posts\/4007","targetHints":{"allow":["GET"]}}],"collection":[{"href":"https:\/\/blogdobispo.com.br\/index.php?rest_route=\/wp\/v2\/posts"}],"about":[{"href":"https:\/\/blogdobispo.com.br\/index.php?rest_route=\/wp\/v2\/types\/post"}],"author":[{"embeddable":true,"href":"https:\/\/blogdobispo.com.br\/index.php?rest_route=\/wp\/v2\/users\/1"}],"replies":[{"embeddable":true,"href":"https:\/\/blogdobispo.com.br\/index.php?rest_route=%2Fwp%2Fv2%2Fcomments&post=4007"}],"version-history":[{"count":0,"href":"https:\/\/blogdobispo.com.br\/index.php?rest_route=\/wp\/v2\/posts\/4007\/revisions"}],"wp:attachment":[{"href":"https:\/\/blogdobispo.com.br\/index.php?rest_route=%2Fwp%2Fv2%2Fmedia&parent=4007"}],"wp:term":[{"taxonomy":"category","embeddable":true,"href":"https:\/\/blogdobispo.com.br\/index.php?rest_route=%2Fwp%2Fv2%2Fcategories&post=4007"},{"taxonomy":"post_tag","embeddable":true,"href":"https:\/\/blogdobispo.com.br\/index.php?rest_route=%2Fwp%2Fv2%2Ftags&post=4007"}],"curies":[{"name":"wp","href":"https:\/\/api.w.org\/{rel}","templated":true}]}}