{"id":4001,"date":"2024-09-06T00:35:40","date_gmt":"2024-09-06T00:35:40","guid":{"rendered":"https:\/\/blogdobispo.com.br\/?p=4001"},"modified":"2024-09-06T01:37:59","modified_gmt":"2024-09-06T01:37:59","slug":"exclusivo-divisao-de-fundo-partidario-gera-crise-no-psd-natal","status":"publish","type":"post","link":"https:\/\/blogdobispo.com.br\/?p=4001","title":{"rendered":"Exclusivo: Divis\u00e3o de fundo partid\u00e1rio gera crise no PSD Natal"},"content":{"rendered":"\n<p>O clima na nominata de candidatos a vereadores do PSD Natal est\u00e1 horr\u00edvel, tudo por causa da injusta divis\u00e3o do fundo partid\u00e1rio a qual os candidatos t\u00eam direito. <\/p>\n\n\n\n<p>O blog ouviu reclama\u00e7\u00f5es de diversos candidatos que est\u00e3o revoltados com o candidato \u00e0 reelei\u00e7\u00e3o Luciano Nascimento que al\u00e9m do financeiro, tem recebido tratamento diferenciado da campanha majorit\u00e1ria, sendo inclusive a ser comparado como vice-prefeito tamanho \u00e9 o prest\u00edgio de sua candidatura no partido. Em contra partida, tem candidatos que est\u00e3o fazendo campanha a p\u00e9 ou de bicicleta por falta de recursos, como \u00e9 o caso de Cristina Gari que recebeu apenas 3 mil de fundo partid\u00e1rio, valor bem distante dos 65 mil recebido por Luciano.<\/p>\n\n\n\n<p>Os candidatos ouvidos pelo blog, relatam a desmotiva\u00e7\u00e3o e a possibilidade inclusive de retirarem al\u00e9m da candidatura, o apoio \u00e0 Carlos Eduardo para Prefeitura. <\/p>\n\n\n\n<p>Um dos ouvidos pelo blog, Erminio F\u00e9lix n\u00e3o escondeu que poder\u00e1 nos pr\u00f3ximos dias desistir do apoio a Carlos, e n\u00e3o descarta abrir conversas com outros candidatos, tamanha a revolta.<\/p>\n\n\n\n<p>O Fundo Partid\u00e1rio \u00e9 uma das principais fontes de financiamento dos partidos pol\u00edticos no Brasil. Criado para garantir a manuten\u00e7\u00e3o e o fortalecimento das legendas, esse fundo \u00e9 alimentado por recursos p\u00fablicos e privados. A maior parte do montante vem de dota\u00e7\u00f5es or\u00e7ament\u00e1rias da Uni\u00e3o, al\u00e9m de multas eleitorais e doa\u00e7\u00f5es. O objetivo do Fundo Partid\u00e1rio \u00e9 custear despesas cotidianas das legendas, como pagamento de funcion\u00e1rios, aluguel de sedes e atividades de forma\u00e7\u00e3o pol\u00edtica.<\/p>\n\n\n\n<p>Cada partido recebe uma parcela dos recursos conforme sua representa\u00e7\u00e3o no Congresso Nacional e o n\u00famero de votos obtidos nas \u00faltimas elei\u00e7\u00f5es. H\u00e1 tamb\u00e9m uma divis\u00e3o igualit\u00e1ria entre todas as legendas que atendem os crit\u00e9rios legais, como o registro no Tribunal Superior Eleitoral (TSE) e o cumprimento da cl\u00e1usula de barreira.<\/p>\n\n\n\n<figure class=\"wp-block-image size-large\"><img data-recalc-dims=\"1\" fetchpriority=\"high\" decoding=\"async\" width=\"225\" height=\"225\" src=\"https:\/\/i0.wp.com\/blogdobispo.com.br\/wp-content\/uploads\/2024\/09\/img_9580-1.png?resize=225%2C225&#038;ssl=1\" alt=\"\" class=\"wp-image-4000\" srcset=\"https:\/\/i0.wp.com\/blogdobispo.com.br\/wp-content\/uploads\/2024\/09\/img_9580-1.png?w=225&amp;ssl=1 225w, https:\/\/i0.wp.com\/blogdobispo.com.br\/wp-content\/uploads\/2024\/09\/img_9580-1.png?resize=150%2C150&amp;ssl=1 150w\" sizes=\"(max-width: 225px) 100vw, 225px\" \/><\/figure>\n","protected":false},"excerpt":{"rendered":"<p>O clima na nominata de candidatos a vereadores do PSD Natal est\u00e1 horr\u00edvel, tudo por causa da injusta divis\u00e3o do fundo partid\u00e1rio a qual os candidatos t\u00eam direito. O blog ouviu reclama\u00e7\u00f5es de diversos candidatos que est\u00e3o revoltados com o candidato \u00e0 reelei\u00e7\u00e3o Luciano Nascimento que al\u00e9m do financeiro, tem recebido tratamento diferenciado da campanha [&hellip;]<\/p>\n","protected":false},"author":1,"featured_media":0,"comment_status":"open","ping_status":"open","sticky":false,"template":"","format":"standard","meta":{"cybocfi_hide_featured_image":"","_jetpack_memberships_contains_paid_content":false,"footnotes":""},"categories":[1],"tags":[],"class_list":["post-4001","post","type-post","status-publish","format-standard","hentry","category-diversos"],"yoast_head":"<!-- This site is optimized with the Yoast SEO plugin v25.6 - https:\/\/yoast.com\/wordpress\/plugins\/seo\/ -->\n<title>Exclusivo: Divis\u00e3o de fundo partid\u00e1rio gera crise no PSD Natal - Blog do Bispo<\/title>\n<meta name=\"robots\" content=\"index, follow, max-snippet:-1, max-image-preview:large, max-video-preview:-1\" \/>\n<link rel=\"canonical\" href=\"https:\/\/blogdobispo.com.br\/?p=4001\" \/>\n<meta property=\"og:locale\" content=\"pt_BR\" \/>\n<meta property=\"og:type\" content=\"article\" \/>\n<meta property=\"og:title\" content=\"Exclusivo: Divis\u00e3o de fundo partid\u00e1rio gera crise no PSD Natal - Blog do Bispo\" \/>\n<meta property=\"og:description\" content=\"O clima na nominata de candidatos a vereadores do PSD Natal est\u00e1 horr\u00edvel, tudo por causa da injusta divis\u00e3o do fundo partid\u00e1rio a qual os candidatos t\u00eam direito. O blog ouviu reclama\u00e7\u00f5es de diversos candidatos que est\u00e3o revoltados com o candidato \u00e0 reelei\u00e7\u00e3o Luciano Nascimento que al\u00e9m do financeiro, tem recebido tratamento diferenciado da campanha [&hellip;]\" \/>\n<meta property=\"og:url\" content=\"https:\/\/blogdobispo.com.br\/?p=4001\" \/>\n<meta property=\"og:site_name\" content=\"Blog do Bispo\" \/>\n<meta property=\"article:published_time\" content=\"2024-09-06T00:35:40+00:00\" \/>\n<meta property=\"article:modified_time\" content=\"2024-09-06T01:37:59+00:00\" \/>\n<meta property=\"og:image\" content=\"https:\/\/blogdobispo.com.br\/wp-content\/uploads\/2024\/09\/img_9580-1.png\" \/>\n<meta name=\"author\" content=\"Jefferson Sterfeno\" \/>\n<meta name=\"twitter:card\" content=\"summary_large_image\" \/>\n<meta name=\"twitter:label1\" content=\"Escrito por\" \/>\n\t<meta name=\"twitter:data1\" content=\"Jefferson Sterfeno\" \/>\n\t<meta name=\"twitter:label2\" content=\"Est. tempo de leitura\" \/>\n\t<meta name=\"twitter:data2\" content=\"2 minutos\" \/>\n<script type=\"application\/ld+json\" class=\"yoast-schema-graph\">{\"@context\":\"https:\/\/schema.org\",\"@graph\":[{\"@type\":\"Article\",\"@id\":\"https:\/\/blogdobispo.com.br\/?p=4001#article\",\"isPartOf\":{\"@id\":\"https:\/\/blogdobispo.com.br\/?p=4001\"},\"author\":{\"name\":\"Jefferson Sterfeno\",\"@id\":\"https:\/\/blogdobispo.com.br\/#\/schema\/person\/e2209cc0e6cea5c5233d033e997b373f\"},\"headline\":\"Exclusivo: Divis\u00e3o de fundo partid\u00e1rio gera crise no PSD Natal\",\"datePublished\":\"2024-09-06T00:35:40+00:00\",\"dateModified\":\"2024-09-06T01:37:59+00:00\",\"mainEntityOfPage\":{\"@id\":\"https:\/\/blogdobispo.com.br\/?p=4001\"},\"wordCount\":336,\"commentCount\":3,\"publisher\":{\"@id\":\"https:\/\/blogdobispo.com.br\/#organization\"},\"image\":{\"@id\":\"https:\/\/blogdobispo.com.br\/?p=4001#primaryimage\"},\"thumbnailUrl\":\"https:\/\/blogdobispo.com.br\/wp-content\/uploads\/2024\/09\/img_9580-1.png\",\"articleSection\":[\"diversos\"],\"inLanguage\":\"pt-BR\",\"potentialAction\":[{\"@type\":\"CommentAction\",\"name\":\"Comment\",\"target\":[\"https:\/\/blogdobispo.com.br\/?p=4001#respond\"]}]},{\"@type\":\"WebPage\",\"@id\":\"https:\/\/blogdobispo.com.br\/?p=4001\",\"url\":\"https:\/\/blogdobispo.com.br\/?p=4001\",\"name\":\"Exclusivo: Divis\u00e3o de fundo partid\u00e1rio gera crise no PSD Natal - Blog do Bispo\",\"isPartOf\":{\"@id\":\"https:\/\/blogdobispo.com.br\/#website\"},\"primaryImageOfPage\":{\"@id\":\"https:\/\/blogdobispo.com.br\/?p=4001#primaryimage\"},\"image\":{\"@id\":\"https:\/\/blogdobispo.com.br\/?p=4001#primaryimage\"},\"thumbnailUrl\":\"https:\/\/blogdobispo.com.br\/wp-content\/uploads\/2024\/09\/img_9580-1.png\",\"datePublished\":\"2024-09-06T00:35:40+00:00\",\"dateModified\":\"2024-09-06T01:37:59+00:00\",\"breadcrumb\":{\"@id\":\"https:\/\/blogdobispo.com.br\/?p=4001#breadcrumb\"},\"inLanguage\":\"pt-BR\",\"potentialAction\":[{\"@type\":\"ReadAction\",\"target\":[\"https:\/\/blogdobispo.com.br\/?p=4001\"]}]},{\"@type\":\"ImageObject\",\"inLanguage\":\"pt-BR\",\"@id\":\"https:\/\/blogdobispo.com.br\/?p=4001#primaryimage\",\"url\":\"https:\/\/blogdobispo.com.br\/wp-content\/uploads\/2024\/09\/img_9580-1.png\",\"contentUrl\":\"https:\/\/blogdobispo.com.br\/wp-content\/uploads\/2024\/09\/img_9580-1.png\"},{\"@type\":\"BreadcrumbList\",\"@id\":\"https:\/\/blogdobispo.com.br\/?p=4001#breadcrumb\",\"itemListElement\":[{\"@type\":\"ListItem\",\"position\":1,\"name\":\"In\u00edcio\",\"item\":\"https:\/\/blogdobispo.com.br\/\"},{\"@type\":\"ListItem\",\"position\":2,\"name\":\"Exclusivo: Divis\u00e3o de fundo partid\u00e1rio gera crise no PSD Natal\"}]},{\"@type\":\"WebSite\",\"@id\":\"https:\/\/blogdobispo.com.br\/#website\",\"url\":\"https:\/\/blogdobispo.com.br\/\",\"name\":\"Blog do Bispo\",\"description\":\"Comprometido apenas com o leitor\",\"publisher\":{\"@id\":\"https:\/\/blogdobispo.com.br\/#organization\"},\"potentialAction\":[{\"@type\":\"SearchAction\",\"target\":{\"@type\":\"EntryPoint\",\"urlTemplate\":\"https:\/\/blogdobispo.com.br\/?s={search_term_string}\"},\"query-input\":{\"@type\":\"PropertyValueSpecification\",\"valueRequired\":true,\"valueName\":\"search_term_string\"}}],\"inLanguage\":\"pt-BR\"},{\"@type\":\"Organization\",\"@id\":\"https:\/\/blogdobispo.com.br\/#organization\",\"name\":\"Blog do Bispo\",\"url\":\"https:\/\/blogdobispo.com.br\/\",\"logo\":{\"@type\":\"ImageObject\",\"inLanguage\":\"pt-BR\",\"@id\":\"https:\/\/blogdobispo.com.br\/#\/schema\/logo\/image\/\",\"url\":\"http:\/\/blogdobispo.com.br\/wp-content\/uploads\/2023\/05\/cropped-headear.png\",\"contentUrl\":\"http:\/\/blogdobispo.com.br\/wp-content\/uploads\/2023\/05\/cropped-headear.png\",\"width\":1500,\"height\":399,\"caption\":\"Blog do Bispo\"},\"image\":{\"@id\":\"https:\/\/blogdobispo.com.br\/#\/schema\/logo\/image\/\"}},{\"@type\":\"Person\",\"@id\":\"https:\/\/blogdobispo.com.br\/#\/schema\/person\/e2209cc0e6cea5c5233d033e997b373f\",\"name\":\"Jefferson Sterfeno\",\"image\":{\"@type\":\"ImageObject\",\"inLanguage\":\"pt-BR\",\"@id\":\"https:\/\/blogdobispo.com.br\/#\/schema\/person\/image\/\",\"url\":\"https:\/\/secure.gravatar.com\/avatar\/0534e84764641168a677026b6d57a3f51dc7ac4db0b4f6186d9cb330d4ee1160?s=96&d=mm&r=g\",\"contentUrl\":\"https:\/\/secure.gravatar.com\/avatar\/0534e84764641168a677026b6d57a3f51dc7ac4db0b4f6186d9cb330d4ee1160?s=96&d=mm&r=g\",\"caption\":\"Jefferson Sterfeno\"},\"sameAs\":[\"http:\/\/blogdobispo.com.br\"],\"url\":\"https:\/\/blogdobispo.com.br\/?author=1\"}]}<\/script>\n<!-- \/ Yoast SEO plugin. -->","yoast_head_json":{"title":"Exclusivo: Divis\u00e3o de fundo partid\u00e1rio gera crise no PSD Natal - Blog do Bispo","robots":{"index":"index","follow":"follow","max-snippet":"max-snippet:-1","max-image-preview":"max-image-preview:large","max-video-preview":"max-video-preview:-1"},"canonical":"https:\/\/blogdobispo.com.br\/?p=4001","og_locale":"pt_BR","og_type":"article","og_title":"Exclusivo: Divis\u00e3o de fundo partid\u00e1rio gera crise no PSD Natal - Blog do Bispo","og_description":"O clima na nominata de candidatos a vereadores do PSD Natal est\u00e1 horr\u00edvel, tudo por causa da injusta divis\u00e3o do fundo partid\u00e1rio a qual os candidatos t\u00eam direito. O blog ouviu reclama\u00e7\u00f5es de diversos candidatos que est\u00e3o revoltados com o candidato \u00e0 reelei\u00e7\u00e3o Luciano Nascimento que al\u00e9m do financeiro, tem recebido tratamento diferenciado da campanha [&hellip;]","og_url":"https:\/\/blogdobispo.com.br\/?p=4001","og_site_name":"Blog do Bispo","article_published_time":"2024-09-06T00:35:40+00:00","article_modified_time":"2024-09-06T01:37:59+00:00","og_image":[{"url":"https:\/\/blogdobispo.com.br\/wp-content\/uploads\/2024\/09\/img_9580-1.png","type":"","width":"","height":""}],"author":"Jefferson Sterfeno","twitter_card":"summary_large_image","twitter_misc":{"Escrito por":"Jefferson Sterfeno","Est. tempo de leitura":"2 minutos"},"schema":{"@context":"https:\/\/schema.org","@graph":[{"@type":"Article","@id":"https:\/\/blogdobispo.com.br\/?p=4001#article","isPartOf":{"@id":"https:\/\/blogdobispo.com.br\/?p=4001"},"author":{"name":"Jefferson Sterfeno","@id":"https:\/\/blogdobispo.com.br\/#\/schema\/person\/e2209cc0e6cea5c5233d033e997b373f"},"headline":"Exclusivo: Divis\u00e3o de fundo partid\u00e1rio gera crise no PSD Natal","datePublished":"2024-09-06T00:35:40+00:00","dateModified":"2024-09-06T01:37:59+00:00","mainEntityOfPage":{"@id":"https:\/\/blogdobispo.com.br\/?p=4001"},"wordCount":336,"commentCount":3,"publisher":{"@id":"https:\/\/blogdobispo.com.br\/#organization"},"image":{"@id":"https:\/\/blogdobispo.com.br\/?p=4001#primaryimage"},"thumbnailUrl":"https:\/\/blogdobispo.com.br\/wp-content\/uploads\/2024\/09\/img_9580-1.png","articleSection":["diversos"],"inLanguage":"pt-BR","potentialAction":[{"@type":"CommentAction","name":"Comment","target":["https:\/\/blogdobispo.com.br\/?p=4001#respond"]}]},{"@type":"WebPage","@id":"https:\/\/blogdobispo.com.br\/?p=4001","url":"https:\/\/blogdobispo.com.br\/?p=4001","name":"Exclusivo: Divis\u00e3o de fundo partid\u00e1rio gera crise no PSD Natal - Blog do Bispo","isPartOf":{"@id":"https:\/\/blogdobispo.com.br\/#website"},"primaryImageOfPage":{"@id":"https:\/\/blogdobispo.com.br\/?p=4001#primaryimage"},"image":{"@id":"https:\/\/blogdobispo.com.br\/?p=4001#primaryimage"},"thumbnailUrl":"https:\/\/blogdobispo.com.br\/wp-content\/uploads\/2024\/09\/img_9580-1.png","datePublished":"2024-09-06T00:35:40+00:00","dateModified":"2024-09-06T01:37:59+00:00","breadcrumb":{"@id":"https:\/\/blogdobispo.com.br\/?p=4001#breadcrumb"},"inLanguage":"pt-BR","potentialAction":[{"@type":"ReadAction","target":["https:\/\/blogdobispo.com.br\/?p=4001"]}]},{"@type":"ImageObject","inLanguage":"pt-BR","@id":"https:\/\/blogdobispo.com.br\/?p=4001#primaryimage","url":"https:\/\/blogdobispo.com.br\/wp-content\/uploads\/2024\/09\/img_9580-1.png","contentUrl":"https:\/\/blogdobispo.com.br\/wp-content\/uploads\/2024\/09\/img_9580-1.png"},{"@type":"BreadcrumbList","@id":"https:\/\/blogdobispo.com.br\/?p=4001#breadcrumb","itemListElement":[{"@type":"ListItem","position":1,"name":"In\u00edcio","item":"https:\/\/blogdobispo.com.br\/"},{"@type":"ListItem","position":2,"name":"Exclusivo: Divis\u00e3o de fundo partid\u00e1rio gera crise no PSD Natal"}]},{"@type":"WebSite","@id":"https:\/\/blogdobispo.com.br\/#website","url":"https:\/\/blogdobispo.com.br\/","name":"Blog do Bispo","description":"Comprometido apenas com o leitor","publisher":{"@id":"https:\/\/blogdobispo.com.br\/#organization"},"potentialAction":[{"@type":"SearchAction","target":{"@type":"EntryPoint","urlTemplate":"https:\/\/blogdobispo.com.br\/?s={search_term_string}"},"query-input":{"@type":"PropertyValueSpecification","valueRequired":true,"valueName":"search_term_string"}}],"inLanguage":"pt-BR"},{"@type":"Organization","@id":"https:\/\/blogdobispo.com.br\/#organization","name":"Blog do Bispo","url":"https:\/\/blogdobispo.com.br\/","logo":{"@type":"ImageObject","inLanguage":"pt-BR","@id":"https:\/\/blogdobispo.com.br\/#\/schema\/logo\/image\/","url":"http:\/\/blogdobispo.com.br\/wp-content\/uploads\/2023\/05\/cropped-headear.png","contentUrl":"http:\/\/blogdobispo.com.br\/wp-content\/uploads\/2023\/05\/cropped-headear.png","width":1500,"height":399,"caption":"Blog do Bispo"},"image":{"@id":"https:\/\/blogdobispo.com.br\/#\/schema\/logo\/image\/"}},{"@type":"Person","@id":"https:\/\/blogdobispo.com.br\/#\/schema\/person\/e2209cc0e6cea5c5233d033e997b373f","name":"Jefferson Sterfeno","image":{"@type":"ImageObject","inLanguage":"pt-BR","@id":"https:\/\/blogdobispo.com.br\/#\/schema\/person\/image\/","url":"https:\/\/secure.gravatar.com\/avatar\/0534e84764641168a677026b6d57a3f51dc7ac4db0b4f6186d9cb330d4ee1160?s=96&d=mm&r=g","contentUrl":"https:\/\/secure.gravatar.com\/avatar\/0534e84764641168a677026b6d57a3f51dc7ac4db0b4f6186d9cb330d4ee1160?s=96&d=mm&r=g","caption":"Jefferson Sterfeno"},"sameAs":["http:\/\/blogdobispo.com.br"],"url":"https:\/\/blogdobispo.com.br\/?author=1"}]}},"featured_image_urls":{"full":"","thumbnail":"","medium":"","medium_large":"","large":"","1536x1536":"","2048x2048":""},"author_info":{"display_name":"Jefferson Sterfeno","author_link":"https:\/\/blogdobispo.com.br\/?author=1"},"category_info":"<a href=\"https:\/\/blogdobispo.com.br\/?cat=1\" rel=\"category\">diversos<\/a>","tag_info":"diversos","comment_count":"3","jetpack_featured_media_url":"","jetpack_sharing_enabled":true,"_links":{"self":[{"href":"https:\/\/blogdobispo.com.br\/index.php?rest_route=\/wp\/v2\/posts\/4001","targetHints":{"allow":["GET"]}}],"collection":[{"href":"https:\/\/blogdobispo.com.br\/index.php?rest_route=\/wp\/v2\/posts"}],"about":[{"href":"https:\/\/blogdobispo.com.br\/index.php?rest_route=\/wp\/v2\/types\/post"}],"author":[{"embeddable":true,"href":"https:\/\/blogdobispo.com.br\/index.php?rest_route=\/wp\/v2\/users\/1"}],"replies":[{"embeddable":true,"href":"https:\/\/blogdobispo.com.br\/index.php?rest_route=%2Fwp%2Fv2%2Fcomments&post=4001"}],"version-history":[{"count":3,"href":"https:\/\/blogdobispo.com.br\/index.php?rest_route=\/wp\/v2\/posts\/4001\/revisions"}],"predecessor-version":[{"id":4004,"href":"https:\/\/blogdobispo.com.br\/index.php?rest_route=\/wp\/v2\/posts\/4001\/revisions\/4004"}],"wp:attachment":[{"href":"https:\/\/blogdobispo.com.br\/index.php?rest_route=%2Fwp%2Fv2%2Fmedia&parent=4001"}],"wp:term":[{"taxonomy":"category","embeddable":true,"href":"https:\/\/blogdobispo.com.br\/index.php?rest_route=%2Fwp%2Fv2%2Fcategories&post=4001"},{"taxonomy":"post_tag","embeddable":true,"href":"https:\/\/blogdobispo.com.br\/index.php?rest_route=%2Fwp%2Fv2%2Ftags&post=4001"}],"curies":[{"name":"wp","href":"https:\/\/api.w.org\/{rel}","templated":true}]}}