{"id":3999,"date":"2024-09-05T02:37:08","date_gmt":"2024-09-05T02:37:08","guid":{"rendered":"https:\/\/blogdobispo.com.br\/?p=3999"},"modified":"2024-09-05T02:37:08","modified_gmt":"2024-09-05T02:37:08","slug":"multidao-se-reune-em-apoio-a-aldo-clemente-e-paulinho-freire","status":"publish","type":"post","link":"https:\/\/blogdobispo.com.br\/?p=3999","title":{"rendered":"Multid\u00e3o se re\u00fane em apoio a Aldo Clemente e Paulinho Freire"},"content":{"rendered":"\n<figure class=\"wp-block-image size-large\"><img data-recalc-dims=\"1\" fetchpriority=\"high\" decoding=\"async\" width=\"400\" height=\"266\" src=\"https:\/\/i0.wp.com\/blogdobispo.com.br\/wp-content\/uploads\/2024\/09\/img_9572-1.jpg?resize=400%2C266&#038;ssl=1\" class=\"wp-image-3998\" srcset=\"https:\/\/i0.wp.com\/blogdobispo.com.br\/wp-content\/uploads\/2024\/09\/img_9572-1.jpg?w=400&amp;ssl=1 400w, https:\/\/i0.wp.com\/blogdobispo.com.br\/wp-content\/uploads\/2024\/09\/img_9572-1.jpg?resize=300%2C200&amp;ssl=1 300w\" sizes=\"(max-width: 400px) 100vw, 400px\" \/><\/figure>\n\n\n\n<p>Uma verdadeira multid\u00e3o invadiu o La Mouette Recep\u00e7\u00f5es, em Candel\u00e1ria, nesta quarta-feira (04) em apoio a reelei\u00e7\u00e3o do vereador Aldo Clemente (PSDB). Mais de 2,5 mil pessoas estiveram no local para tamb\u00e9m manifestar sua escolha a favor do deputado federal Paulinho Freire (Uni\u00e3o), candidato a prefeito de Natal. O evento ainda contou com a presen\u00e7a do presidente da Assembleia Legislativa do Rio Grande do Norte, deputado estadual Ezequiel Ferreira (PSDB).<\/p>\n\n\n\n<p>&#8220;Este encontro com tantos amigos marca de forma definitiva nossa caminhada rumo a mais uma vit\u00f3ria a favor de Natal. Juntos com Paulinho na Prefeitura e Ezequiel na Assembleia, vamos trabalhar muito mais para nossa cidade continuar avan\u00e7ando&#8221;, disse Aldo. O vereador fez uma presta\u00e7\u00e3o de contas do seu mandato durante o discurso, relembrando emendas destinadas a regulariza\u00e7\u00e3o fundi\u00e1ria, a reformas em quadras, pra\u00e7as e unidades de sa\u00fade, al\u00e9m da atualiza\u00e7\u00e3o do Plano Diretor.&nbsp;<\/p>\n\n\n\n<p>Em seu discurso, Paulinho Freire ressaltou a import\u00e2ncia da reelei\u00e7\u00e3o de Aldo, destacando exatamente o papel do parlamentar durante a aprova\u00e7\u00e3o do Plano Diretor. Na \u00e9poca, Aldo foi o presidente da Comiss\u00e3o Especial formada exclusivamente para debater o projeto, que hoje \u00e9 respons\u00e1vel por j\u00e1 garantir quase R$ 3 bilh\u00f5es em investimentos para a capital, gerando mais de 11 mil empregos na cidade.&nbsp;<\/p>\n\n\n\n<p>&#8220;Natal n\u00e3o pode abrir m\u00e3o da reelei\u00e7\u00e3o de Aldo Clemente, que tem hoje um trabalho fundamental para nossa cidade&#8221;, disse Paulinho.&nbsp;<\/p>\n\n\n\n<p>J\u00e1 Ezequiel enfatizou a dedica\u00e7\u00e3o de Aldo na defesa dos interesses dos natalenses e sua dedica\u00e7\u00e3o aos compromissos assumidos pela cidade. &#8220;Aldo \u00e9 um pol\u00edtico de credibilidade, responsabilidade e que usa o mandato a favor do bem comum. A sua vit\u00f3ria ser\u00e1 um reconhecimento ao trabalho realizado e que merece continuar na C\u00e2mara Municipal&#8221; disse.<\/p>\n\n\n\n<ul class=\"wp-block-list share-links social social-color is-mobile\">\n<li><\/li>\n<\/ul>\n","protected":false},"excerpt":{"rendered":"<p>Uma verdadeira multid\u00e3o invadiu o La Mouette Recep\u00e7\u00f5es, em Candel\u00e1ria, nesta quarta-feira (04) em apoio a reelei\u00e7\u00e3o do vereador Aldo Clemente (PSDB). Mais de 2,5 mil pessoas estiveram no local para tamb\u00e9m manifestar sua escolha a favor do deputado federal Paulinho Freire (Uni\u00e3o), candidato a prefeito de Natal. O evento ainda contou com a presen\u00e7a [&hellip;]<\/p>\n","protected":false},"author":1,"featured_media":0,"comment_status":"open","ping_status":"open","sticky":false,"template":"","format":"standard","meta":{"cybocfi_hide_featured_image":"","_jetpack_memberships_contains_paid_content":false,"footnotes":""},"categories":[1],"tags":[],"class_list":["post-3999","post","type-post","status-publish","format-standard","hentry","category-diversos"],"yoast_head":"<!-- This site is optimized with the Yoast SEO plugin v25.6 - https:\/\/yoast.com\/wordpress\/plugins\/seo\/ -->\n<title>Multid\u00e3o se re\u00fane em apoio a Aldo Clemente e Paulinho Freire - Blog do Bispo<\/title>\n<meta name=\"robots\" content=\"index, follow, max-snippet:-1, max-image-preview:large, max-video-preview:-1\" \/>\n<link rel=\"canonical\" href=\"https:\/\/blogdobispo.com.br\/?p=3999\" \/>\n<meta property=\"og:locale\" content=\"pt_BR\" \/>\n<meta property=\"og:type\" content=\"article\" \/>\n<meta property=\"og:title\" content=\"Multid\u00e3o se re\u00fane em apoio a Aldo Clemente e Paulinho Freire - Blog do Bispo\" \/>\n<meta property=\"og:description\" content=\"Uma verdadeira multid\u00e3o invadiu o La Mouette Recep\u00e7\u00f5es, em Candel\u00e1ria, nesta quarta-feira (04) em apoio a reelei\u00e7\u00e3o do vereador Aldo Clemente (PSDB). Mais de 2,5 mil pessoas estiveram no local para tamb\u00e9m manifestar sua escolha a favor do deputado federal Paulinho Freire (Uni\u00e3o), candidato a prefeito de Natal. O evento ainda contou com a presen\u00e7a [&hellip;]\" \/>\n<meta property=\"og:url\" content=\"https:\/\/blogdobispo.com.br\/?p=3999\" \/>\n<meta property=\"og:site_name\" content=\"Blog do Bispo\" \/>\n<meta property=\"article:published_time\" content=\"2024-09-05T02:37:08+00:00\" \/>\n<meta property=\"og:image\" content=\"https:\/\/blogdobispo.com.br\/wp-content\/uploads\/2024\/09\/img_9572-1.jpg\" \/>\n<meta name=\"author\" content=\"Jefferson Sterfeno\" \/>\n<meta name=\"twitter:card\" content=\"summary_large_image\" \/>\n<meta name=\"twitter:label1\" content=\"Escrito por\" \/>\n\t<meta name=\"twitter:data1\" content=\"Jefferson Sterfeno\" \/>\n\t<meta name=\"twitter:label2\" content=\"Est. tempo de leitura\" \/>\n\t<meta name=\"twitter:data2\" content=\"2 minutos\" \/>\n<script type=\"application\/ld+json\" class=\"yoast-schema-graph\">{\"@context\":\"https:\/\/schema.org\",\"@graph\":[{\"@type\":\"Article\",\"@id\":\"https:\/\/blogdobispo.com.br\/?p=3999#article\",\"isPartOf\":{\"@id\":\"https:\/\/blogdobispo.com.br\/?p=3999\"},\"author\":{\"name\":\"Jefferson Sterfeno\",\"@id\":\"https:\/\/blogdobispo.com.br\/#\/schema\/person\/e2209cc0e6cea5c5233d033e997b373f\"},\"headline\":\"Multid\u00e3o se re\u00fane em apoio a Aldo Clemente e Paulinho Freire\",\"datePublished\":\"2024-09-05T02:37:08+00:00\",\"mainEntityOfPage\":{\"@id\":\"https:\/\/blogdobispo.com.br\/?p=3999\"},\"wordCount\":323,\"commentCount\":0,\"publisher\":{\"@id\":\"https:\/\/blogdobispo.com.br\/#organization\"},\"image\":{\"@id\":\"https:\/\/blogdobispo.com.br\/?p=3999#primaryimage\"},\"thumbnailUrl\":\"https:\/\/blogdobispo.com.br\/wp-content\/uploads\/2024\/09\/img_9572-1.jpg\",\"articleSection\":[\"diversos\"],\"inLanguage\":\"pt-BR\",\"potentialAction\":[{\"@type\":\"CommentAction\",\"name\":\"Comment\",\"target\":[\"https:\/\/blogdobispo.com.br\/?p=3999#respond\"]}]},{\"@type\":\"WebPage\",\"@id\":\"https:\/\/blogdobispo.com.br\/?p=3999\",\"url\":\"https:\/\/blogdobispo.com.br\/?p=3999\",\"name\":\"Multid\u00e3o se re\u00fane em apoio a Aldo Clemente e Paulinho Freire - Blog do Bispo\",\"isPartOf\":{\"@id\":\"https:\/\/blogdobispo.com.br\/#website\"},\"primaryImageOfPage\":{\"@id\":\"https:\/\/blogdobispo.com.br\/?p=3999#primaryimage\"},\"image\":{\"@id\":\"https:\/\/blogdobispo.com.br\/?p=3999#primaryimage\"},\"thumbnailUrl\":\"https:\/\/blogdobispo.com.br\/wp-content\/uploads\/2024\/09\/img_9572-1.jpg\",\"datePublished\":\"2024-09-05T02:37:08+00:00\",\"breadcrumb\":{\"@id\":\"https:\/\/blogdobispo.com.br\/?p=3999#breadcrumb\"},\"inLanguage\":\"pt-BR\",\"potentialAction\":[{\"@type\":\"ReadAction\",\"target\":[\"https:\/\/blogdobispo.com.br\/?p=3999\"]}]},{\"@type\":\"ImageObject\",\"inLanguage\":\"pt-BR\",\"@id\":\"https:\/\/blogdobispo.com.br\/?p=3999#primaryimage\",\"url\":\"https:\/\/blogdobispo.com.br\/wp-content\/uploads\/2024\/09\/img_9572-1.jpg\",\"contentUrl\":\"https:\/\/blogdobispo.com.br\/wp-content\/uploads\/2024\/09\/img_9572-1.jpg\"},{\"@type\":\"BreadcrumbList\",\"@id\":\"https:\/\/blogdobispo.com.br\/?p=3999#breadcrumb\",\"itemListElement\":[{\"@type\":\"ListItem\",\"position\":1,\"name\":\"In\u00edcio\",\"item\":\"https:\/\/blogdobispo.com.br\/\"},{\"@type\":\"ListItem\",\"position\":2,\"name\":\"Multid\u00e3o se re\u00fane em apoio a Aldo Clemente e Paulinho Freire\"}]},{\"@type\":\"WebSite\",\"@id\":\"https:\/\/blogdobispo.com.br\/#website\",\"url\":\"https:\/\/blogdobispo.com.br\/\",\"name\":\"Blog do Bispo\",\"description\":\"Comprometido apenas com o leitor\",\"publisher\":{\"@id\":\"https:\/\/blogdobispo.com.br\/#organization\"},\"potentialAction\":[{\"@type\":\"SearchAction\",\"target\":{\"@type\":\"EntryPoint\",\"urlTemplate\":\"https:\/\/blogdobispo.com.br\/?s={search_term_string}\"},\"query-input\":{\"@type\":\"PropertyValueSpecification\",\"valueRequired\":true,\"valueName\":\"search_term_string\"}}],\"inLanguage\":\"pt-BR\"},{\"@type\":\"Organization\",\"@id\":\"https:\/\/blogdobispo.com.br\/#organization\",\"name\":\"Blog do Bispo\",\"url\":\"https:\/\/blogdobispo.com.br\/\",\"logo\":{\"@type\":\"ImageObject\",\"inLanguage\":\"pt-BR\",\"@id\":\"https:\/\/blogdobispo.com.br\/#\/schema\/logo\/image\/\",\"url\":\"http:\/\/blogdobispo.com.br\/wp-content\/uploads\/2023\/05\/cropped-headear.png\",\"contentUrl\":\"http:\/\/blogdobispo.com.br\/wp-content\/uploads\/2023\/05\/cropped-headear.png\",\"width\":1500,\"height\":399,\"caption\":\"Blog do Bispo\"},\"image\":{\"@id\":\"https:\/\/blogdobispo.com.br\/#\/schema\/logo\/image\/\"}},{\"@type\":\"Person\",\"@id\":\"https:\/\/blogdobispo.com.br\/#\/schema\/person\/e2209cc0e6cea5c5233d033e997b373f\",\"name\":\"Jefferson Sterfeno\",\"image\":{\"@type\":\"ImageObject\",\"inLanguage\":\"pt-BR\",\"@id\":\"https:\/\/blogdobispo.com.br\/#\/schema\/person\/image\/\",\"url\":\"https:\/\/secure.gravatar.com\/avatar\/0534e84764641168a677026b6d57a3f51dc7ac4db0b4f6186d9cb330d4ee1160?s=96&d=mm&r=g\",\"contentUrl\":\"https:\/\/secure.gravatar.com\/avatar\/0534e84764641168a677026b6d57a3f51dc7ac4db0b4f6186d9cb330d4ee1160?s=96&d=mm&r=g\",\"caption\":\"Jefferson Sterfeno\"},\"sameAs\":[\"http:\/\/blogdobispo.com.br\"],\"url\":\"https:\/\/blogdobispo.com.br\/?author=1\"}]}<\/script>\n<!-- \/ Yoast SEO plugin. -->","yoast_head_json":{"title":"Multid\u00e3o se re\u00fane em apoio a Aldo Clemente e Paulinho Freire - Blog do Bispo","robots":{"index":"index","follow":"follow","max-snippet":"max-snippet:-1","max-image-preview":"max-image-preview:large","max-video-preview":"max-video-preview:-1"},"canonical":"https:\/\/blogdobispo.com.br\/?p=3999","og_locale":"pt_BR","og_type":"article","og_title":"Multid\u00e3o se re\u00fane em apoio a Aldo Clemente e Paulinho Freire - Blog do Bispo","og_description":"Uma verdadeira multid\u00e3o invadiu o La Mouette Recep\u00e7\u00f5es, em Candel\u00e1ria, nesta quarta-feira (04) em apoio a reelei\u00e7\u00e3o do vereador Aldo Clemente (PSDB). Mais de 2,5 mil pessoas estiveram no local para tamb\u00e9m manifestar sua escolha a favor do deputado federal Paulinho Freire (Uni\u00e3o), candidato a prefeito de Natal. O evento ainda contou com a presen\u00e7a [&hellip;]","og_url":"https:\/\/blogdobispo.com.br\/?p=3999","og_site_name":"Blog do Bispo","article_published_time":"2024-09-05T02:37:08+00:00","og_image":[{"url":"https:\/\/blogdobispo.com.br\/wp-content\/uploads\/2024\/09\/img_9572-1.jpg","type":"","width":"","height":""}],"author":"Jefferson Sterfeno","twitter_card":"summary_large_image","twitter_misc":{"Escrito por":"Jefferson Sterfeno","Est. tempo de leitura":"2 minutos"},"schema":{"@context":"https:\/\/schema.org","@graph":[{"@type":"Article","@id":"https:\/\/blogdobispo.com.br\/?p=3999#article","isPartOf":{"@id":"https:\/\/blogdobispo.com.br\/?p=3999"},"author":{"name":"Jefferson Sterfeno","@id":"https:\/\/blogdobispo.com.br\/#\/schema\/person\/e2209cc0e6cea5c5233d033e997b373f"},"headline":"Multid\u00e3o se re\u00fane em apoio a Aldo Clemente e Paulinho Freire","datePublished":"2024-09-05T02:37:08+00:00","mainEntityOfPage":{"@id":"https:\/\/blogdobispo.com.br\/?p=3999"},"wordCount":323,"commentCount":0,"publisher":{"@id":"https:\/\/blogdobispo.com.br\/#organization"},"image":{"@id":"https:\/\/blogdobispo.com.br\/?p=3999#primaryimage"},"thumbnailUrl":"https:\/\/blogdobispo.com.br\/wp-content\/uploads\/2024\/09\/img_9572-1.jpg","articleSection":["diversos"],"inLanguage":"pt-BR","potentialAction":[{"@type":"CommentAction","name":"Comment","target":["https:\/\/blogdobispo.com.br\/?p=3999#respond"]}]},{"@type":"WebPage","@id":"https:\/\/blogdobispo.com.br\/?p=3999","url":"https:\/\/blogdobispo.com.br\/?p=3999","name":"Multid\u00e3o se re\u00fane em apoio a Aldo Clemente e Paulinho Freire - Blog do Bispo","isPartOf":{"@id":"https:\/\/blogdobispo.com.br\/#website"},"primaryImageOfPage":{"@id":"https:\/\/blogdobispo.com.br\/?p=3999#primaryimage"},"image":{"@id":"https:\/\/blogdobispo.com.br\/?p=3999#primaryimage"},"thumbnailUrl":"https:\/\/blogdobispo.com.br\/wp-content\/uploads\/2024\/09\/img_9572-1.jpg","datePublished":"2024-09-05T02:37:08+00:00","breadcrumb":{"@id":"https:\/\/blogdobispo.com.br\/?p=3999#breadcrumb"},"inLanguage":"pt-BR","potentialAction":[{"@type":"ReadAction","target":["https:\/\/blogdobispo.com.br\/?p=3999"]}]},{"@type":"ImageObject","inLanguage":"pt-BR","@id":"https:\/\/blogdobispo.com.br\/?p=3999#primaryimage","url":"https:\/\/blogdobispo.com.br\/wp-content\/uploads\/2024\/09\/img_9572-1.jpg","contentUrl":"https:\/\/blogdobispo.com.br\/wp-content\/uploads\/2024\/09\/img_9572-1.jpg"},{"@type":"BreadcrumbList","@id":"https:\/\/blogdobispo.com.br\/?p=3999#breadcrumb","itemListElement":[{"@type":"ListItem","position":1,"name":"In\u00edcio","item":"https:\/\/blogdobispo.com.br\/"},{"@type":"ListItem","position":2,"name":"Multid\u00e3o se re\u00fane em apoio a Aldo Clemente e Paulinho Freire"}]},{"@type":"WebSite","@id":"https:\/\/blogdobispo.com.br\/#website","url":"https:\/\/blogdobispo.com.br\/","name":"Blog do Bispo","description":"Comprometido apenas com o leitor","publisher":{"@id":"https:\/\/blogdobispo.com.br\/#organization"},"potentialAction":[{"@type":"SearchAction","target":{"@type":"EntryPoint","urlTemplate":"https:\/\/blogdobispo.com.br\/?s={search_term_string}"},"query-input":{"@type":"PropertyValueSpecification","valueRequired":true,"valueName":"search_term_string"}}],"inLanguage":"pt-BR"},{"@type":"Organization","@id":"https:\/\/blogdobispo.com.br\/#organization","name":"Blog do Bispo","url":"https:\/\/blogdobispo.com.br\/","logo":{"@type":"ImageObject","inLanguage":"pt-BR","@id":"https:\/\/blogdobispo.com.br\/#\/schema\/logo\/image\/","url":"http:\/\/blogdobispo.com.br\/wp-content\/uploads\/2023\/05\/cropped-headear.png","contentUrl":"http:\/\/blogdobispo.com.br\/wp-content\/uploads\/2023\/05\/cropped-headear.png","width":1500,"height":399,"caption":"Blog do Bispo"},"image":{"@id":"https:\/\/blogdobispo.com.br\/#\/schema\/logo\/image\/"}},{"@type":"Person","@id":"https:\/\/blogdobispo.com.br\/#\/schema\/person\/e2209cc0e6cea5c5233d033e997b373f","name":"Jefferson Sterfeno","image":{"@type":"ImageObject","inLanguage":"pt-BR","@id":"https:\/\/blogdobispo.com.br\/#\/schema\/person\/image\/","url":"https:\/\/secure.gravatar.com\/avatar\/0534e84764641168a677026b6d57a3f51dc7ac4db0b4f6186d9cb330d4ee1160?s=96&d=mm&r=g","contentUrl":"https:\/\/secure.gravatar.com\/avatar\/0534e84764641168a677026b6d57a3f51dc7ac4db0b4f6186d9cb330d4ee1160?s=96&d=mm&r=g","caption":"Jefferson Sterfeno"},"sameAs":["http:\/\/blogdobispo.com.br"],"url":"https:\/\/blogdobispo.com.br\/?author=1"}]}},"featured_image_urls":{"full":"","thumbnail":"","medium":"","medium_large":"","large":"","1536x1536":"","2048x2048":""},"author_info":{"display_name":"Jefferson Sterfeno","author_link":"https:\/\/blogdobispo.com.br\/?author=1"},"category_info":"<a href=\"https:\/\/blogdobispo.com.br\/?cat=1\" rel=\"category\">diversos<\/a>","tag_info":"diversos","comment_count":"0","jetpack_featured_media_url":"","jetpack_sharing_enabled":true,"_links":{"self":[{"href":"https:\/\/blogdobispo.com.br\/index.php?rest_route=\/wp\/v2\/posts\/3999","targetHints":{"allow":["GET"]}}],"collection":[{"href":"https:\/\/blogdobispo.com.br\/index.php?rest_route=\/wp\/v2\/posts"}],"about":[{"href":"https:\/\/blogdobispo.com.br\/index.php?rest_route=\/wp\/v2\/types\/post"}],"author":[{"embeddable":true,"href":"https:\/\/blogdobispo.com.br\/index.php?rest_route=\/wp\/v2\/users\/1"}],"replies":[{"embeddable":true,"href":"https:\/\/blogdobispo.com.br\/index.php?rest_route=%2Fwp%2Fv2%2Fcomments&post=3999"}],"version-history":[{"count":0,"href":"https:\/\/blogdobispo.com.br\/index.php?rest_route=\/wp\/v2\/posts\/3999\/revisions"}],"wp:attachment":[{"href":"https:\/\/blogdobispo.com.br\/index.php?rest_route=%2Fwp%2Fv2%2Fmedia&parent=3999"}],"wp:term":[{"taxonomy":"category","embeddable":true,"href":"https:\/\/blogdobispo.com.br\/index.php?rest_route=%2Fwp%2Fv2%2Fcategories&post=3999"},{"taxonomy":"post_tag","embeddable":true,"href":"https:\/\/blogdobispo.com.br\/index.php?rest_route=%2Fwp%2Fv2%2Ftags&post=3999"}],"curies":[{"name":"wp","href":"https:\/\/api.w.org\/{rel}","templated":true}]}}