{"id":3995,"date":"2024-09-03T20:11:31","date_gmt":"2024-09-03T20:11:31","guid":{"rendered":"https:\/\/blogdobispo.com.br\/?p=3995"},"modified":"2024-09-03T20:11:31","modified_gmt":"2024-09-03T20:11:31","slug":"tre-autoriza-candidatura-de-sonia-do-nova-natal","status":"publish","type":"post","link":"https:\/\/blogdobispo.com.br\/?p=3995","title":{"rendered":"TRE autoriza candidatura de S\u00f4nia do Nova Natal"},"content":{"rendered":"\n\n\n<figure class=\"wp-block-image size-large\"><img data-recalc-dims=\"1\" fetchpriority=\"high\" decoding=\"async\" width=\"800\" height=\"642\" src=\"https:\/\/i0.wp.com\/blogdobispo.com.br\/wp-content\/uploads\/2024\/09\/461a6c09-3107-48f1-aa8d-4bc17386440a-1-1024x822.jpg?resize=800%2C642&#038;ssl=1\" class=\"wp-image-3994\" srcset=\"https:\/\/i0.wp.com\/blogdobispo.com.br\/wp-content\/uploads\/2024\/09\/461a6c09-3107-48f1-aa8d-4bc17386440a-1.jpg?resize=1024%2C822&amp;ssl=1 1024w, https:\/\/i0.wp.com\/blogdobispo.com.br\/wp-content\/uploads\/2024\/09\/461a6c09-3107-48f1-aa8d-4bc17386440a-1.jpg?resize=300%2C241&amp;ssl=1 300w, https:\/\/i0.wp.com\/blogdobispo.com.br\/wp-content\/uploads\/2024\/09\/461a6c09-3107-48f1-aa8d-4bc17386440a-1.jpg?resize=768%2C617&amp;ssl=1 768w, https:\/\/i0.wp.com\/blogdobispo.com.br\/wp-content\/uploads\/2024\/09\/461a6c09-3107-48f1-aa8d-4bc17386440a-1.jpg?resize=1536%2C1233&amp;ssl=1 1536w, https:\/\/i0.wp.com\/blogdobispo.com.br\/wp-content\/uploads\/2024\/09\/461a6c09-3107-48f1-aa8d-4bc17386440a-1.jpg?w=2000&amp;ssl=1 2000w, https:\/\/i0.wp.com\/blogdobispo.com.br\/wp-content\/uploads\/2024\/09\/461a6c09-3107-48f1-aa8d-4bc17386440a-1.jpg?w=1600 1600w\" sizes=\"(max-width: 800px) 100vw, 800px\" \/><\/figure>\n\n\n\n<p><\/p>\n\n\n\n<p>Em uma decis\u00e3o significativa para o cen\u00e1rio pol\u00edtico de Natal, o Tribunal Regional Eleitoral (TRE) deferiu, por ampla maioria de 4 votos a 1, a candidatura de S\u00f4nia do Nova Natal para vereadora. Essa vit\u00f3ria marca um importante passo na trajet\u00f3ria de S\u00f4nia, que agora tem o caminho aberto para continuar sua luta por uma Natal mais justa e inclusiva.<\/p>\n\n\n\n<p>S\u00f4nia do Nova Natal, que tem se destacado por sua atua\u00e7\u00e3o em prol das comunidades menos favorecidas, comemorou emocionada a decis\u00e3o do TRE. Para ela, a autoriza\u00e7\u00e3o da candidatura representa n\u00e3o apenas uma vit\u00f3ria pessoal, mas tamb\u00e9m um triunfo para todos aqueles que acreditam em uma pol\u00edtica feita para servir ao povo. Em suas palavras, S\u00f4nia reafirmou seu compromisso de lutar por melhorias nas \u00e1reas de sa\u00fade, educa\u00e7\u00e3o e seguran\u00e7a, destacando que seu foco sempre ser\u00e1 o bem-estar da popula\u00e7\u00e3o.<\/p>\n\n\n\n<p>Com essa decis\u00e3o, S\u00f4nia do Nova Natal refor\u00e7a sua presen\u00e7a na corrida eleitoral e fortalece seu discurso de renova\u00e7\u00e3o pol\u00edtica. Ela agradeceu o apoio de seus eleitores e da comunidade, destacando que, com uni\u00e3o e f\u00e9, \u00e9 poss\u00edvel superar qualquer desafio.<\/p>\n\n\n\n<p>A candidatura de S\u00f4nia simboliza um novo cap\u00edtulo na pol\u00edtica municipal, onde a representatividade e a inclus\u00e3o est\u00e3o no centro das discuss\u00f5es.<\/p>\n\n\n\n<p>A defesa da candidata foi feita pelo escrit\u00f3rio advogado Erick Pereira, com sustenta\u00e7\u00e3o oral de Leonardo Palitot que afirmou \u201ca import\u00e2ncia significativa desse resultado demonstra os valores da inclus\u00e3o e da relev\u00e2ncia de mais uma candidatura feminina na pol\u00edtica brasileira.\u201d<\/p>\n\n\n\n<p>A vit\u00f3ria no TRE fortalece ainda mais o movimento por uma Natal mais participativa e igualit\u00e1ria, e S\u00f4nia est\u00e1 determinada a ser a voz de quem, muitas vezes, n\u00e3o \u00e9 ouvido. Com a candidatura oficialmente autorizada, ela segue agora para a campanha com o objetivo de levar suas propostas para cada canto da cidade, engajando os natalenses em sua vis\u00e3o de um futuro melhor para todos.<\/p>\n\n\n\n<p><\/p>\n","protected":false},"excerpt":{"rendered":"<p>Em uma decis\u00e3o significativa para o cen\u00e1rio pol\u00edtico de Natal, o Tribunal Regional Eleitoral (TRE) deferiu, por ampla maioria de 4 votos a 1, a candidatura de S\u00f4nia do Nova Natal para vereadora. Essa vit\u00f3ria marca um importante passo na trajet\u00f3ria de S\u00f4nia, que agora tem o caminho aberto para continuar sua luta por uma [&hellip;]<\/p>\n","protected":false},"author":1,"featured_media":0,"comment_status":"open","ping_status":"open","sticky":false,"template":"","format":"standard","meta":{"cybocfi_hide_featured_image":"","_jetpack_memberships_contains_paid_content":false,"footnotes":""},"categories":[1],"tags":[],"class_list":["post-3995","post","type-post","status-publish","format-standard","hentry","category-diversos"],"yoast_head":"<!-- This site is optimized with the Yoast SEO plugin v25.6 - https:\/\/yoast.com\/wordpress\/plugins\/seo\/ -->\n<title>TRE autoriza candidatura de S\u00f4nia do Nova Natal - Blog do Bispo<\/title>\n<meta name=\"robots\" content=\"index, follow, max-snippet:-1, max-image-preview:large, max-video-preview:-1\" \/>\n<link rel=\"canonical\" href=\"https:\/\/blogdobispo.com.br\/?p=3995\" \/>\n<meta property=\"og:locale\" content=\"pt_BR\" \/>\n<meta property=\"og:type\" content=\"article\" \/>\n<meta property=\"og:title\" content=\"TRE autoriza candidatura de S\u00f4nia do Nova Natal - Blog do Bispo\" \/>\n<meta property=\"og:description\" content=\"Em uma decis\u00e3o significativa para o cen\u00e1rio pol\u00edtico de Natal, o Tribunal Regional Eleitoral (TRE) deferiu, por ampla maioria de 4 votos a 1, a candidatura de S\u00f4nia do Nova Natal para vereadora. Essa vit\u00f3ria marca um importante passo na trajet\u00f3ria de S\u00f4nia, que agora tem o caminho aberto para continuar sua luta por uma [&hellip;]\" \/>\n<meta property=\"og:url\" content=\"https:\/\/blogdobispo.com.br\/?p=3995\" \/>\n<meta property=\"og:site_name\" content=\"Blog do Bispo\" \/>\n<meta property=\"article:published_time\" content=\"2024-09-03T20:11:31+00:00\" \/>\n<meta property=\"og:image\" content=\"https:\/\/blogdobispo.com.br\/wp-content\/uploads\/2024\/09\/461a6c09-3107-48f1-aa8d-4bc17386440a-1-1024x822.jpg\" \/>\n<meta name=\"author\" content=\"Jefferson Sterfeno\" \/>\n<meta name=\"twitter:card\" content=\"summary_large_image\" \/>\n<meta name=\"twitter:label1\" content=\"Escrito por\" \/>\n\t<meta name=\"twitter:data1\" content=\"Jefferson Sterfeno\" \/>\n\t<meta name=\"twitter:label2\" content=\"Est. tempo de leitura\" \/>\n\t<meta name=\"twitter:data2\" content=\"2 minutos\" \/>\n<script type=\"application\/ld+json\" class=\"yoast-schema-graph\">{\"@context\":\"https:\/\/schema.org\",\"@graph\":[{\"@type\":\"Article\",\"@id\":\"https:\/\/blogdobispo.com.br\/?p=3995#article\",\"isPartOf\":{\"@id\":\"https:\/\/blogdobispo.com.br\/?p=3995\"},\"author\":{\"name\":\"Jefferson Sterfeno\",\"@id\":\"https:\/\/blogdobispo.com.br\/#\/schema\/person\/e2209cc0e6cea5c5233d033e997b373f\"},\"headline\":\"TRE autoriza candidatura de S\u00f4nia do Nova Natal\",\"datePublished\":\"2024-09-03T20:11:31+00:00\",\"mainEntityOfPage\":{\"@id\":\"https:\/\/blogdobispo.com.br\/?p=3995\"},\"wordCount\":359,\"commentCount\":0,\"publisher\":{\"@id\":\"https:\/\/blogdobispo.com.br\/#organization\"},\"image\":{\"@id\":\"https:\/\/blogdobispo.com.br\/?p=3995#primaryimage\"},\"thumbnailUrl\":\"https:\/\/blogdobispo.com.br\/wp-content\/uploads\/2024\/09\/461a6c09-3107-48f1-aa8d-4bc17386440a-1-1024x822.jpg\",\"articleSection\":[\"diversos\"],\"inLanguage\":\"pt-BR\",\"potentialAction\":[{\"@type\":\"CommentAction\",\"name\":\"Comment\",\"target\":[\"https:\/\/blogdobispo.com.br\/?p=3995#respond\"]}]},{\"@type\":\"WebPage\",\"@id\":\"https:\/\/blogdobispo.com.br\/?p=3995\",\"url\":\"https:\/\/blogdobispo.com.br\/?p=3995\",\"name\":\"TRE autoriza candidatura de S\u00f4nia do Nova Natal - Blog do Bispo\",\"isPartOf\":{\"@id\":\"https:\/\/blogdobispo.com.br\/#website\"},\"primaryImageOfPage\":{\"@id\":\"https:\/\/blogdobispo.com.br\/?p=3995#primaryimage\"},\"image\":{\"@id\":\"https:\/\/blogdobispo.com.br\/?p=3995#primaryimage\"},\"thumbnailUrl\":\"https:\/\/blogdobispo.com.br\/wp-content\/uploads\/2024\/09\/461a6c09-3107-48f1-aa8d-4bc17386440a-1-1024x822.jpg\",\"datePublished\":\"2024-09-03T20:11:31+00:00\",\"breadcrumb\":{\"@id\":\"https:\/\/blogdobispo.com.br\/?p=3995#breadcrumb\"},\"inLanguage\":\"pt-BR\",\"potentialAction\":[{\"@type\":\"ReadAction\",\"target\":[\"https:\/\/blogdobispo.com.br\/?p=3995\"]}]},{\"@type\":\"ImageObject\",\"inLanguage\":\"pt-BR\",\"@id\":\"https:\/\/blogdobispo.com.br\/?p=3995#primaryimage\",\"url\":\"https:\/\/blogdobispo.com.br\/wp-content\/uploads\/2024\/09\/461a6c09-3107-48f1-aa8d-4bc17386440a-1-1024x822.jpg\",\"contentUrl\":\"https:\/\/blogdobispo.com.br\/wp-content\/uploads\/2024\/09\/461a6c09-3107-48f1-aa8d-4bc17386440a-1-1024x822.jpg\"},{\"@type\":\"BreadcrumbList\",\"@id\":\"https:\/\/blogdobispo.com.br\/?p=3995#breadcrumb\",\"itemListElement\":[{\"@type\":\"ListItem\",\"position\":1,\"name\":\"In\u00edcio\",\"item\":\"https:\/\/blogdobispo.com.br\/\"},{\"@type\":\"ListItem\",\"position\":2,\"name\":\"TRE autoriza candidatura de S\u00f4nia do Nova Natal\"}]},{\"@type\":\"WebSite\",\"@id\":\"https:\/\/blogdobispo.com.br\/#website\",\"url\":\"https:\/\/blogdobispo.com.br\/\",\"name\":\"Blog do Bispo\",\"description\":\"Comprometido apenas com o leitor\",\"publisher\":{\"@id\":\"https:\/\/blogdobispo.com.br\/#organization\"},\"potentialAction\":[{\"@type\":\"SearchAction\",\"target\":{\"@type\":\"EntryPoint\",\"urlTemplate\":\"https:\/\/blogdobispo.com.br\/?s={search_term_string}\"},\"query-input\":{\"@type\":\"PropertyValueSpecification\",\"valueRequired\":true,\"valueName\":\"search_term_string\"}}],\"inLanguage\":\"pt-BR\"},{\"@type\":\"Organization\",\"@id\":\"https:\/\/blogdobispo.com.br\/#organization\",\"name\":\"Blog do Bispo\",\"url\":\"https:\/\/blogdobispo.com.br\/\",\"logo\":{\"@type\":\"ImageObject\",\"inLanguage\":\"pt-BR\",\"@id\":\"https:\/\/blogdobispo.com.br\/#\/schema\/logo\/image\/\",\"url\":\"http:\/\/blogdobispo.com.br\/wp-content\/uploads\/2023\/05\/cropped-headear.png\",\"contentUrl\":\"http:\/\/blogdobispo.com.br\/wp-content\/uploads\/2023\/05\/cropped-headear.png\",\"width\":1500,\"height\":399,\"caption\":\"Blog do Bispo\"},\"image\":{\"@id\":\"https:\/\/blogdobispo.com.br\/#\/schema\/logo\/image\/\"}},{\"@type\":\"Person\",\"@id\":\"https:\/\/blogdobispo.com.br\/#\/schema\/person\/e2209cc0e6cea5c5233d033e997b373f\",\"name\":\"Jefferson Sterfeno\",\"image\":{\"@type\":\"ImageObject\",\"inLanguage\":\"pt-BR\",\"@id\":\"https:\/\/blogdobispo.com.br\/#\/schema\/person\/image\/\",\"url\":\"https:\/\/secure.gravatar.com\/avatar\/0534e84764641168a677026b6d57a3f51dc7ac4db0b4f6186d9cb330d4ee1160?s=96&d=mm&r=g\",\"contentUrl\":\"https:\/\/secure.gravatar.com\/avatar\/0534e84764641168a677026b6d57a3f51dc7ac4db0b4f6186d9cb330d4ee1160?s=96&d=mm&r=g\",\"caption\":\"Jefferson Sterfeno\"},\"sameAs\":[\"http:\/\/blogdobispo.com.br\"],\"url\":\"https:\/\/blogdobispo.com.br\/?author=1\"}]}<\/script>\n<!-- \/ Yoast SEO plugin. -->","yoast_head_json":{"title":"TRE autoriza candidatura de S\u00f4nia do Nova Natal - Blog do Bispo","robots":{"index":"index","follow":"follow","max-snippet":"max-snippet:-1","max-image-preview":"max-image-preview:large","max-video-preview":"max-video-preview:-1"},"canonical":"https:\/\/blogdobispo.com.br\/?p=3995","og_locale":"pt_BR","og_type":"article","og_title":"TRE autoriza candidatura de S\u00f4nia do Nova Natal - Blog do Bispo","og_description":"Em uma decis\u00e3o significativa para o cen\u00e1rio pol\u00edtico de Natal, o Tribunal Regional Eleitoral (TRE) deferiu, por ampla maioria de 4 votos a 1, a candidatura de S\u00f4nia do Nova Natal para vereadora. Essa vit\u00f3ria marca um importante passo na trajet\u00f3ria de S\u00f4nia, que agora tem o caminho aberto para continuar sua luta por uma [&hellip;]","og_url":"https:\/\/blogdobispo.com.br\/?p=3995","og_site_name":"Blog do Bispo","article_published_time":"2024-09-03T20:11:31+00:00","og_image":[{"url":"https:\/\/blogdobispo.com.br\/wp-content\/uploads\/2024\/09\/461a6c09-3107-48f1-aa8d-4bc17386440a-1-1024x822.jpg","type":"","width":"","height":""}],"author":"Jefferson Sterfeno","twitter_card":"summary_large_image","twitter_misc":{"Escrito por":"Jefferson Sterfeno","Est. tempo de leitura":"2 minutos"},"schema":{"@context":"https:\/\/schema.org","@graph":[{"@type":"Article","@id":"https:\/\/blogdobispo.com.br\/?p=3995#article","isPartOf":{"@id":"https:\/\/blogdobispo.com.br\/?p=3995"},"author":{"name":"Jefferson Sterfeno","@id":"https:\/\/blogdobispo.com.br\/#\/schema\/person\/e2209cc0e6cea5c5233d033e997b373f"},"headline":"TRE autoriza candidatura de S\u00f4nia do Nova Natal","datePublished":"2024-09-03T20:11:31+00:00","mainEntityOfPage":{"@id":"https:\/\/blogdobispo.com.br\/?p=3995"},"wordCount":359,"commentCount":0,"publisher":{"@id":"https:\/\/blogdobispo.com.br\/#organization"},"image":{"@id":"https:\/\/blogdobispo.com.br\/?p=3995#primaryimage"},"thumbnailUrl":"https:\/\/blogdobispo.com.br\/wp-content\/uploads\/2024\/09\/461a6c09-3107-48f1-aa8d-4bc17386440a-1-1024x822.jpg","articleSection":["diversos"],"inLanguage":"pt-BR","potentialAction":[{"@type":"CommentAction","name":"Comment","target":["https:\/\/blogdobispo.com.br\/?p=3995#respond"]}]},{"@type":"WebPage","@id":"https:\/\/blogdobispo.com.br\/?p=3995","url":"https:\/\/blogdobispo.com.br\/?p=3995","name":"TRE autoriza candidatura de S\u00f4nia do Nova Natal - Blog do Bispo","isPartOf":{"@id":"https:\/\/blogdobispo.com.br\/#website"},"primaryImageOfPage":{"@id":"https:\/\/blogdobispo.com.br\/?p=3995#primaryimage"},"image":{"@id":"https:\/\/blogdobispo.com.br\/?p=3995#primaryimage"},"thumbnailUrl":"https:\/\/blogdobispo.com.br\/wp-content\/uploads\/2024\/09\/461a6c09-3107-48f1-aa8d-4bc17386440a-1-1024x822.jpg","datePublished":"2024-09-03T20:11:31+00:00","breadcrumb":{"@id":"https:\/\/blogdobispo.com.br\/?p=3995#breadcrumb"},"inLanguage":"pt-BR","potentialAction":[{"@type":"ReadAction","target":["https:\/\/blogdobispo.com.br\/?p=3995"]}]},{"@type":"ImageObject","inLanguage":"pt-BR","@id":"https:\/\/blogdobispo.com.br\/?p=3995#primaryimage","url":"https:\/\/blogdobispo.com.br\/wp-content\/uploads\/2024\/09\/461a6c09-3107-48f1-aa8d-4bc17386440a-1-1024x822.jpg","contentUrl":"https:\/\/blogdobispo.com.br\/wp-content\/uploads\/2024\/09\/461a6c09-3107-48f1-aa8d-4bc17386440a-1-1024x822.jpg"},{"@type":"BreadcrumbList","@id":"https:\/\/blogdobispo.com.br\/?p=3995#breadcrumb","itemListElement":[{"@type":"ListItem","position":1,"name":"In\u00edcio","item":"https:\/\/blogdobispo.com.br\/"},{"@type":"ListItem","position":2,"name":"TRE autoriza candidatura de S\u00f4nia do Nova Natal"}]},{"@type":"WebSite","@id":"https:\/\/blogdobispo.com.br\/#website","url":"https:\/\/blogdobispo.com.br\/","name":"Blog do Bispo","description":"Comprometido apenas com o leitor","publisher":{"@id":"https:\/\/blogdobispo.com.br\/#organization"},"potentialAction":[{"@type":"SearchAction","target":{"@type":"EntryPoint","urlTemplate":"https:\/\/blogdobispo.com.br\/?s={search_term_string}"},"query-input":{"@type":"PropertyValueSpecification","valueRequired":true,"valueName":"search_term_string"}}],"inLanguage":"pt-BR"},{"@type":"Organization","@id":"https:\/\/blogdobispo.com.br\/#organization","name":"Blog do Bispo","url":"https:\/\/blogdobispo.com.br\/","logo":{"@type":"ImageObject","inLanguage":"pt-BR","@id":"https:\/\/blogdobispo.com.br\/#\/schema\/logo\/image\/","url":"http:\/\/blogdobispo.com.br\/wp-content\/uploads\/2023\/05\/cropped-headear.png","contentUrl":"http:\/\/blogdobispo.com.br\/wp-content\/uploads\/2023\/05\/cropped-headear.png","width":1500,"height":399,"caption":"Blog do Bispo"},"image":{"@id":"https:\/\/blogdobispo.com.br\/#\/schema\/logo\/image\/"}},{"@type":"Person","@id":"https:\/\/blogdobispo.com.br\/#\/schema\/person\/e2209cc0e6cea5c5233d033e997b373f","name":"Jefferson Sterfeno","image":{"@type":"ImageObject","inLanguage":"pt-BR","@id":"https:\/\/blogdobispo.com.br\/#\/schema\/person\/image\/","url":"https:\/\/secure.gravatar.com\/avatar\/0534e84764641168a677026b6d57a3f51dc7ac4db0b4f6186d9cb330d4ee1160?s=96&d=mm&r=g","contentUrl":"https:\/\/secure.gravatar.com\/avatar\/0534e84764641168a677026b6d57a3f51dc7ac4db0b4f6186d9cb330d4ee1160?s=96&d=mm&r=g","caption":"Jefferson Sterfeno"},"sameAs":["http:\/\/blogdobispo.com.br"],"url":"https:\/\/blogdobispo.com.br\/?author=1"}]}},"featured_image_urls":{"full":"","thumbnail":"","medium":"","medium_large":"","large":"","1536x1536":"","2048x2048":""},"author_info":{"display_name":"Jefferson Sterfeno","author_link":"https:\/\/blogdobispo.com.br\/?author=1"},"category_info":"<a href=\"https:\/\/blogdobispo.com.br\/?cat=1\" rel=\"category\">diversos<\/a>","tag_info":"diversos","comment_count":"0","jetpack_featured_media_url":"","jetpack_sharing_enabled":true,"_links":{"self":[{"href":"https:\/\/blogdobispo.com.br\/index.php?rest_route=\/wp\/v2\/posts\/3995","targetHints":{"allow":["GET"]}}],"collection":[{"href":"https:\/\/blogdobispo.com.br\/index.php?rest_route=\/wp\/v2\/posts"}],"about":[{"href":"https:\/\/blogdobispo.com.br\/index.php?rest_route=\/wp\/v2\/types\/post"}],"author":[{"embeddable":true,"href":"https:\/\/blogdobispo.com.br\/index.php?rest_route=\/wp\/v2\/users\/1"}],"replies":[{"embeddable":true,"href":"https:\/\/blogdobispo.com.br\/index.php?rest_route=%2Fwp%2Fv2%2Fcomments&post=3995"}],"version-history":[{"count":0,"href":"https:\/\/blogdobispo.com.br\/index.php?rest_route=\/wp\/v2\/posts\/3995\/revisions"}],"wp:attachment":[{"href":"https:\/\/blogdobispo.com.br\/index.php?rest_route=%2Fwp%2Fv2%2Fmedia&parent=3995"}],"wp:term":[{"taxonomy":"category","embeddable":true,"href":"https:\/\/blogdobispo.com.br\/index.php?rest_route=%2Fwp%2Fv2%2Fcategories&post=3995"},{"taxonomy":"post_tag","embeddable":true,"href":"https:\/\/blogdobispo.com.br\/index.php?rest_route=%2Fwp%2Fv2%2Ftags&post=3995"}],"curies":[{"name":"wp","href":"https:\/\/api.w.org\/{rel}","templated":true}]}}