{"id":3991,"date":"2024-09-01T18:12:36","date_gmt":"2024-09-01T18:12:36","guid":{"rendered":"https:\/\/blogdobispo.com.br\/?p=3991"},"modified":"2024-09-01T18:12:36","modified_gmt":"2024-09-01T18:12:36","slug":"campo-redondo-deputado-coronel-azevedo-declara-apoio-a-marcus-welby-e-jurandir-junior","status":"publish","type":"post","link":"https:\/\/blogdobispo.com.br\/?p=3991","title":{"rendered":"Campo Redondo: Deputado Coronel Azevedo declara apoio a Marcus Welby e Jurandir J\u00fanior"},"content":{"rendered":"\n<figure class=\"wp-block-image size-large\"><img data-recalc-dims=\"1\" fetchpriority=\"high\" decoding=\"async\" width=\"768\" height=\"1024\" src=\"https:\/\/i0.wp.com\/blogdobispo.com.br\/wp-content\/uploads\/2024\/09\/873f87a0-0460-4fd8-8a5b-a129874c80c5-1-768x1024.jpg?resize=768%2C1024&#038;ssl=1\" class=\"wp-image-3990\" srcset=\"https:\/\/i0.wp.com\/blogdobispo.com.br\/wp-content\/uploads\/2024\/09\/873f87a0-0460-4fd8-8a5b-a129874c80c5-1.jpg?resize=768%2C1024&amp;ssl=1 768w, https:\/\/i0.wp.com\/blogdobispo.com.br\/wp-content\/uploads\/2024\/09\/873f87a0-0460-4fd8-8a5b-a129874c80c5-1.jpg?resize=225%2C300&amp;ssl=1 225w, https:\/\/i0.wp.com\/blogdobispo.com.br\/wp-content\/uploads\/2024\/09\/873f87a0-0460-4fd8-8a5b-a129874c80c5-1.jpg?w=960&amp;ssl=1 960w\" sizes=\"(max-width: 768px) 100vw, 768px\" \/><\/figure>\n\n\n\n<p><\/p>\n\n\n\n<p>O deputado estadual Coronel Azevedo (PL),<br \/>recebeu em nosso gabinete na Assembleia Legislativa os pr\u00e9-candidato Marcus Welby e Jurandir J\u00fanior.<\/p>\n\n\n\n<p>Welby \u00e9 odontologista e atual vice-prefeito de Campo Redondo, nesta elei\u00e7\u00e3o de 2024 colocou o seu nome como pr\u00e9-candidato a vereador. J\u00e1 Jurandir \u00e9 Engenheiro e empres\u00e1rio no ramo da constru\u00e7\u00e3o civil e est\u00e1 pr\u00e9-candidato a vice-prefeito.<\/p>\n\n\n\n<p>\u201cAmbos contam com o apoio do nosso mandato. Juntos, vamos trabalhar para o desenvolvimento social e econ\u00f4mico do munic\u00edpio\u201d, declarou Coronel Azevedo em suas redes sociais.<\/p>\n","protected":false},"excerpt":{"rendered":"<p>O deputado estadual Coronel Azevedo (PL),recebeu em nosso gabinete na Assembleia Legislativa os pr\u00e9-candidato Marcus Welby e Jurandir J\u00fanior. Welby \u00e9 odontologista e atual vice-prefeito de Campo Redondo, nesta elei\u00e7\u00e3o de 2024 colocou o seu nome como pr\u00e9-candidato a vereador. J\u00e1 Jurandir \u00e9 Engenheiro e empres\u00e1rio no ramo da constru\u00e7\u00e3o civil e est\u00e1 pr\u00e9-candidato a [&hellip;]<\/p>\n","protected":false},"author":1,"featured_media":0,"comment_status":"open","ping_status":"open","sticky":false,"template":"","format":"standard","meta":{"cybocfi_hide_featured_image":"","_jetpack_memberships_contains_paid_content":false,"footnotes":""},"categories":[1],"tags":[],"class_list":["post-3991","post","type-post","status-publish","format-standard","hentry","category-diversos"],"yoast_head":"<!-- This site is optimized with the Yoast SEO plugin v25.6 - https:\/\/yoast.com\/wordpress\/plugins\/seo\/ -->\n<title>Campo Redondo: Deputado Coronel Azevedo declara apoio a Marcus Welby e Jurandir J\u00fanior - Blog do Bispo<\/title>\n<meta name=\"robots\" content=\"index, follow, max-snippet:-1, max-image-preview:large, max-video-preview:-1\" \/>\n<link rel=\"canonical\" href=\"https:\/\/blogdobispo.com.br\/?p=3991\" \/>\n<meta property=\"og:locale\" content=\"pt_BR\" \/>\n<meta property=\"og:type\" content=\"article\" \/>\n<meta property=\"og:title\" content=\"Campo Redondo: Deputado Coronel Azevedo declara apoio a Marcus Welby e Jurandir J\u00fanior - Blog do Bispo\" \/>\n<meta property=\"og:description\" content=\"O deputado estadual Coronel Azevedo (PL),recebeu em nosso gabinete na Assembleia Legislativa os pr\u00e9-candidato Marcus Welby e Jurandir J\u00fanior. Welby \u00e9 odontologista e atual vice-prefeito de Campo Redondo, nesta elei\u00e7\u00e3o de 2024 colocou o seu nome como pr\u00e9-candidato a vereador. J\u00e1 Jurandir \u00e9 Engenheiro e empres\u00e1rio no ramo da constru\u00e7\u00e3o civil e est\u00e1 pr\u00e9-candidato a [&hellip;]\" \/>\n<meta property=\"og:url\" content=\"https:\/\/blogdobispo.com.br\/?p=3991\" \/>\n<meta property=\"og:site_name\" content=\"Blog do Bispo\" \/>\n<meta property=\"article:published_time\" content=\"2024-09-01T18:12:36+00:00\" \/>\n<meta property=\"og:image\" content=\"https:\/\/blogdobispo.com.br\/wp-content\/uploads\/2024\/09\/873f87a0-0460-4fd8-8a5b-a129874c80c5-1-768x1024.jpg\" \/>\n<meta name=\"author\" content=\"Jefferson Sterfeno\" \/>\n<meta name=\"twitter:card\" content=\"summary_large_image\" \/>\n<meta name=\"twitter:label1\" content=\"Escrito por\" \/>\n\t<meta name=\"twitter:data1\" content=\"Jefferson Sterfeno\" \/>\n<script type=\"application\/ld+json\" class=\"yoast-schema-graph\">{\"@context\":\"https:\/\/schema.org\",\"@graph\":[{\"@type\":\"Article\",\"@id\":\"https:\/\/blogdobispo.com.br\/?p=3991#article\",\"isPartOf\":{\"@id\":\"https:\/\/blogdobispo.com.br\/?p=3991\"},\"author\":{\"name\":\"Jefferson Sterfeno\",\"@id\":\"https:\/\/blogdobispo.com.br\/#\/schema\/person\/e2209cc0e6cea5c5233d033e997b373f\"},\"headline\":\"Campo Redondo: Deputado Coronel Azevedo declara apoio a Marcus Welby e Jurandir J\u00fanior\",\"datePublished\":\"2024-09-01T18:12:36+00:00\",\"mainEntityOfPage\":{\"@id\":\"https:\/\/blogdobispo.com.br\/?p=3991\"},\"wordCount\":103,\"commentCount\":0,\"publisher\":{\"@id\":\"https:\/\/blogdobispo.com.br\/#organization\"},\"image\":{\"@id\":\"https:\/\/blogdobispo.com.br\/?p=3991#primaryimage\"},\"thumbnailUrl\":\"https:\/\/blogdobispo.com.br\/wp-content\/uploads\/2024\/09\/873f87a0-0460-4fd8-8a5b-a129874c80c5-1-768x1024.jpg\",\"articleSection\":[\"diversos\"],\"inLanguage\":\"pt-BR\",\"potentialAction\":[{\"@type\":\"CommentAction\",\"name\":\"Comment\",\"target\":[\"https:\/\/blogdobispo.com.br\/?p=3991#respond\"]}]},{\"@type\":\"WebPage\",\"@id\":\"https:\/\/blogdobispo.com.br\/?p=3991\",\"url\":\"https:\/\/blogdobispo.com.br\/?p=3991\",\"name\":\"Campo Redondo: Deputado Coronel Azevedo declara apoio a Marcus Welby e Jurandir J\u00fanior - Blog do Bispo\",\"isPartOf\":{\"@id\":\"https:\/\/blogdobispo.com.br\/#website\"},\"primaryImageOfPage\":{\"@id\":\"https:\/\/blogdobispo.com.br\/?p=3991#primaryimage\"},\"image\":{\"@id\":\"https:\/\/blogdobispo.com.br\/?p=3991#primaryimage\"},\"thumbnailUrl\":\"https:\/\/blogdobispo.com.br\/wp-content\/uploads\/2024\/09\/873f87a0-0460-4fd8-8a5b-a129874c80c5-1-768x1024.jpg\",\"datePublished\":\"2024-09-01T18:12:36+00:00\",\"breadcrumb\":{\"@id\":\"https:\/\/blogdobispo.com.br\/?p=3991#breadcrumb\"},\"inLanguage\":\"pt-BR\",\"potentialAction\":[{\"@type\":\"ReadAction\",\"target\":[\"https:\/\/blogdobispo.com.br\/?p=3991\"]}]},{\"@type\":\"ImageObject\",\"inLanguage\":\"pt-BR\",\"@id\":\"https:\/\/blogdobispo.com.br\/?p=3991#primaryimage\",\"url\":\"https:\/\/blogdobispo.com.br\/wp-content\/uploads\/2024\/09\/873f87a0-0460-4fd8-8a5b-a129874c80c5-1-768x1024.jpg\",\"contentUrl\":\"https:\/\/blogdobispo.com.br\/wp-content\/uploads\/2024\/09\/873f87a0-0460-4fd8-8a5b-a129874c80c5-1-768x1024.jpg\"},{\"@type\":\"BreadcrumbList\",\"@id\":\"https:\/\/blogdobispo.com.br\/?p=3991#breadcrumb\",\"itemListElement\":[{\"@type\":\"ListItem\",\"position\":1,\"name\":\"In\u00edcio\",\"item\":\"https:\/\/blogdobispo.com.br\/\"},{\"@type\":\"ListItem\",\"position\":2,\"name\":\"Campo Redondo: Deputado Coronel Azevedo declara apoio a Marcus Welby e Jurandir J\u00fanior\"}]},{\"@type\":\"WebSite\",\"@id\":\"https:\/\/blogdobispo.com.br\/#website\",\"url\":\"https:\/\/blogdobispo.com.br\/\",\"name\":\"Blog do Bispo\",\"description\":\"Comprometido apenas com o leitor\",\"publisher\":{\"@id\":\"https:\/\/blogdobispo.com.br\/#organization\"},\"potentialAction\":[{\"@type\":\"SearchAction\",\"target\":{\"@type\":\"EntryPoint\",\"urlTemplate\":\"https:\/\/blogdobispo.com.br\/?s={search_term_string}\"},\"query-input\":{\"@type\":\"PropertyValueSpecification\",\"valueRequired\":true,\"valueName\":\"search_term_string\"}}],\"inLanguage\":\"pt-BR\"},{\"@type\":\"Organization\",\"@id\":\"https:\/\/blogdobispo.com.br\/#organization\",\"name\":\"Blog do Bispo\",\"url\":\"https:\/\/blogdobispo.com.br\/\",\"logo\":{\"@type\":\"ImageObject\",\"inLanguage\":\"pt-BR\",\"@id\":\"https:\/\/blogdobispo.com.br\/#\/schema\/logo\/image\/\",\"url\":\"http:\/\/blogdobispo.com.br\/wp-content\/uploads\/2023\/05\/cropped-headear.png\",\"contentUrl\":\"http:\/\/blogdobispo.com.br\/wp-content\/uploads\/2023\/05\/cropped-headear.png\",\"width\":1500,\"height\":399,\"caption\":\"Blog do Bispo\"},\"image\":{\"@id\":\"https:\/\/blogdobispo.com.br\/#\/schema\/logo\/image\/\"}},{\"@type\":\"Person\",\"@id\":\"https:\/\/blogdobispo.com.br\/#\/schema\/person\/e2209cc0e6cea5c5233d033e997b373f\",\"name\":\"Jefferson Sterfeno\",\"image\":{\"@type\":\"ImageObject\",\"inLanguage\":\"pt-BR\",\"@id\":\"https:\/\/blogdobispo.com.br\/#\/schema\/person\/image\/\",\"url\":\"https:\/\/secure.gravatar.com\/avatar\/0534e84764641168a677026b6d57a3f51dc7ac4db0b4f6186d9cb330d4ee1160?s=96&d=mm&r=g\",\"contentUrl\":\"https:\/\/secure.gravatar.com\/avatar\/0534e84764641168a677026b6d57a3f51dc7ac4db0b4f6186d9cb330d4ee1160?s=96&d=mm&r=g\",\"caption\":\"Jefferson Sterfeno\"},\"sameAs\":[\"http:\/\/blogdobispo.com.br\"],\"url\":\"https:\/\/blogdobispo.com.br\/?author=1\"}]}<\/script>\n<!-- \/ Yoast SEO plugin. -->","yoast_head_json":{"title":"Campo Redondo: Deputado Coronel Azevedo declara apoio a Marcus Welby e Jurandir J\u00fanior - Blog do Bispo","robots":{"index":"index","follow":"follow","max-snippet":"max-snippet:-1","max-image-preview":"max-image-preview:large","max-video-preview":"max-video-preview:-1"},"canonical":"https:\/\/blogdobispo.com.br\/?p=3991","og_locale":"pt_BR","og_type":"article","og_title":"Campo Redondo: Deputado Coronel Azevedo declara apoio a Marcus Welby e Jurandir J\u00fanior - Blog do Bispo","og_description":"O deputado estadual Coronel Azevedo (PL),recebeu em nosso gabinete na Assembleia Legislativa os pr\u00e9-candidato Marcus Welby e Jurandir J\u00fanior. Welby \u00e9 odontologista e atual vice-prefeito de Campo Redondo, nesta elei\u00e7\u00e3o de 2024 colocou o seu nome como pr\u00e9-candidato a vereador. J\u00e1 Jurandir \u00e9 Engenheiro e empres\u00e1rio no ramo da constru\u00e7\u00e3o civil e est\u00e1 pr\u00e9-candidato a [&hellip;]","og_url":"https:\/\/blogdobispo.com.br\/?p=3991","og_site_name":"Blog do Bispo","article_published_time":"2024-09-01T18:12:36+00:00","og_image":[{"url":"https:\/\/blogdobispo.com.br\/wp-content\/uploads\/2024\/09\/873f87a0-0460-4fd8-8a5b-a129874c80c5-1-768x1024.jpg","type":"","width":"","height":""}],"author":"Jefferson Sterfeno","twitter_card":"summary_large_image","twitter_misc":{"Escrito por":"Jefferson Sterfeno"},"schema":{"@context":"https:\/\/schema.org","@graph":[{"@type":"Article","@id":"https:\/\/blogdobispo.com.br\/?p=3991#article","isPartOf":{"@id":"https:\/\/blogdobispo.com.br\/?p=3991"},"author":{"name":"Jefferson Sterfeno","@id":"https:\/\/blogdobispo.com.br\/#\/schema\/person\/e2209cc0e6cea5c5233d033e997b373f"},"headline":"Campo Redondo: Deputado Coronel Azevedo declara apoio a Marcus Welby e Jurandir J\u00fanior","datePublished":"2024-09-01T18:12:36+00:00","mainEntityOfPage":{"@id":"https:\/\/blogdobispo.com.br\/?p=3991"},"wordCount":103,"commentCount":0,"publisher":{"@id":"https:\/\/blogdobispo.com.br\/#organization"},"image":{"@id":"https:\/\/blogdobispo.com.br\/?p=3991#primaryimage"},"thumbnailUrl":"https:\/\/blogdobispo.com.br\/wp-content\/uploads\/2024\/09\/873f87a0-0460-4fd8-8a5b-a129874c80c5-1-768x1024.jpg","articleSection":["diversos"],"inLanguage":"pt-BR","potentialAction":[{"@type":"CommentAction","name":"Comment","target":["https:\/\/blogdobispo.com.br\/?p=3991#respond"]}]},{"@type":"WebPage","@id":"https:\/\/blogdobispo.com.br\/?p=3991","url":"https:\/\/blogdobispo.com.br\/?p=3991","name":"Campo Redondo: Deputado Coronel Azevedo declara apoio a Marcus Welby e Jurandir J\u00fanior - Blog do Bispo","isPartOf":{"@id":"https:\/\/blogdobispo.com.br\/#website"},"primaryImageOfPage":{"@id":"https:\/\/blogdobispo.com.br\/?p=3991#primaryimage"},"image":{"@id":"https:\/\/blogdobispo.com.br\/?p=3991#primaryimage"},"thumbnailUrl":"https:\/\/blogdobispo.com.br\/wp-content\/uploads\/2024\/09\/873f87a0-0460-4fd8-8a5b-a129874c80c5-1-768x1024.jpg","datePublished":"2024-09-01T18:12:36+00:00","breadcrumb":{"@id":"https:\/\/blogdobispo.com.br\/?p=3991#breadcrumb"},"inLanguage":"pt-BR","potentialAction":[{"@type":"ReadAction","target":["https:\/\/blogdobispo.com.br\/?p=3991"]}]},{"@type":"ImageObject","inLanguage":"pt-BR","@id":"https:\/\/blogdobispo.com.br\/?p=3991#primaryimage","url":"https:\/\/blogdobispo.com.br\/wp-content\/uploads\/2024\/09\/873f87a0-0460-4fd8-8a5b-a129874c80c5-1-768x1024.jpg","contentUrl":"https:\/\/blogdobispo.com.br\/wp-content\/uploads\/2024\/09\/873f87a0-0460-4fd8-8a5b-a129874c80c5-1-768x1024.jpg"},{"@type":"BreadcrumbList","@id":"https:\/\/blogdobispo.com.br\/?p=3991#breadcrumb","itemListElement":[{"@type":"ListItem","position":1,"name":"In\u00edcio","item":"https:\/\/blogdobispo.com.br\/"},{"@type":"ListItem","position":2,"name":"Campo Redondo: Deputado Coronel Azevedo declara apoio a Marcus Welby e Jurandir J\u00fanior"}]},{"@type":"WebSite","@id":"https:\/\/blogdobispo.com.br\/#website","url":"https:\/\/blogdobispo.com.br\/","name":"Blog do Bispo","description":"Comprometido apenas com o leitor","publisher":{"@id":"https:\/\/blogdobispo.com.br\/#organization"},"potentialAction":[{"@type":"SearchAction","target":{"@type":"EntryPoint","urlTemplate":"https:\/\/blogdobispo.com.br\/?s={search_term_string}"},"query-input":{"@type":"PropertyValueSpecification","valueRequired":true,"valueName":"search_term_string"}}],"inLanguage":"pt-BR"},{"@type":"Organization","@id":"https:\/\/blogdobispo.com.br\/#organization","name":"Blog do Bispo","url":"https:\/\/blogdobispo.com.br\/","logo":{"@type":"ImageObject","inLanguage":"pt-BR","@id":"https:\/\/blogdobispo.com.br\/#\/schema\/logo\/image\/","url":"http:\/\/blogdobispo.com.br\/wp-content\/uploads\/2023\/05\/cropped-headear.png","contentUrl":"http:\/\/blogdobispo.com.br\/wp-content\/uploads\/2023\/05\/cropped-headear.png","width":1500,"height":399,"caption":"Blog do Bispo"},"image":{"@id":"https:\/\/blogdobispo.com.br\/#\/schema\/logo\/image\/"}},{"@type":"Person","@id":"https:\/\/blogdobispo.com.br\/#\/schema\/person\/e2209cc0e6cea5c5233d033e997b373f","name":"Jefferson Sterfeno","image":{"@type":"ImageObject","inLanguage":"pt-BR","@id":"https:\/\/blogdobispo.com.br\/#\/schema\/person\/image\/","url":"https:\/\/secure.gravatar.com\/avatar\/0534e84764641168a677026b6d57a3f51dc7ac4db0b4f6186d9cb330d4ee1160?s=96&d=mm&r=g","contentUrl":"https:\/\/secure.gravatar.com\/avatar\/0534e84764641168a677026b6d57a3f51dc7ac4db0b4f6186d9cb330d4ee1160?s=96&d=mm&r=g","caption":"Jefferson Sterfeno"},"sameAs":["http:\/\/blogdobispo.com.br"],"url":"https:\/\/blogdobispo.com.br\/?author=1"}]}},"featured_image_urls":{"full":"","thumbnail":"","medium":"","medium_large":"","large":"","1536x1536":"","2048x2048":""},"author_info":{"display_name":"Jefferson Sterfeno","author_link":"https:\/\/blogdobispo.com.br\/?author=1"},"category_info":"<a href=\"https:\/\/blogdobispo.com.br\/?cat=1\" rel=\"category\">diversos<\/a>","tag_info":"diversos","comment_count":"0","jetpack_featured_media_url":"","jetpack_sharing_enabled":true,"_links":{"self":[{"href":"https:\/\/blogdobispo.com.br\/index.php?rest_route=\/wp\/v2\/posts\/3991","targetHints":{"allow":["GET"]}}],"collection":[{"href":"https:\/\/blogdobispo.com.br\/index.php?rest_route=\/wp\/v2\/posts"}],"about":[{"href":"https:\/\/blogdobispo.com.br\/index.php?rest_route=\/wp\/v2\/types\/post"}],"author":[{"embeddable":true,"href":"https:\/\/blogdobispo.com.br\/index.php?rest_route=\/wp\/v2\/users\/1"}],"replies":[{"embeddable":true,"href":"https:\/\/blogdobispo.com.br\/index.php?rest_route=%2Fwp%2Fv2%2Fcomments&post=3991"}],"version-history":[{"count":0,"href":"https:\/\/blogdobispo.com.br\/index.php?rest_route=\/wp\/v2\/posts\/3991\/revisions"}],"wp:attachment":[{"href":"https:\/\/blogdobispo.com.br\/index.php?rest_route=%2Fwp%2Fv2%2Fmedia&parent=3991"}],"wp:term":[{"taxonomy":"category","embeddable":true,"href":"https:\/\/blogdobispo.com.br\/index.php?rest_route=%2Fwp%2Fv2%2Fcategories&post=3991"},{"taxonomy":"post_tag","embeddable":true,"href":"https:\/\/blogdobispo.com.br\/index.php?rest_route=%2Fwp%2Fv2%2Ftags&post=3991"}],"curies":[{"name":"wp","href":"https:\/\/api.w.org\/{rel}","templated":true}]}}