{"id":3985,"date":"2024-08-31T04:06:36","date_gmt":"2024-08-31T04:06:36","guid":{"rendered":"https:\/\/blogdobispo.com.br\/?p=3985"},"modified":"2024-08-31T04:06:36","modified_gmt":"2024-08-31T04:06:36","slug":"41-vidas-se-rendem-a-jesus-em-dia-de-gratidao-no-templo-central-em-natal","status":"publish","type":"post","link":"https:\/\/blogdobispo.com.br\/?p=3985","title":{"rendered":"41 Vidas se rendem a Jesus em Dia de Gratid\u00e3o no Templo Central em Natal"},"content":{"rendered":"\n<figure class=\"wp-block-image size-large\"><img data-recalc-dims=\"1\" fetchpriority=\"high\" decoding=\"async\" width=\"800\" height=\"533\" src=\"https:\/\/i0.wp.com\/blogdobispo.com.br\/wp-content\/uploads\/2024\/08\/cc38851c-537d-45fc-8a07-48a80aff5c83-1-1024x682.jpg?resize=800%2C533&#038;ssl=1\" class=\"wp-image-3984\" srcset=\"https:\/\/i0.wp.com\/blogdobispo.com.br\/wp-content\/uploads\/2024\/08\/cc38851c-537d-45fc-8a07-48a80aff5c83-1.jpg?resize=1024%2C682&amp;ssl=1 1024w, https:\/\/i0.wp.com\/blogdobispo.com.br\/wp-content\/uploads\/2024\/08\/cc38851c-537d-45fc-8a07-48a80aff5c83-1.jpg?resize=300%2C200&amp;ssl=1 300w, https:\/\/i0.wp.com\/blogdobispo.com.br\/wp-content\/uploads\/2024\/08\/cc38851c-537d-45fc-8a07-48a80aff5c83-1.jpg?resize=768%2C512&amp;ssl=1 768w, https:\/\/i0.wp.com\/blogdobispo.com.br\/wp-content\/uploads\/2024\/08\/cc38851c-537d-45fc-8a07-48a80aff5c83-1.jpg?resize=1536%2C1023&amp;ssl=1 1536w, https:\/\/i0.wp.com\/blogdobispo.com.br\/wp-content\/uploads\/2024\/08\/cc38851c-537d-45fc-8a07-48a80aff5c83-1.jpg?w=1600&amp;ssl=1 1600w\" sizes=\"(max-width: 800px) 100vw, 800px\" \/><\/figure>\n\n\n\n<p>Aconteceu nesta quarta-feira, 28, no Templo Central da IEADERN, no Bairro do Alecrim, o Culto da Restaura\u00e7\u00e3o Especial celebrando os 29 anos da R\u00e1dio Nordeste Evang\u00e9lica e os 28 anos de funda\u00e7\u00e3o do Culto da Restaura\u00e7\u00e3o.<\/p>\n\n\n\n<p>A programa\u00e7\u00e3o iniciou as 9h e se estendeu at\u00e9 as 21h. Uma multid\u00e3o de assembleianos da capital e do interior estiveram presentes, pastores e obreiros, irm\u00e3os de outras denomina\u00e7\u00f5es e tamb\u00e9m pessoas n\u00e3o-evang\u00e9licas.<\/p>\n\n\n\n<p>O pastor presidente Martim Alves, abriu os trabalhos pela manh\u00e3 e durante todo dia houve prega\u00e7\u00e3o, testemunhos e louvores a Deus.<\/p>\n\n\n\n<p>Essa edi\u00e7\u00e3o contou com a participa\u00e7\u00e3o da cantora pernambucana Rayane Vanessa.<\/p>\n\n\n\n<p>Um grande mover espiritual marcou o dia de celebra\u00e7\u00e3o ao Senhor com testemunhos de curas, renovo espiritual e 41 vidas aceitaram a Jesus como Salvador.<\/p>\n\n\n\n<p>HIST\u00d3RICO DA R\u00c1DIO NORDESTE<\/p>\n\n\n\n<p>A AM 900 kHz foi fundada pelo ex-governador do estado, Dinarte de Medeiros Mariz, e inaugurada pelo potiguar e ex-presidente da rep\u00fablica, Jo\u00e3o Caf\u00e9 Filho. Entrou em opera\u00e7\u00e3o em setembro de 1954, dando nome ao bairro onde esteve localizada por muitos anos.<\/p>\n\n\n\n<p>Tudo come\u00e7ou com um projeto de f\u00e9. Anos ap\u00f3s sua inaugura\u00e7\u00e3o, mais precisamente em 1\u00b0 de agosto de 1995, por iniciativa do saudoso pastor Jo\u00e3o Gomes da Silva, um homem de Deus, de origem simples, mas com uma vis\u00e3o mission\u00e1ria, e com o apoio de uma igreja formada por um povo forte e mission\u00e1rio, a igreja assumiu o controle da r\u00e1dio, passando a ser intitulada R\u00e1dio Nordeste Evang\u00e9lica, a emissora das boas novas.<\/p>\n\n\n\n<p>J\u00e1 no ano 2000, durante a gest\u00e3o do pastor Raimundo Jo\u00e3o de Santana \u00e0 frente da Igreja Evang\u00e9lica Assembleia de Deus no Rio Grande do Norte e da Funda\u00e7\u00e3o Eurico Bergsten, a emissora passou por uma ampla reforma no pr\u00e9dio, nos est\u00fadios e no parque de antenas no bairro Nordeste. Foram adquiridos novos equipamentos, incluindo um novo e moderno transmissor canadense da marca Nautel, com 10 quilowatts de pot\u00eancia, levando as boas novas de salva\u00e7\u00e3o em Cristo Jesus a dist\u00e2ncias ainda maiores.<\/p>\n\n\n\n<p>Como uma AM (Amplitude Modulada), a emissora perdurou por 24 anos, at\u00e9 que em 2016 veio o decreto do Governo Federal informando sobre a migra\u00e7\u00e3o dos sinais das emissoras de r\u00e1dio AM para FM (Frequ\u00eancia Modulada), com o intuito de melhorar a qualidade da transmiss\u00e3o advinda do r\u00e1dio digital.<\/p>\n\n\n\n<p>Com esse decreto, coube ao pastor Martim Alves da Silva o privil\u00e9gio de construir, equipar e inaugurar a nova R\u00e1dio Nordeste Evang\u00e9lica, que h\u00e1 5 anos opera na frequ\u00eancia 92,5 FM, em nova sede localizada no Pitimbu, loteamento San Vale, na zona Sul da capital. Trata-se de uma emissora moderna que se consolidou como uma das mais ouvidas de todo o estado, com um transmissor de 30 quilowatts, alcan\u00e7ando mais de 2 milh\u00f5es e meio de habitantes apenas na regi\u00e3o metropolitana.<\/p>\n\n\n\n<p>Em seus 29 anos, a R\u00e1dio Nordeste tem cumprido seu papel social como um agente de transmiss\u00e3o do evangelho. Por meio de suas ondas sonoras, tem alcan\u00e7ado milhares de lares e vidas atrav\u00e9s de ora\u00e7\u00f5es, da ministra\u00e7\u00e3o da palavra e de seus belos louvores. A emissora das boas novas vem se diferenciando diariamente no mercado, conquistando e consolidando sua audi\u00eancia, seja pelo dial em 92,5 FM, pelo site www.nordesteevangelica.com.br (streaming de \u00e1udio) ou pelo aplicativo FUNEB, que alcan\u00e7a todos os continentes, destacando-se como uma das principais r\u00e1dios da Regi\u00e3o Nordeste, com um p\u00fablico-alvo segmentado e fidelizado.<\/p>\n\n\n\n<p>Foram gestores e diretores desta emissora os seguintes pastores, cada um ao seu tempo: 1\u00b0 Ant\u00f4nio Carlos Lorenzetti, 2\u00b0 Jos\u00e9 Gomes da Costa, 3\u00b0 Paulo Costa Jr., 4\u00b0 Abner Alves de Souza, 5\u00b0 Charles Casas de Quadros, 6\u00b0 Oaldo Raimundo Dantas, 7\u00b0 Samuel Renovato de Lima e 8\u00b0 (atual) Oaldo Raimundo Dantas (2x).<\/p>\n\n\n\n<p>Durante esses anos, a Nordeste Evang\u00e9lica tem sido um canal de b\u00ean\u00e7\u00e3os para toda a comunidade, especialmente o p\u00fablico evang\u00e9lico e amigos na f\u00e9 do Rio Grande do Norte. Muitas foram as dificuldades, mas Deus esteve em tudo, dando vit\u00f3ria. Certamente os desafios vir\u00e3o, contudo, aquele que come\u00e7ou a boa obra h\u00e1 de aperfei\u00e7o\u00e1-la e suprir todas as necessidades em Cristo. Podemos dizer em alto e bom som que at\u00e9 aqui nos ajudou o Senhor!<\/p>\n","protected":false},"excerpt":{"rendered":"<p>Aconteceu nesta quarta-feira, 28, no Templo Central da IEADERN, no Bairro do Alecrim, o Culto da Restaura\u00e7\u00e3o Especial celebrando os 29 anos da R\u00e1dio Nordeste Evang\u00e9lica e os 28 anos de funda\u00e7\u00e3o do Culto da Restaura\u00e7\u00e3o. A programa\u00e7\u00e3o iniciou as 9h e se estendeu at\u00e9 as 21h. Uma multid\u00e3o de assembleianos da capital e do [&hellip;]<\/p>\n","protected":false},"author":1,"featured_media":0,"comment_status":"open","ping_status":"open","sticky":false,"template":"","format":"standard","meta":{"cybocfi_hide_featured_image":"","_jetpack_memberships_contains_paid_content":false,"footnotes":""},"categories":[1],"tags":[],"class_list":["post-3985","post","type-post","status-publish","format-standard","hentry","category-diversos"],"yoast_head":"<!-- This site is optimized with the Yoast SEO plugin v25.6 - https:\/\/yoast.com\/wordpress\/plugins\/seo\/ -->\n<title>41 Vidas se rendem a Jesus em Dia de Gratid\u00e3o no Templo Central em Natal - Blog do Bispo<\/title>\n<meta name=\"robots\" content=\"index, follow, max-snippet:-1, max-image-preview:large, max-video-preview:-1\" \/>\n<link rel=\"canonical\" href=\"https:\/\/blogdobispo.com.br\/?p=3985\" \/>\n<meta property=\"og:locale\" content=\"pt_BR\" \/>\n<meta property=\"og:type\" content=\"article\" \/>\n<meta property=\"og:title\" content=\"41 Vidas se rendem a Jesus em Dia de Gratid\u00e3o no Templo Central em Natal - Blog do Bispo\" \/>\n<meta property=\"og:description\" content=\"Aconteceu nesta quarta-feira, 28, no Templo Central da IEADERN, no Bairro do Alecrim, o Culto da Restaura\u00e7\u00e3o Especial celebrando os 29 anos da R\u00e1dio Nordeste Evang\u00e9lica e os 28 anos de funda\u00e7\u00e3o do Culto da Restaura\u00e7\u00e3o. A programa\u00e7\u00e3o iniciou as 9h e se estendeu at\u00e9 as 21h. Uma multid\u00e3o de assembleianos da capital e do [&hellip;]\" \/>\n<meta property=\"og:url\" content=\"https:\/\/blogdobispo.com.br\/?p=3985\" \/>\n<meta property=\"og:site_name\" content=\"Blog do Bispo\" \/>\n<meta property=\"article:published_time\" content=\"2024-08-31T04:06:36+00:00\" \/>\n<meta property=\"og:image\" content=\"https:\/\/blogdobispo.com.br\/wp-content\/uploads\/2024\/08\/cc38851c-537d-45fc-8a07-48a80aff5c83-1-1024x682.jpg\" \/>\n<meta name=\"author\" content=\"Jefferson Sterfeno\" \/>\n<meta name=\"twitter:card\" content=\"summary_large_image\" \/>\n<meta name=\"twitter:label1\" content=\"Escrito por\" \/>\n\t<meta name=\"twitter:data1\" content=\"Jefferson Sterfeno\" \/>\n\t<meta name=\"twitter:label2\" content=\"Est. tempo de leitura\" \/>\n\t<meta name=\"twitter:data2\" content=\"4 minutos\" \/>\n<script type=\"application\/ld+json\" class=\"yoast-schema-graph\">{\"@context\":\"https:\/\/schema.org\",\"@graph\":[{\"@type\":\"Article\",\"@id\":\"https:\/\/blogdobispo.com.br\/?p=3985#article\",\"isPartOf\":{\"@id\":\"https:\/\/blogdobispo.com.br\/?p=3985\"},\"author\":{\"name\":\"Jefferson Sterfeno\",\"@id\":\"https:\/\/blogdobispo.com.br\/#\/schema\/person\/e2209cc0e6cea5c5233d033e997b373f\"},\"headline\":\"41 Vidas se rendem a Jesus em Dia de Gratid\u00e3o no Templo Central em Natal\",\"datePublished\":\"2024-08-31T04:06:36+00:00\",\"mainEntityOfPage\":{\"@id\":\"https:\/\/blogdobispo.com.br\/?p=3985\"},\"wordCount\":746,\"commentCount\":0,\"publisher\":{\"@id\":\"https:\/\/blogdobispo.com.br\/#organization\"},\"image\":{\"@id\":\"https:\/\/blogdobispo.com.br\/?p=3985#primaryimage\"},\"thumbnailUrl\":\"https:\/\/blogdobispo.com.br\/wp-content\/uploads\/2024\/08\/cc38851c-537d-45fc-8a07-48a80aff5c83-1-1024x682.jpg\",\"articleSection\":[\"diversos\"],\"inLanguage\":\"pt-BR\",\"potentialAction\":[{\"@type\":\"CommentAction\",\"name\":\"Comment\",\"target\":[\"https:\/\/blogdobispo.com.br\/?p=3985#respond\"]}]},{\"@type\":\"WebPage\",\"@id\":\"https:\/\/blogdobispo.com.br\/?p=3985\",\"url\":\"https:\/\/blogdobispo.com.br\/?p=3985\",\"name\":\"41 Vidas se rendem a Jesus em Dia de Gratid\u00e3o no Templo Central em Natal - Blog do Bispo\",\"isPartOf\":{\"@id\":\"https:\/\/blogdobispo.com.br\/#website\"},\"primaryImageOfPage\":{\"@id\":\"https:\/\/blogdobispo.com.br\/?p=3985#primaryimage\"},\"image\":{\"@id\":\"https:\/\/blogdobispo.com.br\/?p=3985#primaryimage\"},\"thumbnailUrl\":\"https:\/\/blogdobispo.com.br\/wp-content\/uploads\/2024\/08\/cc38851c-537d-45fc-8a07-48a80aff5c83-1-1024x682.jpg\",\"datePublished\":\"2024-08-31T04:06:36+00:00\",\"breadcrumb\":{\"@id\":\"https:\/\/blogdobispo.com.br\/?p=3985#breadcrumb\"},\"inLanguage\":\"pt-BR\",\"potentialAction\":[{\"@type\":\"ReadAction\",\"target\":[\"https:\/\/blogdobispo.com.br\/?p=3985\"]}]},{\"@type\":\"ImageObject\",\"inLanguage\":\"pt-BR\",\"@id\":\"https:\/\/blogdobispo.com.br\/?p=3985#primaryimage\",\"url\":\"https:\/\/blogdobispo.com.br\/wp-content\/uploads\/2024\/08\/cc38851c-537d-45fc-8a07-48a80aff5c83-1-1024x682.jpg\",\"contentUrl\":\"https:\/\/blogdobispo.com.br\/wp-content\/uploads\/2024\/08\/cc38851c-537d-45fc-8a07-48a80aff5c83-1-1024x682.jpg\"},{\"@type\":\"BreadcrumbList\",\"@id\":\"https:\/\/blogdobispo.com.br\/?p=3985#breadcrumb\",\"itemListElement\":[{\"@type\":\"ListItem\",\"position\":1,\"name\":\"In\u00edcio\",\"item\":\"https:\/\/blogdobispo.com.br\/\"},{\"@type\":\"ListItem\",\"position\":2,\"name\":\"41 Vidas se rendem a Jesus em Dia de Gratid\u00e3o no Templo Central em Natal\"}]},{\"@type\":\"WebSite\",\"@id\":\"https:\/\/blogdobispo.com.br\/#website\",\"url\":\"https:\/\/blogdobispo.com.br\/\",\"name\":\"Blog do Bispo\",\"description\":\"Comprometido apenas com o leitor\",\"publisher\":{\"@id\":\"https:\/\/blogdobispo.com.br\/#organization\"},\"potentialAction\":[{\"@type\":\"SearchAction\",\"target\":{\"@type\":\"EntryPoint\",\"urlTemplate\":\"https:\/\/blogdobispo.com.br\/?s={search_term_string}\"},\"query-input\":{\"@type\":\"PropertyValueSpecification\",\"valueRequired\":true,\"valueName\":\"search_term_string\"}}],\"inLanguage\":\"pt-BR\"},{\"@type\":\"Organization\",\"@id\":\"https:\/\/blogdobispo.com.br\/#organization\",\"name\":\"Blog do Bispo\",\"url\":\"https:\/\/blogdobispo.com.br\/\",\"logo\":{\"@type\":\"ImageObject\",\"inLanguage\":\"pt-BR\",\"@id\":\"https:\/\/blogdobispo.com.br\/#\/schema\/logo\/image\/\",\"url\":\"http:\/\/blogdobispo.com.br\/wp-content\/uploads\/2023\/05\/cropped-headear.png\",\"contentUrl\":\"http:\/\/blogdobispo.com.br\/wp-content\/uploads\/2023\/05\/cropped-headear.png\",\"width\":1500,\"height\":399,\"caption\":\"Blog do Bispo\"},\"image\":{\"@id\":\"https:\/\/blogdobispo.com.br\/#\/schema\/logo\/image\/\"}},{\"@type\":\"Person\",\"@id\":\"https:\/\/blogdobispo.com.br\/#\/schema\/person\/e2209cc0e6cea5c5233d033e997b373f\",\"name\":\"Jefferson Sterfeno\",\"image\":{\"@type\":\"ImageObject\",\"inLanguage\":\"pt-BR\",\"@id\":\"https:\/\/blogdobispo.com.br\/#\/schema\/person\/image\/\",\"url\":\"https:\/\/secure.gravatar.com\/avatar\/0534e84764641168a677026b6d57a3f51dc7ac4db0b4f6186d9cb330d4ee1160?s=96&d=mm&r=g\",\"contentUrl\":\"https:\/\/secure.gravatar.com\/avatar\/0534e84764641168a677026b6d57a3f51dc7ac4db0b4f6186d9cb330d4ee1160?s=96&d=mm&r=g\",\"caption\":\"Jefferson Sterfeno\"},\"sameAs\":[\"http:\/\/blogdobispo.com.br\"],\"url\":\"https:\/\/blogdobispo.com.br\/?author=1\"}]}<\/script>\n<!-- \/ Yoast SEO plugin. -->","yoast_head_json":{"title":"41 Vidas se rendem a Jesus em Dia de Gratid\u00e3o no Templo Central em Natal - Blog do Bispo","robots":{"index":"index","follow":"follow","max-snippet":"max-snippet:-1","max-image-preview":"max-image-preview:large","max-video-preview":"max-video-preview:-1"},"canonical":"https:\/\/blogdobispo.com.br\/?p=3985","og_locale":"pt_BR","og_type":"article","og_title":"41 Vidas se rendem a Jesus em Dia de Gratid\u00e3o no Templo Central em Natal - Blog do Bispo","og_description":"Aconteceu nesta quarta-feira, 28, no Templo Central da IEADERN, no Bairro do Alecrim, o Culto da Restaura\u00e7\u00e3o Especial celebrando os 29 anos da R\u00e1dio Nordeste Evang\u00e9lica e os 28 anos de funda\u00e7\u00e3o do Culto da Restaura\u00e7\u00e3o. A programa\u00e7\u00e3o iniciou as 9h e se estendeu at\u00e9 as 21h. Uma multid\u00e3o de assembleianos da capital e do [&hellip;]","og_url":"https:\/\/blogdobispo.com.br\/?p=3985","og_site_name":"Blog do Bispo","article_published_time":"2024-08-31T04:06:36+00:00","og_image":[{"url":"https:\/\/blogdobispo.com.br\/wp-content\/uploads\/2024\/08\/cc38851c-537d-45fc-8a07-48a80aff5c83-1-1024x682.jpg","type":"","width":"","height":""}],"author":"Jefferson Sterfeno","twitter_card":"summary_large_image","twitter_misc":{"Escrito por":"Jefferson Sterfeno","Est. tempo de leitura":"4 minutos"},"schema":{"@context":"https:\/\/schema.org","@graph":[{"@type":"Article","@id":"https:\/\/blogdobispo.com.br\/?p=3985#article","isPartOf":{"@id":"https:\/\/blogdobispo.com.br\/?p=3985"},"author":{"name":"Jefferson Sterfeno","@id":"https:\/\/blogdobispo.com.br\/#\/schema\/person\/e2209cc0e6cea5c5233d033e997b373f"},"headline":"41 Vidas se rendem a Jesus em Dia de Gratid\u00e3o no Templo Central em Natal","datePublished":"2024-08-31T04:06:36+00:00","mainEntityOfPage":{"@id":"https:\/\/blogdobispo.com.br\/?p=3985"},"wordCount":746,"commentCount":0,"publisher":{"@id":"https:\/\/blogdobispo.com.br\/#organization"},"image":{"@id":"https:\/\/blogdobispo.com.br\/?p=3985#primaryimage"},"thumbnailUrl":"https:\/\/blogdobispo.com.br\/wp-content\/uploads\/2024\/08\/cc38851c-537d-45fc-8a07-48a80aff5c83-1-1024x682.jpg","articleSection":["diversos"],"inLanguage":"pt-BR","potentialAction":[{"@type":"CommentAction","name":"Comment","target":["https:\/\/blogdobispo.com.br\/?p=3985#respond"]}]},{"@type":"WebPage","@id":"https:\/\/blogdobispo.com.br\/?p=3985","url":"https:\/\/blogdobispo.com.br\/?p=3985","name":"41 Vidas se rendem a Jesus em Dia de Gratid\u00e3o no Templo Central em Natal - Blog do Bispo","isPartOf":{"@id":"https:\/\/blogdobispo.com.br\/#website"},"primaryImageOfPage":{"@id":"https:\/\/blogdobispo.com.br\/?p=3985#primaryimage"},"image":{"@id":"https:\/\/blogdobispo.com.br\/?p=3985#primaryimage"},"thumbnailUrl":"https:\/\/blogdobispo.com.br\/wp-content\/uploads\/2024\/08\/cc38851c-537d-45fc-8a07-48a80aff5c83-1-1024x682.jpg","datePublished":"2024-08-31T04:06:36+00:00","breadcrumb":{"@id":"https:\/\/blogdobispo.com.br\/?p=3985#breadcrumb"},"inLanguage":"pt-BR","potentialAction":[{"@type":"ReadAction","target":["https:\/\/blogdobispo.com.br\/?p=3985"]}]},{"@type":"ImageObject","inLanguage":"pt-BR","@id":"https:\/\/blogdobispo.com.br\/?p=3985#primaryimage","url":"https:\/\/blogdobispo.com.br\/wp-content\/uploads\/2024\/08\/cc38851c-537d-45fc-8a07-48a80aff5c83-1-1024x682.jpg","contentUrl":"https:\/\/blogdobispo.com.br\/wp-content\/uploads\/2024\/08\/cc38851c-537d-45fc-8a07-48a80aff5c83-1-1024x682.jpg"},{"@type":"BreadcrumbList","@id":"https:\/\/blogdobispo.com.br\/?p=3985#breadcrumb","itemListElement":[{"@type":"ListItem","position":1,"name":"In\u00edcio","item":"https:\/\/blogdobispo.com.br\/"},{"@type":"ListItem","position":2,"name":"41 Vidas se rendem a Jesus em Dia de Gratid\u00e3o no Templo Central em Natal"}]},{"@type":"WebSite","@id":"https:\/\/blogdobispo.com.br\/#website","url":"https:\/\/blogdobispo.com.br\/","name":"Blog do Bispo","description":"Comprometido apenas com o leitor","publisher":{"@id":"https:\/\/blogdobispo.com.br\/#organization"},"potentialAction":[{"@type":"SearchAction","target":{"@type":"EntryPoint","urlTemplate":"https:\/\/blogdobispo.com.br\/?s={search_term_string}"},"query-input":{"@type":"PropertyValueSpecification","valueRequired":true,"valueName":"search_term_string"}}],"inLanguage":"pt-BR"},{"@type":"Organization","@id":"https:\/\/blogdobispo.com.br\/#organization","name":"Blog do Bispo","url":"https:\/\/blogdobispo.com.br\/","logo":{"@type":"ImageObject","inLanguage":"pt-BR","@id":"https:\/\/blogdobispo.com.br\/#\/schema\/logo\/image\/","url":"http:\/\/blogdobispo.com.br\/wp-content\/uploads\/2023\/05\/cropped-headear.png","contentUrl":"http:\/\/blogdobispo.com.br\/wp-content\/uploads\/2023\/05\/cropped-headear.png","width":1500,"height":399,"caption":"Blog do Bispo"},"image":{"@id":"https:\/\/blogdobispo.com.br\/#\/schema\/logo\/image\/"}},{"@type":"Person","@id":"https:\/\/blogdobispo.com.br\/#\/schema\/person\/e2209cc0e6cea5c5233d033e997b373f","name":"Jefferson Sterfeno","image":{"@type":"ImageObject","inLanguage":"pt-BR","@id":"https:\/\/blogdobispo.com.br\/#\/schema\/person\/image\/","url":"https:\/\/secure.gravatar.com\/avatar\/0534e84764641168a677026b6d57a3f51dc7ac4db0b4f6186d9cb330d4ee1160?s=96&d=mm&r=g","contentUrl":"https:\/\/secure.gravatar.com\/avatar\/0534e84764641168a677026b6d57a3f51dc7ac4db0b4f6186d9cb330d4ee1160?s=96&d=mm&r=g","caption":"Jefferson Sterfeno"},"sameAs":["http:\/\/blogdobispo.com.br"],"url":"https:\/\/blogdobispo.com.br\/?author=1"}]}},"featured_image_urls":{"full":"","thumbnail":"","medium":"","medium_large":"","large":"","1536x1536":"","2048x2048":""},"author_info":{"display_name":"Jefferson Sterfeno","author_link":"https:\/\/blogdobispo.com.br\/?author=1"},"category_info":"<a href=\"https:\/\/blogdobispo.com.br\/?cat=1\" rel=\"category\">diversos<\/a>","tag_info":"diversos","comment_count":"0","jetpack_featured_media_url":"","jetpack_sharing_enabled":true,"_links":{"self":[{"href":"https:\/\/blogdobispo.com.br\/index.php?rest_route=\/wp\/v2\/posts\/3985","targetHints":{"allow":["GET"]}}],"collection":[{"href":"https:\/\/blogdobispo.com.br\/index.php?rest_route=\/wp\/v2\/posts"}],"about":[{"href":"https:\/\/blogdobispo.com.br\/index.php?rest_route=\/wp\/v2\/types\/post"}],"author":[{"embeddable":true,"href":"https:\/\/blogdobispo.com.br\/index.php?rest_route=\/wp\/v2\/users\/1"}],"replies":[{"embeddable":true,"href":"https:\/\/blogdobispo.com.br\/index.php?rest_route=%2Fwp%2Fv2%2Fcomments&post=3985"}],"version-history":[{"count":0,"href":"https:\/\/blogdobispo.com.br\/index.php?rest_route=\/wp\/v2\/posts\/3985\/revisions"}],"wp:attachment":[{"href":"https:\/\/blogdobispo.com.br\/index.php?rest_route=%2Fwp%2Fv2%2Fmedia&parent=3985"}],"wp:term":[{"taxonomy":"category","embeddable":true,"href":"https:\/\/blogdobispo.com.br\/index.php?rest_route=%2Fwp%2Fv2%2Fcategories&post=3985"},{"taxonomy":"post_tag","embeddable":true,"href":"https:\/\/blogdobispo.com.br\/index.php?rest_route=%2Fwp%2Fv2%2Ftags&post=3985"}],"curies":[{"name":"wp","href":"https:\/\/api.w.org\/{rel}","templated":true}]}}