{"id":3975,"date":"2024-08-31T01:42:53","date_gmt":"2024-08-31T01:42:53","guid":{"rendered":"https:\/\/blogdobispo.com.br\/?p=3975"},"modified":"2024-08-31T01:42:53","modified_gmt":"2024-08-31T01:42:53","slug":"tiktok-e-obrigada-a-retirar-publicacoes-capacitistas-contra-vereador-tercio-tinoco","status":"publish","type":"post","link":"https:\/\/blogdobispo.com.br\/?p=3975","title":{"rendered":"TikTok \u00e9 obrigada a retirar publica\u00e7\u00f5es capacitistas contra vereador T\u00e9rcio Tinoco"},"content":{"rendered":"\n<figure class=\"wp-block-image size-large\"><img data-recalc-dims=\"1\" fetchpriority=\"high\" decoding=\"async\" width=\"683\" height=\"1024\" src=\"https:\/\/i0.wp.com\/blogdobispo.com.br\/wp-content\/uploads\/2024\/08\/8b1f3fad-91ae-456d-b9e7-e2cfa04ed962-1-683x1024.jpg?resize=683%2C1024&#038;ssl=1\" class=\"wp-image-3974\" srcset=\"https:\/\/i0.wp.com\/blogdobispo.com.br\/wp-content\/uploads\/2024\/08\/8b1f3fad-91ae-456d-b9e7-e2cfa04ed962-1.jpg?resize=683%2C1024&amp;ssl=1 683w, https:\/\/i0.wp.com\/blogdobispo.com.br\/wp-content\/uploads\/2024\/08\/8b1f3fad-91ae-456d-b9e7-e2cfa04ed962-1.jpg?resize=200%2C300&amp;ssl=1 200w, https:\/\/i0.wp.com\/blogdobispo.com.br\/wp-content\/uploads\/2024\/08\/8b1f3fad-91ae-456d-b9e7-e2cfa04ed962-1.jpg?resize=768%2C1152&amp;ssl=1 768w, https:\/\/i0.wp.com\/blogdobispo.com.br\/wp-content\/uploads\/2024\/08\/8b1f3fad-91ae-456d-b9e7-e2cfa04ed962-1.jpg?w=912&amp;ssl=1 912w\" sizes=\"(max-width: 683px) 100vw, 683px\" \/><\/figure>\n\n\n\n<p><\/p>\n\n\n\n<p>No in\u00edcio da noite desta sexta, 30, a Justi\u00e7a Eleitoral acatou a representa\u00e7\u00e3o eleitoral do vereador de Natal, T\u00e9rcio Tinoco, contra a rede social TikTok, e concedeu liminar favor\u00e1vel ao parlamentar.<\/p>\n\n\n\n<p>Nos \u00faltimos meses, o vereador sofreu ataques capacitistas na rede social. Em uma #trend (postagem que viraliza nas redes) foram compartilhadas v\u00e1rias publica\u00e7\u00f5es com fotos do vereador, que \u00e9 cadeirante, com a legenda &#8220;n\u00e3o consegue andar&#8221;. &#8220;Liberdade de express\u00e3o n\u00e3o pode jamais ser confundida com ofensa \u00e0 honra ou imagem de algu\u00e9m, muito menos com preconceito. Muitas publica\u00e7\u00f5es foram feitas por jovens aparentemente menores de idade. Espero que essa decis\u00e3o sirva para que eles aprendam desde cedo que capacitismo \u00e9 crime&#8221;, diz o vereador.<\/p>\n\n\n\n<p>Na decis\u00e3o, o juiz da 3 zona eleitoral, Gustavo Marinho Nogueira Fernandes, classificou as publica\u00e7\u00f5es como repudiantes e capacitistas, e determinou a derrubada de todas as publica\u00e7\u00f5es na rede social TikTok, no prazo de 6 horas, sob pena de multa di\u00e1ria. Al\u00e9m disso, determinou que a empresa fiscalize e remova qualquer postagem com conte\u00fado similar.<\/p>\n\n\n\n<p>T\u00e9rcio Tinoco celebrou a decis\u00e3o da justi\u00e7a e afirma que essa \u00e9 a vit\u00f3ria da causa da pessoa com defici\u00eancia. \u201cEssa vit\u00f3ria n\u00e3o \u00e9 s\u00f3 minha, \u00e9 de todas as pessoas com defici\u00eancia que sofrem diariamente atitudes e ataques capacitistas, enquanto eu puder vou seguir lutando contra esse tipo de atitude\u201d, conclui o vereador.<\/p>\n\n\n\n<p><em>Confira trecho da liminar:<\/em><\/p>\n\n\n\n<p>\u201cDito isso, por entender que as publica\u00e7\u00f5es objeto desta Representa\u00e7\u00e3o ofendem \u00e0 imagem do candidato a vereador T\u00e9rcio Barreto Ramos Tinoco, DEFIRO O PEDIDO LIMINAR e DETERMINO, com fulcro no \u00a7 1o do art. 38 da Resolu\u00e7\u00e3o TSE no 23.610\/2019, que a empresa TIKTOK INFORMATION TECHNOLOGIES UK LIMITED remova todo conte\u00fado divulgado ou compartilhamento em sua plataforma que contenha a imagem do referido candidato associada \u00e0 sua condi\u00e7\u00e3o de n\u00e3o poder andar.\u201d<\/p>\n","protected":false},"excerpt":{"rendered":"<p>No in\u00edcio da noite desta sexta, 30, a Justi\u00e7a Eleitoral acatou a representa\u00e7\u00e3o eleitoral do vereador de Natal, T\u00e9rcio Tinoco, contra a rede social TikTok, e concedeu liminar favor\u00e1vel ao parlamentar. Nos \u00faltimos meses, o vereador sofreu ataques capacitistas na rede social. Em uma #trend (postagem que viraliza nas redes) foram compartilhadas v\u00e1rias publica\u00e7\u00f5es com [&hellip;]<\/p>\n","protected":false},"author":1,"featured_media":0,"comment_status":"open","ping_status":"open","sticky":false,"template":"","format":"standard","meta":{"cybocfi_hide_featured_image":"","_jetpack_memberships_contains_paid_content":false,"footnotes":""},"categories":[1],"tags":[],"class_list":["post-3975","post","type-post","status-publish","format-standard","hentry","category-diversos"],"yoast_head":"<!-- This site is optimized with the Yoast SEO plugin v25.6 - https:\/\/yoast.com\/wordpress\/plugins\/seo\/ -->\n<title>TikTok \u00e9 obrigada a retirar publica\u00e7\u00f5es capacitistas contra vereador T\u00e9rcio Tinoco - Blog do Bispo<\/title>\n<meta name=\"robots\" content=\"index, follow, max-snippet:-1, max-image-preview:large, max-video-preview:-1\" \/>\n<link rel=\"canonical\" href=\"https:\/\/blogdobispo.com.br\/?p=3975\" \/>\n<meta property=\"og:locale\" content=\"pt_BR\" \/>\n<meta property=\"og:type\" content=\"article\" \/>\n<meta property=\"og:title\" content=\"TikTok \u00e9 obrigada a retirar publica\u00e7\u00f5es capacitistas contra vereador T\u00e9rcio Tinoco - Blog do Bispo\" \/>\n<meta property=\"og:description\" content=\"No in\u00edcio da noite desta sexta, 30, a Justi\u00e7a Eleitoral acatou a representa\u00e7\u00e3o eleitoral do vereador de Natal, T\u00e9rcio Tinoco, contra a rede social TikTok, e concedeu liminar favor\u00e1vel ao parlamentar. Nos \u00faltimos meses, o vereador sofreu ataques capacitistas na rede social. Em uma #trend (postagem que viraliza nas redes) foram compartilhadas v\u00e1rias publica\u00e7\u00f5es com [&hellip;]\" \/>\n<meta property=\"og:url\" content=\"https:\/\/blogdobispo.com.br\/?p=3975\" \/>\n<meta property=\"og:site_name\" content=\"Blog do Bispo\" \/>\n<meta property=\"article:published_time\" content=\"2024-08-31T01:42:53+00:00\" \/>\n<meta property=\"og:image\" content=\"https:\/\/blogdobispo.com.br\/wp-content\/uploads\/2024\/08\/8b1f3fad-91ae-456d-b9e7-e2cfa04ed962-1-683x1024.jpg\" \/>\n<meta name=\"author\" content=\"Jefferson Sterfeno\" \/>\n<meta name=\"twitter:card\" content=\"summary_large_image\" \/>\n<meta name=\"twitter:label1\" content=\"Escrito por\" \/>\n\t<meta name=\"twitter:data1\" content=\"Jefferson Sterfeno\" \/>\n\t<meta name=\"twitter:label2\" content=\"Est. tempo de leitura\" \/>\n\t<meta name=\"twitter:data2\" content=\"2 minutos\" \/>\n<script type=\"application\/ld+json\" class=\"yoast-schema-graph\">{\"@context\":\"https:\/\/schema.org\",\"@graph\":[{\"@type\":\"Article\",\"@id\":\"https:\/\/blogdobispo.com.br\/?p=3975#article\",\"isPartOf\":{\"@id\":\"https:\/\/blogdobispo.com.br\/?p=3975\"},\"author\":{\"name\":\"Jefferson Sterfeno\",\"@id\":\"https:\/\/blogdobispo.com.br\/#\/schema\/person\/e2209cc0e6cea5c5233d033e997b373f\"},\"headline\":\"TikTok \u00e9 obrigada a retirar publica\u00e7\u00f5es capacitistas contra vereador T\u00e9rcio Tinoco\",\"datePublished\":\"2024-08-31T01:42:53+00:00\",\"mainEntityOfPage\":{\"@id\":\"https:\/\/blogdobispo.com.br\/?p=3975\"},\"wordCount\":332,\"commentCount\":0,\"publisher\":{\"@id\":\"https:\/\/blogdobispo.com.br\/#organization\"},\"image\":{\"@id\":\"https:\/\/blogdobispo.com.br\/?p=3975#primaryimage\"},\"thumbnailUrl\":\"https:\/\/blogdobispo.com.br\/wp-content\/uploads\/2024\/08\/8b1f3fad-91ae-456d-b9e7-e2cfa04ed962-1-683x1024.jpg\",\"articleSection\":[\"diversos\"],\"inLanguage\":\"pt-BR\",\"potentialAction\":[{\"@type\":\"CommentAction\",\"name\":\"Comment\",\"target\":[\"https:\/\/blogdobispo.com.br\/?p=3975#respond\"]}]},{\"@type\":\"WebPage\",\"@id\":\"https:\/\/blogdobispo.com.br\/?p=3975\",\"url\":\"https:\/\/blogdobispo.com.br\/?p=3975\",\"name\":\"TikTok \u00e9 obrigada a retirar publica\u00e7\u00f5es capacitistas contra vereador T\u00e9rcio Tinoco - Blog do Bispo\",\"isPartOf\":{\"@id\":\"https:\/\/blogdobispo.com.br\/#website\"},\"primaryImageOfPage\":{\"@id\":\"https:\/\/blogdobispo.com.br\/?p=3975#primaryimage\"},\"image\":{\"@id\":\"https:\/\/blogdobispo.com.br\/?p=3975#primaryimage\"},\"thumbnailUrl\":\"https:\/\/blogdobispo.com.br\/wp-content\/uploads\/2024\/08\/8b1f3fad-91ae-456d-b9e7-e2cfa04ed962-1-683x1024.jpg\",\"datePublished\":\"2024-08-31T01:42:53+00:00\",\"breadcrumb\":{\"@id\":\"https:\/\/blogdobispo.com.br\/?p=3975#breadcrumb\"},\"inLanguage\":\"pt-BR\",\"potentialAction\":[{\"@type\":\"ReadAction\",\"target\":[\"https:\/\/blogdobispo.com.br\/?p=3975\"]}]},{\"@type\":\"ImageObject\",\"inLanguage\":\"pt-BR\",\"@id\":\"https:\/\/blogdobispo.com.br\/?p=3975#primaryimage\",\"url\":\"https:\/\/blogdobispo.com.br\/wp-content\/uploads\/2024\/08\/8b1f3fad-91ae-456d-b9e7-e2cfa04ed962-1-683x1024.jpg\",\"contentUrl\":\"https:\/\/blogdobispo.com.br\/wp-content\/uploads\/2024\/08\/8b1f3fad-91ae-456d-b9e7-e2cfa04ed962-1-683x1024.jpg\"},{\"@type\":\"BreadcrumbList\",\"@id\":\"https:\/\/blogdobispo.com.br\/?p=3975#breadcrumb\",\"itemListElement\":[{\"@type\":\"ListItem\",\"position\":1,\"name\":\"In\u00edcio\",\"item\":\"https:\/\/blogdobispo.com.br\/\"},{\"@type\":\"ListItem\",\"position\":2,\"name\":\"TikTok \u00e9 obrigada a retirar publica\u00e7\u00f5es capacitistas contra vereador T\u00e9rcio Tinoco\"}]},{\"@type\":\"WebSite\",\"@id\":\"https:\/\/blogdobispo.com.br\/#website\",\"url\":\"https:\/\/blogdobispo.com.br\/\",\"name\":\"Blog do Bispo\",\"description\":\"Comprometido apenas com o leitor\",\"publisher\":{\"@id\":\"https:\/\/blogdobispo.com.br\/#organization\"},\"potentialAction\":[{\"@type\":\"SearchAction\",\"target\":{\"@type\":\"EntryPoint\",\"urlTemplate\":\"https:\/\/blogdobispo.com.br\/?s={search_term_string}\"},\"query-input\":{\"@type\":\"PropertyValueSpecification\",\"valueRequired\":true,\"valueName\":\"search_term_string\"}}],\"inLanguage\":\"pt-BR\"},{\"@type\":\"Organization\",\"@id\":\"https:\/\/blogdobispo.com.br\/#organization\",\"name\":\"Blog do Bispo\",\"url\":\"https:\/\/blogdobispo.com.br\/\",\"logo\":{\"@type\":\"ImageObject\",\"inLanguage\":\"pt-BR\",\"@id\":\"https:\/\/blogdobispo.com.br\/#\/schema\/logo\/image\/\",\"url\":\"http:\/\/blogdobispo.com.br\/wp-content\/uploads\/2023\/05\/cropped-headear.png\",\"contentUrl\":\"http:\/\/blogdobispo.com.br\/wp-content\/uploads\/2023\/05\/cropped-headear.png\",\"width\":1500,\"height\":399,\"caption\":\"Blog do Bispo\"},\"image\":{\"@id\":\"https:\/\/blogdobispo.com.br\/#\/schema\/logo\/image\/\"}},{\"@type\":\"Person\",\"@id\":\"https:\/\/blogdobispo.com.br\/#\/schema\/person\/e2209cc0e6cea5c5233d033e997b373f\",\"name\":\"Jefferson Sterfeno\",\"image\":{\"@type\":\"ImageObject\",\"inLanguage\":\"pt-BR\",\"@id\":\"https:\/\/blogdobispo.com.br\/#\/schema\/person\/image\/\",\"url\":\"https:\/\/secure.gravatar.com\/avatar\/0534e84764641168a677026b6d57a3f51dc7ac4db0b4f6186d9cb330d4ee1160?s=96&d=mm&r=g\",\"contentUrl\":\"https:\/\/secure.gravatar.com\/avatar\/0534e84764641168a677026b6d57a3f51dc7ac4db0b4f6186d9cb330d4ee1160?s=96&d=mm&r=g\",\"caption\":\"Jefferson Sterfeno\"},\"sameAs\":[\"http:\/\/blogdobispo.com.br\"],\"url\":\"https:\/\/blogdobispo.com.br\/?author=1\"}]}<\/script>\n<!-- \/ Yoast SEO plugin. -->","yoast_head_json":{"title":"TikTok \u00e9 obrigada a retirar publica\u00e7\u00f5es capacitistas contra vereador T\u00e9rcio Tinoco - Blog do Bispo","robots":{"index":"index","follow":"follow","max-snippet":"max-snippet:-1","max-image-preview":"max-image-preview:large","max-video-preview":"max-video-preview:-1"},"canonical":"https:\/\/blogdobispo.com.br\/?p=3975","og_locale":"pt_BR","og_type":"article","og_title":"TikTok \u00e9 obrigada a retirar publica\u00e7\u00f5es capacitistas contra vereador T\u00e9rcio Tinoco - Blog do Bispo","og_description":"No in\u00edcio da noite desta sexta, 30, a Justi\u00e7a Eleitoral acatou a representa\u00e7\u00e3o eleitoral do vereador de Natal, T\u00e9rcio Tinoco, contra a rede social TikTok, e concedeu liminar favor\u00e1vel ao parlamentar. Nos \u00faltimos meses, o vereador sofreu ataques capacitistas na rede social. Em uma #trend (postagem que viraliza nas redes) foram compartilhadas v\u00e1rias publica\u00e7\u00f5es com [&hellip;]","og_url":"https:\/\/blogdobispo.com.br\/?p=3975","og_site_name":"Blog do Bispo","article_published_time":"2024-08-31T01:42:53+00:00","og_image":[{"url":"https:\/\/blogdobispo.com.br\/wp-content\/uploads\/2024\/08\/8b1f3fad-91ae-456d-b9e7-e2cfa04ed962-1-683x1024.jpg","type":"","width":"","height":""}],"author":"Jefferson Sterfeno","twitter_card":"summary_large_image","twitter_misc":{"Escrito por":"Jefferson Sterfeno","Est. tempo de leitura":"2 minutos"},"schema":{"@context":"https:\/\/schema.org","@graph":[{"@type":"Article","@id":"https:\/\/blogdobispo.com.br\/?p=3975#article","isPartOf":{"@id":"https:\/\/blogdobispo.com.br\/?p=3975"},"author":{"name":"Jefferson Sterfeno","@id":"https:\/\/blogdobispo.com.br\/#\/schema\/person\/e2209cc0e6cea5c5233d033e997b373f"},"headline":"TikTok \u00e9 obrigada a retirar publica\u00e7\u00f5es capacitistas contra vereador T\u00e9rcio Tinoco","datePublished":"2024-08-31T01:42:53+00:00","mainEntityOfPage":{"@id":"https:\/\/blogdobispo.com.br\/?p=3975"},"wordCount":332,"commentCount":0,"publisher":{"@id":"https:\/\/blogdobispo.com.br\/#organization"},"image":{"@id":"https:\/\/blogdobispo.com.br\/?p=3975#primaryimage"},"thumbnailUrl":"https:\/\/blogdobispo.com.br\/wp-content\/uploads\/2024\/08\/8b1f3fad-91ae-456d-b9e7-e2cfa04ed962-1-683x1024.jpg","articleSection":["diversos"],"inLanguage":"pt-BR","potentialAction":[{"@type":"CommentAction","name":"Comment","target":["https:\/\/blogdobispo.com.br\/?p=3975#respond"]}]},{"@type":"WebPage","@id":"https:\/\/blogdobispo.com.br\/?p=3975","url":"https:\/\/blogdobispo.com.br\/?p=3975","name":"TikTok \u00e9 obrigada a retirar publica\u00e7\u00f5es capacitistas contra vereador T\u00e9rcio Tinoco - Blog do Bispo","isPartOf":{"@id":"https:\/\/blogdobispo.com.br\/#website"},"primaryImageOfPage":{"@id":"https:\/\/blogdobispo.com.br\/?p=3975#primaryimage"},"image":{"@id":"https:\/\/blogdobispo.com.br\/?p=3975#primaryimage"},"thumbnailUrl":"https:\/\/blogdobispo.com.br\/wp-content\/uploads\/2024\/08\/8b1f3fad-91ae-456d-b9e7-e2cfa04ed962-1-683x1024.jpg","datePublished":"2024-08-31T01:42:53+00:00","breadcrumb":{"@id":"https:\/\/blogdobispo.com.br\/?p=3975#breadcrumb"},"inLanguage":"pt-BR","potentialAction":[{"@type":"ReadAction","target":["https:\/\/blogdobispo.com.br\/?p=3975"]}]},{"@type":"ImageObject","inLanguage":"pt-BR","@id":"https:\/\/blogdobispo.com.br\/?p=3975#primaryimage","url":"https:\/\/blogdobispo.com.br\/wp-content\/uploads\/2024\/08\/8b1f3fad-91ae-456d-b9e7-e2cfa04ed962-1-683x1024.jpg","contentUrl":"https:\/\/blogdobispo.com.br\/wp-content\/uploads\/2024\/08\/8b1f3fad-91ae-456d-b9e7-e2cfa04ed962-1-683x1024.jpg"},{"@type":"BreadcrumbList","@id":"https:\/\/blogdobispo.com.br\/?p=3975#breadcrumb","itemListElement":[{"@type":"ListItem","position":1,"name":"In\u00edcio","item":"https:\/\/blogdobispo.com.br\/"},{"@type":"ListItem","position":2,"name":"TikTok \u00e9 obrigada a retirar publica\u00e7\u00f5es capacitistas contra vereador T\u00e9rcio Tinoco"}]},{"@type":"WebSite","@id":"https:\/\/blogdobispo.com.br\/#website","url":"https:\/\/blogdobispo.com.br\/","name":"Blog do Bispo","description":"Comprometido apenas com o leitor","publisher":{"@id":"https:\/\/blogdobispo.com.br\/#organization"},"potentialAction":[{"@type":"SearchAction","target":{"@type":"EntryPoint","urlTemplate":"https:\/\/blogdobispo.com.br\/?s={search_term_string}"},"query-input":{"@type":"PropertyValueSpecification","valueRequired":true,"valueName":"search_term_string"}}],"inLanguage":"pt-BR"},{"@type":"Organization","@id":"https:\/\/blogdobispo.com.br\/#organization","name":"Blog do Bispo","url":"https:\/\/blogdobispo.com.br\/","logo":{"@type":"ImageObject","inLanguage":"pt-BR","@id":"https:\/\/blogdobispo.com.br\/#\/schema\/logo\/image\/","url":"http:\/\/blogdobispo.com.br\/wp-content\/uploads\/2023\/05\/cropped-headear.png","contentUrl":"http:\/\/blogdobispo.com.br\/wp-content\/uploads\/2023\/05\/cropped-headear.png","width":1500,"height":399,"caption":"Blog do Bispo"},"image":{"@id":"https:\/\/blogdobispo.com.br\/#\/schema\/logo\/image\/"}},{"@type":"Person","@id":"https:\/\/blogdobispo.com.br\/#\/schema\/person\/e2209cc0e6cea5c5233d033e997b373f","name":"Jefferson Sterfeno","image":{"@type":"ImageObject","inLanguage":"pt-BR","@id":"https:\/\/blogdobispo.com.br\/#\/schema\/person\/image\/","url":"https:\/\/secure.gravatar.com\/avatar\/0534e84764641168a677026b6d57a3f51dc7ac4db0b4f6186d9cb330d4ee1160?s=96&d=mm&r=g","contentUrl":"https:\/\/secure.gravatar.com\/avatar\/0534e84764641168a677026b6d57a3f51dc7ac4db0b4f6186d9cb330d4ee1160?s=96&d=mm&r=g","caption":"Jefferson Sterfeno"},"sameAs":["http:\/\/blogdobispo.com.br"],"url":"https:\/\/blogdobispo.com.br\/?author=1"}]}},"featured_image_urls":{"full":"","thumbnail":"","medium":"","medium_large":"","large":"","1536x1536":"","2048x2048":""},"author_info":{"display_name":"Jefferson Sterfeno","author_link":"https:\/\/blogdobispo.com.br\/?author=1"},"category_info":"<a href=\"https:\/\/blogdobispo.com.br\/?cat=1\" rel=\"category\">diversos<\/a>","tag_info":"diversos","comment_count":"0","jetpack_featured_media_url":"","jetpack_sharing_enabled":true,"_links":{"self":[{"href":"https:\/\/blogdobispo.com.br\/index.php?rest_route=\/wp\/v2\/posts\/3975","targetHints":{"allow":["GET"]}}],"collection":[{"href":"https:\/\/blogdobispo.com.br\/index.php?rest_route=\/wp\/v2\/posts"}],"about":[{"href":"https:\/\/blogdobispo.com.br\/index.php?rest_route=\/wp\/v2\/types\/post"}],"author":[{"embeddable":true,"href":"https:\/\/blogdobispo.com.br\/index.php?rest_route=\/wp\/v2\/users\/1"}],"replies":[{"embeddable":true,"href":"https:\/\/blogdobispo.com.br\/index.php?rest_route=%2Fwp%2Fv2%2Fcomments&post=3975"}],"version-history":[{"count":0,"href":"https:\/\/blogdobispo.com.br\/index.php?rest_route=\/wp\/v2\/posts\/3975\/revisions"}],"wp:attachment":[{"href":"https:\/\/blogdobispo.com.br\/index.php?rest_route=%2Fwp%2Fv2%2Fmedia&parent=3975"}],"wp:term":[{"taxonomy":"category","embeddable":true,"href":"https:\/\/blogdobispo.com.br\/index.php?rest_route=%2Fwp%2Fv2%2Fcategories&post=3975"},{"taxonomy":"post_tag","embeddable":true,"href":"https:\/\/blogdobispo.com.br\/index.php?rest_route=%2Fwp%2Fv2%2Ftags&post=3975"}],"curies":[{"name":"wp","href":"https:\/\/api.w.org\/{rel}","templated":true}]}}