{"id":3963,"date":"2024-08-23T22:21:57","date_gmt":"2024-08-23T22:21:57","guid":{"rendered":"https:\/\/blogdobispo.com.br\/?p=3963"},"modified":"2024-08-23T22:21:57","modified_gmt":"2024-08-23T22:21:57","slug":"tercio-tinoco-reune-mais-de-duas-mil-pessoas-em-lancamento-de-candidatura","status":"publish","type":"post","link":"https:\/\/blogdobispo.com.br\/?p=3963","title":{"rendered":"T\u00e9rcio Tinoco re\u00fane mais de duas mil pessoas em lan\u00e7amento de candidatura"},"content":{"rendered":"\n<figure class=\"wp-block-image size-large\"><img data-recalc-dims=\"1\" fetchpriority=\"high\" decoding=\"async\" width=\"800\" height=\"620\" src=\"https:\/\/i0.wp.com\/blogdobispo.com.br\/wp-content\/uploads\/2024\/08\/3c127224-0415-4e65-9e97-3de1b2a13dac-1-1024x794.jpg?resize=800%2C620&#038;ssl=1\" class=\"wp-image-3962\" srcset=\"https:\/\/i0.wp.com\/blogdobispo.com.br\/wp-content\/uploads\/2024\/08\/3c127224-0415-4e65-9e97-3de1b2a13dac-1.jpg?resize=1024%2C794&amp;ssl=1 1024w, https:\/\/i0.wp.com\/blogdobispo.com.br\/wp-content\/uploads\/2024\/08\/3c127224-0415-4e65-9e97-3de1b2a13dac-1.jpg?resize=300%2C233&amp;ssl=1 300w, https:\/\/i0.wp.com\/blogdobispo.com.br\/wp-content\/uploads\/2024\/08\/3c127224-0415-4e65-9e97-3de1b2a13dac-1.jpg?resize=768%2C596&amp;ssl=1 768w, https:\/\/i0.wp.com\/blogdobispo.com.br\/wp-content\/uploads\/2024\/08\/3c127224-0415-4e65-9e97-3de1b2a13dac-1.jpg?resize=1536%2C1191&amp;ssl=1 1536w, https:\/\/i0.wp.com\/blogdobispo.com.br\/wp-content\/uploads\/2024\/08\/3c127224-0415-4e65-9e97-3de1b2a13dac-1.jpg?w=1600&amp;ssl=1 1600w\" sizes=\"(max-width: 800px) 100vw, 800px\" \/><\/figure>\n\n\n\n<p><\/p>\n\n\n\n<p>Mais de duas mil pessoas estiveram presentes no lan\u00e7amento da candidatura \u00e0 reelei\u00e7\u00e3o do vereador de Natal, T\u00e9rcio Tinoco, em uma casa de festas no bairro de Candel\u00e1ria. \u201cUma presen\u00e7a marcante como essa mostra todo o apoio que temos recebidos dos eleitores, que por sua vez, reconhecem tudo que nosso mandato realizou nos \u00faltimos 4 anos, e n\u00e3o foi pouca coisa\u201d, diz o vereador. O lan\u00e7amento ainda contou com a presen\u00e7a do candidato a prefeito de Natal, Paulinho Freire, e sua vice, Joana Guerra.<\/p>\n\n\n\n<p>Em seu discurso, T\u00e9rcio, que \u00e9 candidato pelo Uni\u00e3o Brasil com o n\u00famero 44.888, destacou sua hist\u00f3ria de vida e supera\u00e7\u00e3o, desde o acidente que o deixou tetrapl\u00e9gico aos 18 anos. E falou sobre as a\u00e7\u00f5es do seu primeiro mandato como parlamentar, que teve mais de 120 projetos de lei apresentados na C\u00e2mara, al\u00e9m dos projetos desenvolvidos pelo gabinete. Um dos maiores sucessos \u00e9 o &#8220;Tampinha da Inclus\u00e3o&#8221;, que arrecada tampas pl\u00e1sticas e reverte o dinheiro da venda delas para a compra de cadeiras de rodas, que s\u00e3o doadas. Mais de 1500 pessoas j\u00e1 foram beneficiadas pelo projeto.<\/p>\n\n\n\n<p>Em 2020, T\u00e9rcio Tinoco foi o primeiro cadeirante eleito vereador da capital potiguar, e hoje \u00e9 considerado o vereador da inclus\u00e3o, ja que vem pautando seu mandato na luta por uma sociedade mais inclusiva e uma cidade mais acess\u00edvel, sem esquecer das outras demandas da popula\u00e7\u00e3o.<\/p>\n\n\n\n<p><\/p>\n","protected":false},"excerpt":{"rendered":"<p>Mais de duas mil pessoas estiveram presentes no lan\u00e7amento da candidatura \u00e0 reelei\u00e7\u00e3o do vereador de Natal, T\u00e9rcio Tinoco, em uma casa de festas no bairro de Candel\u00e1ria. \u201cUma presen\u00e7a marcante como essa mostra todo o apoio que temos recebidos dos eleitores, que por sua vez, reconhecem tudo que nosso mandato realizou nos \u00faltimos 4 [&hellip;]<\/p>\n","protected":false},"author":1,"featured_media":0,"comment_status":"open","ping_status":"open","sticky":false,"template":"","format":"standard","meta":{"cybocfi_hide_featured_image":"","_jetpack_memberships_contains_paid_content":false,"footnotes":""},"categories":[1],"tags":[],"class_list":["post-3963","post","type-post","status-publish","format-standard","hentry","category-diversos"],"yoast_head":"<!-- This site is optimized with the Yoast SEO plugin v25.6 - https:\/\/yoast.com\/wordpress\/plugins\/seo\/ -->\n<title>T\u00e9rcio Tinoco re\u00fane mais de duas mil pessoas em lan\u00e7amento de candidatura - Blog do Bispo<\/title>\n<meta name=\"robots\" content=\"index, follow, max-snippet:-1, max-image-preview:large, max-video-preview:-1\" \/>\n<link rel=\"canonical\" href=\"https:\/\/blogdobispo.com.br\/?p=3963\" \/>\n<meta property=\"og:locale\" content=\"pt_BR\" \/>\n<meta property=\"og:type\" content=\"article\" \/>\n<meta property=\"og:title\" content=\"T\u00e9rcio Tinoco re\u00fane mais de duas mil pessoas em lan\u00e7amento de candidatura - Blog do Bispo\" \/>\n<meta property=\"og:description\" content=\"Mais de duas mil pessoas estiveram presentes no lan\u00e7amento da candidatura \u00e0 reelei\u00e7\u00e3o do vereador de Natal, T\u00e9rcio Tinoco, em uma casa de festas no bairro de Candel\u00e1ria. \u201cUma presen\u00e7a marcante como essa mostra todo o apoio que temos recebidos dos eleitores, que por sua vez, reconhecem tudo que nosso mandato realizou nos \u00faltimos 4 [&hellip;]\" \/>\n<meta property=\"og:url\" content=\"https:\/\/blogdobispo.com.br\/?p=3963\" \/>\n<meta property=\"og:site_name\" content=\"Blog do Bispo\" \/>\n<meta property=\"article:published_time\" content=\"2024-08-23T22:21:57+00:00\" \/>\n<meta property=\"og:image\" content=\"https:\/\/blogdobispo.com.br\/wp-content\/uploads\/2024\/08\/3c127224-0415-4e65-9e97-3de1b2a13dac-1-1024x794.jpg\" \/>\n<meta name=\"author\" content=\"Jefferson Sterfeno\" \/>\n<meta name=\"twitter:card\" content=\"summary_large_image\" \/>\n<meta name=\"twitter:label1\" content=\"Escrito por\" \/>\n\t<meta name=\"twitter:data1\" content=\"Jefferson Sterfeno\" \/>\n\t<meta name=\"twitter:label2\" content=\"Est. tempo de leitura\" \/>\n\t<meta name=\"twitter:data2\" content=\"1 minuto\" \/>\n<script type=\"application\/ld+json\" class=\"yoast-schema-graph\">{\"@context\":\"https:\/\/schema.org\",\"@graph\":[{\"@type\":\"Article\",\"@id\":\"https:\/\/blogdobispo.com.br\/?p=3963#article\",\"isPartOf\":{\"@id\":\"https:\/\/blogdobispo.com.br\/?p=3963\"},\"author\":{\"name\":\"Jefferson Sterfeno\",\"@id\":\"https:\/\/blogdobispo.com.br\/#\/schema\/person\/e2209cc0e6cea5c5233d033e997b373f\"},\"headline\":\"T\u00e9rcio Tinoco re\u00fane mais de duas mil pessoas em lan\u00e7amento de candidatura\",\"datePublished\":\"2024-08-23T22:21:57+00:00\",\"mainEntityOfPage\":{\"@id\":\"https:\/\/blogdobispo.com.br\/?p=3963\"},\"wordCount\":257,\"commentCount\":0,\"publisher\":{\"@id\":\"https:\/\/blogdobispo.com.br\/#organization\"},\"image\":{\"@id\":\"https:\/\/blogdobispo.com.br\/?p=3963#primaryimage\"},\"thumbnailUrl\":\"https:\/\/blogdobispo.com.br\/wp-content\/uploads\/2024\/08\/3c127224-0415-4e65-9e97-3de1b2a13dac-1-1024x794.jpg\",\"articleSection\":[\"diversos\"],\"inLanguage\":\"pt-BR\",\"potentialAction\":[{\"@type\":\"CommentAction\",\"name\":\"Comment\",\"target\":[\"https:\/\/blogdobispo.com.br\/?p=3963#respond\"]}]},{\"@type\":\"WebPage\",\"@id\":\"https:\/\/blogdobispo.com.br\/?p=3963\",\"url\":\"https:\/\/blogdobispo.com.br\/?p=3963\",\"name\":\"T\u00e9rcio Tinoco re\u00fane mais de duas mil pessoas em lan\u00e7amento de candidatura - Blog do Bispo\",\"isPartOf\":{\"@id\":\"https:\/\/blogdobispo.com.br\/#website\"},\"primaryImageOfPage\":{\"@id\":\"https:\/\/blogdobispo.com.br\/?p=3963#primaryimage\"},\"image\":{\"@id\":\"https:\/\/blogdobispo.com.br\/?p=3963#primaryimage\"},\"thumbnailUrl\":\"https:\/\/blogdobispo.com.br\/wp-content\/uploads\/2024\/08\/3c127224-0415-4e65-9e97-3de1b2a13dac-1-1024x794.jpg\",\"datePublished\":\"2024-08-23T22:21:57+00:00\",\"breadcrumb\":{\"@id\":\"https:\/\/blogdobispo.com.br\/?p=3963#breadcrumb\"},\"inLanguage\":\"pt-BR\",\"potentialAction\":[{\"@type\":\"ReadAction\",\"target\":[\"https:\/\/blogdobispo.com.br\/?p=3963\"]}]},{\"@type\":\"ImageObject\",\"inLanguage\":\"pt-BR\",\"@id\":\"https:\/\/blogdobispo.com.br\/?p=3963#primaryimage\",\"url\":\"https:\/\/blogdobispo.com.br\/wp-content\/uploads\/2024\/08\/3c127224-0415-4e65-9e97-3de1b2a13dac-1-1024x794.jpg\",\"contentUrl\":\"https:\/\/blogdobispo.com.br\/wp-content\/uploads\/2024\/08\/3c127224-0415-4e65-9e97-3de1b2a13dac-1-1024x794.jpg\"},{\"@type\":\"BreadcrumbList\",\"@id\":\"https:\/\/blogdobispo.com.br\/?p=3963#breadcrumb\",\"itemListElement\":[{\"@type\":\"ListItem\",\"position\":1,\"name\":\"In\u00edcio\",\"item\":\"https:\/\/blogdobispo.com.br\/\"},{\"@type\":\"ListItem\",\"position\":2,\"name\":\"T\u00e9rcio Tinoco re\u00fane mais de duas mil pessoas em lan\u00e7amento de candidatura\"}]},{\"@type\":\"WebSite\",\"@id\":\"https:\/\/blogdobispo.com.br\/#website\",\"url\":\"https:\/\/blogdobispo.com.br\/\",\"name\":\"Blog do Bispo\",\"description\":\"Comprometido apenas com o leitor\",\"publisher\":{\"@id\":\"https:\/\/blogdobispo.com.br\/#organization\"},\"potentialAction\":[{\"@type\":\"SearchAction\",\"target\":{\"@type\":\"EntryPoint\",\"urlTemplate\":\"https:\/\/blogdobispo.com.br\/?s={search_term_string}\"},\"query-input\":{\"@type\":\"PropertyValueSpecification\",\"valueRequired\":true,\"valueName\":\"search_term_string\"}}],\"inLanguage\":\"pt-BR\"},{\"@type\":\"Organization\",\"@id\":\"https:\/\/blogdobispo.com.br\/#organization\",\"name\":\"Blog do Bispo\",\"url\":\"https:\/\/blogdobispo.com.br\/\",\"logo\":{\"@type\":\"ImageObject\",\"inLanguage\":\"pt-BR\",\"@id\":\"https:\/\/blogdobispo.com.br\/#\/schema\/logo\/image\/\",\"url\":\"http:\/\/blogdobispo.com.br\/wp-content\/uploads\/2023\/05\/cropped-headear.png\",\"contentUrl\":\"http:\/\/blogdobispo.com.br\/wp-content\/uploads\/2023\/05\/cropped-headear.png\",\"width\":1500,\"height\":399,\"caption\":\"Blog do Bispo\"},\"image\":{\"@id\":\"https:\/\/blogdobispo.com.br\/#\/schema\/logo\/image\/\"}},{\"@type\":\"Person\",\"@id\":\"https:\/\/blogdobispo.com.br\/#\/schema\/person\/e2209cc0e6cea5c5233d033e997b373f\",\"name\":\"Jefferson Sterfeno\",\"image\":{\"@type\":\"ImageObject\",\"inLanguage\":\"pt-BR\",\"@id\":\"https:\/\/blogdobispo.com.br\/#\/schema\/person\/image\/\",\"url\":\"https:\/\/secure.gravatar.com\/avatar\/0534e84764641168a677026b6d57a3f51dc7ac4db0b4f6186d9cb330d4ee1160?s=96&d=mm&r=g\",\"contentUrl\":\"https:\/\/secure.gravatar.com\/avatar\/0534e84764641168a677026b6d57a3f51dc7ac4db0b4f6186d9cb330d4ee1160?s=96&d=mm&r=g\",\"caption\":\"Jefferson Sterfeno\"},\"sameAs\":[\"http:\/\/blogdobispo.com.br\"],\"url\":\"https:\/\/blogdobispo.com.br\/?author=1\"}]}<\/script>\n<!-- \/ Yoast SEO plugin. -->","yoast_head_json":{"title":"T\u00e9rcio Tinoco re\u00fane mais de duas mil pessoas em lan\u00e7amento de candidatura - Blog do Bispo","robots":{"index":"index","follow":"follow","max-snippet":"max-snippet:-1","max-image-preview":"max-image-preview:large","max-video-preview":"max-video-preview:-1"},"canonical":"https:\/\/blogdobispo.com.br\/?p=3963","og_locale":"pt_BR","og_type":"article","og_title":"T\u00e9rcio Tinoco re\u00fane mais de duas mil pessoas em lan\u00e7amento de candidatura - Blog do Bispo","og_description":"Mais de duas mil pessoas estiveram presentes no lan\u00e7amento da candidatura \u00e0 reelei\u00e7\u00e3o do vereador de Natal, T\u00e9rcio Tinoco, em uma casa de festas no bairro de Candel\u00e1ria. \u201cUma presen\u00e7a marcante como essa mostra todo o apoio que temos recebidos dos eleitores, que por sua vez, reconhecem tudo que nosso mandato realizou nos \u00faltimos 4 [&hellip;]","og_url":"https:\/\/blogdobispo.com.br\/?p=3963","og_site_name":"Blog do Bispo","article_published_time":"2024-08-23T22:21:57+00:00","og_image":[{"url":"https:\/\/blogdobispo.com.br\/wp-content\/uploads\/2024\/08\/3c127224-0415-4e65-9e97-3de1b2a13dac-1-1024x794.jpg","type":"","width":"","height":""}],"author":"Jefferson Sterfeno","twitter_card":"summary_large_image","twitter_misc":{"Escrito por":"Jefferson Sterfeno","Est. tempo de leitura":"1 minuto"},"schema":{"@context":"https:\/\/schema.org","@graph":[{"@type":"Article","@id":"https:\/\/blogdobispo.com.br\/?p=3963#article","isPartOf":{"@id":"https:\/\/blogdobispo.com.br\/?p=3963"},"author":{"name":"Jefferson Sterfeno","@id":"https:\/\/blogdobispo.com.br\/#\/schema\/person\/e2209cc0e6cea5c5233d033e997b373f"},"headline":"T\u00e9rcio Tinoco re\u00fane mais de duas mil pessoas em lan\u00e7amento de candidatura","datePublished":"2024-08-23T22:21:57+00:00","mainEntityOfPage":{"@id":"https:\/\/blogdobispo.com.br\/?p=3963"},"wordCount":257,"commentCount":0,"publisher":{"@id":"https:\/\/blogdobispo.com.br\/#organization"},"image":{"@id":"https:\/\/blogdobispo.com.br\/?p=3963#primaryimage"},"thumbnailUrl":"https:\/\/blogdobispo.com.br\/wp-content\/uploads\/2024\/08\/3c127224-0415-4e65-9e97-3de1b2a13dac-1-1024x794.jpg","articleSection":["diversos"],"inLanguage":"pt-BR","potentialAction":[{"@type":"CommentAction","name":"Comment","target":["https:\/\/blogdobispo.com.br\/?p=3963#respond"]}]},{"@type":"WebPage","@id":"https:\/\/blogdobispo.com.br\/?p=3963","url":"https:\/\/blogdobispo.com.br\/?p=3963","name":"T\u00e9rcio Tinoco re\u00fane mais de duas mil pessoas em lan\u00e7amento de candidatura - Blog do Bispo","isPartOf":{"@id":"https:\/\/blogdobispo.com.br\/#website"},"primaryImageOfPage":{"@id":"https:\/\/blogdobispo.com.br\/?p=3963#primaryimage"},"image":{"@id":"https:\/\/blogdobispo.com.br\/?p=3963#primaryimage"},"thumbnailUrl":"https:\/\/blogdobispo.com.br\/wp-content\/uploads\/2024\/08\/3c127224-0415-4e65-9e97-3de1b2a13dac-1-1024x794.jpg","datePublished":"2024-08-23T22:21:57+00:00","breadcrumb":{"@id":"https:\/\/blogdobispo.com.br\/?p=3963#breadcrumb"},"inLanguage":"pt-BR","potentialAction":[{"@type":"ReadAction","target":["https:\/\/blogdobispo.com.br\/?p=3963"]}]},{"@type":"ImageObject","inLanguage":"pt-BR","@id":"https:\/\/blogdobispo.com.br\/?p=3963#primaryimage","url":"https:\/\/blogdobispo.com.br\/wp-content\/uploads\/2024\/08\/3c127224-0415-4e65-9e97-3de1b2a13dac-1-1024x794.jpg","contentUrl":"https:\/\/blogdobispo.com.br\/wp-content\/uploads\/2024\/08\/3c127224-0415-4e65-9e97-3de1b2a13dac-1-1024x794.jpg"},{"@type":"BreadcrumbList","@id":"https:\/\/blogdobispo.com.br\/?p=3963#breadcrumb","itemListElement":[{"@type":"ListItem","position":1,"name":"In\u00edcio","item":"https:\/\/blogdobispo.com.br\/"},{"@type":"ListItem","position":2,"name":"T\u00e9rcio Tinoco re\u00fane mais de duas mil pessoas em lan\u00e7amento de candidatura"}]},{"@type":"WebSite","@id":"https:\/\/blogdobispo.com.br\/#website","url":"https:\/\/blogdobispo.com.br\/","name":"Blog do Bispo","description":"Comprometido apenas com o leitor","publisher":{"@id":"https:\/\/blogdobispo.com.br\/#organization"},"potentialAction":[{"@type":"SearchAction","target":{"@type":"EntryPoint","urlTemplate":"https:\/\/blogdobispo.com.br\/?s={search_term_string}"},"query-input":{"@type":"PropertyValueSpecification","valueRequired":true,"valueName":"search_term_string"}}],"inLanguage":"pt-BR"},{"@type":"Organization","@id":"https:\/\/blogdobispo.com.br\/#organization","name":"Blog do Bispo","url":"https:\/\/blogdobispo.com.br\/","logo":{"@type":"ImageObject","inLanguage":"pt-BR","@id":"https:\/\/blogdobispo.com.br\/#\/schema\/logo\/image\/","url":"http:\/\/blogdobispo.com.br\/wp-content\/uploads\/2023\/05\/cropped-headear.png","contentUrl":"http:\/\/blogdobispo.com.br\/wp-content\/uploads\/2023\/05\/cropped-headear.png","width":1500,"height":399,"caption":"Blog do Bispo"},"image":{"@id":"https:\/\/blogdobispo.com.br\/#\/schema\/logo\/image\/"}},{"@type":"Person","@id":"https:\/\/blogdobispo.com.br\/#\/schema\/person\/e2209cc0e6cea5c5233d033e997b373f","name":"Jefferson Sterfeno","image":{"@type":"ImageObject","inLanguage":"pt-BR","@id":"https:\/\/blogdobispo.com.br\/#\/schema\/person\/image\/","url":"https:\/\/secure.gravatar.com\/avatar\/0534e84764641168a677026b6d57a3f51dc7ac4db0b4f6186d9cb330d4ee1160?s=96&d=mm&r=g","contentUrl":"https:\/\/secure.gravatar.com\/avatar\/0534e84764641168a677026b6d57a3f51dc7ac4db0b4f6186d9cb330d4ee1160?s=96&d=mm&r=g","caption":"Jefferson Sterfeno"},"sameAs":["http:\/\/blogdobispo.com.br"],"url":"https:\/\/blogdobispo.com.br\/?author=1"}]}},"featured_image_urls":{"full":"","thumbnail":"","medium":"","medium_large":"","large":"","1536x1536":"","2048x2048":""},"author_info":{"display_name":"Jefferson Sterfeno","author_link":"https:\/\/blogdobispo.com.br\/?author=1"},"category_info":"<a href=\"https:\/\/blogdobispo.com.br\/?cat=1\" rel=\"category\">diversos<\/a>","tag_info":"diversos","comment_count":"0","jetpack_featured_media_url":"","jetpack_sharing_enabled":true,"_links":{"self":[{"href":"https:\/\/blogdobispo.com.br\/index.php?rest_route=\/wp\/v2\/posts\/3963","targetHints":{"allow":["GET"]}}],"collection":[{"href":"https:\/\/blogdobispo.com.br\/index.php?rest_route=\/wp\/v2\/posts"}],"about":[{"href":"https:\/\/blogdobispo.com.br\/index.php?rest_route=\/wp\/v2\/types\/post"}],"author":[{"embeddable":true,"href":"https:\/\/blogdobispo.com.br\/index.php?rest_route=\/wp\/v2\/users\/1"}],"replies":[{"embeddable":true,"href":"https:\/\/blogdobispo.com.br\/index.php?rest_route=%2Fwp%2Fv2%2Fcomments&post=3963"}],"version-history":[{"count":0,"href":"https:\/\/blogdobispo.com.br\/index.php?rest_route=\/wp\/v2\/posts\/3963\/revisions"}],"wp:attachment":[{"href":"https:\/\/blogdobispo.com.br\/index.php?rest_route=%2Fwp%2Fv2%2Fmedia&parent=3963"}],"wp:term":[{"taxonomy":"category","embeddable":true,"href":"https:\/\/blogdobispo.com.br\/index.php?rest_route=%2Fwp%2Fv2%2Fcategories&post=3963"},{"taxonomy":"post_tag","embeddable":true,"href":"https:\/\/blogdobispo.com.br\/index.php?rest_route=%2Fwp%2Fv2%2Ftags&post=3963"}],"curies":[{"name":"wp","href":"https:\/\/api.w.org\/{rel}","templated":true}]}}