{"id":3958,"date":"2024-08-21T20:47:53","date_gmt":"2024-08-21T20:47:53","guid":{"rendered":"https:\/\/blogdobispo.com.br\/?p=3958"},"modified":"2024-08-21T20:47:53","modified_gmt":"2024-08-21T20:47:53","slug":"pl-prioriza-uso-responsavel-de-laqueadura-e-vasectomia-em-natal","status":"publish","type":"post","link":"https:\/\/blogdobispo.com.br\/?p=3958","title":{"rendered":"PL Prioriza Uso Respons\u00e1vel de Laqueadura e Vasectomia em Natal"},"content":{"rendered":"\n<figure class=\"wp-block-image size-large\"><img data-recalc-dims=\"1\" fetchpriority=\"high\" decoding=\"async\" width=\"800\" height=\"559\" src=\"https:\/\/i0.wp.com\/blogdobispo.com.br\/wp-content\/uploads\/2024\/08\/1e1c092a-5115-49cb-a3fb-88bb8e10f76c-1-1024x715.jpg?resize=800%2C559&#038;ssl=1\" class=\"wp-image-3957\" srcset=\"https:\/\/i0.wp.com\/blogdobispo.com.br\/wp-content\/uploads\/2024\/08\/1e1c092a-5115-49cb-a3fb-88bb8e10f76c-1.jpg?resize=1024%2C715&amp;ssl=1 1024w, https:\/\/i0.wp.com\/blogdobispo.com.br\/wp-content\/uploads\/2024\/08\/1e1c092a-5115-49cb-a3fb-88bb8e10f76c-1.jpg?resize=300%2C209&amp;ssl=1 300w, https:\/\/i0.wp.com\/blogdobispo.com.br\/wp-content\/uploads\/2024\/08\/1e1c092a-5115-49cb-a3fb-88bb8e10f76c-1.jpg?resize=768%2C536&amp;ssl=1 768w, https:\/\/i0.wp.com\/blogdobispo.com.br\/wp-content\/uploads\/2024\/08\/1e1c092a-5115-49cb-a3fb-88bb8e10f76c-1.jpg?resize=1536%2C1072&amp;ssl=1 1536w, https:\/\/i0.wp.com\/blogdobispo.com.br\/wp-content\/uploads\/2024\/08\/1e1c092a-5115-49cb-a3fb-88bb8e10f76c-1.jpg?resize=825%2C575&amp;ssl=1 825w, https:\/\/i0.wp.com\/blogdobispo.com.br\/wp-content\/uploads\/2024\/08\/1e1c092a-5115-49cb-a3fb-88bb8e10f76c-1.jpg?w=1600&amp;ssl=1 1600w\" sizes=\"(max-width: 800px) 100vw, 800px\" \/><\/figure>\n\n\n\n<p><\/p>\n\n\n\n<p>Est\u00e1 tramitando na C\u00e2mara Municipal de Natal o Projeto de Lei (PL) 94\/2023, de autoria do vereador Dickson J\u00fanior, que visa regulamentar o uso de laqueadura tub\u00e1ria e vasectomia volunt\u00e1ria como parte do Planejamento Familiar no \u00e2mbito do munic\u00edpio. O projeto busca assegurar que esses m\u00e9todos contraceptivos sejam disponibilizados nos servi\u00e7os de sa\u00fade do SUS, promovendo um acesso mais justo e informado.<\/p>\n\n\n\n<p>O PL estabelece que homens e mulheres maiores de 21 anos, ou com pelo menos dois filhos vivos, ter\u00e3o acesso a esses procedimentos, com um per\u00edodo m\u00ednimo de 60 dias entre a decis\u00e3o e a realiza\u00e7\u00e3o da cirurgia. Essa medida visa garantir que a escolha pela esteriliza\u00e7\u00e3o seja feita de forma consciente e bem planejada. &#8220;Com foco na sa\u00fade reprodutiva e no direito \u00e0 autonomia familiar, esta iniciativa busca promover o acesso igualit\u00e1rio aos m\u00e9todos contraceptivos, respeitando os direitos humanos e assegurando o livre exerc\u00edcio do Planejamento Familiar&#8221;, destaca o vereador Dickson J\u00fanior.<\/p>\n\n\n\n<p>Al\u00e9m de regulamentar o processo de laqueadura e vasectomia, a lei estabelece que a manifesta\u00e7\u00e3o de vontade do paciente deve ser registrada no prontu\u00e1rio m\u00e9dico ap\u00f3s um aconselhamento adequado sobre os riscos e efeitos do procedimento. A legisla\u00e7\u00e3o tamb\u00e9m pro\u00edbe a realiza\u00e7\u00e3o de esteriliza\u00e7\u00e3o cir\u00fargica em pessoas incapazes e prev\u00ea um acompanhamento rigoroso para assegurar o cumprimento \u00e9tico e legal das diretrizes estabelecidas.<\/p>\n\n\n\n<p>O PL 94\/2023 incluir\u00e1 a cria\u00e7\u00e3o de um registro espec\u00edfico para esses procedimentos e promover\u00e1 a coopera\u00e7\u00e3o com entidades p\u00fablicas e privadas para fortalecer a sa\u00fade preventiva. A nova lei representa um avan\u00e7o significativo na legisla\u00e7\u00e3o municipal, alinhando-se aos princ\u00edpios da Constitui\u00e7\u00e3o Federal e \u00e0s normativas do SUS, garantindo que todos os cidad\u00e3os tenham acesso digno e seguro aos servi\u00e7os de sa\u00fade reprodutiva em Natal.<\/p>\n","protected":false},"excerpt":{"rendered":"<p>Est\u00e1 tramitando na C\u00e2mara Municipal de Natal o Projeto de Lei (PL) 94\/2023, de autoria do vereador Dickson J\u00fanior, que visa regulamentar o uso de laqueadura tub\u00e1ria e vasectomia volunt\u00e1ria como parte do Planejamento Familiar no \u00e2mbito do munic\u00edpio. O projeto busca assegurar que esses m\u00e9todos contraceptivos sejam disponibilizados nos servi\u00e7os de sa\u00fade do SUS, [&hellip;]<\/p>\n","protected":false},"author":1,"featured_media":0,"comment_status":"open","ping_status":"open","sticky":false,"template":"","format":"standard","meta":{"cybocfi_hide_featured_image":"","_jetpack_memberships_contains_paid_content":false,"footnotes":""},"categories":[1],"tags":[],"class_list":["post-3958","post","type-post","status-publish","format-standard","hentry","category-diversos"],"yoast_head":"<!-- This site is optimized with the Yoast SEO plugin v25.6 - https:\/\/yoast.com\/wordpress\/plugins\/seo\/ -->\n<title>PL Prioriza Uso Respons\u00e1vel de Laqueadura e Vasectomia em Natal - Blog do Bispo<\/title>\n<meta name=\"robots\" content=\"index, follow, max-snippet:-1, max-image-preview:large, max-video-preview:-1\" \/>\n<link rel=\"canonical\" href=\"https:\/\/blogdobispo.com.br\/?p=3958\" \/>\n<meta property=\"og:locale\" content=\"pt_BR\" \/>\n<meta property=\"og:type\" content=\"article\" \/>\n<meta property=\"og:title\" content=\"PL Prioriza Uso Respons\u00e1vel de Laqueadura e Vasectomia em Natal - Blog do Bispo\" \/>\n<meta property=\"og:description\" content=\"Est\u00e1 tramitando na C\u00e2mara Municipal de Natal o Projeto de Lei (PL) 94\/2023, de autoria do vereador Dickson J\u00fanior, que visa regulamentar o uso de laqueadura tub\u00e1ria e vasectomia volunt\u00e1ria como parte do Planejamento Familiar no \u00e2mbito do munic\u00edpio. O projeto busca assegurar que esses m\u00e9todos contraceptivos sejam disponibilizados nos servi\u00e7os de sa\u00fade do SUS, [&hellip;]\" \/>\n<meta property=\"og:url\" content=\"https:\/\/blogdobispo.com.br\/?p=3958\" \/>\n<meta property=\"og:site_name\" content=\"Blog do Bispo\" \/>\n<meta property=\"article:published_time\" content=\"2024-08-21T20:47:53+00:00\" \/>\n<meta property=\"og:image\" content=\"https:\/\/blogdobispo.com.br\/wp-content\/uploads\/2024\/08\/1e1c092a-5115-49cb-a3fb-88bb8e10f76c-1-1024x715.jpg\" \/>\n<meta name=\"author\" content=\"Jefferson Sterfeno\" \/>\n<meta name=\"twitter:card\" content=\"summary_large_image\" \/>\n<meta name=\"twitter:label1\" content=\"Escrito por\" \/>\n\t<meta name=\"twitter:data1\" content=\"Jefferson Sterfeno\" \/>\n\t<meta name=\"twitter:label2\" content=\"Est. tempo de leitura\" \/>\n\t<meta name=\"twitter:data2\" content=\"2 minutos\" \/>\n<script type=\"application\/ld+json\" class=\"yoast-schema-graph\">{\"@context\":\"https:\/\/schema.org\",\"@graph\":[{\"@type\":\"Article\",\"@id\":\"https:\/\/blogdobispo.com.br\/?p=3958#article\",\"isPartOf\":{\"@id\":\"https:\/\/blogdobispo.com.br\/?p=3958\"},\"author\":{\"name\":\"Jefferson Sterfeno\",\"@id\":\"https:\/\/blogdobispo.com.br\/#\/schema\/person\/e2209cc0e6cea5c5233d033e997b373f\"},\"headline\":\"PL Prioriza Uso Respons\u00e1vel de Laqueadura e Vasectomia em Natal\",\"datePublished\":\"2024-08-21T20:47:53+00:00\",\"mainEntityOfPage\":{\"@id\":\"https:\/\/blogdobispo.com.br\/?p=3958\"},\"wordCount\":331,\"commentCount\":0,\"publisher\":{\"@id\":\"https:\/\/blogdobispo.com.br\/#organization\"},\"image\":{\"@id\":\"https:\/\/blogdobispo.com.br\/?p=3958#primaryimage\"},\"thumbnailUrl\":\"https:\/\/blogdobispo.com.br\/wp-content\/uploads\/2024\/08\/1e1c092a-5115-49cb-a3fb-88bb8e10f76c-1-1024x715.jpg\",\"articleSection\":[\"diversos\"],\"inLanguage\":\"pt-BR\",\"potentialAction\":[{\"@type\":\"CommentAction\",\"name\":\"Comment\",\"target\":[\"https:\/\/blogdobispo.com.br\/?p=3958#respond\"]}]},{\"@type\":\"WebPage\",\"@id\":\"https:\/\/blogdobispo.com.br\/?p=3958\",\"url\":\"https:\/\/blogdobispo.com.br\/?p=3958\",\"name\":\"PL Prioriza Uso Respons\u00e1vel de Laqueadura e Vasectomia em Natal - Blog do Bispo\",\"isPartOf\":{\"@id\":\"https:\/\/blogdobispo.com.br\/#website\"},\"primaryImageOfPage\":{\"@id\":\"https:\/\/blogdobispo.com.br\/?p=3958#primaryimage\"},\"image\":{\"@id\":\"https:\/\/blogdobispo.com.br\/?p=3958#primaryimage\"},\"thumbnailUrl\":\"https:\/\/blogdobispo.com.br\/wp-content\/uploads\/2024\/08\/1e1c092a-5115-49cb-a3fb-88bb8e10f76c-1-1024x715.jpg\",\"datePublished\":\"2024-08-21T20:47:53+00:00\",\"breadcrumb\":{\"@id\":\"https:\/\/blogdobispo.com.br\/?p=3958#breadcrumb\"},\"inLanguage\":\"pt-BR\",\"potentialAction\":[{\"@type\":\"ReadAction\",\"target\":[\"https:\/\/blogdobispo.com.br\/?p=3958\"]}]},{\"@type\":\"ImageObject\",\"inLanguage\":\"pt-BR\",\"@id\":\"https:\/\/blogdobispo.com.br\/?p=3958#primaryimage\",\"url\":\"https:\/\/blogdobispo.com.br\/wp-content\/uploads\/2024\/08\/1e1c092a-5115-49cb-a3fb-88bb8e10f76c-1-1024x715.jpg\",\"contentUrl\":\"https:\/\/blogdobispo.com.br\/wp-content\/uploads\/2024\/08\/1e1c092a-5115-49cb-a3fb-88bb8e10f76c-1-1024x715.jpg\"},{\"@type\":\"BreadcrumbList\",\"@id\":\"https:\/\/blogdobispo.com.br\/?p=3958#breadcrumb\",\"itemListElement\":[{\"@type\":\"ListItem\",\"position\":1,\"name\":\"In\u00edcio\",\"item\":\"https:\/\/blogdobispo.com.br\/\"},{\"@type\":\"ListItem\",\"position\":2,\"name\":\"PL Prioriza Uso Respons\u00e1vel de Laqueadura e Vasectomia em Natal\"}]},{\"@type\":\"WebSite\",\"@id\":\"https:\/\/blogdobispo.com.br\/#website\",\"url\":\"https:\/\/blogdobispo.com.br\/\",\"name\":\"Blog do Bispo\",\"description\":\"Comprometido apenas com o leitor\",\"publisher\":{\"@id\":\"https:\/\/blogdobispo.com.br\/#organization\"},\"potentialAction\":[{\"@type\":\"SearchAction\",\"target\":{\"@type\":\"EntryPoint\",\"urlTemplate\":\"https:\/\/blogdobispo.com.br\/?s={search_term_string}\"},\"query-input\":{\"@type\":\"PropertyValueSpecification\",\"valueRequired\":true,\"valueName\":\"search_term_string\"}}],\"inLanguage\":\"pt-BR\"},{\"@type\":\"Organization\",\"@id\":\"https:\/\/blogdobispo.com.br\/#organization\",\"name\":\"Blog do Bispo\",\"url\":\"https:\/\/blogdobispo.com.br\/\",\"logo\":{\"@type\":\"ImageObject\",\"inLanguage\":\"pt-BR\",\"@id\":\"https:\/\/blogdobispo.com.br\/#\/schema\/logo\/image\/\",\"url\":\"http:\/\/blogdobispo.com.br\/wp-content\/uploads\/2023\/05\/cropped-headear.png\",\"contentUrl\":\"http:\/\/blogdobispo.com.br\/wp-content\/uploads\/2023\/05\/cropped-headear.png\",\"width\":1500,\"height\":399,\"caption\":\"Blog do Bispo\"},\"image\":{\"@id\":\"https:\/\/blogdobispo.com.br\/#\/schema\/logo\/image\/\"}},{\"@type\":\"Person\",\"@id\":\"https:\/\/blogdobispo.com.br\/#\/schema\/person\/e2209cc0e6cea5c5233d033e997b373f\",\"name\":\"Jefferson Sterfeno\",\"image\":{\"@type\":\"ImageObject\",\"inLanguage\":\"pt-BR\",\"@id\":\"https:\/\/blogdobispo.com.br\/#\/schema\/person\/image\/\",\"url\":\"https:\/\/secure.gravatar.com\/avatar\/0534e84764641168a677026b6d57a3f51dc7ac4db0b4f6186d9cb330d4ee1160?s=96&d=mm&r=g\",\"contentUrl\":\"https:\/\/secure.gravatar.com\/avatar\/0534e84764641168a677026b6d57a3f51dc7ac4db0b4f6186d9cb330d4ee1160?s=96&d=mm&r=g\",\"caption\":\"Jefferson Sterfeno\"},\"sameAs\":[\"http:\/\/blogdobispo.com.br\"],\"url\":\"https:\/\/blogdobispo.com.br\/?author=1\"}]}<\/script>\n<!-- \/ Yoast SEO plugin. -->","yoast_head_json":{"title":"PL Prioriza Uso Respons\u00e1vel de Laqueadura e Vasectomia em Natal - Blog do Bispo","robots":{"index":"index","follow":"follow","max-snippet":"max-snippet:-1","max-image-preview":"max-image-preview:large","max-video-preview":"max-video-preview:-1"},"canonical":"https:\/\/blogdobispo.com.br\/?p=3958","og_locale":"pt_BR","og_type":"article","og_title":"PL Prioriza Uso Respons\u00e1vel de Laqueadura e Vasectomia em Natal - Blog do Bispo","og_description":"Est\u00e1 tramitando na C\u00e2mara Municipal de Natal o Projeto de Lei (PL) 94\/2023, de autoria do vereador Dickson J\u00fanior, que visa regulamentar o uso de laqueadura tub\u00e1ria e vasectomia volunt\u00e1ria como parte do Planejamento Familiar no \u00e2mbito do munic\u00edpio. O projeto busca assegurar que esses m\u00e9todos contraceptivos sejam disponibilizados nos servi\u00e7os de sa\u00fade do SUS, [&hellip;]","og_url":"https:\/\/blogdobispo.com.br\/?p=3958","og_site_name":"Blog do Bispo","article_published_time":"2024-08-21T20:47:53+00:00","og_image":[{"url":"https:\/\/blogdobispo.com.br\/wp-content\/uploads\/2024\/08\/1e1c092a-5115-49cb-a3fb-88bb8e10f76c-1-1024x715.jpg","type":"","width":"","height":""}],"author":"Jefferson Sterfeno","twitter_card":"summary_large_image","twitter_misc":{"Escrito por":"Jefferson Sterfeno","Est. tempo de leitura":"2 minutos"},"schema":{"@context":"https:\/\/schema.org","@graph":[{"@type":"Article","@id":"https:\/\/blogdobispo.com.br\/?p=3958#article","isPartOf":{"@id":"https:\/\/blogdobispo.com.br\/?p=3958"},"author":{"name":"Jefferson Sterfeno","@id":"https:\/\/blogdobispo.com.br\/#\/schema\/person\/e2209cc0e6cea5c5233d033e997b373f"},"headline":"PL Prioriza Uso Respons\u00e1vel de Laqueadura e Vasectomia em Natal","datePublished":"2024-08-21T20:47:53+00:00","mainEntityOfPage":{"@id":"https:\/\/blogdobispo.com.br\/?p=3958"},"wordCount":331,"commentCount":0,"publisher":{"@id":"https:\/\/blogdobispo.com.br\/#organization"},"image":{"@id":"https:\/\/blogdobispo.com.br\/?p=3958#primaryimage"},"thumbnailUrl":"https:\/\/blogdobispo.com.br\/wp-content\/uploads\/2024\/08\/1e1c092a-5115-49cb-a3fb-88bb8e10f76c-1-1024x715.jpg","articleSection":["diversos"],"inLanguage":"pt-BR","potentialAction":[{"@type":"CommentAction","name":"Comment","target":["https:\/\/blogdobispo.com.br\/?p=3958#respond"]}]},{"@type":"WebPage","@id":"https:\/\/blogdobispo.com.br\/?p=3958","url":"https:\/\/blogdobispo.com.br\/?p=3958","name":"PL Prioriza Uso Respons\u00e1vel de Laqueadura e Vasectomia em Natal - Blog do Bispo","isPartOf":{"@id":"https:\/\/blogdobispo.com.br\/#website"},"primaryImageOfPage":{"@id":"https:\/\/blogdobispo.com.br\/?p=3958#primaryimage"},"image":{"@id":"https:\/\/blogdobispo.com.br\/?p=3958#primaryimage"},"thumbnailUrl":"https:\/\/blogdobispo.com.br\/wp-content\/uploads\/2024\/08\/1e1c092a-5115-49cb-a3fb-88bb8e10f76c-1-1024x715.jpg","datePublished":"2024-08-21T20:47:53+00:00","breadcrumb":{"@id":"https:\/\/blogdobispo.com.br\/?p=3958#breadcrumb"},"inLanguage":"pt-BR","potentialAction":[{"@type":"ReadAction","target":["https:\/\/blogdobispo.com.br\/?p=3958"]}]},{"@type":"ImageObject","inLanguage":"pt-BR","@id":"https:\/\/blogdobispo.com.br\/?p=3958#primaryimage","url":"https:\/\/blogdobispo.com.br\/wp-content\/uploads\/2024\/08\/1e1c092a-5115-49cb-a3fb-88bb8e10f76c-1-1024x715.jpg","contentUrl":"https:\/\/blogdobispo.com.br\/wp-content\/uploads\/2024\/08\/1e1c092a-5115-49cb-a3fb-88bb8e10f76c-1-1024x715.jpg"},{"@type":"BreadcrumbList","@id":"https:\/\/blogdobispo.com.br\/?p=3958#breadcrumb","itemListElement":[{"@type":"ListItem","position":1,"name":"In\u00edcio","item":"https:\/\/blogdobispo.com.br\/"},{"@type":"ListItem","position":2,"name":"PL Prioriza Uso Respons\u00e1vel de Laqueadura e Vasectomia em Natal"}]},{"@type":"WebSite","@id":"https:\/\/blogdobispo.com.br\/#website","url":"https:\/\/blogdobispo.com.br\/","name":"Blog do Bispo","description":"Comprometido apenas com o leitor","publisher":{"@id":"https:\/\/blogdobispo.com.br\/#organization"},"potentialAction":[{"@type":"SearchAction","target":{"@type":"EntryPoint","urlTemplate":"https:\/\/blogdobispo.com.br\/?s={search_term_string}"},"query-input":{"@type":"PropertyValueSpecification","valueRequired":true,"valueName":"search_term_string"}}],"inLanguage":"pt-BR"},{"@type":"Organization","@id":"https:\/\/blogdobispo.com.br\/#organization","name":"Blog do Bispo","url":"https:\/\/blogdobispo.com.br\/","logo":{"@type":"ImageObject","inLanguage":"pt-BR","@id":"https:\/\/blogdobispo.com.br\/#\/schema\/logo\/image\/","url":"http:\/\/blogdobispo.com.br\/wp-content\/uploads\/2023\/05\/cropped-headear.png","contentUrl":"http:\/\/blogdobispo.com.br\/wp-content\/uploads\/2023\/05\/cropped-headear.png","width":1500,"height":399,"caption":"Blog do Bispo"},"image":{"@id":"https:\/\/blogdobispo.com.br\/#\/schema\/logo\/image\/"}},{"@type":"Person","@id":"https:\/\/blogdobispo.com.br\/#\/schema\/person\/e2209cc0e6cea5c5233d033e997b373f","name":"Jefferson Sterfeno","image":{"@type":"ImageObject","inLanguage":"pt-BR","@id":"https:\/\/blogdobispo.com.br\/#\/schema\/person\/image\/","url":"https:\/\/secure.gravatar.com\/avatar\/0534e84764641168a677026b6d57a3f51dc7ac4db0b4f6186d9cb330d4ee1160?s=96&d=mm&r=g","contentUrl":"https:\/\/secure.gravatar.com\/avatar\/0534e84764641168a677026b6d57a3f51dc7ac4db0b4f6186d9cb330d4ee1160?s=96&d=mm&r=g","caption":"Jefferson Sterfeno"},"sameAs":["http:\/\/blogdobispo.com.br"],"url":"https:\/\/blogdobispo.com.br\/?author=1"}]}},"featured_image_urls":{"full":"","thumbnail":"","medium":"","medium_large":"","large":"","1536x1536":"","2048x2048":""},"author_info":{"display_name":"Jefferson Sterfeno","author_link":"https:\/\/blogdobispo.com.br\/?author=1"},"category_info":"<a href=\"https:\/\/blogdobispo.com.br\/?cat=1\" rel=\"category\">diversos<\/a>","tag_info":"diversos","comment_count":"0","jetpack_featured_media_url":"","jetpack_sharing_enabled":true,"_links":{"self":[{"href":"https:\/\/blogdobispo.com.br\/index.php?rest_route=\/wp\/v2\/posts\/3958","targetHints":{"allow":["GET"]}}],"collection":[{"href":"https:\/\/blogdobispo.com.br\/index.php?rest_route=\/wp\/v2\/posts"}],"about":[{"href":"https:\/\/blogdobispo.com.br\/index.php?rest_route=\/wp\/v2\/types\/post"}],"author":[{"embeddable":true,"href":"https:\/\/blogdobispo.com.br\/index.php?rest_route=\/wp\/v2\/users\/1"}],"replies":[{"embeddable":true,"href":"https:\/\/blogdobispo.com.br\/index.php?rest_route=%2Fwp%2Fv2%2Fcomments&post=3958"}],"version-history":[{"count":0,"href":"https:\/\/blogdobispo.com.br\/index.php?rest_route=\/wp\/v2\/posts\/3958\/revisions"}],"wp:attachment":[{"href":"https:\/\/blogdobispo.com.br\/index.php?rest_route=%2Fwp%2Fv2%2Fmedia&parent=3958"}],"wp:term":[{"taxonomy":"category","embeddable":true,"href":"https:\/\/blogdobispo.com.br\/index.php?rest_route=%2Fwp%2Fv2%2Fcategories&post=3958"},{"taxonomy":"post_tag","embeddable":true,"href":"https:\/\/blogdobispo.com.br\/index.php?rest_route=%2Fwp%2Fv2%2Ftags&post=3958"}],"curies":[{"name":"wp","href":"https:\/\/api.w.org\/{rel}","templated":true}]}}