{"id":3952,"date":"2024-08-16T19:13:42","date_gmt":"2024-08-16T19:13:42","guid":{"rendered":"https:\/\/blogdobispo.com.br\/?p=3952"},"modified":"2024-08-16T19:13:42","modified_gmt":"2024-08-16T19:13:42","slug":"mp-eleitoral-pede-impugnacao-do-registro-de-candidatura-de-candidata-a-prefeita-de-bento-fernandes","status":"publish","type":"post","link":"https:\/\/blogdobispo.com.br\/?p=3952","title":{"rendered":"MP Eleitoral pede impugna\u00e7\u00e3o do registro de candidatura de candidata a prefeita de Bento Fernandes"},"content":{"rendered":"\n<p>O Minist\u00e9rio P\u00fablico Eleitoral ajuizou uma a\u00e7\u00e3o de impugna\u00e7\u00e3o de registro de candidatura contra a candidata a prefeita de Bento Fernandes, A Galega Illany (MDB).<\/p>\n\n\n\n<p>\u201cNo caso concreto, verifica-se que a impugnada incide em uma causa de inelegibilidade decorrente do fato de manter uni\u00e3o est\u00e1vel com o atual Prefeito de Bento Fernandes, Sr. Paulo Marques de Oliveira Junior, nos termos do art. 14, \u00a77\u00ba, da Constitui\u00e7\u00e3o Federal\u201d, diz a a\u00e7\u00e3o do MP, assinada por Leonardo Dantas Nagashima, Promotor Eleitoral da 62\u00aa Zona Eleitoral.<\/p>\n\n\n\n<p>O Promotor alega ainda na a\u00e7\u00e3o que \u201ch\u00e1 elementos que indicam que a impugnada vive em uni\u00e3o est\u00e1vel com o atual Prefeito de Bento Fernandes, Sr. Paulo Marques, sendo demonstrada tal conjuntura desde o ano de 2022, em que houve um desentendimento entre a ex-esposa do Prefeito, suas irm\u00e3s e a candidata impugnada, Sra. Illany Karilyne, na qual ocorreu vias de fato, ocasi\u00e3o em que ficou evidenciado, nos processos, que o Prefeito convivia desde ent\u00e3o com Illany Karilyne, fato comprovado at\u00e9 os dias atuais com as fotografias anexadas aos autos\u201d.<\/p>\n\n\n\n<p>Diz decis\u00e3o de Tribunais Superiores sobre o tema:&nbsp;<\/p>\n\n\n\n<p>\u201c[\u2026] 1. Se o titular do Poder Executivo Municipal j\u00e1 se encontra no exerc\u00edcio do segundo mandato, sua companheira \u00e9 ineleg\u00edvel para o mesmo cargo no pleito subsequente. [\u2026] NE : Trecho do voto do relator: \u201c[\u2026] o concubinato e a uni\u00e3o est\u00e1vel, assim como o casamento, ensejam a inelegibilidade prevista no art. 14, \u00a7 7\u00ba, da Constitui\u00e7\u00e3o Federal. [\u2026]\u201d (Ac. de 30.8.2011 na Cta n\u00ba 121182, rel. Min. Marcelo Ribeiro.)<\/p>\n\n\n\n<p>\u201cVerificando-se que a candidata incide em uma causa de inelegibilidade, o indeferimento do pedido de registro de candidatura \u00e9 medida que se imp\u00f5e\u201d, finaliza o promotor na instru\u00e7\u00e3o do processo.<\/p>\n\n\n\n<p>Segue a foto anexada ao processo.<\/p>\n\n\n\n<figure class=\"wp-block-image size-large\"><img data-recalc-dims=\"1\" fetchpriority=\"high\" decoding=\"async\" width=\"414\" height=\"342\" src=\"https:\/\/i0.wp.com\/blogdobispo.com.br\/wp-content\/uploads\/2024\/08\/img_9210-1.png?resize=414%2C342&#038;ssl=1\" class=\"wp-image-3951\" srcset=\"https:\/\/i0.wp.com\/blogdobispo.com.br\/wp-content\/uploads\/2024\/08\/img_9210-1.png?w=414&amp;ssl=1 414w, https:\/\/i0.wp.com\/blogdobispo.com.br\/wp-content\/uploads\/2024\/08\/img_9210-1.png?resize=300%2C248&amp;ssl=1 300w\" sizes=\"(max-width: 414px) 100vw, 414px\" \/><\/figure>\n","protected":false},"excerpt":{"rendered":"<p>O Minist\u00e9rio P\u00fablico Eleitoral ajuizou uma a\u00e7\u00e3o de impugna\u00e7\u00e3o de registro de candidatura contra a candidata a prefeita de Bento Fernandes, A Galega Illany (MDB). \u201cNo caso concreto, verifica-se que a impugnada incide em uma causa de inelegibilidade decorrente do fato de manter uni\u00e3o est\u00e1vel com o atual Prefeito de Bento Fernandes, Sr. Paulo Marques [&hellip;]<\/p>\n","protected":false},"author":1,"featured_media":0,"comment_status":"open","ping_status":"open","sticky":false,"template":"","format":"standard","meta":{"cybocfi_hide_featured_image":"","_jetpack_memberships_contains_paid_content":false,"footnotes":""},"categories":[1],"tags":[],"class_list":["post-3952","post","type-post","status-publish","format-standard","hentry","category-diversos"],"yoast_head":"<!-- This site is optimized with the Yoast SEO plugin v25.6 - https:\/\/yoast.com\/wordpress\/plugins\/seo\/ -->\n<title>MP Eleitoral pede impugna\u00e7\u00e3o do registro de candidatura de candidata a prefeita de Bento Fernandes - Blog do Bispo<\/title>\n<meta name=\"robots\" content=\"index, follow, max-snippet:-1, max-image-preview:large, max-video-preview:-1\" \/>\n<link rel=\"canonical\" href=\"https:\/\/blogdobispo.com.br\/?p=3952\" \/>\n<meta property=\"og:locale\" content=\"pt_BR\" \/>\n<meta property=\"og:type\" content=\"article\" \/>\n<meta property=\"og:title\" content=\"MP Eleitoral pede impugna\u00e7\u00e3o do registro de candidatura de candidata a prefeita de Bento Fernandes - Blog do Bispo\" \/>\n<meta property=\"og:description\" content=\"O Minist\u00e9rio P\u00fablico Eleitoral ajuizou uma a\u00e7\u00e3o de impugna\u00e7\u00e3o de registro de candidatura contra a candidata a prefeita de Bento Fernandes, A Galega Illany (MDB). \u201cNo caso concreto, verifica-se que a impugnada incide em uma causa de inelegibilidade decorrente do fato de manter uni\u00e3o est\u00e1vel com o atual Prefeito de Bento Fernandes, Sr. Paulo Marques [&hellip;]\" \/>\n<meta property=\"og:url\" content=\"https:\/\/blogdobispo.com.br\/?p=3952\" \/>\n<meta property=\"og:site_name\" content=\"Blog do Bispo\" \/>\n<meta property=\"article:published_time\" content=\"2024-08-16T19:13:42+00:00\" \/>\n<meta property=\"og:image\" content=\"https:\/\/blogdobispo.com.br\/wp-content\/uploads\/2024\/08\/img_9210-1.png\" \/>\n<meta name=\"author\" content=\"Jefferson Sterfeno\" \/>\n<meta name=\"twitter:card\" content=\"summary_large_image\" \/>\n<meta name=\"twitter:label1\" content=\"Escrito por\" \/>\n\t<meta name=\"twitter:data1\" content=\"Jefferson Sterfeno\" \/>\n\t<meta name=\"twitter:label2\" content=\"Est. tempo de leitura\" \/>\n\t<meta name=\"twitter:data2\" content=\"1 minuto\" \/>\n<script type=\"application\/ld+json\" class=\"yoast-schema-graph\">{\"@context\":\"https:\/\/schema.org\",\"@graph\":[{\"@type\":\"Article\",\"@id\":\"https:\/\/blogdobispo.com.br\/?p=3952#article\",\"isPartOf\":{\"@id\":\"https:\/\/blogdobispo.com.br\/?p=3952\"},\"author\":{\"name\":\"Jefferson Sterfeno\",\"@id\":\"https:\/\/blogdobispo.com.br\/#\/schema\/person\/e2209cc0e6cea5c5233d033e997b373f\"},\"headline\":\"MP Eleitoral pede impugna\u00e7\u00e3o do registro de candidatura de candidata a prefeita de Bento Fernandes\",\"datePublished\":\"2024-08-16T19:13:42+00:00\",\"mainEntityOfPage\":{\"@id\":\"https:\/\/blogdobispo.com.br\/?p=3952\"},\"wordCount\":310,\"commentCount\":0,\"publisher\":{\"@id\":\"https:\/\/blogdobispo.com.br\/#organization\"},\"image\":{\"@id\":\"https:\/\/blogdobispo.com.br\/?p=3952#primaryimage\"},\"thumbnailUrl\":\"https:\/\/blogdobispo.com.br\/wp-content\/uploads\/2024\/08\/img_9210-1.png\",\"articleSection\":[\"diversos\"],\"inLanguage\":\"pt-BR\",\"potentialAction\":[{\"@type\":\"CommentAction\",\"name\":\"Comment\",\"target\":[\"https:\/\/blogdobispo.com.br\/?p=3952#respond\"]}]},{\"@type\":\"WebPage\",\"@id\":\"https:\/\/blogdobispo.com.br\/?p=3952\",\"url\":\"https:\/\/blogdobispo.com.br\/?p=3952\",\"name\":\"MP Eleitoral pede impugna\u00e7\u00e3o do registro de candidatura de candidata a prefeita de Bento Fernandes - Blog do Bispo\",\"isPartOf\":{\"@id\":\"https:\/\/blogdobispo.com.br\/#website\"},\"primaryImageOfPage\":{\"@id\":\"https:\/\/blogdobispo.com.br\/?p=3952#primaryimage\"},\"image\":{\"@id\":\"https:\/\/blogdobispo.com.br\/?p=3952#primaryimage\"},\"thumbnailUrl\":\"https:\/\/blogdobispo.com.br\/wp-content\/uploads\/2024\/08\/img_9210-1.png\",\"datePublished\":\"2024-08-16T19:13:42+00:00\",\"breadcrumb\":{\"@id\":\"https:\/\/blogdobispo.com.br\/?p=3952#breadcrumb\"},\"inLanguage\":\"pt-BR\",\"potentialAction\":[{\"@type\":\"ReadAction\",\"target\":[\"https:\/\/blogdobispo.com.br\/?p=3952\"]}]},{\"@type\":\"ImageObject\",\"inLanguage\":\"pt-BR\",\"@id\":\"https:\/\/blogdobispo.com.br\/?p=3952#primaryimage\",\"url\":\"https:\/\/blogdobispo.com.br\/wp-content\/uploads\/2024\/08\/img_9210-1.png\",\"contentUrl\":\"https:\/\/blogdobispo.com.br\/wp-content\/uploads\/2024\/08\/img_9210-1.png\"},{\"@type\":\"BreadcrumbList\",\"@id\":\"https:\/\/blogdobispo.com.br\/?p=3952#breadcrumb\",\"itemListElement\":[{\"@type\":\"ListItem\",\"position\":1,\"name\":\"In\u00edcio\",\"item\":\"https:\/\/blogdobispo.com.br\/\"},{\"@type\":\"ListItem\",\"position\":2,\"name\":\"MP Eleitoral pede impugna\u00e7\u00e3o do registro de candidatura de candidata a prefeita de Bento Fernandes\"}]},{\"@type\":\"WebSite\",\"@id\":\"https:\/\/blogdobispo.com.br\/#website\",\"url\":\"https:\/\/blogdobispo.com.br\/\",\"name\":\"Blog do Bispo\",\"description\":\"Comprometido apenas com o leitor\",\"publisher\":{\"@id\":\"https:\/\/blogdobispo.com.br\/#organization\"},\"potentialAction\":[{\"@type\":\"SearchAction\",\"target\":{\"@type\":\"EntryPoint\",\"urlTemplate\":\"https:\/\/blogdobispo.com.br\/?s={search_term_string}\"},\"query-input\":{\"@type\":\"PropertyValueSpecification\",\"valueRequired\":true,\"valueName\":\"search_term_string\"}}],\"inLanguage\":\"pt-BR\"},{\"@type\":\"Organization\",\"@id\":\"https:\/\/blogdobispo.com.br\/#organization\",\"name\":\"Blog do Bispo\",\"url\":\"https:\/\/blogdobispo.com.br\/\",\"logo\":{\"@type\":\"ImageObject\",\"inLanguage\":\"pt-BR\",\"@id\":\"https:\/\/blogdobispo.com.br\/#\/schema\/logo\/image\/\",\"url\":\"http:\/\/blogdobispo.com.br\/wp-content\/uploads\/2023\/05\/cropped-headear.png\",\"contentUrl\":\"http:\/\/blogdobispo.com.br\/wp-content\/uploads\/2023\/05\/cropped-headear.png\",\"width\":1500,\"height\":399,\"caption\":\"Blog do Bispo\"},\"image\":{\"@id\":\"https:\/\/blogdobispo.com.br\/#\/schema\/logo\/image\/\"}},{\"@type\":\"Person\",\"@id\":\"https:\/\/blogdobispo.com.br\/#\/schema\/person\/e2209cc0e6cea5c5233d033e997b373f\",\"name\":\"Jefferson Sterfeno\",\"image\":{\"@type\":\"ImageObject\",\"inLanguage\":\"pt-BR\",\"@id\":\"https:\/\/blogdobispo.com.br\/#\/schema\/person\/image\/\",\"url\":\"https:\/\/secure.gravatar.com\/avatar\/0534e84764641168a677026b6d57a3f51dc7ac4db0b4f6186d9cb330d4ee1160?s=96&d=mm&r=g\",\"contentUrl\":\"https:\/\/secure.gravatar.com\/avatar\/0534e84764641168a677026b6d57a3f51dc7ac4db0b4f6186d9cb330d4ee1160?s=96&d=mm&r=g\",\"caption\":\"Jefferson Sterfeno\"},\"sameAs\":[\"http:\/\/blogdobispo.com.br\"],\"url\":\"https:\/\/blogdobispo.com.br\/?author=1\"}]}<\/script>\n<!-- \/ Yoast SEO plugin. -->","yoast_head_json":{"title":"MP Eleitoral pede impugna\u00e7\u00e3o do registro de candidatura de candidata a prefeita de Bento Fernandes - Blog do Bispo","robots":{"index":"index","follow":"follow","max-snippet":"max-snippet:-1","max-image-preview":"max-image-preview:large","max-video-preview":"max-video-preview:-1"},"canonical":"https:\/\/blogdobispo.com.br\/?p=3952","og_locale":"pt_BR","og_type":"article","og_title":"MP Eleitoral pede impugna\u00e7\u00e3o do registro de candidatura de candidata a prefeita de Bento Fernandes - Blog do Bispo","og_description":"O Minist\u00e9rio P\u00fablico Eleitoral ajuizou uma a\u00e7\u00e3o de impugna\u00e7\u00e3o de registro de candidatura contra a candidata a prefeita de Bento Fernandes, A Galega Illany (MDB). \u201cNo caso concreto, verifica-se que a impugnada incide em uma causa de inelegibilidade decorrente do fato de manter uni\u00e3o est\u00e1vel com o atual Prefeito de Bento Fernandes, Sr. Paulo Marques [&hellip;]","og_url":"https:\/\/blogdobispo.com.br\/?p=3952","og_site_name":"Blog do Bispo","article_published_time":"2024-08-16T19:13:42+00:00","og_image":[{"url":"https:\/\/blogdobispo.com.br\/wp-content\/uploads\/2024\/08\/img_9210-1.png","type":"","width":"","height":""}],"author":"Jefferson Sterfeno","twitter_card":"summary_large_image","twitter_misc":{"Escrito por":"Jefferson Sterfeno","Est. tempo de leitura":"1 minuto"},"schema":{"@context":"https:\/\/schema.org","@graph":[{"@type":"Article","@id":"https:\/\/blogdobispo.com.br\/?p=3952#article","isPartOf":{"@id":"https:\/\/blogdobispo.com.br\/?p=3952"},"author":{"name":"Jefferson Sterfeno","@id":"https:\/\/blogdobispo.com.br\/#\/schema\/person\/e2209cc0e6cea5c5233d033e997b373f"},"headline":"MP Eleitoral pede impugna\u00e7\u00e3o do registro de candidatura de candidata a prefeita de Bento Fernandes","datePublished":"2024-08-16T19:13:42+00:00","mainEntityOfPage":{"@id":"https:\/\/blogdobispo.com.br\/?p=3952"},"wordCount":310,"commentCount":0,"publisher":{"@id":"https:\/\/blogdobispo.com.br\/#organization"},"image":{"@id":"https:\/\/blogdobispo.com.br\/?p=3952#primaryimage"},"thumbnailUrl":"https:\/\/blogdobispo.com.br\/wp-content\/uploads\/2024\/08\/img_9210-1.png","articleSection":["diversos"],"inLanguage":"pt-BR","potentialAction":[{"@type":"CommentAction","name":"Comment","target":["https:\/\/blogdobispo.com.br\/?p=3952#respond"]}]},{"@type":"WebPage","@id":"https:\/\/blogdobispo.com.br\/?p=3952","url":"https:\/\/blogdobispo.com.br\/?p=3952","name":"MP Eleitoral pede impugna\u00e7\u00e3o do registro de candidatura de candidata a prefeita de Bento Fernandes - Blog do Bispo","isPartOf":{"@id":"https:\/\/blogdobispo.com.br\/#website"},"primaryImageOfPage":{"@id":"https:\/\/blogdobispo.com.br\/?p=3952#primaryimage"},"image":{"@id":"https:\/\/blogdobispo.com.br\/?p=3952#primaryimage"},"thumbnailUrl":"https:\/\/blogdobispo.com.br\/wp-content\/uploads\/2024\/08\/img_9210-1.png","datePublished":"2024-08-16T19:13:42+00:00","breadcrumb":{"@id":"https:\/\/blogdobispo.com.br\/?p=3952#breadcrumb"},"inLanguage":"pt-BR","potentialAction":[{"@type":"ReadAction","target":["https:\/\/blogdobispo.com.br\/?p=3952"]}]},{"@type":"ImageObject","inLanguage":"pt-BR","@id":"https:\/\/blogdobispo.com.br\/?p=3952#primaryimage","url":"https:\/\/blogdobispo.com.br\/wp-content\/uploads\/2024\/08\/img_9210-1.png","contentUrl":"https:\/\/blogdobispo.com.br\/wp-content\/uploads\/2024\/08\/img_9210-1.png"},{"@type":"BreadcrumbList","@id":"https:\/\/blogdobispo.com.br\/?p=3952#breadcrumb","itemListElement":[{"@type":"ListItem","position":1,"name":"In\u00edcio","item":"https:\/\/blogdobispo.com.br\/"},{"@type":"ListItem","position":2,"name":"MP Eleitoral pede impugna\u00e7\u00e3o do registro de candidatura de candidata a prefeita de Bento Fernandes"}]},{"@type":"WebSite","@id":"https:\/\/blogdobispo.com.br\/#website","url":"https:\/\/blogdobispo.com.br\/","name":"Blog do Bispo","description":"Comprometido apenas com o leitor","publisher":{"@id":"https:\/\/blogdobispo.com.br\/#organization"},"potentialAction":[{"@type":"SearchAction","target":{"@type":"EntryPoint","urlTemplate":"https:\/\/blogdobispo.com.br\/?s={search_term_string}"},"query-input":{"@type":"PropertyValueSpecification","valueRequired":true,"valueName":"search_term_string"}}],"inLanguage":"pt-BR"},{"@type":"Organization","@id":"https:\/\/blogdobispo.com.br\/#organization","name":"Blog do Bispo","url":"https:\/\/blogdobispo.com.br\/","logo":{"@type":"ImageObject","inLanguage":"pt-BR","@id":"https:\/\/blogdobispo.com.br\/#\/schema\/logo\/image\/","url":"http:\/\/blogdobispo.com.br\/wp-content\/uploads\/2023\/05\/cropped-headear.png","contentUrl":"http:\/\/blogdobispo.com.br\/wp-content\/uploads\/2023\/05\/cropped-headear.png","width":1500,"height":399,"caption":"Blog do Bispo"},"image":{"@id":"https:\/\/blogdobispo.com.br\/#\/schema\/logo\/image\/"}},{"@type":"Person","@id":"https:\/\/blogdobispo.com.br\/#\/schema\/person\/e2209cc0e6cea5c5233d033e997b373f","name":"Jefferson Sterfeno","image":{"@type":"ImageObject","inLanguage":"pt-BR","@id":"https:\/\/blogdobispo.com.br\/#\/schema\/person\/image\/","url":"https:\/\/secure.gravatar.com\/avatar\/0534e84764641168a677026b6d57a3f51dc7ac4db0b4f6186d9cb330d4ee1160?s=96&d=mm&r=g","contentUrl":"https:\/\/secure.gravatar.com\/avatar\/0534e84764641168a677026b6d57a3f51dc7ac4db0b4f6186d9cb330d4ee1160?s=96&d=mm&r=g","caption":"Jefferson Sterfeno"},"sameAs":["http:\/\/blogdobispo.com.br"],"url":"https:\/\/blogdobispo.com.br\/?author=1"}]}},"featured_image_urls":{"full":"","thumbnail":"","medium":"","medium_large":"","large":"","1536x1536":"","2048x2048":""},"author_info":{"display_name":"Jefferson Sterfeno","author_link":"https:\/\/blogdobispo.com.br\/?author=1"},"category_info":"<a href=\"https:\/\/blogdobispo.com.br\/?cat=1\" rel=\"category\">diversos<\/a>","tag_info":"diversos","comment_count":"0","jetpack_featured_media_url":"","jetpack_sharing_enabled":true,"_links":{"self":[{"href":"https:\/\/blogdobispo.com.br\/index.php?rest_route=\/wp\/v2\/posts\/3952","targetHints":{"allow":["GET"]}}],"collection":[{"href":"https:\/\/blogdobispo.com.br\/index.php?rest_route=\/wp\/v2\/posts"}],"about":[{"href":"https:\/\/blogdobispo.com.br\/index.php?rest_route=\/wp\/v2\/types\/post"}],"author":[{"embeddable":true,"href":"https:\/\/blogdobispo.com.br\/index.php?rest_route=\/wp\/v2\/users\/1"}],"replies":[{"embeddable":true,"href":"https:\/\/blogdobispo.com.br\/index.php?rest_route=%2Fwp%2Fv2%2Fcomments&post=3952"}],"version-history":[{"count":0,"href":"https:\/\/blogdobispo.com.br\/index.php?rest_route=\/wp\/v2\/posts\/3952\/revisions"}],"wp:attachment":[{"href":"https:\/\/blogdobispo.com.br\/index.php?rest_route=%2Fwp%2Fv2%2Fmedia&parent=3952"}],"wp:term":[{"taxonomy":"category","embeddable":true,"href":"https:\/\/blogdobispo.com.br\/index.php?rest_route=%2Fwp%2Fv2%2Fcategories&post=3952"},{"taxonomy":"post_tag","embeddable":true,"href":"https:\/\/blogdobispo.com.br\/index.php?rest_route=%2Fwp%2Fv2%2Ftags&post=3952"}],"curies":[{"name":"wp","href":"https:\/\/api.w.org\/{rel}","templated":true}]}}