{"id":3950,"date":"2024-08-15T12:06:21","date_gmt":"2024-08-15T12:06:21","guid":{"rendered":"https:\/\/blogdobispo.com.br\/?p=3950"},"modified":"2024-08-15T12:06:21","modified_gmt":"2024-08-15T12:06:21","slug":"camila-reune-mais-de-250-lideres-evangelicos-para-reuniao-de-prestacao-de-contas","status":"publish","type":"post","link":"https:\/\/blogdobispo.com.br\/?p=3950","title":{"rendered":"Camila re\u00fane mais de 250 l\u00edderes evang\u00e9licos para reuni\u00e3o de presta\u00e7\u00e3o de contas"},"content":{"rendered":"\n<figure class=\"wp-block-image size-large\"><img data-recalc-dims=\"1\" fetchpriority=\"high\" decoding=\"async\" width=\"800\" height=\"600\" src=\"https:\/\/i0.wp.com\/blogdobispo.com.br\/wp-content\/uploads\/2024\/08\/bdd70908-5d02-4778-8676-a71ba0f44a53-1-1024x768.jpg?resize=800%2C600&#038;ssl=1\" class=\"wp-image-3949\" srcset=\"https:\/\/i0.wp.com\/blogdobispo.com.br\/wp-content\/uploads\/2024\/08\/bdd70908-5d02-4778-8676-a71ba0f44a53-1.jpg?resize=1024%2C768&amp;ssl=1 1024w, https:\/\/i0.wp.com\/blogdobispo.com.br\/wp-content\/uploads\/2024\/08\/bdd70908-5d02-4778-8676-a71ba0f44a53-1.jpg?resize=300%2C225&amp;ssl=1 300w, https:\/\/i0.wp.com\/blogdobispo.com.br\/wp-content\/uploads\/2024\/08\/bdd70908-5d02-4778-8676-a71ba0f44a53-1.jpg?resize=768%2C576&amp;ssl=1 768w, https:\/\/i0.wp.com\/blogdobispo.com.br\/wp-content\/uploads\/2024\/08\/bdd70908-5d02-4778-8676-a71ba0f44a53-1.jpg?resize=1536%2C1152&amp;ssl=1 1536w, https:\/\/i0.wp.com\/blogdobispo.com.br\/wp-content\/uploads\/2024\/08\/bdd70908-5d02-4778-8676-a71ba0f44a53-1.jpg?w=1600&amp;ssl=1 1600w\" sizes=\"(max-width: 800px) 100vw, 800px\" \/><\/figure>\n\n\n\n<p><\/p>\n\n\n\n<p>A vereadora Camila Ara\u00fajo (Uni\u00e3o) reuniu nesta quarta-feira (14) mais de 250 l\u00edderes evang\u00e9licos, entre pastores, dirigentes de departamentos, cantores e pregadores, para uma grande reuni\u00e3o de presta\u00e7\u00e3o de contas sobre o trabalho que tem feito pelo segmento ao longo de seu mandato, iniciado em 2021.<\/p>\n\n\n\n<p>O encontro contou com presen\u00e7a do prefeito \u00c1lvaro Dias e de Joana Guerra, candidata a vice na chapa de Paulinho Freire. Ambos deram testemunho da luta di\u00e1ria de Camila em prol da comunidade e do segmento evang\u00e9lico.<\/p>\n\n\n\n<p>Camila fez um balan\u00e7o das leis e projetos aprovados, do trabalho como presidente da Frente Parlamentar Evang\u00e9lica e dos apoios a eventos realizados pelos principais minist\u00e9rios da capital.<\/p>\n\n\n\n<p>\u201cFoi muito gratificante ver essa casa lotada de tantos amigos, pastores, obreiros, irm\u00e3s de ora\u00e7\u00e3o, gente que conhece e confia no nosso trabalho. Cada abra\u00e7o desse e cada palavra de carinho somente refor\u00e7am a convic\u00e7\u00e3o de que estamos no caminho certo e que nosso mandato tem servido para aben\u00e7oar o povo de Deus nessa cidade\u201d, comentou a vereadora.<\/p>\n","protected":false},"excerpt":{"rendered":"<p>A vereadora Camila Ara\u00fajo (Uni\u00e3o) reuniu nesta quarta-feira (14) mais de 250 l\u00edderes evang\u00e9licos, entre pastores, dirigentes de departamentos, cantores e pregadores, para uma grande reuni\u00e3o de presta\u00e7\u00e3o de contas sobre o trabalho que tem feito pelo segmento ao longo de seu mandato, iniciado em 2021. O encontro contou com presen\u00e7a do prefeito \u00c1lvaro Dias [&hellip;]<\/p>\n","protected":false},"author":1,"featured_media":0,"comment_status":"open","ping_status":"open","sticky":false,"template":"","format":"standard","meta":{"cybocfi_hide_featured_image":"","_jetpack_memberships_contains_paid_content":false,"footnotes":""},"categories":[1],"tags":[],"class_list":["post-3950","post","type-post","status-publish","format-standard","hentry","category-diversos"],"yoast_head":"<!-- This site is optimized with the Yoast SEO plugin v25.6 - https:\/\/yoast.com\/wordpress\/plugins\/seo\/ -->\n<title>Camila re\u00fane mais de 250 l\u00edderes evang\u00e9licos para reuni\u00e3o de presta\u00e7\u00e3o de contas - Blog do Bispo<\/title>\n<meta name=\"robots\" content=\"index, follow, max-snippet:-1, max-image-preview:large, max-video-preview:-1\" \/>\n<link rel=\"canonical\" href=\"https:\/\/blogdobispo.com.br\/?p=3950\" \/>\n<meta property=\"og:locale\" content=\"pt_BR\" \/>\n<meta property=\"og:type\" content=\"article\" \/>\n<meta property=\"og:title\" content=\"Camila re\u00fane mais de 250 l\u00edderes evang\u00e9licos para reuni\u00e3o de presta\u00e7\u00e3o de contas - Blog do Bispo\" \/>\n<meta property=\"og:description\" content=\"A vereadora Camila Ara\u00fajo (Uni\u00e3o) reuniu nesta quarta-feira (14) mais de 250 l\u00edderes evang\u00e9licos, entre pastores, dirigentes de departamentos, cantores e pregadores, para uma grande reuni\u00e3o de presta\u00e7\u00e3o de contas sobre o trabalho que tem feito pelo segmento ao longo de seu mandato, iniciado em 2021. O encontro contou com presen\u00e7a do prefeito \u00c1lvaro Dias [&hellip;]\" \/>\n<meta property=\"og:url\" content=\"https:\/\/blogdobispo.com.br\/?p=3950\" \/>\n<meta property=\"og:site_name\" content=\"Blog do Bispo\" \/>\n<meta property=\"article:published_time\" content=\"2024-08-15T12:06:21+00:00\" \/>\n<meta property=\"og:image\" content=\"https:\/\/blogdobispo.com.br\/wp-content\/uploads\/2024\/08\/bdd70908-5d02-4778-8676-a71ba0f44a53-1-1024x768.jpg\" \/>\n<meta name=\"author\" content=\"Jefferson Sterfeno\" \/>\n<meta name=\"twitter:card\" content=\"summary_large_image\" \/>\n<meta name=\"twitter:label1\" content=\"Escrito por\" \/>\n\t<meta name=\"twitter:data1\" content=\"Jefferson Sterfeno\" \/>\n\t<meta name=\"twitter:label2\" content=\"Est. tempo de leitura\" \/>\n\t<meta name=\"twitter:data2\" content=\"1 minuto\" \/>\n<script type=\"application\/ld+json\" class=\"yoast-schema-graph\">{\"@context\":\"https:\/\/schema.org\",\"@graph\":[{\"@type\":\"Article\",\"@id\":\"https:\/\/blogdobispo.com.br\/?p=3950#article\",\"isPartOf\":{\"@id\":\"https:\/\/blogdobispo.com.br\/?p=3950\"},\"author\":{\"name\":\"Jefferson Sterfeno\",\"@id\":\"https:\/\/blogdobispo.com.br\/#\/schema\/person\/e2209cc0e6cea5c5233d033e997b373f\"},\"headline\":\"Camila re\u00fane mais de 250 l\u00edderes evang\u00e9licos para reuni\u00e3o de presta\u00e7\u00e3o de contas\",\"datePublished\":\"2024-08-15T12:06:21+00:00\",\"mainEntityOfPage\":{\"@id\":\"https:\/\/blogdobispo.com.br\/?p=3950\"},\"wordCount\":201,\"commentCount\":0,\"publisher\":{\"@id\":\"https:\/\/blogdobispo.com.br\/#organization\"},\"image\":{\"@id\":\"https:\/\/blogdobispo.com.br\/?p=3950#primaryimage\"},\"thumbnailUrl\":\"https:\/\/blogdobispo.com.br\/wp-content\/uploads\/2024\/08\/bdd70908-5d02-4778-8676-a71ba0f44a53-1-1024x768.jpg\",\"articleSection\":[\"diversos\"],\"inLanguage\":\"pt-BR\",\"potentialAction\":[{\"@type\":\"CommentAction\",\"name\":\"Comment\",\"target\":[\"https:\/\/blogdobispo.com.br\/?p=3950#respond\"]}]},{\"@type\":\"WebPage\",\"@id\":\"https:\/\/blogdobispo.com.br\/?p=3950\",\"url\":\"https:\/\/blogdobispo.com.br\/?p=3950\",\"name\":\"Camila re\u00fane mais de 250 l\u00edderes evang\u00e9licos para reuni\u00e3o de presta\u00e7\u00e3o de contas - Blog do Bispo\",\"isPartOf\":{\"@id\":\"https:\/\/blogdobispo.com.br\/#website\"},\"primaryImageOfPage\":{\"@id\":\"https:\/\/blogdobispo.com.br\/?p=3950#primaryimage\"},\"image\":{\"@id\":\"https:\/\/blogdobispo.com.br\/?p=3950#primaryimage\"},\"thumbnailUrl\":\"https:\/\/blogdobispo.com.br\/wp-content\/uploads\/2024\/08\/bdd70908-5d02-4778-8676-a71ba0f44a53-1-1024x768.jpg\",\"datePublished\":\"2024-08-15T12:06:21+00:00\",\"breadcrumb\":{\"@id\":\"https:\/\/blogdobispo.com.br\/?p=3950#breadcrumb\"},\"inLanguage\":\"pt-BR\",\"potentialAction\":[{\"@type\":\"ReadAction\",\"target\":[\"https:\/\/blogdobispo.com.br\/?p=3950\"]}]},{\"@type\":\"ImageObject\",\"inLanguage\":\"pt-BR\",\"@id\":\"https:\/\/blogdobispo.com.br\/?p=3950#primaryimage\",\"url\":\"https:\/\/blogdobispo.com.br\/wp-content\/uploads\/2024\/08\/bdd70908-5d02-4778-8676-a71ba0f44a53-1-1024x768.jpg\",\"contentUrl\":\"https:\/\/blogdobispo.com.br\/wp-content\/uploads\/2024\/08\/bdd70908-5d02-4778-8676-a71ba0f44a53-1-1024x768.jpg\"},{\"@type\":\"BreadcrumbList\",\"@id\":\"https:\/\/blogdobispo.com.br\/?p=3950#breadcrumb\",\"itemListElement\":[{\"@type\":\"ListItem\",\"position\":1,\"name\":\"In\u00edcio\",\"item\":\"https:\/\/blogdobispo.com.br\/\"},{\"@type\":\"ListItem\",\"position\":2,\"name\":\"Camila re\u00fane mais de 250 l\u00edderes evang\u00e9licos para reuni\u00e3o de presta\u00e7\u00e3o de contas\"}]},{\"@type\":\"WebSite\",\"@id\":\"https:\/\/blogdobispo.com.br\/#website\",\"url\":\"https:\/\/blogdobispo.com.br\/\",\"name\":\"Blog do Bispo\",\"description\":\"Comprometido apenas com o leitor\",\"publisher\":{\"@id\":\"https:\/\/blogdobispo.com.br\/#organization\"},\"potentialAction\":[{\"@type\":\"SearchAction\",\"target\":{\"@type\":\"EntryPoint\",\"urlTemplate\":\"https:\/\/blogdobispo.com.br\/?s={search_term_string}\"},\"query-input\":{\"@type\":\"PropertyValueSpecification\",\"valueRequired\":true,\"valueName\":\"search_term_string\"}}],\"inLanguage\":\"pt-BR\"},{\"@type\":\"Organization\",\"@id\":\"https:\/\/blogdobispo.com.br\/#organization\",\"name\":\"Blog do Bispo\",\"url\":\"https:\/\/blogdobispo.com.br\/\",\"logo\":{\"@type\":\"ImageObject\",\"inLanguage\":\"pt-BR\",\"@id\":\"https:\/\/blogdobispo.com.br\/#\/schema\/logo\/image\/\",\"url\":\"http:\/\/blogdobispo.com.br\/wp-content\/uploads\/2023\/05\/cropped-headear.png\",\"contentUrl\":\"http:\/\/blogdobispo.com.br\/wp-content\/uploads\/2023\/05\/cropped-headear.png\",\"width\":1500,\"height\":399,\"caption\":\"Blog do Bispo\"},\"image\":{\"@id\":\"https:\/\/blogdobispo.com.br\/#\/schema\/logo\/image\/\"}},{\"@type\":\"Person\",\"@id\":\"https:\/\/blogdobispo.com.br\/#\/schema\/person\/e2209cc0e6cea5c5233d033e997b373f\",\"name\":\"Jefferson Sterfeno\",\"image\":{\"@type\":\"ImageObject\",\"inLanguage\":\"pt-BR\",\"@id\":\"https:\/\/blogdobispo.com.br\/#\/schema\/person\/image\/\",\"url\":\"https:\/\/secure.gravatar.com\/avatar\/0534e84764641168a677026b6d57a3f51dc7ac4db0b4f6186d9cb330d4ee1160?s=96&d=mm&r=g\",\"contentUrl\":\"https:\/\/secure.gravatar.com\/avatar\/0534e84764641168a677026b6d57a3f51dc7ac4db0b4f6186d9cb330d4ee1160?s=96&d=mm&r=g\",\"caption\":\"Jefferson Sterfeno\"},\"sameAs\":[\"http:\/\/blogdobispo.com.br\"],\"url\":\"https:\/\/blogdobispo.com.br\/?author=1\"}]}<\/script>\n<!-- \/ Yoast SEO plugin. -->","yoast_head_json":{"title":"Camila re\u00fane mais de 250 l\u00edderes evang\u00e9licos para reuni\u00e3o de presta\u00e7\u00e3o de contas - Blog do Bispo","robots":{"index":"index","follow":"follow","max-snippet":"max-snippet:-1","max-image-preview":"max-image-preview:large","max-video-preview":"max-video-preview:-1"},"canonical":"https:\/\/blogdobispo.com.br\/?p=3950","og_locale":"pt_BR","og_type":"article","og_title":"Camila re\u00fane mais de 250 l\u00edderes evang\u00e9licos para reuni\u00e3o de presta\u00e7\u00e3o de contas - Blog do Bispo","og_description":"A vereadora Camila Ara\u00fajo (Uni\u00e3o) reuniu nesta quarta-feira (14) mais de 250 l\u00edderes evang\u00e9licos, entre pastores, dirigentes de departamentos, cantores e pregadores, para uma grande reuni\u00e3o de presta\u00e7\u00e3o de contas sobre o trabalho que tem feito pelo segmento ao longo de seu mandato, iniciado em 2021. O encontro contou com presen\u00e7a do prefeito \u00c1lvaro Dias [&hellip;]","og_url":"https:\/\/blogdobispo.com.br\/?p=3950","og_site_name":"Blog do Bispo","article_published_time":"2024-08-15T12:06:21+00:00","og_image":[{"url":"https:\/\/blogdobispo.com.br\/wp-content\/uploads\/2024\/08\/bdd70908-5d02-4778-8676-a71ba0f44a53-1-1024x768.jpg","type":"","width":"","height":""}],"author":"Jefferson Sterfeno","twitter_card":"summary_large_image","twitter_misc":{"Escrito por":"Jefferson Sterfeno","Est. tempo de leitura":"1 minuto"},"schema":{"@context":"https:\/\/schema.org","@graph":[{"@type":"Article","@id":"https:\/\/blogdobispo.com.br\/?p=3950#article","isPartOf":{"@id":"https:\/\/blogdobispo.com.br\/?p=3950"},"author":{"name":"Jefferson Sterfeno","@id":"https:\/\/blogdobispo.com.br\/#\/schema\/person\/e2209cc0e6cea5c5233d033e997b373f"},"headline":"Camila re\u00fane mais de 250 l\u00edderes evang\u00e9licos para reuni\u00e3o de presta\u00e7\u00e3o de contas","datePublished":"2024-08-15T12:06:21+00:00","mainEntityOfPage":{"@id":"https:\/\/blogdobispo.com.br\/?p=3950"},"wordCount":201,"commentCount":0,"publisher":{"@id":"https:\/\/blogdobispo.com.br\/#organization"},"image":{"@id":"https:\/\/blogdobispo.com.br\/?p=3950#primaryimage"},"thumbnailUrl":"https:\/\/blogdobispo.com.br\/wp-content\/uploads\/2024\/08\/bdd70908-5d02-4778-8676-a71ba0f44a53-1-1024x768.jpg","articleSection":["diversos"],"inLanguage":"pt-BR","potentialAction":[{"@type":"CommentAction","name":"Comment","target":["https:\/\/blogdobispo.com.br\/?p=3950#respond"]}]},{"@type":"WebPage","@id":"https:\/\/blogdobispo.com.br\/?p=3950","url":"https:\/\/blogdobispo.com.br\/?p=3950","name":"Camila re\u00fane mais de 250 l\u00edderes evang\u00e9licos para reuni\u00e3o de presta\u00e7\u00e3o de contas - Blog do Bispo","isPartOf":{"@id":"https:\/\/blogdobispo.com.br\/#website"},"primaryImageOfPage":{"@id":"https:\/\/blogdobispo.com.br\/?p=3950#primaryimage"},"image":{"@id":"https:\/\/blogdobispo.com.br\/?p=3950#primaryimage"},"thumbnailUrl":"https:\/\/blogdobispo.com.br\/wp-content\/uploads\/2024\/08\/bdd70908-5d02-4778-8676-a71ba0f44a53-1-1024x768.jpg","datePublished":"2024-08-15T12:06:21+00:00","breadcrumb":{"@id":"https:\/\/blogdobispo.com.br\/?p=3950#breadcrumb"},"inLanguage":"pt-BR","potentialAction":[{"@type":"ReadAction","target":["https:\/\/blogdobispo.com.br\/?p=3950"]}]},{"@type":"ImageObject","inLanguage":"pt-BR","@id":"https:\/\/blogdobispo.com.br\/?p=3950#primaryimage","url":"https:\/\/blogdobispo.com.br\/wp-content\/uploads\/2024\/08\/bdd70908-5d02-4778-8676-a71ba0f44a53-1-1024x768.jpg","contentUrl":"https:\/\/blogdobispo.com.br\/wp-content\/uploads\/2024\/08\/bdd70908-5d02-4778-8676-a71ba0f44a53-1-1024x768.jpg"},{"@type":"BreadcrumbList","@id":"https:\/\/blogdobispo.com.br\/?p=3950#breadcrumb","itemListElement":[{"@type":"ListItem","position":1,"name":"In\u00edcio","item":"https:\/\/blogdobispo.com.br\/"},{"@type":"ListItem","position":2,"name":"Camila re\u00fane mais de 250 l\u00edderes evang\u00e9licos para reuni\u00e3o de presta\u00e7\u00e3o de contas"}]},{"@type":"WebSite","@id":"https:\/\/blogdobispo.com.br\/#website","url":"https:\/\/blogdobispo.com.br\/","name":"Blog do Bispo","description":"Comprometido apenas com o leitor","publisher":{"@id":"https:\/\/blogdobispo.com.br\/#organization"},"potentialAction":[{"@type":"SearchAction","target":{"@type":"EntryPoint","urlTemplate":"https:\/\/blogdobispo.com.br\/?s={search_term_string}"},"query-input":{"@type":"PropertyValueSpecification","valueRequired":true,"valueName":"search_term_string"}}],"inLanguage":"pt-BR"},{"@type":"Organization","@id":"https:\/\/blogdobispo.com.br\/#organization","name":"Blog do Bispo","url":"https:\/\/blogdobispo.com.br\/","logo":{"@type":"ImageObject","inLanguage":"pt-BR","@id":"https:\/\/blogdobispo.com.br\/#\/schema\/logo\/image\/","url":"http:\/\/blogdobispo.com.br\/wp-content\/uploads\/2023\/05\/cropped-headear.png","contentUrl":"http:\/\/blogdobispo.com.br\/wp-content\/uploads\/2023\/05\/cropped-headear.png","width":1500,"height":399,"caption":"Blog do Bispo"},"image":{"@id":"https:\/\/blogdobispo.com.br\/#\/schema\/logo\/image\/"}},{"@type":"Person","@id":"https:\/\/blogdobispo.com.br\/#\/schema\/person\/e2209cc0e6cea5c5233d033e997b373f","name":"Jefferson Sterfeno","image":{"@type":"ImageObject","inLanguage":"pt-BR","@id":"https:\/\/blogdobispo.com.br\/#\/schema\/person\/image\/","url":"https:\/\/secure.gravatar.com\/avatar\/0534e84764641168a677026b6d57a3f51dc7ac4db0b4f6186d9cb330d4ee1160?s=96&d=mm&r=g","contentUrl":"https:\/\/secure.gravatar.com\/avatar\/0534e84764641168a677026b6d57a3f51dc7ac4db0b4f6186d9cb330d4ee1160?s=96&d=mm&r=g","caption":"Jefferson Sterfeno"},"sameAs":["http:\/\/blogdobispo.com.br"],"url":"https:\/\/blogdobispo.com.br\/?author=1"}]}},"featured_image_urls":{"full":"","thumbnail":"","medium":"","medium_large":"","large":"","1536x1536":"","2048x2048":""},"author_info":{"display_name":"Jefferson Sterfeno","author_link":"https:\/\/blogdobispo.com.br\/?author=1"},"category_info":"<a href=\"https:\/\/blogdobispo.com.br\/?cat=1\" rel=\"category\">diversos<\/a>","tag_info":"diversos","comment_count":"0","jetpack_featured_media_url":"","jetpack_sharing_enabled":true,"_links":{"self":[{"href":"https:\/\/blogdobispo.com.br\/index.php?rest_route=\/wp\/v2\/posts\/3950","targetHints":{"allow":["GET"]}}],"collection":[{"href":"https:\/\/blogdobispo.com.br\/index.php?rest_route=\/wp\/v2\/posts"}],"about":[{"href":"https:\/\/blogdobispo.com.br\/index.php?rest_route=\/wp\/v2\/types\/post"}],"author":[{"embeddable":true,"href":"https:\/\/blogdobispo.com.br\/index.php?rest_route=\/wp\/v2\/users\/1"}],"replies":[{"embeddable":true,"href":"https:\/\/blogdobispo.com.br\/index.php?rest_route=%2Fwp%2Fv2%2Fcomments&post=3950"}],"version-history":[{"count":0,"href":"https:\/\/blogdobispo.com.br\/index.php?rest_route=\/wp\/v2\/posts\/3950\/revisions"}],"wp:attachment":[{"href":"https:\/\/blogdobispo.com.br\/index.php?rest_route=%2Fwp%2Fv2%2Fmedia&parent=3950"}],"wp:term":[{"taxonomy":"category","embeddable":true,"href":"https:\/\/blogdobispo.com.br\/index.php?rest_route=%2Fwp%2Fv2%2Fcategories&post=3950"},{"taxonomy":"post_tag","embeddable":true,"href":"https:\/\/blogdobispo.com.br\/index.php?rest_route=%2Fwp%2Fv2%2Ftags&post=3950"}],"curies":[{"name":"wp","href":"https:\/\/api.w.org\/{rel}","templated":true}]}}