{"id":3927,"date":"2024-08-05T12:22:32","date_gmt":"2024-08-05T12:22:32","guid":{"rendered":"https:\/\/blogdobispo.com.br\/?p=3927"},"modified":"2024-08-05T12:22:32","modified_gmt":"2024-08-05T12:22:32","slug":"deputado-vivaldo-costa-declara-apoio-as-candidaturas-de-iron-jr-e-carlos-alberto-pra-prefeito-e-do-blogueiro-alexsandro-passarinho-para-vereador-em-jardim-do-serido","status":"publish","type":"post","link":"https:\/\/blogdobispo.com.br\/?p=3927","title":{"rendered":"DEPUTADO VIVALDO COSTA DECLARA APOIO AS CANDIDATURAS DE IRON JR E CARLOS ALBERTO PRA PREFEITO E DO BLOGUEIRO ALEXSANDRO PASSARINHO PARA VEREADOR EM JARDIM DO SERID\u00d3"},"content":{"rendered":"\n<figure class=\"wp-block-image size-large\"><img data-recalc-dims=\"1\" fetchpriority=\"high\" decoding=\"async\" width=\"576\" height=\"1024\" src=\"https:\/\/i0.wp.com\/blogdobispo.com.br\/wp-content\/uploads\/2024\/08\/9a2b64a6-5728-4de1-b308-6ec63cba563a-1-576x1024.jpg?resize=576%2C1024&#038;ssl=1\" class=\"wp-image-3926\" srcset=\"https:\/\/i0.wp.com\/blogdobispo.com.br\/wp-content\/uploads\/2024\/08\/9a2b64a6-5728-4de1-b308-6ec63cba563a-1.jpg?resize=576%2C1024&amp;ssl=1 576w, https:\/\/i0.wp.com\/blogdobispo.com.br\/wp-content\/uploads\/2024\/08\/9a2b64a6-5728-4de1-b308-6ec63cba563a-1.jpg?resize=169%2C300&amp;ssl=1 169w, https:\/\/i0.wp.com\/blogdobispo.com.br\/wp-content\/uploads\/2024\/08\/9a2b64a6-5728-4de1-b308-6ec63cba563a-1.jpg?resize=768%2C1365&amp;ssl=1 768w, https:\/\/i0.wp.com\/blogdobispo.com.br\/wp-content\/uploads\/2024\/08\/9a2b64a6-5728-4de1-b308-6ec63cba563a-1.jpg?resize=864%2C1536&amp;ssl=1 864w, https:\/\/i0.wp.com\/blogdobispo.com.br\/wp-content\/uploads\/2024\/08\/9a2b64a6-5728-4de1-b308-6ec63cba563a-1.jpg?w=900&amp;ssl=1 900w\" sizes=\"(max-width: 576px) 100vw, 576px\" \/><\/figure>\n\n\n\n<p><\/p>\n\n\n\n<p>O deputado Vivaldo Costa, n\u00e3o pode est\u00e1 presente na conven\u00e7\u00e3o que homologou os nomes de Iron Jr. E Carlos Alberto para prefeito e vice em Jardim do Serid\u00f3, mas n\u00e3o ficou de fora do maior evento de conven\u00e7\u00e3o pol\u00edtica da cidade, de todos os tempos. na oportunidade Vivaldo Mandou um \u00e1udio de mais de 1 minuto e disse que seus candidatos em Jardim \u00e9 Iron Jr. Pra prefeito e pra vereador vai apoiar o Blogueiro Alexsandro Passarinho na corrida por uma vaga na C\u00e2mara Municipal, por que segundo Vivaldo passarinho est\u00e1 pronto pra se tornar vereador em Jardim do Serid\u00f3.<\/p>\n","protected":false},"excerpt":{"rendered":"<p>O deputado Vivaldo Costa, n\u00e3o pode est\u00e1 presente na conven\u00e7\u00e3o que homologou os nomes de Iron Jr. E Carlos Alberto para prefeito e vice em Jardim do Serid\u00f3, mas n\u00e3o ficou de fora do maior evento de conven\u00e7\u00e3o pol\u00edtica da cidade, de todos os tempos. na oportunidade Vivaldo Mandou um \u00e1udio de mais de 1 [&hellip;]<\/p>\n","protected":false},"author":1,"featured_media":0,"comment_status":"open","ping_status":"open","sticky":false,"template":"","format":"standard","meta":{"cybocfi_hide_featured_image":"","_jetpack_memberships_contains_paid_content":false,"footnotes":""},"categories":[1],"tags":[],"class_list":["post-3927","post","type-post","status-publish","format-standard","hentry","category-diversos"],"yoast_head":"<!-- This site is optimized with the Yoast SEO plugin v25.6 - https:\/\/yoast.com\/wordpress\/plugins\/seo\/ -->\n<title>DEPUTADO VIVALDO COSTA DECLARA APOIO AS CANDIDATURAS DE IRON JR E CARLOS ALBERTO PRA PREFEITO E DO BLOGUEIRO ALEXSANDRO PASSARINHO PARA VEREADOR EM JARDIM DO SERID\u00d3 - Blog do Bispo<\/title>\n<meta name=\"robots\" content=\"index, follow, max-snippet:-1, max-image-preview:large, max-video-preview:-1\" \/>\n<link rel=\"canonical\" href=\"https:\/\/blogdobispo.com.br\/?p=3927\" \/>\n<meta property=\"og:locale\" content=\"pt_BR\" \/>\n<meta property=\"og:type\" content=\"article\" \/>\n<meta property=\"og:title\" content=\"DEPUTADO VIVALDO COSTA DECLARA APOIO AS CANDIDATURAS DE IRON JR E CARLOS ALBERTO PRA PREFEITO E DO BLOGUEIRO ALEXSANDRO PASSARINHO PARA VEREADOR EM JARDIM DO SERID\u00d3 - Blog do Bispo\" \/>\n<meta property=\"og:description\" content=\"O deputado Vivaldo Costa, n\u00e3o pode est\u00e1 presente na conven\u00e7\u00e3o que homologou os nomes de Iron Jr. E Carlos Alberto para prefeito e vice em Jardim do Serid\u00f3, mas n\u00e3o ficou de fora do maior evento de conven\u00e7\u00e3o pol\u00edtica da cidade, de todos os tempos. na oportunidade Vivaldo Mandou um \u00e1udio de mais de 1 [&hellip;]\" \/>\n<meta property=\"og:url\" content=\"https:\/\/blogdobispo.com.br\/?p=3927\" \/>\n<meta property=\"og:site_name\" content=\"Blog do Bispo\" \/>\n<meta property=\"article:published_time\" content=\"2024-08-05T12:22:32+00:00\" \/>\n<meta property=\"og:image\" content=\"https:\/\/blogdobispo.com.br\/wp-content\/uploads\/2024\/08\/9a2b64a6-5728-4de1-b308-6ec63cba563a-1-576x1024.jpg\" \/>\n<meta name=\"author\" content=\"Jefferson Sterfeno\" \/>\n<meta name=\"twitter:card\" content=\"summary_large_image\" \/>\n<meta name=\"twitter:label1\" content=\"Escrito por\" \/>\n\t<meta name=\"twitter:data1\" content=\"Jefferson Sterfeno\" \/>\n\t<meta name=\"twitter:label2\" content=\"Est. tempo de leitura\" \/>\n\t<meta name=\"twitter:data2\" content=\"1 minuto\" \/>\n<script type=\"application\/ld+json\" class=\"yoast-schema-graph\">{\"@context\":\"https:\/\/schema.org\",\"@graph\":[{\"@type\":\"Article\",\"@id\":\"https:\/\/blogdobispo.com.br\/?p=3927#article\",\"isPartOf\":{\"@id\":\"https:\/\/blogdobispo.com.br\/?p=3927\"},\"author\":{\"name\":\"Jefferson Sterfeno\",\"@id\":\"https:\/\/blogdobispo.com.br\/#\/schema\/person\/e2209cc0e6cea5c5233d033e997b373f\"},\"headline\":\"DEPUTADO VIVALDO COSTA DECLARA APOIO AS CANDIDATURAS DE IRON JR E CARLOS ALBERTO PRA PREFEITO E DO BLOGUEIRO ALEXSANDRO PASSARINHO PARA VEREADOR EM JARDIM DO SERID\u00d3\",\"datePublished\":\"2024-08-05T12:22:32+00:00\",\"mainEntityOfPage\":{\"@id\":\"https:\/\/blogdobispo.com.br\/?p=3927\"},\"wordCount\":130,\"commentCount\":0,\"publisher\":{\"@id\":\"https:\/\/blogdobispo.com.br\/#organization\"},\"image\":{\"@id\":\"https:\/\/blogdobispo.com.br\/?p=3927#primaryimage\"},\"thumbnailUrl\":\"https:\/\/blogdobispo.com.br\/wp-content\/uploads\/2024\/08\/9a2b64a6-5728-4de1-b308-6ec63cba563a-1-576x1024.jpg\",\"articleSection\":[\"diversos\"],\"inLanguage\":\"pt-BR\",\"potentialAction\":[{\"@type\":\"CommentAction\",\"name\":\"Comment\",\"target\":[\"https:\/\/blogdobispo.com.br\/?p=3927#respond\"]}]},{\"@type\":\"WebPage\",\"@id\":\"https:\/\/blogdobispo.com.br\/?p=3927\",\"url\":\"https:\/\/blogdobispo.com.br\/?p=3927\",\"name\":\"DEPUTADO VIVALDO COSTA DECLARA APOIO AS CANDIDATURAS DE IRON JR E CARLOS ALBERTO PRA PREFEITO E DO BLOGUEIRO ALEXSANDRO PASSARINHO PARA VEREADOR EM JARDIM DO SERID\u00d3 - Blog do Bispo\",\"isPartOf\":{\"@id\":\"https:\/\/blogdobispo.com.br\/#website\"},\"primaryImageOfPage\":{\"@id\":\"https:\/\/blogdobispo.com.br\/?p=3927#primaryimage\"},\"image\":{\"@id\":\"https:\/\/blogdobispo.com.br\/?p=3927#primaryimage\"},\"thumbnailUrl\":\"https:\/\/blogdobispo.com.br\/wp-content\/uploads\/2024\/08\/9a2b64a6-5728-4de1-b308-6ec63cba563a-1-576x1024.jpg\",\"datePublished\":\"2024-08-05T12:22:32+00:00\",\"breadcrumb\":{\"@id\":\"https:\/\/blogdobispo.com.br\/?p=3927#breadcrumb\"},\"inLanguage\":\"pt-BR\",\"potentialAction\":[{\"@type\":\"ReadAction\",\"target\":[\"https:\/\/blogdobispo.com.br\/?p=3927\"]}]},{\"@type\":\"ImageObject\",\"inLanguage\":\"pt-BR\",\"@id\":\"https:\/\/blogdobispo.com.br\/?p=3927#primaryimage\",\"url\":\"https:\/\/blogdobispo.com.br\/wp-content\/uploads\/2024\/08\/9a2b64a6-5728-4de1-b308-6ec63cba563a-1-576x1024.jpg\",\"contentUrl\":\"https:\/\/blogdobispo.com.br\/wp-content\/uploads\/2024\/08\/9a2b64a6-5728-4de1-b308-6ec63cba563a-1-576x1024.jpg\"},{\"@type\":\"BreadcrumbList\",\"@id\":\"https:\/\/blogdobispo.com.br\/?p=3927#breadcrumb\",\"itemListElement\":[{\"@type\":\"ListItem\",\"position\":1,\"name\":\"In\u00edcio\",\"item\":\"https:\/\/blogdobispo.com.br\/\"},{\"@type\":\"ListItem\",\"position\":2,\"name\":\"DEPUTADO VIVALDO COSTA DECLARA APOIO AS CANDIDATURAS DE IRON JR E CARLOS ALBERTO PRA PREFEITO E DO BLOGUEIRO ALEXSANDRO PASSARINHO PARA VEREADOR EM JARDIM DO SERID\u00d3\"}]},{\"@type\":\"WebSite\",\"@id\":\"https:\/\/blogdobispo.com.br\/#website\",\"url\":\"https:\/\/blogdobispo.com.br\/\",\"name\":\"Blog do Bispo\",\"description\":\"Comprometido apenas com o leitor\",\"publisher\":{\"@id\":\"https:\/\/blogdobispo.com.br\/#organization\"},\"potentialAction\":[{\"@type\":\"SearchAction\",\"target\":{\"@type\":\"EntryPoint\",\"urlTemplate\":\"https:\/\/blogdobispo.com.br\/?s={search_term_string}\"},\"query-input\":{\"@type\":\"PropertyValueSpecification\",\"valueRequired\":true,\"valueName\":\"search_term_string\"}}],\"inLanguage\":\"pt-BR\"},{\"@type\":\"Organization\",\"@id\":\"https:\/\/blogdobispo.com.br\/#organization\",\"name\":\"Blog do Bispo\",\"url\":\"https:\/\/blogdobispo.com.br\/\",\"logo\":{\"@type\":\"ImageObject\",\"inLanguage\":\"pt-BR\",\"@id\":\"https:\/\/blogdobispo.com.br\/#\/schema\/logo\/image\/\",\"url\":\"http:\/\/blogdobispo.com.br\/wp-content\/uploads\/2023\/05\/cropped-headear.png\",\"contentUrl\":\"http:\/\/blogdobispo.com.br\/wp-content\/uploads\/2023\/05\/cropped-headear.png\",\"width\":1500,\"height\":399,\"caption\":\"Blog do Bispo\"},\"image\":{\"@id\":\"https:\/\/blogdobispo.com.br\/#\/schema\/logo\/image\/\"}},{\"@type\":\"Person\",\"@id\":\"https:\/\/blogdobispo.com.br\/#\/schema\/person\/e2209cc0e6cea5c5233d033e997b373f\",\"name\":\"Jefferson Sterfeno\",\"image\":{\"@type\":\"ImageObject\",\"inLanguage\":\"pt-BR\",\"@id\":\"https:\/\/blogdobispo.com.br\/#\/schema\/person\/image\/\",\"url\":\"https:\/\/secure.gravatar.com\/avatar\/0534e84764641168a677026b6d57a3f51dc7ac4db0b4f6186d9cb330d4ee1160?s=96&d=mm&r=g\",\"contentUrl\":\"https:\/\/secure.gravatar.com\/avatar\/0534e84764641168a677026b6d57a3f51dc7ac4db0b4f6186d9cb330d4ee1160?s=96&d=mm&r=g\",\"caption\":\"Jefferson Sterfeno\"},\"sameAs\":[\"http:\/\/blogdobispo.com.br\"],\"url\":\"https:\/\/blogdobispo.com.br\/?author=1\"}]}<\/script>\n<!-- \/ Yoast SEO plugin. -->","yoast_head_json":{"title":"DEPUTADO VIVALDO COSTA DECLARA APOIO AS CANDIDATURAS DE IRON JR E CARLOS ALBERTO PRA PREFEITO E DO BLOGUEIRO ALEXSANDRO PASSARINHO PARA VEREADOR EM JARDIM DO SERID\u00d3 - Blog do Bispo","robots":{"index":"index","follow":"follow","max-snippet":"max-snippet:-1","max-image-preview":"max-image-preview:large","max-video-preview":"max-video-preview:-1"},"canonical":"https:\/\/blogdobispo.com.br\/?p=3927","og_locale":"pt_BR","og_type":"article","og_title":"DEPUTADO VIVALDO COSTA DECLARA APOIO AS CANDIDATURAS DE IRON JR E CARLOS ALBERTO PRA PREFEITO E DO BLOGUEIRO ALEXSANDRO PASSARINHO PARA VEREADOR EM JARDIM DO SERID\u00d3 - Blog do Bispo","og_description":"O deputado Vivaldo Costa, n\u00e3o pode est\u00e1 presente na conven\u00e7\u00e3o que homologou os nomes de Iron Jr. E Carlos Alberto para prefeito e vice em Jardim do Serid\u00f3, mas n\u00e3o ficou de fora do maior evento de conven\u00e7\u00e3o pol\u00edtica da cidade, de todos os tempos. na oportunidade Vivaldo Mandou um \u00e1udio de mais de 1 [&hellip;]","og_url":"https:\/\/blogdobispo.com.br\/?p=3927","og_site_name":"Blog do Bispo","article_published_time":"2024-08-05T12:22:32+00:00","og_image":[{"url":"https:\/\/blogdobispo.com.br\/wp-content\/uploads\/2024\/08\/9a2b64a6-5728-4de1-b308-6ec63cba563a-1-576x1024.jpg","type":"","width":"","height":""}],"author":"Jefferson Sterfeno","twitter_card":"summary_large_image","twitter_misc":{"Escrito por":"Jefferson Sterfeno","Est. tempo de leitura":"1 minuto"},"schema":{"@context":"https:\/\/schema.org","@graph":[{"@type":"Article","@id":"https:\/\/blogdobispo.com.br\/?p=3927#article","isPartOf":{"@id":"https:\/\/blogdobispo.com.br\/?p=3927"},"author":{"name":"Jefferson Sterfeno","@id":"https:\/\/blogdobispo.com.br\/#\/schema\/person\/e2209cc0e6cea5c5233d033e997b373f"},"headline":"DEPUTADO VIVALDO COSTA DECLARA APOIO AS CANDIDATURAS DE IRON JR E CARLOS ALBERTO PRA PREFEITO E DO BLOGUEIRO ALEXSANDRO PASSARINHO PARA VEREADOR EM JARDIM DO SERID\u00d3","datePublished":"2024-08-05T12:22:32+00:00","mainEntityOfPage":{"@id":"https:\/\/blogdobispo.com.br\/?p=3927"},"wordCount":130,"commentCount":0,"publisher":{"@id":"https:\/\/blogdobispo.com.br\/#organization"},"image":{"@id":"https:\/\/blogdobispo.com.br\/?p=3927#primaryimage"},"thumbnailUrl":"https:\/\/blogdobispo.com.br\/wp-content\/uploads\/2024\/08\/9a2b64a6-5728-4de1-b308-6ec63cba563a-1-576x1024.jpg","articleSection":["diversos"],"inLanguage":"pt-BR","potentialAction":[{"@type":"CommentAction","name":"Comment","target":["https:\/\/blogdobispo.com.br\/?p=3927#respond"]}]},{"@type":"WebPage","@id":"https:\/\/blogdobispo.com.br\/?p=3927","url":"https:\/\/blogdobispo.com.br\/?p=3927","name":"DEPUTADO VIVALDO COSTA DECLARA APOIO AS CANDIDATURAS DE IRON JR E CARLOS ALBERTO PRA PREFEITO E DO BLOGUEIRO ALEXSANDRO PASSARINHO PARA VEREADOR EM JARDIM DO SERID\u00d3 - Blog do Bispo","isPartOf":{"@id":"https:\/\/blogdobispo.com.br\/#website"},"primaryImageOfPage":{"@id":"https:\/\/blogdobispo.com.br\/?p=3927#primaryimage"},"image":{"@id":"https:\/\/blogdobispo.com.br\/?p=3927#primaryimage"},"thumbnailUrl":"https:\/\/blogdobispo.com.br\/wp-content\/uploads\/2024\/08\/9a2b64a6-5728-4de1-b308-6ec63cba563a-1-576x1024.jpg","datePublished":"2024-08-05T12:22:32+00:00","breadcrumb":{"@id":"https:\/\/blogdobispo.com.br\/?p=3927#breadcrumb"},"inLanguage":"pt-BR","potentialAction":[{"@type":"ReadAction","target":["https:\/\/blogdobispo.com.br\/?p=3927"]}]},{"@type":"ImageObject","inLanguage":"pt-BR","@id":"https:\/\/blogdobispo.com.br\/?p=3927#primaryimage","url":"https:\/\/blogdobispo.com.br\/wp-content\/uploads\/2024\/08\/9a2b64a6-5728-4de1-b308-6ec63cba563a-1-576x1024.jpg","contentUrl":"https:\/\/blogdobispo.com.br\/wp-content\/uploads\/2024\/08\/9a2b64a6-5728-4de1-b308-6ec63cba563a-1-576x1024.jpg"},{"@type":"BreadcrumbList","@id":"https:\/\/blogdobispo.com.br\/?p=3927#breadcrumb","itemListElement":[{"@type":"ListItem","position":1,"name":"In\u00edcio","item":"https:\/\/blogdobispo.com.br\/"},{"@type":"ListItem","position":2,"name":"DEPUTADO VIVALDO COSTA DECLARA APOIO AS CANDIDATURAS DE IRON JR E CARLOS ALBERTO PRA PREFEITO E DO BLOGUEIRO ALEXSANDRO PASSARINHO PARA VEREADOR EM JARDIM DO SERID\u00d3"}]},{"@type":"WebSite","@id":"https:\/\/blogdobispo.com.br\/#website","url":"https:\/\/blogdobispo.com.br\/","name":"Blog do Bispo","description":"Comprometido apenas com o leitor","publisher":{"@id":"https:\/\/blogdobispo.com.br\/#organization"},"potentialAction":[{"@type":"SearchAction","target":{"@type":"EntryPoint","urlTemplate":"https:\/\/blogdobispo.com.br\/?s={search_term_string}"},"query-input":{"@type":"PropertyValueSpecification","valueRequired":true,"valueName":"search_term_string"}}],"inLanguage":"pt-BR"},{"@type":"Organization","@id":"https:\/\/blogdobispo.com.br\/#organization","name":"Blog do Bispo","url":"https:\/\/blogdobispo.com.br\/","logo":{"@type":"ImageObject","inLanguage":"pt-BR","@id":"https:\/\/blogdobispo.com.br\/#\/schema\/logo\/image\/","url":"http:\/\/blogdobispo.com.br\/wp-content\/uploads\/2023\/05\/cropped-headear.png","contentUrl":"http:\/\/blogdobispo.com.br\/wp-content\/uploads\/2023\/05\/cropped-headear.png","width":1500,"height":399,"caption":"Blog do Bispo"},"image":{"@id":"https:\/\/blogdobispo.com.br\/#\/schema\/logo\/image\/"}},{"@type":"Person","@id":"https:\/\/blogdobispo.com.br\/#\/schema\/person\/e2209cc0e6cea5c5233d033e997b373f","name":"Jefferson Sterfeno","image":{"@type":"ImageObject","inLanguage":"pt-BR","@id":"https:\/\/blogdobispo.com.br\/#\/schema\/person\/image\/","url":"https:\/\/secure.gravatar.com\/avatar\/0534e84764641168a677026b6d57a3f51dc7ac4db0b4f6186d9cb330d4ee1160?s=96&d=mm&r=g","contentUrl":"https:\/\/secure.gravatar.com\/avatar\/0534e84764641168a677026b6d57a3f51dc7ac4db0b4f6186d9cb330d4ee1160?s=96&d=mm&r=g","caption":"Jefferson Sterfeno"},"sameAs":["http:\/\/blogdobispo.com.br"],"url":"https:\/\/blogdobispo.com.br\/?author=1"}]}},"featured_image_urls":{"full":"","thumbnail":"","medium":"","medium_large":"","large":"","1536x1536":"","2048x2048":""},"author_info":{"display_name":"Jefferson Sterfeno","author_link":"https:\/\/blogdobispo.com.br\/?author=1"},"category_info":"<a href=\"https:\/\/blogdobispo.com.br\/?cat=1\" rel=\"category\">diversos<\/a>","tag_info":"diversos","comment_count":"0","jetpack_featured_media_url":"","jetpack_sharing_enabled":true,"_links":{"self":[{"href":"https:\/\/blogdobispo.com.br\/index.php?rest_route=\/wp\/v2\/posts\/3927","targetHints":{"allow":["GET"]}}],"collection":[{"href":"https:\/\/blogdobispo.com.br\/index.php?rest_route=\/wp\/v2\/posts"}],"about":[{"href":"https:\/\/blogdobispo.com.br\/index.php?rest_route=\/wp\/v2\/types\/post"}],"author":[{"embeddable":true,"href":"https:\/\/blogdobispo.com.br\/index.php?rest_route=\/wp\/v2\/users\/1"}],"replies":[{"embeddable":true,"href":"https:\/\/blogdobispo.com.br\/index.php?rest_route=%2Fwp%2Fv2%2Fcomments&post=3927"}],"version-history":[{"count":0,"href":"https:\/\/blogdobispo.com.br\/index.php?rest_route=\/wp\/v2\/posts\/3927\/revisions"}],"wp:attachment":[{"href":"https:\/\/blogdobispo.com.br\/index.php?rest_route=%2Fwp%2Fv2%2Fmedia&parent=3927"}],"wp:term":[{"taxonomy":"category","embeddable":true,"href":"https:\/\/blogdobispo.com.br\/index.php?rest_route=%2Fwp%2Fv2%2Fcategories&post=3927"},{"taxonomy":"post_tag","embeddable":true,"href":"https:\/\/blogdobispo.com.br\/index.php?rest_route=%2Fwp%2Fv2%2Ftags&post=3927"}],"curies":[{"name":"wp","href":"https:\/\/api.w.org\/{rel}","templated":true}]}}