{"id":3752,"date":"2024-06-27T16:58:57","date_gmt":"2024-06-27T16:58:57","guid":{"rendered":"https:\/\/blogdobispo.com.br\/?p=3752"},"modified":"2024-06-27T16:58:57","modified_gmt":"2024-06-27T16:58:57","slug":"3-arraia-saogoncalao-um-sucesso-de-tradicao-e-alegria","status":"publish","type":"post","link":"https:\/\/blogdobispo.com.br\/?p=3752","title":{"rendered":"3\u00b0 Arrai\u00e1 S\u00e3oGon\u00e7al\u00e3o: Um Sucesso de Tradi\u00e7\u00e3o e Alegria"},"content":{"rendered":"\n<figure class=\"wp-block-image size-large\"><img data-recalc-dims=\"1\" fetchpriority=\"high\" decoding=\"async\" width=\"800\" height=\"533\" src=\"https:\/\/i0.wp.com\/blogdobispo.com.br\/wp-content\/uploads\/2024\/06\/07c85b5f-4f57-4c74-bf73-55d91735b9c3-1-1024x682.jpg?resize=800%2C533&#038;ssl=1\" class=\"wp-image-3751\" srcset=\"https:\/\/i0.wp.com\/blogdobispo.com.br\/wp-content\/uploads\/2024\/06\/07c85b5f-4f57-4c74-bf73-55d91735b9c3-1.jpg?resize=1024%2C682&amp;ssl=1 1024w, https:\/\/i0.wp.com\/blogdobispo.com.br\/wp-content\/uploads\/2024\/06\/07c85b5f-4f57-4c74-bf73-55d91735b9c3-1.jpg?resize=300%2C200&amp;ssl=1 300w, https:\/\/i0.wp.com\/blogdobispo.com.br\/wp-content\/uploads\/2024\/06\/07c85b5f-4f57-4c74-bf73-55d91735b9c3-1.jpg?resize=768%2C512&amp;ssl=1 768w, https:\/\/i0.wp.com\/blogdobispo.com.br\/wp-content\/uploads\/2024\/06\/07c85b5f-4f57-4c74-bf73-55d91735b9c3-1.jpg?w=1280&amp;ssl=1 1280w\" sizes=\"(max-width: 800px) 100vw, 800px\" \/><\/figure>\n\n\n\n<p><\/p>\n\n\n\n<p>A Prefeitura de S\u00e3o Gon\u00e7alo, em parceria com a LIQUAJUTERN est\u00e3o de parab\u00e9ns pelo sucesso do 3\u00b0 Arrai\u00e1 S\u00e3oGon\u00e7al\u00e3o. O evento, que aconteceu entre os dias 19 e 24 de junho, foi um verdadeiro espet\u00e1culo de cultura, tradi\u00e7\u00e3o e divers\u00e3o.<\/p>\n\n\n\n<p>A festa come\u00e7ou na quarta-feira (19) com a emocionante apresenta\u00e7\u00e3o &#8220;Ant\u00f4nio, o santo do mundo inteiro&#8221;. Ao longo dos seis dias de evento, diversas atra\u00e7\u00f5es encantaram o p\u00fablico, culminando na noite de segunda-feira (24) com as apresenta\u00e7\u00f5es das Quadrilhas Juninas e a escolha das campe\u00e3s de 2024.<\/p>\n\n\n\n<p>Um dos destaques foi o \u201cForr\u00f3 do Breu\u201d na pra\u00e7a, onde v\u00e1rios artistas locais se apresentaram, trazendo ainda mais tradi\u00e7\u00e3o e anima\u00e7\u00e3o para as noites do festival.<\/p>\n\n\n\n<p>&#8220;Estamos muito felizes com o sucesso do 3\u00b0 Arrai\u00e1 S\u00e3oGon\u00e7al\u00e3o. Este evento n\u00e3o s\u00f3 destaca a nossa rica tradi\u00e7\u00e3o cultural, mas tamb\u00e9m fortalece o com\u00e9rcio local e traz desenvolvimento para a nossa cidade. Parab\u00e9ns a todos os envolvidos na organiza\u00e7\u00e3o e a todos que participaram dessa linda festa.&#8221; Eraldo Paiva, Prefeito de S\u00e3o Gon\u00e7alo do Amarante.<\/p>\n\n\n\n<p>A organiza\u00e7\u00e3o do evento foi impec\u00e1vel, gra\u00e7as ao empenho da Secretaria de Comunica\u00e7\u00e3o e Eventos, DEMUTRAN, Guarda Municipal, Secretaria de Sa\u00fade e Funda\u00e7\u00e3o Cultural Dona Militana. A estrutura diferenciada contou com a valiosa parceria da LIQUAJUTERN (Liga Independente de Quadrilhas Juninas do Estado do Rio Grande do Norte), garantindo o conforto e a seguran\u00e7a de todos os presentes.<\/p>\n\n\n\n<p>&#8220;A Funda\u00e7\u00e3o Cultural Dona Militana tem o orgulho de ser parte deste evento que celebra a nossa identidade e as nossas tradi\u00e7\u00f5es. O 3\u00b0 Arrai\u00e1 S\u00e3oGon\u00e7al\u00e3o \u00e9 um exemplo de como a cultura popular pode unir a comunidade, promover a economia local e trazer alegria a todos.&#8221; Destacou Nildo Campos, Presidente da Funda\u00e7\u00e3o Cultural Dona Militana.<\/p>\n\n\n\n<p>Al\u00e9m de proporcionar divers\u00e3o e cultura, o 3\u00b0 Arrai\u00e1 S\u00e3oGon\u00e7al\u00e3o movimentou significativamente o com\u00e9rcio local. Ambulantes, lojas de roupas, sal\u00f5es de beleza e outros estabelecimentos aproveitaram o aumento do fluxo de pessoas para incrementar suas vendas.<\/p>\n\n\n\n<p>Um destaque especial vai para a Quadrilha Brilho Maturo, que conquistou o t\u00edtulo de Campe\u00e3 na categoria tradicional. Na categoria estilizada, a Quadrilha Bal\u00e3o Dourado ficou com o primeiro lugar, seguida pela Cora\u00e7\u00e3o Nordestino, que ficou em segundo.<\/p>\n\n\n\n<p>Parab\u00e9ns a todos os envolvidos na organiza\u00e7\u00e3o deste evento grandioso e \u00e0s quadrilhas vencedoras. O 3\u00b0 Arrai\u00e1 S\u00e3oGon\u00e7al\u00e3o foi um grande sucesso e, com certeza, j\u00e1 deixa todos ansiosos para a edi\u00e7\u00e3o de 2025 dessa linda festa. Que venham mais momentos de alegria e celebra\u00e7\u00e3o da nossa cultura!<\/p>\n","protected":false},"excerpt":{"rendered":"<p>A Prefeitura de S\u00e3o Gon\u00e7alo, em parceria com a LIQUAJUTERN est\u00e3o de parab\u00e9ns pelo sucesso do 3\u00b0 Arrai\u00e1 S\u00e3oGon\u00e7al\u00e3o. O evento, que aconteceu entre os dias 19 e 24 de junho, foi um verdadeiro espet\u00e1culo de cultura, tradi\u00e7\u00e3o e divers\u00e3o. A festa come\u00e7ou na quarta-feira (19) com a emocionante apresenta\u00e7\u00e3o &#8220;Ant\u00f4nio, o santo do mundo [&hellip;]<\/p>\n","protected":false},"author":1,"featured_media":0,"comment_status":"open","ping_status":"open","sticky":false,"template":"","format":"standard","meta":{"cybocfi_hide_featured_image":"","_jetpack_memberships_contains_paid_content":false,"footnotes":""},"categories":[1],"tags":[],"class_list":["post-3752","post","type-post","status-publish","format-standard","hentry","category-diversos"],"yoast_head":"<!-- This site is optimized with the Yoast SEO plugin v25.6 - https:\/\/yoast.com\/wordpress\/plugins\/seo\/ -->\n<title>3\u00b0 Arrai\u00e1 S\u00e3oGon\u00e7al\u00e3o: Um Sucesso de Tradi\u00e7\u00e3o e Alegria - Blog do Bispo<\/title>\n<meta name=\"robots\" content=\"index, follow, max-snippet:-1, max-image-preview:large, max-video-preview:-1\" \/>\n<link rel=\"canonical\" href=\"https:\/\/blogdobispo.com.br\/?p=3752\" \/>\n<meta property=\"og:locale\" content=\"pt_BR\" \/>\n<meta property=\"og:type\" content=\"article\" \/>\n<meta property=\"og:title\" content=\"3\u00b0 Arrai\u00e1 S\u00e3oGon\u00e7al\u00e3o: Um Sucesso de Tradi\u00e7\u00e3o e Alegria - Blog do Bispo\" \/>\n<meta property=\"og:description\" content=\"A Prefeitura de S\u00e3o Gon\u00e7alo, em parceria com a LIQUAJUTERN est\u00e3o de parab\u00e9ns pelo sucesso do 3\u00b0 Arrai\u00e1 S\u00e3oGon\u00e7al\u00e3o. O evento, que aconteceu entre os dias 19 e 24 de junho, foi um verdadeiro espet\u00e1culo de cultura, tradi\u00e7\u00e3o e divers\u00e3o. A festa come\u00e7ou na quarta-feira (19) com a emocionante apresenta\u00e7\u00e3o &#8220;Ant\u00f4nio, o santo do mundo [&hellip;]\" \/>\n<meta property=\"og:url\" content=\"https:\/\/blogdobispo.com.br\/?p=3752\" \/>\n<meta property=\"og:site_name\" content=\"Blog do Bispo\" \/>\n<meta property=\"article:published_time\" content=\"2024-06-27T16:58:57+00:00\" \/>\n<meta property=\"og:image\" content=\"https:\/\/blogdobispo.com.br\/wp-content\/uploads\/2024\/06\/07c85b5f-4f57-4c74-bf73-55d91735b9c3-1-1024x682.jpg\" \/>\n<meta name=\"author\" content=\"Jefferson Sterfeno\" \/>\n<meta name=\"twitter:card\" content=\"summary_large_image\" \/>\n<meta name=\"twitter:label1\" content=\"Escrito por\" \/>\n\t<meta name=\"twitter:data1\" content=\"Jefferson Sterfeno\" \/>\n\t<meta name=\"twitter:label2\" content=\"Est. tempo de leitura\" \/>\n\t<meta name=\"twitter:data2\" content=\"2 minutos\" \/>\n<script type=\"application\/ld+json\" class=\"yoast-schema-graph\">{\"@context\":\"https:\/\/schema.org\",\"@graph\":[{\"@type\":\"Article\",\"@id\":\"https:\/\/blogdobispo.com.br\/?p=3752#article\",\"isPartOf\":{\"@id\":\"https:\/\/blogdobispo.com.br\/?p=3752\"},\"author\":{\"name\":\"Jefferson Sterfeno\",\"@id\":\"https:\/\/blogdobispo.com.br\/#\/schema\/person\/e2209cc0e6cea5c5233d033e997b373f\"},\"headline\":\"3\u00b0 Arrai\u00e1 S\u00e3oGon\u00e7al\u00e3o: Um Sucesso de Tradi\u00e7\u00e3o e Alegria\",\"datePublished\":\"2024-06-27T16:58:57+00:00\",\"mainEntityOfPage\":{\"@id\":\"https:\/\/blogdobispo.com.br\/?p=3752\"},\"wordCount\":468,\"commentCount\":0,\"publisher\":{\"@id\":\"https:\/\/blogdobispo.com.br\/#organization\"},\"image\":{\"@id\":\"https:\/\/blogdobispo.com.br\/?p=3752#primaryimage\"},\"thumbnailUrl\":\"https:\/\/blogdobispo.com.br\/wp-content\/uploads\/2024\/06\/07c85b5f-4f57-4c74-bf73-55d91735b9c3-1-1024x682.jpg\",\"articleSection\":[\"diversos\"],\"inLanguage\":\"pt-BR\",\"potentialAction\":[{\"@type\":\"CommentAction\",\"name\":\"Comment\",\"target\":[\"https:\/\/blogdobispo.com.br\/?p=3752#respond\"]}]},{\"@type\":\"WebPage\",\"@id\":\"https:\/\/blogdobispo.com.br\/?p=3752\",\"url\":\"https:\/\/blogdobispo.com.br\/?p=3752\",\"name\":\"3\u00b0 Arrai\u00e1 S\u00e3oGon\u00e7al\u00e3o: Um Sucesso de Tradi\u00e7\u00e3o e Alegria - Blog do Bispo\",\"isPartOf\":{\"@id\":\"https:\/\/blogdobispo.com.br\/#website\"},\"primaryImageOfPage\":{\"@id\":\"https:\/\/blogdobispo.com.br\/?p=3752#primaryimage\"},\"image\":{\"@id\":\"https:\/\/blogdobispo.com.br\/?p=3752#primaryimage\"},\"thumbnailUrl\":\"https:\/\/blogdobispo.com.br\/wp-content\/uploads\/2024\/06\/07c85b5f-4f57-4c74-bf73-55d91735b9c3-1-1024x682.jpg\",\"datePublished\":\"2024-06-27T16:58:57+00:00\",\"breadcrumb\":{\"@id\":\"https:\/\/blogdobispo.com.br\/?p=3752#breadcrumb\"},\"inLanguage\":\"pt-BR\",\"potentialAction\":[{\"@type\":\"ReadAction\",\"target\":[\"https:\/\/blogdobispo.com.br\/?p=3752\"]}]},{\"@type\":\"ImageObject\",\"inLanguage\":\"pt-BR\",\"@id\":\"https:\/\/blogdobispo.com.br\/?p=3752#primaryimage\",\"url\":\"https:\/\/blogdobispo.com.br\/wp-content\/uploads\/2024\/06\/07c85b5f-4f57-4c74-bf73-55d91735b9c3-1-1024x682.jpg\",\"contentUrl\":\"https:\/\/blogdobispo.com.br\/wp-content\/uploads\/2024\/06\/07c85b5f-4f57-4c74-bf73-55d91735b9c3-1-1024x682.jpg\"},{\"@type\":\"BreadcrumbList\",\"@id\":\"https:\/\/blogdobispo.com.br\/?p=3752#breadcrumb\",\"itemListElement\":[{\"@type\":\"ListItem\",\"position\":1,\"name\":\"In\u00edcio\",\"item\":\"https:\/\/blogdobispo.com.br\/\"},{\"@type\":\"ListItem\",\"position\":2,\"name\":\"3\u00b0 Arrai\u00e1 S\u00e3oGon\u00e7al\u00e3o: Um Sucesso de Tradi\u00e7\u00e3o e Alegria\"}]},{\"@type\":\"WebSite\",\"@id\":\"https:\/\/blogdobispo.com.br\/#website\",\"url\":\"https:\/\/blogdobispo.com.br\/\",\"name\":\"Blog do Bispo\",\"description\":\"Comprometido apenas com o leitor\",\"publisher\":{\"@id\":\"https:\/\/blogdobispo.com.br\/#organization\"},\"potentialAction\":[{\"@type\":\"SearchAction\",\"target\":{\"@type\":\"EntryPoint\",\"urlTemplate\":\"https:\/\/blogdobispo.com.br\/?s={search_term_string}\"},\"query-input\":{\"@type\":\"PropertyValueSpecification\",\"valueRequired\":true,\"valueName\":\"search_term_string\"}}],\"inLanguage\":\"pt-BR\"},{\"@type\":\"Organization\",\"@id\":\"https:\/\/blogdobispo.com.br\/#organization\",\"name\":\"Blog do Bispo\",\"url\":\"https:\/\/blogdobispo.com.br\/\",\"logo\":{\"@type\":\"ImageObject\",\"inLanguage\":\"pt-BR\",\"@id\":\"https:\/\/blogdobispo.com.br\/#\/schema\/logo\/image\/\",\"url\":\"http:\/\/blogdobispo.com.br\/wp-content\/uploads\/2023\/05\/cropped-headear.png\",\"contentUrl\":\"http:\/\/blogdobispo.com.br\/wp-content\/uploads\/2023\/05\/cropped-headear.png\",\"width\":1500,\"height\":399,\"caption\":\"Blog do Bispo\"},\"image\":{\"@id\":\"https:\/\/blogdobispo.com.br\/#\/schema\/logo\/image\/\"}},{\"@type\":\"Person\",\"@id\":\"https:\/\/blogdobispo.com.br\/#\/schema\/person\/e2209cc0e6cea5c5233d033e997b373f\",\"name\":\"Jefferson Sterfeno\",\"image\":{\"@type\":\"ImageObject\",\"inLanguage\":\"pt-BR\",\"@id\":\"https:\/\/blogdobispo.com.br\/#\/schema\/person\/image\/\",\"url\":\"https:\/\/secure.gravatar.com\/avatar\/0534e84764641168a677026b6d57a3f51dc7ac4db0b4f6186d9cb330d4ee1160?s=96&d=mm&r=g\",\"contentUrl\":\"https:\/\/secure.gravatar.com\/avatar\/0534e84764641168a677026b6d57a3f51dc7ac4db0b4f6186d9cb330d4ee1160?s=96&d=mm&r=g\",\"caption\":\"Jefferson Sterfeno\"},\"sameAs\":[\"http:\/\/blogdobispo.com.br\"],\"url\":\"https:\/\/blogdobispo.com.br\/?author=1\"}]}<\/script>\n<!-- \/ Yoast SEO plugin. -->","yoast_head_json":{"title":"3\u00b0 Arrai\u00e1 S\u00e3oGon\u00e7al\u00e3o: Um Sucesso de Tradi\u00e7\u00e3o e Alegria - Blog do Bispo","robots":{"index":"index","follow":"follow","max-snippet":"max-snippet:-1","max-image-preview":"max-image-preview:large","max-video-preview":"max-video-preview:-1"},"canonical":"https:\/\/blogdobispo.com.br\/?p=3752","og_locale":"pt_BR","og_type":"article","og_title":"3\u00b0 Arrai\u00e1 S\u00e3oGon\u00e7al\u00e3o: Um Sucesso de Tradi\u00e7\u00e3o e Alegria - Blog do Bispo","og_description":"A Prefeitura de S\u00e3o Gon\u00e7alo, em parceria com a LIQUAJUTERN est\u00e3o de parab\u00e9ns pelo sucesso do 3\u00b0 Arrai\u00e1 S\u00e3oGon\u00e7al\u00e3o. O evento, que aconteceu entre os dias 19 e 24 de junho, foi um verdadeiro espet\u00e1culo de cultura, tradi\u00e7\u00e3o e divers\u00e3o. A festa come\u00e7ou na quarta-feira (19) com a emocionante apresenta\u00e7\u00e3o &#8220;Ant\u00f4nio, o santo do mundo [&hellip;]","og_url":"https:\/\/blogdobispo.com.br\/?p=3752","og_site_name":"Blog do Bispo","article_published_time":"2024-06-27T16:58:57+00:00","og_image":[{"url":"https:\/\/blogdobispo.com.br\/wp-content\/uploads\/2024\/06\/07c85b5f-4f57-4c74-bf73-55d91735b9c3-1-1024x682.jpg","type":"","width":"","height":""}],"author":"Jefferson Sterfeno","twitter_card":"summary_large_image","twitter_misc":{"Escrito por":"Jefferson Sterfeno","Est. tempo de leitura":"2 minutos"},"schema":{"@context":"https:\/\/schema.org","@graph":[{"@type":"Article","@id":"https:\/\/blogdobispo.com.br\/?p=3752#article","isPartOf":{"@id":"https:\/\/blogdobispo.com.br\/?p=3752"},"author":{"name":"Jefferson Sterfeno","@id":"https:\/\/blogdobispo.com.br\/#\/schema\/person\/e2209cc0e6cea5c5233d033e997b373f"},"headline":"3\u00b0 Arrai\u00e1 S\u00e3oGon\u00e7al\u00e3o: Um Sucesso de Tradi\u00e7\u00e3o e Alegria","datePublished":"2024-06-27T16:58:57+00:00","mainEntityOfPage":{"@id":"https:\/\/blogdobispo.com.br\/?p=3752"},"wordCount":468,"commentCount":0,"publisher":{"@id":"https:\/\/blogdobispo.com.br\/#organization"},"image":{"@id":"https:\/\/blogdobispo.com.br\/?p=3752#primaryimage"},"thumbnailUrl":"https:\/\/blogdobispo.com.br\/wp-content\/uploads\/2024\/06\/07c85b5f-4f57-4c74-bf73-55d91735b9c3-1-1024x682.jpg","articleSection":["diversos"],"inLanguage":"pt-BR","potentialAction":[{"@type":"CommentAction","name":"Comment","target":["https:\/\/blogdobispo.com.br\/?p=3752#respond"]}]},{"@type":"WebPage","@id":"https:\/\/blogdobispo.com.br\/?p=3752","url":"https:\/\/blogdobispo.com.br\/?p=3752","name":"3\u00b0 Arrai\u00e1 S\u00e3oGon\u00e7al\u00e3o: Um Sucesso de Tradi\u00e7\u00e3o e Alegria - Blog do Bispo","isPartOf":{"@id":"https:\/\/blogdobispo.com.br\/#website"},"primaryImageOfPage":{"@id":"https:\/\/blogdobispo.com.br\/?p=3752#primaryimage"},"image":{"@id":"https:\/\/blogdobispo.com.br\/?p=3752#primaryimage"},"thumbnailUrl":"https:\/\/blogdobispo.com.br\/wp-content\/uploads\/2024\/06\/07c85b5f-4f57-4c74-bf73-55d91735b9c3-1-1024x682.jpg","datePublished":"2024-06-27T16:58:57+00:00","breadcrumb":{"@id":"https:\/\/blogdobispo.com.br\/?p=3752#breadcrumb"},"inLanguage":"pt-BR","potentialAction":[{"@type":"ReadAction","target":["https:\/\/blogdobispo.com.br\/?p=3752"]}]},{"@type":"ImageObject","inLanguage":"pt-BR","@id":"https:\/\/blogdobispo.com.br\/?p=3752#primaryimage","url":"https:\/\/blogdobispo.com.br\/wp-content\/uploads\/2024\/06\/07c85b5f-4f57-4c74-bf73-55d91735b9c3-1-1024x682.jpg","contentUrl":"https:\/\/blogdobispo.com.br\/wp-content\/uploads\/2024\/06\/07c85b5f-4f57-4c74-bf73-55d91735b9c3-1-1024x682.jpg"},{"@type":"BreadcrumbList","@id":"https:\/\/blogdobispo.com.br\/?p=3752#breadcrumb","itemListElement":[{"@type":"ListItem","position":1,"name":"In\u00edcio","item":"https:\/\/blogdobispo.com.br\/"},{"@type":"ListItem","position":2,"name":"3\u00b0 Arrai\u00e1 S\u00e3oGon\u00e7al\u00e3o: Um Sucesso de Tradi\u00e7\u00e3o e Alegria"}]},{"@type":"WebSite","@id":"https:\/\/blogdobispo.com.br\/#website","url":"https:\/\/blogdobispo.com.br\/","name":"Blog do Bispo","description":"Comprometido apenas com o leitor","publisher":{"@id":"https:\/\/blogdobispo.com.br\/#organization"},"potentialAction":[{"@type":"SearchAction","target":{"@type":"EntryPoint","urlTemplate":"https:\/\/blogdobispo.com.br\/?s={search_term_string}"},"query-input":{"@type":"PropertyValueSpecification","valueRequired":true,"valueName":"search_term_string"}}],"inLanguage":"pt-BR"},{"@type":"Organization","@id":"https:\/\/blogdobispo.com.br\/#organization","name":"Blog do Bispo","url":"https:\/\/blogdobispo.com.br\/","logo":{"@type":"ImageObject","inLanguage":"pt-BR","@id":"https:\/\/blogdobispo.com.br\/#\/schema\/logo\/image\/","url":"http:\/\/blogdobispo.com.br\/wp-content\/uploads\/2023\/05\/cropped-headear.png","contentUrl":"http:\/\/blogdobispo.com.br\/wp-content\/uploads\/2023\/05\/cropped-headear.png","width":1500,"height":399,"caption":"Blog do Bispo"},"image":{"@id":"https:\/\/blogdobispo.com.br\/#\/schema\/logo\/image\/"}},{"@type":"Person","@id":"https:\/\/blogdobispo.com.br\/#\/schema\/person\/e2209cc0e6cea5c5233d033e997b373f","name":"Jefferson Sterfeno","image":{"@type":"ImageObject","inLanguage":"pt-BR","@id":"https:\/\/blogdobispo.com.br\/#\/schema\/person\/image\/","url":"https:\/\/secure.gravatar.com\/avatar\/0534e84764641168a677026b6d57a3f51dc7ac4db0b4f6186d9cb330d4ee1160?s=96&d=mm&r=g","contentUrl":"https:\/\/secure.gravatar.com\/avatar\/0534e84764641168a677026b6d57a3f51dc7ac4db0b4f6186d9cb330d4ee1160?s=96&d=mm&r=g","caption":"Jefferson Sterfeno"},"sameAs":["http:\/\/blogdobispo.com.br"],"url":"https:\/\/blogdobispo.com.br\/?author=1"}]}},"featured_image_urls":{"full":"","thumbnail":"","medium":"","medium_large":"","large":"","1536x1536":"","2048x2048":""},"author_info":{"display_name":"Jefferson Sterfeno","author_link":"https:\/\/blogdobispo.com.br\/?author=1"},"category_info":"<a href=\"https:\/\/blogdobispo.com.br\/?cat=1\" rel=\"category\">diversos<\/a>","tag_info":"diversos","comment_count":"0","jetpack_featured_media_url":"","jetpack_sharing_enabled":true,"_links":{"self":[{"href":"https:\/\/blogdobispo.com.br\/index.php?rest_route=\/wp\/v2\/posts\/3752","targetHints":{"allow":["GET"]}}],"collection":[{"href":"https:\/\/blogdobispo.com.br\/index.php?rest_route=\/wp\/v2\/posts"}],"about":[{"href":"https:\/\/blogdobispo.com.br\/index.php?rest_route=\/wp\/v2\/types\/post"}],"author":[{"embeddable":true,"href":"https:\/\/blogdobispo.com.br\/index.php?rest_route=\/wp\/v2\/users\/1"}],"replies":[{"embeddable":true,"href":"https:\/\/blogdobispo.com.br\/index.php?rest_route=%2Fwp%2Fv2%2Fcomments&post=3752"}],"version-history":[{"count":0,"href":"https:\/\/blogdobispo.com.br\/index.php?rest_route=\/wp\/v2\/posts\/3752\/revisions"}],"wp:attachment":[{"href":"https:\/\/blogdobispo.com.br\/index.php?rest_route=%2Fwp%2Fv2%2Fmedia&parent=3752"}],"wp:term":[{"taxonomy":"category","embeddable":true,"href":"https:\/\/blogdobispo.com.br\/index.php?rest_route=%2Fwp%2Fv2%2Fcategories&post=3752"},{"taxonomy":"post_tag","embeddable":true,"href":"https:\/\/blogdobispo.com.br\/index.php?rest_route=%2Fwp%2Fv2%2Ftags&post=3752"}],"curies":[{"name":"wp","href":"https:\/\/api.w.org\/{rel}","templated":true}]}}