{"id":3749,"date":"2024-06-27T16:55:37","date_gmt":"2024-06-27T16:55:37","guid":{"rendered":"https:\/\/blogdobispo.com.br\/?p=3749"},"modified":"2024-06-27T17:30:57","modified_gmt":"2024-06-27T17:30:57","slug":"vereadores-margarete-regia-nivaldo-bacurau-e-eribaldo-medeiro-comemoram-aprovacao-de-planos-de-cargos-e-salarios-pra-vigilancia-sanitaria","status":"publish","type":"post","link":"https:\/\/blogdobispo.com.br\/?p=3749","title":{"rendered":"Vereadores Margarete R\u00e9gia, Nivaldo Bacurau e Eribaldo Medeiros comemoram aprova\u00e7\u00e3o de Planos de Cargos e Sal\u00e1rios para Vigil\u00e2ncia Sanit\u00e1ria"},"content":{"rendered":"\n<p>Hoje (27), foi aprovado na C\u00e2mara Municipal de Natal, em primeira discurs\u00e3o o projeto de lei 408\/2024, que estabelece o Plano de Cargos, Carreiras e Sal\u00e1rios para os servidores do setor de Vigil\u00e2ncia Sanit\u00e1ria da Secretaria Municipal de Sa\u00fade. A iniciativa visa valorizar e estruturar as carreiras dos profissionais que desempenham um papel crucial na fiscaliza\u00e7\u00e3o e promo\u00e7\u00e3o da sa\u00fade p\u00fablica na cidade.<br \/>\u00c9 importante reconhecer o trabalho dos servidores da Vigil\u00e2ncia Sanit\u00e1ria, que desempenham um papel essencial na prote\u00e7\u00e3o da sa\u00fade dos cidad\u00e3os. A implementa\u00e7\u00e3o do plano de cargos e sal\u00e1rios n\u00e3o apenas valoriza os profissionais, mas tamb\u00e9m melhora a efici\u00eancia e a qualidade dos servi\u00e7os prestados \u00e0 popula\u00e7\u00e3o.<\/p>\n\n\n\n<p>Os vereadores Eribaldo Medeiros, Margarete R\u00e9gia e Nivaldo Bacurau comemoraram a aprova\u00e7\u00e3o.<\/p>\n\n\n\n<p><br \/>Parab\u00e9ns aos dedicados servidores da Vigil\u00e2ncia Sanit\u00e1ria Municipal pela conquista do Plano de Cargos, Carreiras e Sal\u00e1rios.<\/p>\n\n\n\n<figure class=\"wp-block-image size-large\"><img data-recalc-dims=\"1\" fetchpriority=\"high\" decoding=\"async\" width=\"800\" height=\"661\" src=\"https:\/\/i0.wp.com\/blogdobispo.com.br\/wp-content\/uploads\/2024\/06\/c409554e-50a9-4c38-ba07-2b72dde67b58-1-1024x846.jpg?resize=800%2C661&#038;ssl=1\" alt=\"\" class=\"wp-image-3748\" srcset=\"https:\/\/i0.wp.com\/blogdobispo.com.br\/wp-content\/uploads\/2024\/06\/c409554e-50a9-4c38-ba07-2b72dde67b58-1.jpg?resize=1024%2C846&amp;ssl=1 1024w, https:\/\/i0.wp.com\/blogdobispo.com.br\/wp-content\/uploads\/2024\/06\/c409554e-50a9-4c38-ba07-2b72dde67b58-1.jpg?resize=300%2C248&amp;ssl=1 300w, https:\/\/i0.wp.com\/blogdobispo.com.br\/wp-content\/uploads\/2024\/06\/c409554e-50a9-4c38-ba07-2b72dde67b58-1.jpg?resize=768%2C635&amp;ssl=1 768w, https:\/\/i0.wp.com\/blogdobispo.com.br\/wp-content\/uploads\/2024\/06\/c409554e-50a9-4c38-ba07-2b72dde67b58-1.jpg?resize=1536%2C1269&amp;ssl=1 1536w, https:\/\/i0.wp.com\/blogdobispo.com.br\/wp-content\/uploads\/2024\/06\/c409554e-50a9-4c38-ba07-2b72dde67b58-1.jpg?w=1600&amp;ssl=1 1600w\" sizes=\"(max-width: 800px) 100vw, 800px\" \/><\/figure>\n","protected":false},"excerpt":{"rendered":"<p>Hoje (27), foi aprovado na C\u00e2mara Municipal de Natal, em primeira discurs\u00e3o o projeto de lei 408\/2024, que estabelece o Plano de Cargos, Carreiras e Sal\u00e1rios para os servidores do setor de Vigil\u00e2ncia Sanit\u00e1ria da Secretaria Municipal de Sa\u00fade. A iniciativa visa valorizar e estruturar as carreiras dos profissionais que desempenham um papel crucial na [&hellip;]<\/p>\n","protected":false},"author":1,"featured_media":0,"comment_status":"open","ping_status":"open","sticky":false,"template":"","format":"standard","meta":{"cybocfi_hide_featured_image":"","_jetpack_memberships_contains_paid_content":false,"footnotes":""},"categories":[1],"tags":[],"class_list":["post-3749","post","type-post","status-publish","format-standard","hentry","category-diversos"],"yoast_head":"<!-- This site is optimized with the Yoast SEO plugin v25.6 - https:\/\/yoast.com\/wordpress\/plugins\/seo\/ -->\n<title>Vereadores Margarete R\u00e9gia, Nivaldo Bacurau e Eribaldo Medeiros comemoram aprova\u00e7\u00e3o de Planos de Cargos e Sal\u00e1rios para Vigil\u00e2ncia Sanit\u00e1ria - Blog do Bispo<\/title>\n<meta name=\"robots\" content=\"index, follow, max-snippet:-1, max-image-preview:large, max-video-preview:-1\" \/>\n<link rel=\"canonical\" href=\"https:\/\/blogdobispo.com.br\/?p=3749\" \/>\n<meta property=\"og:locale\" content=\"pt_BR\" \/>\n<meta property=\"og:type\" content=\"article\" \/>\n<meta property=\"og:title\" content=\"Vereadores Margarete R\u00e9gia, Nivaldo Bacurau e Eribaldo Medeiros comemoram aprova\u00e7\u00e3o de Planos de Cargos e Sal\u00e1rios para Vigil\u00e2ncia Sanit\u00e1ria - Blog do Bispo\" \/>\n<meta property=\"og:description\" content=\"Hoje (27), foi aprovado na C\u00e2mara Municipal de Natal, em primeira discurs\u00e3o o projeto de lei 408\/2024, que estabelece o Plano de Cargos, Carreiras e Sal\u00e1rios para os servidores do setor de Vigil\u00e2ncia Sanit\u00e1ria da Secretaria Municipal de Sa\u00fade. A iniciativa visa valorizar e estruturar as carreiras dos profissionais que desempenham um papel crucial na [&hellip;]\" \/>\n<meta property=\"og:url\" content=\"https:\/\/blogdobispo.com.br\/?p=3749\" \/>\n<meta property=\"og:site_name\" content=\"Blog do Bispo\" \/>\n<meta property=\"article:published_time\" content=\"2024-06-27T16:55:37+00:00\" \/>\n<meta property=\"article:modified_time\" content=\"2024-06-27T17:30:57+00:00\" \/>\n<meta property=\"og:image\" content=\"https:\/\/blogdobispo.com.br\/wp-content\/uploads\/2024\/06\/c409554e-50a9-4c38-ba07-2b72dde67b58-1-1024x846.jpg\" \/>\n<meta name=\"author\" content=\"Jefferson Sterfeno\" \/>\n<meta name=\"twitter:card\" content=\"summary_large_image\" \/>\n<meta name=\"twitter:label1\" content=\"Escrito por\" \/>\n\t<meta name=\"twitter:data1\" content=\"Jefferson Sterfeno\" \/>\n\t<meta name=\"twitter:label2\" content=\"Est. tempo de leitura\" \/>\n\t<meta name=\"twitter:data2\" content=\"1 minuto\" \/>\n<script type=\"application\/ld+json\" class=\"yoast-schema-graph\">{\"@context\":\"https:\/\/schema.org\",\"@graph\":[{\"@type\":\"Article\",\"@id\":\"https:\/\/blogdobispo.com.br\/?p=3749#article\",\"isPartOf\":{\"@id\":\"https:\/\/blogdobispo.com.br\/?p=3749\"},\"author\":{\"name\":\"Jefferson Sterfeno\",\"@id\":\"https:\/\/blogdobispo.com.br\/#\/schema\/person\/e2209cc0e6cea5c5233d033e997b373f\"},\"headline\":\"Vereadores Margarete R\u00e9gia, Nivaldo Bacurau e Eribaldo Medeiros comemoram aprova\u00e7\u00e3o de Planos de Cargos e Sal\u00e1rios para Vigil\u00e2ncia Sanit\u00e1ria\",\"datePublished\":\"2024-06-27T16:55:37+00:00\",\"dateModified\":\"2024-06-27T17:30:57+00:00\",\"mainEntityOfPage\":{\"@id\":\"https:\/\/blogdobispo.com.br\/?p=3749\"},\"wordCount\":187,\"commentCount\":0,\"publisher\":{\"@id\":\"https:\/\/blogdobispo.com.br\/#organization\"},\"image\":{\"@id\":\"https:\/\/blogdobispo.com.br\/?p=3749#primaryimage\"},\"thumbnailUrl\":\"https:\/\/blogdobispo.com.br\/wp-content\/uploads\/2024\/06\/c409554e-50a9-4c38-ba07-2b72dde67b58-1-1024x846.jpg\",\"articleSection\":[\"diversos\"],\"inLanguage\":\"pt-BR\",\"potentialAction\":[{\"@type\":\"CommentAction\",\"name\":\"Comment\",\"target\":[\"https:\/\/blogdobispo.com.br\/?p=3749#respond\"]}]},{\"@type\":\"WebPage\",\"@id\":\"https:\/\/blogdobispo.com.br\/?p=3749\",\"url\":\"https:\/\/blogdobispo.com.br\/?p=3749\",\"name\":\"Vereadores Margarete R\u00e9gia, Nivaldo Bacurau e Eribaldo Medeiros comemoram aprova\u00e7\u00e3o de Planos de Cargos e Sal\u00e1rios para Vigil\u00e2ncia Sanit\u00e1ria - Blog do Bispo\",\"isPartOf\":{\"@id\":\"https:\/\/blogdobispo.com.br\/#website\"},\"primaryImageOfPage\":{\"@id\":\"https:\/\/blogdobispo.com.br\/?p=3749#primaryimage\"},\"image\":{\"@id\":\"https:\/\/blogdobispo.com.br\/?p=3749#primaryimage\"},\"thumbnailUrl\":\"https:\/\/blogdobispo.com.br\/wp-content\/uploads\/2024\/06\/c409554e-50a9-4c38-ba07-2b72dde67b58-1-1024x846.jpg\",\"datePublished\":\"2024-06-27T16:55:37+00:00\",\"dateModified\":\"2024-06-27T17:30:57+00:00\",\"breadcrumb\":{\"@id\":\"https:\/\/blogdobispo.com.br\/?p=3749#breadcrumb\"},\"inLanguage\":\"pt-BR\",\"potentialAction\":[{\"@type\":\"ReadAction\",\"target\":[\"https:\/\/blogdobispo.com.br\/?p=3749\"]}]},{\"@type\":\"ImageObject\",\"inLanguage\":\"pt-BR\",\"@id\":\"https:\/\/blogdobispo.com.br\/?p=3749#primaryimage\",\"url\":\"https:\/\/blogdobispo.com.br\/wp-content\/uploads\/2024\/06\/c409554e-50a9-4c38-ba07-2b72dde67b58-1-1024x846.jpg\",\"contentUrl\":\"https:\/\/blogdobispo.com.br\/wp-content\/uploads\/2024\/06\/c409554e-50a9-4c38-ba07-2b72dde67b58-1-1024x846.jpg\"},{\"@type\":\"BreadcrumbList\",\"@id\":\"https:\/\/blogdobispo.com.br\/?p=3749#breadcrumb\",\"itemListElement\":[{\"@type\":\"ListItem\",\"position\":1,\"name\":\"In\u00edcio\",\"item\":\"https:\/\/blogdobispo.com.br\/\"},{\"@type\":\"ListItem\",\"position\":2,\"name\":\"Vereadores Margarete R\u00e9gia, Nivaldo Bacurau e Eribaldo Medeiros comemoram aprova\u00e7\u00e3o de Planos de Cargos e Sal\u00e1rios para Vigil\u00e2ncia Sanit\u00e1ria\"}]},{\"@type\":\"WebSite\",\"@id\":\"https:\/\/blogdobispo.com.br\/#website\",\"url\":\"https:\/\/blogdobispo.com.br\/\",\"name\":\"Blog do Bispo\",\"description\":\"Comprometido apenas com o leitor\",\"publisher\":{\"@id\":\"https:\/\/blogdobispo.com.br\/#organization\"},\"potentialAction\":[{\"@type\":\"SearchAction\",\"target\":{\"@type\":\"EntryPoint\",\"urlTemplate\":\"https:\/\/blogdobispo.com.br\/?s={search_term_string}\"},\"query-input\":{\"@type\":\"PropertyValueSpecification\",\"valueRequired\":true,\"valueName\":\"search_term_string\"}}],\"inLanguage\":\"pt-BR\"},{\"@type\":\"Organization\",\"@id\":\"https:\/\/blogdobispo.com.br\/#organization\",\"name\":\"Blog do Bispo\",\"url\":\"https:\/\/blogdobispo.com.br\/\",\"logo\":{\"@type\":\"ImageObject\",\"inLanguage\":\"pt-BR\",\"@id\":\"https:\/\/blogdobispo.com.br\/#\/schema\/logo\/image\/\",\"url\":\"http:\/\/blogdobispo.com.br\/wp-content\/uploads\/2023\/05\/cropped-headear.png\",\"contentUrl\":\"http:\/\/blogdobispo.com.br\/wp-content\/uploads\/2023\/05\/cropped-headear.png\",\"width\":1500,\"height\":399,\"caption\":\"Blog do Bispo\"},\"image\":{\"@id\":\"https:\/\/blogdobispo.com.br\/#\/schema\/logo\/image\/\"}},{\"@type\":\"Person\",\"@id\":\"https:\/\/blogdobispo.com.br\/#\/schema\/person\/e2209cc0e6cea5c5233d033e997b373f\",\"name\":\"Jefferson Sterfeno\",\"image\":{\"@type\":\"ImageObject\",\"inLanguage\":\"pt-BR\",\"@id\":\"https:\/\/blogdobispo.com.br\/#\/schema\/person\/image\/\",\"url\":\"https:\/\/secure.gravatar.com\/avatar\/0534e84764641168a677026b6d57a3f51dc7ac4db0b4f6186d9cb330d4ee1160?s=96&d=mm&r=g\",\"contentUrl\":\"https:\/\/secure.gravatar.com\/avatar\/0534e84764641168a677026b6d57a3f51dc7ac4db0b4f6186d9cb330d4ee1160?s=96&d=mm&r=g\",\"caption\":\"Jefferson Sterfeno\"},\"sameAs\":[\"http:\/\/blogdobispo.com.br\"],\"url\":\"https:\/\/blogdobispo.com.br\/?author=1\"}]}<\/script>\n<!-- \/ Yoast SEO plugin. -->","yoast_head_json":{"title":"Vereadores Margarete R\u00e9gia, Nivaldo Bacurau e Eribaldo Medeiros comemoram aprova\u00e7\u00e3o de Planos de Cargos e Sal\u00e1rios para Vigil\u00e2ncia Sanit\u00e1ria - Blog do Bispo","robots":{"index":"index","follow":"follow","max-snippet":"max-snippet:-1","max-image-preview":"max-image-preview:large","max-video-preview":"max-video-preview:-1"},"canonical":"https:\/\/blogdobispo.com.br\/?p=3749","og_locale":"pt_BR","og_type":"article","og_title":"Vereadores Margarete R\u00e9gia, Nivaldo Bacurau e Eribaldo Medeiros comemoram aprova\u00e7\u00e3o de Planos de Cargos e Sal\u00e1rios para Vigil\u00e2ncia Sanit\u00e1ria - Blog do Bispo","og_description":"Hoje (27), foi aprovado na C\u00e2mara Municipal de Natal, em primeira discurs\u00e3o o projeto de lei 408\/2024, que estabelece o Plano de Cargos, Carreiras e Sal\u00e1rios para os servidores do setor de Vigil\u00e2ncia Sanit\u00e1ria da Secretaria Municipal de Sa\u00fade. A iniciativa visa valorizar e estruturar as carreiras dos profissionais que desempenham um papel crucial na [&hellip;]","og_url":"https:\/\/blogdobispo.com.br\/?p=3749","og_site_name":"Blog do Bispo","article_published_time":"2024-06-27T16:55:37+00:00","article_modified_time":"2024-06-27T17:30:57+00:00","og_image":[{"url":"https:\/\/blogdobispo.com.br\/wp-content\/uploads\/2024\/06\/c409554e-50a9-4c38-ba07-2b72dde67b58-1-1024x846.jpg","type":"","width":"","height":""}],"author":"Jefferson Sterfeno","twitter_card":"summary_large_image","twitter_misc":{"Escrito por":"Jefferson Sterfeno","Est. tempo de leitura":"1 minuto"},"schema":{"@context":"https:\/\/schema.org","@graph":[{"@type":"Article","@id":"https:\/\/blogdobispo.com.br\/?p=3749#article","isPartOf":{"@id":"https:\/\/blogdobispo.com.br\/?p=3749"},"author":{"name":"Jefferson Sterfeno","@id":"https:\/\/blogdobispo.com.br\/#\/schema\/person\/e2209cc0e6cea5c5233d033e997b373f"},"headline":"Vereadores Margarete R\u00e9gia, Nivaldo Bacurau e Eribaldo Medeiros comemoram aprova\u00e7\u00e3o de Planos de Cargos e Sal\u00e1rios para Vigil\u00e2ncia Sanit\u00e1ria","datePublished":"2024-06-27T16:55:37+00:00","dateModified":"2024-06-27T17:30:57+00:00","mainEntityOfPage":{"@id":"https:\/\/blogdobispo.com.br\/?p=3749"},"wordCount":187,"commentCount":0,"publisher":{"@id":"https:\/\/blogdobispo.com.br\/#organization"},"image":{"@id":"https:\/\/blogdobispo.com.br\/?p=3749#primaryimage"},"thumbnailUrl":"https:\/\/blogdobispo.com.br\/wp-content\/uploads\/2024\/06\/c409554e-50a9-4c38-ba07-2b72dde67b58-1-1024x846.jpg","articleSection":["diversos"],"inLanguage":"pt-BR","potentialAction":[{"@type":"CommentAction","name":"Comment","target":["https:\/\/blogdobispo.com.br\/?p=3749#respond"]}]},{"@type":"WebPage","@id":"https:\/\/blogdobispo.com.br\/?p=3749","url":"https:\/\/blogdobispo.com.br\/?p=3749","name":"Vereadores Margarete R\u00e9gia, Nivaldo Bacurau e Eribaldo Medeiros comemoram aprova\u00e7\u00e3o de Planos de Cargos e Sal\u00e1rios para Vigil\u00e2ncia Sanit\u00e1ria - Blog do Bispo","isPartOf":{"@id":"https:\/\/blogdobispo.com.br\/#website"},"primaryImageOfPage":{"@id":"https:\/\/blogdobispo.com.br\/?p=3749#primaryimage"},"image":{"@id":"https:\/\/blogdobispo.com.br\/?p=3749#primaryimage"},"thumbnailUrl":"https:\/\/blogdobispo.com.br\/wp-content\/uploads\/2024\/06\/c409554e-50a9-4c38-ba07-2b72dde67b58-1-1024x846.jpg","datePublished":"2024-06-27T16:55:37+00:00","dateModified":"2024-06-27T17:30:57+00:00","breadcrumb":{"@id":"https:\/\/blogdobispo.com.br\/?p=3749#breadcrumb"},"inLanguage":"pt-BR","potentialAction":[{"@type":"ReadAction","target":["https:\/\/blogdobispo.com.br\/?p=3749"]}]},{"@type":"ImageObject","inLanguage":"pt-BR","@id":"https:\/\/blogdobispo.com.br\/?p=3749#primaryimage","url":"https:\/\/blogdobispo.com.br\/wp-content\/uploads\/2024\/06\/c409554e-50a9-4c38-ba07-2b72dde67b58-1-1024x846.jpg","contentUrl":"https:\/\/blogdobispo.com.br\/wp-content\/uploads\/2024\/06\/c409554e-50a9-4c38-ba07-2b72dde67b58-1-1024x846.jpg"},{"@type":"BreadcrumbList","@id":"https:\/\/blogdobispo.com.br\/?p=3749#breadcrumb","itemListElement":[{"@type":"ListItem","position":1,"name":"In\u00edcio","item":"https:\/\/blogdobispo.com.br\/"},{"@type":"ListItem","position":2,"name":"Vereadores Margarete R\u00e9gia, Nivaldo Bacurau e Eribaldo Medeiros comemoram aprova\u00e7\u00e3o de Planos de Cargos e Sal\u00e1rios para Vigil\u00e2ncia Sanit\u00e1ria"}]},{"@type":"WebSite","@id":"https:\/\/blogdobispo.com.br\/#website","url":"https:\/\/blogdobispo.com.br\/","name":"Blog do Bispo","description":"Comprometido apenas com o leitor","publisher":{"@id":"https:\/\/blogdobispo.com.br\/#organization"},"potentialAction":[{"@type":"SearchAction","target":{"@type":"EntryPoint","urlTemplate":"https:\/\/blogdobispo.com.br\/?s={search_term_string}"},"query-input":{"@type":"PropertyValueSpecification","valueRequired":true,"valueName":"search_term_string"}}],"inLanguage":"pt-BR"},{"@type":"Organization","@id":"https:\/\/blogdobispo.com.br\/#organization","name":"Blog do Bispo","url":"https:\/\/blogdobispo.com.br\/","logo":{"@type":"ImageObject","inLanguage":"pt-BR","@id":"https:\/\/blogdobispo.com.br\/#\/schema\/logo\/image\/","url":"http:\/\/blogdobispo.com.br\/wp-content\/uploads\/2023\/05\/cropped-headear.png","contentUrl":"http:\/\/blogdobispo.com.br\/wp-content\/uploads\/2023\/05\/cropped-headear.png","width":1500,"height":399,"caption":"Blog do Bispo"},"image":{"@id":"https:\/\/blogdobispo.com.br\/#\/schema\/logo\/image\/"}},{"@type":"Person","@id":"https:\/\/blogdobispo.com.br\/#\/schema\/person\/e2209cc0e6cea5c5233d033e997b373f","name":"Jefferson Sterfeno","image":{"@type":"ImageObject","inLanguage":"pt-BR","@id":"https:\/\/blogdobispo.com.br\/#\/schema\/person\/image\/","url":"https:\/\/secure.gravatar.com\/avatar\/0534e84764641168a677026b6d57a3f51dc7ac4db0b4f6186d9cb330d4ee1160?s=96&d=mm&r=g","contentUrl":"https:\/\/secure.gravatar.com\/avatar\/0534e84764641168a677026b6d57a3f51dc7ac4db0b4f6186d9cb330d4ee1160?s=96&d=mm&r=g","caption":"Jefferson Sterfeno"},"sameAs":["http:\/\/blogdobispo.com.br"],"url":"https:\/\/blogdobispo.com.br\/?author=1"}]}},"featured_image_urls":{"full":"","thumbnail":"","medium":"","medium_large":"","large":"","1536x1536":"","2048x2048":""},"author_info":{"display_name":"Jefferson Sterfeno","author_link":"https:\/\/blogdobispo.com.br\/?author=1"},"category_info":"<a href=\"https:\/\/blogdobispo.com.br\/?cat=1\" rel=\"category\">diversos<\/a>","tag_info":"diversos","comment_count":"0","jetpack_featured_media_url":"","jetpack_sharing_enabled":true,"_links":{"self":[{"href":"https:\/\/blogdobispo.com.br\/index.php?rest_route=\/wp\/v2\/posts\/3749","targetHints":{"allow":["GET"]}}],"collection":[{"href":"https:\/\/blogdobispo.com.br\/index.php?rest_route=\/wp\/v2\/posts"}],"about":[{"href":"https:\/\/blogdobispo.com.br\/index.php?rest_route=\/wp\/v2\/types\/post"}],"author":[{"embeddable":true,"href":"https:\/\/blogdobispo.com.br\/index.php?rest_route=\/wp\/v2\/users\/1"}],"replies":[{"embeddable":true,"href":"https:\/\/blogdobispo.com.br\/index.php?rest_route=%2Fwp%2Fv2%2Fcomments&post=3749"}],"version-history":[{"count":2,"href":"https:\/\/blogdobispo.com.br\/index.php?rest_route=\/wp\/v2\/posts\/3749\/revisions"}],"predecessor-version":[{"id":3753,"href":"https:\/\/blogdobispo.com.br\/index.php?rest_route=\/wp\/v2\/posts\/3749\/revisions\/3753"}],"wp:attachment":[{"href":"https:\/\/blogdobispo.com.br\/index.php?rest_route=%2Fwp%2Fv2%2Fmedia&parent=3749"}],"wp:term":[{"taxonomy":"category","embeddable":true,"href":"https:\/\/blogdobispo.com.br\/index.php?rest_route=%2Fwp%2Fv2%2Fcategories&post=3749"},{"taxonomy":"post_tag","embeddable":true,"href":"https:\/\/blogdobispo.com.br\/index.php?rest_route=%2Fwp%2Fv2%2Ftags&post=3749"}],"curies":[{"name":"wp","href":"https:\/\/api.w.org\/{rel}","templated":true}]}}