{"id":3747,"date":"2024-06-27T01:29:38","date_gmt":"2024-06-27T01:29:38","guid":{"rendered":"https:\/\/blogdobispo.com.br\/?p=3747"},"modified":"2024-06-27T01:29:38","modified_gmt":"2024-06-27T01:29:38","slug":"george-soares-e-eleito-pela-assembleia-legislativa-do-rn-como-novo-conselheiro-do-tce","status":"publish","type":"post","link":"https:\/\/blogdobispo.com.br\/?p=3747","title":{"rendered":"George Soares \u00e9 eleito pela Assembleia Legislativa do RN como novo conselheiro do TCE"},"content":{"rendered":"\n<figure class=\"wp-block-image\"><img data-recalc-dims=\"1\" decoding=\"async\" src=\"https:\/\/i0.wp.com\/www.al.rn.leg.br\/storage\/noticias\/2024\/06\/26\/c4akfLggSA5YXc3kOfpXoyvNscG3or10kpV5ucBQ.jpg?w=800&#038;ssl=1\" alt=\"\"\/><\/figure>\n\n\n\n<p class=\"publish-new\">26\/06\/2024<\/p>\n\n\n\n<p>O deputado estadual George Soares (PV) foi eleito como novo conselheiro do Tribunal de Contas do Estado (TCE). O parlamentar venceu elei\u00e7\u00e3o contra o deputado Gustavo Carvalho (PSDB) em sess\u00e3o extraordin\u00e1ria da Assembleia Legislativa do Rio Grande do Norte, realizada de forma secreta nesta quarta-feira (26) por 12 votos a 11 e 1 nulo. A escolha ser\u00e1 agora comunicada ao TCE para que se d\u00ea prosseguimento aos ritos da posse.&nbsp;<\/p>\n\n\n\n<p>\u201cAgrade\u00e7o a confian\u00e7a dos colegas deputados e irei para o TCE com a miss\u00e3o de ajudar o Rio Grande do Norte e n\u00f3s est\u00e1vamos preparados para respeitar a decis\u00e3o da Casa\u201d, disse George minutos ap\u00f3s a divulga\u00e7\u00e3o do resultado. \u201cEspero agora fazer um trabalho dedicado \u00e0s contas do Estado. Nosso maior problema \u00e9 a quest\u00e3o fiscal, e todos n\u00f3s sabemos disso. Fazemos essa fiscaliza\u00e7\u00e3o aqui na Assembleia e espero contribuir para tirar o RN da situa\u00e7\u00e3o em que se encontra\u201d, completou.<\/p>\n\n\n\n<p>George Soares substituir\u00e1 na Corte de Contas o ex-conselheiro Tarc\u00edsio Costa, aposentado desde o \u00faltimo dia 24 de maio. Em seu lugar na Assembleia Legislativa assumir\u00e1 o primeiro suplente da Federa\u00e7\u00e3o PT\/PV\/PCdoB, o ex-deputado Vivaldo Costa (PV), que retornar\u00e1 ao Legislativo.<\/p>\n\n\n\n<p>Formado em Ci\u00eancias Cont\u00e1beis pela UFRN, George tamb\u00e9m tem especializa\u00e7\u00e3o em Gest\u00e3o de Empresas e Pessoas. Em 2010 foi eleito pela 1\u00aa vez deputado estadual e atualmente exerce o quarto mandato consecutivo na Assembleia Legislativa. Em 2016, foi o relator do Or\u00e7amento do Estado. Em 2017 foi eleito parlamentar do ano pelo Comit\u00ea de Imprensa da ALRN e chegou a ser l\u00edder do Governo F\u00e1tima Bezerra no Legislativo entre 2019 e 2020.&nbsp;<\/p>\n\n\n\n<p>Na mesma sess\u00e3o secreta, a Assembleia Legislativa tamb\u00e9m aprovou o nome de Ant\u00f4nio Ed Souza Santana como novo conselheiro do TCE. Indicado pela Corte como primeiro colocado em lista tr\u00edplice por crit\u00e9rio de merecimento, e escolhido pela governadora F\u00e1tima Bezerra (PT), ele foi sabatinado na Comiss\u00e3o de Finan\u00e7as e Fiscaliza\u00e7\u00e3o da Casa nesta ter\u00e7a-feira (25). Ant\u00f4nio Ed \u00e9 servidor concursado do Tribunal e j\u00e1 atuava como conselheiro substituto. Ele ocupar\u00e1 a vaga aberta com a aposentadoria da ex-conselheira Ad\u00e9lia Sales. A indica\u00e7\u00e3o de Ant\u00f4nio Ed foi aprovada por unanimidade, pelos 24 deputados.<\/p>\n","protected":false},"excerpt":{"rendered":"<p>26\/06\/2024 O deputado estadual George Soares (PV) foi eleito como novo conselheiro do Tribunal de Contas do Estado (TCE). O parlamentar venceu elei\u00e7\u00e3o contra o deputado Gustavo Carvalho (PSDB) em sess\u00e3o extraordin\u00e1ria da Assembleia Legislativa do Rio Grande do Norte, realizada de forma secreta nesta quarta-feira (26) por 12 votos a 11 e 1 nulo. [&hellip;]<\/p>\n","protected":false},"author":1,"featured_media":0,"comment_status":"open","ping_status":"open","sticky":false,"template":"","format":"standard","meta":{"cybocfi_hide_featured_image":"","_jetpack_memberships_contains_paid_content":false,"footnotes":""},"categories":[1],"tags":[],"class_list":["post-3747","post","type-post","status-publish","format-standard","hentry","category-diversos"],"yoast_head":"<!-- This site is optimized with the Yoast SEO plugin v25.6 - https:\/\/yoast.com\/wordpress\/plugins\/seo\/ -->\n<title>George Soares \u00e9 eleito pela Assembleia Legislativa do RN como novo conselheiro do TCE - Blog do Bispo<\/title>\n<meta name=\"robots\" content=\"index, follow, max-snippet:-1, max-image-preview:large, max-video-preview:-1\" \/>\n<link rel=\"canonical\" href=\"https:\/\/blogdobispo.com.br\/?p=3747\" \/>\n<meta property=\"og:locale\" content=\"pt_BR\" \/>\n<meta property=\"og:type\" content=\"article\" \/>\n<meta property=\"og:title\" content=\"George Soares \u00e9 eleito pela Assembleia Legislativa do RN como novo conselheiro do TCE - Blog do Bispo\" \/>\n<meta property=\"og:description\" content=\"26\/06\/2024 O deputado estadual George Soares (PV) foi eleito como novo conselheiro do Tribunal de Contas do Estado (TCE). O parlamentar venceu elei\u00e7\u00e3o contra o deputado Gustavo Carvalho (PSDB) em sess\u00e3o extraordin\u00e1ria da Assembleia Legislativa do Rio Grande do Norte, realizada de forma secreta nesta quarta-feira (26) por 12 votos a 11 e 1 nulo. [&hellip;]\" \/>\n<meta property=\"og:url\" content=\"https:\/\/blogdobispo.com.br\/?p=3747\" \/>\n<meta property=\"og:site_name\" content=\"Blog do Bispo\" \/>\n<meta property=\"article:published_time\" content=\"2024-06-27T01:29:38+00:00\" \/>\n<meta property=\"og:image\" content=\"https:\/\/www.al.rn.leg.br\/storage\/noticias\/2024\/06\/26\/c4akfLggSA5YXc3kOfpXoyvNscG3or10kpV5ucBQ.jpg\" \/>\n<meta name=\"author\" content=\"Jefferson Sterfeno\" \/>\n<meta name=\"twitter:card\" content=\"summary_large_image\" \/>\n<meta name=\"twitter:label1\" content=\"Escrito por\" \/>\n\t<meta name=\"twitter:data1\" content=\"Jefferson Sterfeno\" \/>\n\t<meta name=\"twitter:label2\" content=\"Est. tempo de leitura\" \/>\n\t<meta name=\"twitter:data2\" content=\"2 minutos\" \/>\n<script type=\"application\/ld+json\" class=\"yoast-schema-graph\">{\"@context\":\"https:\/\/schema.org\",\"@graph\":[{\"@type\":\"Article\",\"@id\":\"https:\/\/blogdobispo.com.br\/?p=3747#article\",\"isPartOf\":{\"@id\":\"https:\/\/blogdobispo.com.br\/?p=3747\"},\"author\":{\"name\":\"Jefferson Sterfeno\",\"@id\":\"https:\/\/blogdobispo.com.br\/#\/schema\/person\/e2209cc0e6cea5c5233d033e997b373f\"},\"headline\":\"George Soares \u00e9 eleito pela Assembleia Legislativa do RN como novo conselheiro do TCE\",\"datePublished\":\"2024-06-27T01:29:38+00:00\",\"mainEntityOfPage\":{\"@id\":\"https:\/\/blogdobispo.com.br\/?p=3747\"},\"wordCount\":397,\"commentCount\":0,\"publisher\":{\"@id\":\"https:\/\/blogdobispo.com.br\/#organization\"},\"image\":{\"@id\":\"https:\/\/blogdobispo.com.br\/?p=3747#primaryimage\"},\"thumbnailUrl\":\"https:\/\/www.al.rn.leg.br\/storage\/noticias\/2024\/06\/26\/c4akfLggSA5YXc3kOfpXoyvNscG3or10kpV5ucBQ.jpg\",\"articleSection\":[\"diversos\"],\"inLanguage\":\"pt-BR\",\"potentialAction\":[{\"@type\":\"CommentAction\",\"name\":\"Comment\",\"target\":[\"https:\/\/blogdobispo.com.br\/?p=3747#respond\"]}]},{\"@type\":\"WebPage\",\"@id\":\"https:\/\/blogdobispo.com.br\/?p=3747\",\"url\":\"https:\/\/blogdobispo.com.br\/?p=3747\",\"name\":\"George Soares \u00e9 eleito pela Assembleia Legislativa do RN como novo conselheiro do TCE - Blog do Bispo\",\"isPartOf\":{\"@id\":\"https:\/\/blogdobispo.com.br\/#website\"},\"primaryImageOfPage\":{\"@id\":\"https:\/\/blogdobispo.com.br\/?p=3747#primaryimage\"},\"image\":{\"@id\":\"https:\/\/blogdobispo.com.br\/?p=3747#primaryimage\"},\"thumbnailUrl\":\"https:\/\/www.al.rn.leg.br\/storage\/noticias\/2024\/06\/26\/c4akfLggSA5YXc3kOfpXoyvNscG3or10kpV5ucBQ.jpg\",\"datePublished\":\"2024-06-27T01:29:38+00:00\",\"breadcrumb\":{\"@id\":\"https:\/\/blogdobispo.com.br\/?p=3747#breadcrumb\"},\"inLanguage\":\"pt-BR\",\"potentialAction\":[{\"@type\":\"ReadAction\",\"target\":[\"https:\/\/blogdobispo.com.br\/?p=3747\"]}]},{\"@type\":\"ImageObject\",\"inLanguage\":\"pt-BR\",\"@id\":\"https:\/\/blogdobispo.com.br\/?p=3747#primaryimage\",\"url\":\"https:\/\/www.al.rn.leg.br\/storage\/noticias\/2024\/06\/26\/c4akfLggSA5YXc3kOfpXoyvNscG3or10kpV5ucBQ.jpg\",\"contentUrl\":\"https:\/\/www.al.rn.leg.br\/storage\/noticias\/2024\/06\/26\/c4akfLggSA5YXc3kOfpXoyvNscG3or10kpV5ucBQ.jpg\"},{\"@type\":\"BreadcrumbList\",\"@id\":\"https:\/\/blogdobispo.com.br\/?p=3747#breadcrumb\",\"itemListElement\":[{\"@type\":\"ListItem\",\"position\":1,\"name\":\"In\u00edcio\",\"item\":\"https:\/\/blogdobispo.com.br\/\"},{\"@type\":\"ListItem\",\"position\":2,\"name\":\"George Soares \u00e9 eleito pela Assembleia Legislativa do RN como novo conselheiro do TCE\"}]},{\"@type\":\"WebSite\",\"@id\":\"https:\/\/blogdobispo.com.br\/#website\",\"url\":\"https:\/\/blogdobispo.com.br\/\",\"name\":\"Blog do Bispo\",\"description\":\"Comprometido apenas com o leitor\",\"publisher\":{\"@id\":\"https:\/\/blogdobispo.com.br\/#organization\"},\"potentialAction\":[{\"@type\":\"SearchAction\",\"target\":{\"@type\":\"EntryPoint\",\"urlTemplate\":\"https:\/\/blogdobispo.com.br\/?s={search_term_string}\"},\"query-input\":{\"@type\":\"PropertyValueSpecification\",\"valueRequired\":true,\"valueName\":\"search_term_string\"}}],\"inLanguage\":\"pt-BR\"},{\"@type\":\"Organization\",\"@id\":\"https:\/\/blogdobispo.com.br\/#organization\",\"name\":\"Blog do Bispo\",\"url\":\"https:\/\/blogdobispo.com.br\/\",\"logo\":{\"@type\":\"ImageObject\",\"inLanguage\":\"pt-BR\",\"@id\":\"https:\/\/blogdobispo.com.br\/#\/schema\/logo\/image\/\",\"url\":\"http:\/\/blogdobispo.com.br\/wp-content\/uploads\/2023\/05\/cropped-headear.png\",\"contentUrl\":\"http:\/\/blogdobispo.com.br\/wp-content\/uploads\/2023\/05\/cropped-headear.png\",\"width\":1500,\"height\":399,\"caption\":\"Blog do Bispo\"},\"image\":{\"@id\":\"https:\/\/blogdobispo.com.br\/#\/schema\/logo\/image\/\"}},{\"@type\":\"Person\",\"@id\":\"https:\/\/blogdobispo.com.br\/#\/schema\/person\/e2209cc0e6cea5c5233d033e997b373f\",\"name\":\"Jefferson Sterfeno\",\"image\":{\"@type\":\"ImageObject\",\"inLanguage\":\"pt-BR\",\"@id\":\"https:\/\/blogdobispo.com.br\/#\/schema\/person\/image\/\",\"url\":\"https:\/\/secure.gravatar.com\/avatar\/0534e84764641168a677026b6d57a3f51dc7ac4db0b4f6186d9cb330d4ee1160?s=96&d=mm&r=g\",\"contentUrl\":\"https:\/\/secure.gravatar.com\/avatar\/0534e84764641168a677026b6d57a3f51dc7ac4db0b4f6186d9cb330d4ee1160?s=96&d=mm&r=g\",\"caption\":\"Jefferson Sterfeno\"},\"sameAs\":[\"http:\/\/blogdobispo.com.br\"],\"url\":\"https:\/\/blogdobispo.com.br\/?author=1\"}]}<\/script>\n<!-- \/ Yoast SEO plugin. -->","yoast_head_json":{"title":"George Soares \u00e9 eleito pela Assembleia Legislativa do RN como novo conselheiro do TCE - Blog do Bispo","robots":{"index":"index","follow":"follow","max-snippet":"max-snippet:-1","max-image-preview":"max-image-preview:large","max-video-preview":"max-video-preview:-1"},"canonical":"https:\/\/blogdobispo.com.br\/?p=3747","og_locale":"pt_BR","og_type":"article","og_title":"George Soares \u00e9 eleito pela Assembleia Legislativa do RN como novo conselheiro do TCE - Blog do Bispo","og_description":"26\/06\/2024 O deputado estadual George Soares (PV) foi eleito como novo conselheiro do Tribunal de Contas do Estado (TCE). O parlamentar venceu elei\u00e7\u00e3o contra o deputado Gustavo Carvalho (PSDB) em sess\u00e3o extraordin\u00e1ria da Assembleia Legislativa do Rio Grande do Norte, realizada de forma secreta nesta quarta-feira (26) por 12 votos a 11 e 1 nulo. [&hellip;]","og_url":"https:\/\/blogdobispo.com.br\/?p=3747","og_site_name":"Blog do Bispo","article_published_time":"2024-06-27T01:29:38+00:00","og_image":[{"url":"https:\/\/www.al.rn.leg.br\/storage\/noticias\/2024\/06\/26\/c4akfLggSA5YXc3kOfpXoyvNscG3or10kpV5ucBQ.jpg","type":"","width":"","height":""}],"author":"Jefferson Sterfeno","twitter_card":"summary_large_image","twitter_misc":{"Escrito por":"Jefferson Sterfeno","Est. tempo de leitura":"2 minutos"},"schema":{"@context":"https:\/\/schema.org","@graph":[{"@type":"Article","@id":"https:\/\/blogdobispo.com.br\/?p=3747#article","isPartOf":{"@id":"https:\/\/blogdobispo.com.br\/?p=3747"},"author":{"name":"Jefferson Sterfeno","@id":"https:\/\/blogdobispo.com.br\/#\/schema\/person\/e2209cc0e6cea5c5233d033e997b373f"},"headline":"George Soares \u00e9 eleito pela Assembleia Legislativa do RN como novo conselheiro do TCE","datePublished":"2024-06-27T01:29:38+00:00","mainEntityOfPage":{"@id":"https:\/\/blogdobispo.com.br\/?p=3747"},"wordCount":397,"commentCount":0,"publisher":{"@id":"https:\/\/blogdobispo.com.br\/#organization"},"image":{"@id":"https:\/\/blogdobispo.com.br\/?p=3747#primaryimage"},"thumbnailUrl":"https:\/\/www.al.rn.leg.br\/storage\/noticias\/2024\/06\/26\/c4akfLggSA5YXc3kOfpXoyvNscG3or10kpV5ucBQ.jpg","articleSection":["diversos"],"inLanguage":"pt-BR","potentialAction":[{"@type":"CommentAction","name":"Comment","target":["https:\/\/blogdobispo.com.br\/?p=3747#respond"]}]},{"@type":"WebPage","@id":"https:\/\/blogdobispo.com.br\/?p=3747","url":"https:\/\/blogdobispo.com.br\/?p=3747","name":"George Soares \u00e9 eleito pela Assembleia Legislativa do RN como novo conselheiro do TCE - Blog do Bispo","isPartOf":{"@id":"https:\/\/blogdobispo.com.br\/#website"},"primaryImageOfPage":{"@id":"https:\/\/blogdobispo.com.br\/?p=3747#primaryimage"},"image":{"@id":"https:\/\/blogdobispo.com.br\/?p=3747#primaryimage"},"thumbnailUrl":"https:\/\/www.al.rn.leg.br\/storage\/noticias\/2024\/06\/26\/c4akfLggSA5YXc3kOfpXoyvNscG3or10kpV5ucBQ.jpg","datePublished":"2024-06-27T01:29:38+00:00","breadcrumb":{"@id":"https:\/\/blogdobispo.com.br\/?p=3747#breadcrumb"},"inLanguage":"pt-BR","potentialAction":[{"@type":"ReadAction","target":["https:\/\/blogdobispo.com.br\/?p=3747"]}]},{"@type":"ImageObject","inLanguage":"pt-BR","@id":"https:\/\/blogdobispo.com.br\/?p=3747#primaryimage","url":"https:\/\/www.al.rn.leg.br\/storage\/noticias\/2024\/06\/26\/c4akfLggSA5YXc3kOfpXoyvNscG3or10kpV5ucBQ.jpg","contentUrl":"https:\/\/www.al.rn.leg.br\/storage\/noticias\/2024\/06\/26\/c4akfLggSA5YXc3kOfpXoyvNscG3or10kpV5ucBQ.jpg"},{"@type":"BreadcrumbList","@id":"https:\/\/blogdobispo.com.br\/?p=3747#breadcrumb","itemListElement":[{"@type":"ListItem","position":1,"name":"In\u00edcio","item":"https:\/\/blogdobispo.com.br\/"},{"@type":"ListItem","position":2,"name":"George Soares \u00e9 eleito pela Assembleia Legislativa do RN como novo conselheiro do TCE"}]},{"@type":"WebSite","@id":"https:\/\/blogdobispo.com.br\/#website","url":"https:\/\/blogdobispo.com.br\/","name":"Blog do Bispo","description":"Comprometido apenas com o leitor","publisher":{"@id":"https:\/\/blogdobispo.com.br\/#organization"},"potentialAction":[{"@type":"SearchAction","target":{"@type":"EntryPoint","urlTemplate":"https:\/\/blogdobispo.com.br\/?s={search_term_string}"},"query-input":{"@type":"PropertyValueSpecification","valueRequired":true,"valueName":"search_term_string"}}],"inLanguage":"pt-BR"},{"@type":"Organization","@id":"https:\/\/blogdobispo.com.br\/#organization","name":"Blog do Bispo","url":"https:\/\/blogdobispo.com.br\/","logo":{"@type":"ImageObject","inLanguage":"pt-BR","@id":"https:\/\/blogdobispo.com.br\/#\/schema\/logo\/image\/","url":"http:\/\/blogdobispo.com.br\/wp-content\/uploads\/2023\/05\/cropped-headear.png","contentUrl":"http:\/\/blogdobispo.com.br\/wp-content\/uploads\/2023\/05\/cropped-headear.png","width":1500,"height":399,"caption":"Blog do Bispo"},"image":{"@id":"https:\/\/blogdobispo.com.br\/#\/schema\/logo\/image\/"}},{"@type":"Person","@id":"https:\/\/blogdobispo.com.br\/#\/schema\/person\/e2209cc0e6cea5c5233d033e997b373f","name":"Jefferson Sterfeno","image":{"@type":"ImageObject","inLanguage":"pt-BR","@id":"https:\/\/blogdobispo.com.br\/#\/schema\/person\/image\/","url":"https:\/\/secure.gravatar.com\/avatar\/0534e84764641168a677026b6d57a3f51dc7ac4db0b4f6186d9cb330d4ee1160?s=96&d=mm&r=g","contentUrl":"https:\/\/secure.gravatar.com\/avatar\/0534e84764641168a677026b6d57a3f51dc7ac4db0b4f6186d9cb330d4ee1160?s=96&d=mm&r=g","caption":"Jefferson Sterfeno"},"sameAs":["http:\/\/blogdobispo.com.br"],"url":"https:\/\/blogdobispo.com.br\/?author=1"}]}},"featured_image_urls":{"full":"","thumbnail":"","medium":"","medium_large":"","large":"","1536x1536":"","2048x2048":""},"author_info":{"display_name":"Jefferson Sterfeno","author_link":"https:\/\/blogdobispo.com.br\/?author=1"},"category_info":"<a href=\"https:\/\/blogdobispo.com.br\/?cat=1\" rel=\"category\">diversos<\/a>","tag_info":"diversos","comment_count":"0","jetpack_featured_media_url":"","jetpack_sharing_enabled":true,"_links":{"self":[{"href":"https:\/\/blogdobispo.com.br\/index.php?rest_route=\/wp\/v2\/posts\/3747","targetHints":{"allow":["GET"]}}],"collection":[{"href":"https:\/\/blogdobispo.com.br\/index.php?rest_route=\/wp\/v2\/posts"}],"about":[{"href":"https:\/\/blogdobispo.com.br\/index.php?rest_route=\/wp\/v2\/types\/post"}],"author":[{"embeddable":true,"href":"https:\/\/blogdobispo.com.br\/index.php?rest_route=\/wp\/v2\/users\/1"}],"replies":[{"embeddable":true,"href":"https:\/\/blogdobispo.com.br\/index.php?rest_route=%2Fwp%2Fv2%2Fcomments&post=3747"}],"version-history":[{"count":0,"href":"https:\/\/blogdobispo.com.br\/index.php?rest_route=\/wp\/v2\/posts\/3747\/revisions"}],"wp:attachment":[{"href":"https:\/\/blogdobispo.com.br\/index.php?rest_route=%2Fwp%2Fv2%2Fmedia&parent=3747"}],"wp:term":[{"taxonomy":"category","embeddable":true,"href":"https:\/\/blogdobispo.com.br\/index.php?rest_route=%2Fwp%2Fv2%2Fcategories&post=3747"},{"taxonomy":"post_tag","embeddable":true,"href":"https:\/\/blogdobispo.com.br\/index.php?rest_route=%2Fwp%2Fv2%2Ftags&post=3747"}],"curies":[{"name":"wp","href":"https:\/\/api.w.org\/{rel}","templated":true}]}}