{"id":3546,"date":"2024-05-28T19:43:48","date_gmt":"2024-05-28T19:43:48","guid":{"rendered":"https:\/\/blogdobispo.com.br\/?p=3546"},"modified":"2024-05-28T19:43:48","modified_gmt":"2024-05-28T19:43:48","slug":"prefeitura-do-natal-entrega-residencial-mae-luiza","status":"publish","type":"post","link":"https:\/\/blogdobispo.com.br\/?p=3546","title":{"rendered":"Prefeitura do Natal entrega Residencial M\u00e3e Luiza"},"content":{"rendered":"\n<figure class=\"wp-block-image size-large\"><img data-recalc-dims=\"1\" fetchpriority=\"high\" decoding=\"async\" width=\"800\" height=\"534\" src=\"https:\/\/i0.wp.com\/blogdobispo.com.br\/wp-content\/uploads\/2024\/05\/residencial-mae-luiza-entrega-2-foto-joana-lima-1024x683.jpg?resize=800%2C534&#038;ssl=1\" class=\"wp-image-3545\" srcset=\"https:\/\/i0.wp.com\/blogdobispo.com.br\/wp-content\/uploads\/2024\/05\/residencial-mae-luiza-entrega-2-foto-joana-lima.jpg?resize=1024%2C683&amp;ssl=1 1024w, https:\/\/i0.wp.com\/blogdobispo.com.br\/wp-content\/uploads\/2024\/05\/residencial-mae-luiza-entrega-2-foto-joana-lima.jpg?resize=300%2C200&amp;ssl=1 300w, https:\/\/i0.wp.com\/blogdobispo.com.br\/wp-content\/uploads\/2024\/05\/residencial-mae-luiza-entrega-2-foto-joana-lima.jpg?resize=768%2C512&amp;ssl=1 768w, https:\/\/i0.wp.com\/blogdobispo.com.br\/wp-content\/uploads\/2024\/05\/residencial-mae-luiza-entrega-2-foto-joana-lima.jpg?resize=1536%2C1024&amp;ssl=1 1536w, https:\/\/i0.wp.com\/blogdobispo.com.br\/wp-content\/uploads\/2024\/05\/residencial-mae-luiza-entrega-2-foto-joana-lima.jpg?w=1600&amp;ssl=1 1600w\" sizes=\"(max-width: 800px) 100vw, 800px\" \/><\/figure>\n\n\n\n<p><strong>&nbsp;<\/strong><\/p>\n\n\n\n<p>A Prefeitura de Natal entregou na tarde desta segunda-feira (27) o&nbsp;Residencial M\u00e3e Luiza. O novo condom\u00ednio j\u00e1 atende \u00e0s 29 fam\u00edlias que&nbsp;perderam suas casas em fun\u00e7\u00e3o de um deslizamento no bairro, em 2014.&nbsp;Para o prefeito \u00c1lvaro Dias, a entrega do empreendimento habitacional&nbsp;\u00e9 uma das obras mais gratificantes de sua gest\u00e3o. &nbsp;<\/p>\n\n\n\n<p>Segundo ele, era uma obriga\u00e7\u00e3o atender a necessidade dos moradores,&nbsp;depois de tantos anos. \u201cN\u00f3s sab\u00edamos da necessidade e do desejo dos&nbsp;moradores que tiveram suas casas destru\u00eddas por aquela trag\u00e9dia, em&nbsp;2014. Resolvemos enfrentar \u00e0s dificuldades encontradas e, com recursos&nbsp;pr\u00f3prios, iniciamos o projeto para podermos chegar hoje e vermos o&nbsp;Residencial M\u00e3e Luiza conclu\u00eddo. Uma a\u00e7\u00e3o das mais relevantes em&nbsp;nossa gest\u00e3o para atender ao povo que merece manter o seu direito e&nbsp;sua dignidade\u201d, ressaltou \u00c1lvaro.&nbsp;<\/p>\n\n\n\n<p>Para a secret\u00e1ria municipal de Habita\u00e7\u00e3o e Projetos Estruturantes,&nbsp;Shirley Cavalcanti, a obra do Residencial M\u00e3e Luiza \u00e9 uma marca da&nbsp;gest\u00e3o e a comprova\u00e7\u00e3o de que toda a luta nos \u00faltimos dois anos,&nbsp;per\u00edodo de constru\u00e7\u00e3o do empreendimento, valeu a pena. \u201cHoje \u00e9 um&nbsp;dia extremamente feliz, n\u00e3o s\u00f3 para os moradores, mas tamb\u00e9m para a&nbsp;administra\u00e7\u00e3o do Munic\u00edpio, que sempre priorizou esse trabalho\u201d,&nbsp;definiu a titular da Seharpe. &nbsp;<\/p>\n\n\n\n<p>Shirley ressaltou a qualidade do condom\u00ednio, sua \u00f3tima localiza\u00e7\u00e3o e um&nbsp;ganho principalmente para a popula\u00e7\u00e3o, que vai permanecer na pr\u00f3pria&nbsp;comunidade onde sempre residiu. \u201cRetribu\u00edmos com uma moradia&nbsp;acolhedora, seguran\u00e7a para proporcionar a qualidade de vida que essas&nbsp;fam\u00edlias merecem\u201d, salientou ela.&nbsp;<\/p>\n\n\n\n<p>A secret\u00e1ria municipal de Planejamento, Joanna Guerra, tamb\u00e9m&nbsp;participou da cerim\u00f4nia e classificou a constru\u00e7\u00e3o do Residencial M\u00e3e&nbsp;Luiza como um \u201cgesto humano\u201d da Prefeitura. \u201cFico feliz em fazer parte&nbsp;desse momento em que a gest\u00e3o mostra, mais uma vez, que trabalha&nbsp;em favor da popula\u00e7\u00e3o\u201d, apontou Joanna.&nbsp;<\/p>\n\n\n\n<p>Com um aporte financeiro de R$ 4,2 milh\u00f5es de recursos pr\u00f3prios, a&nbsp;constru\u00e7\u00e3o do Residencial M\u00e3e Luiza registra detalhes que atestam a&nbsp;qualidade do projeto. Al\u00e9m das unidades habitacionais, que possuem&nbsp;<\/p>\n\n\n\n<hr class=\"wp-block-separator has-alpha-channel-opacity\"\/>\n\n\n\n<p>2 \/ 2<\/p>\n\n\n\n<p>49,89 m\u00b2 e contam com dois quartos, sala, cozinha, banheiro e&nbsp;acessibilidade para pessoas com defici\u00eancia, o Residencial possui uma&nbsp;estrutura de \u00e1rea comum, academia da terceira idade e v\u00e1rios&nbsp;equipamentos de esporte, lazer e conviv\u00eancia.&nbsp;<\/p>\n\n\n\n<p>Al\u00e9m do prefeito \u00c1lvaro Dias e das secret\u00e1rias Shirley Cavalcanti e&nbsp;Joanna Guerra, participaram da solenidade de inaugura\u00e7\u00e3o em M\u00e3e&nbsp;Luiza diversas outras autoridades municipais, como vereadores,&nbsp;auxiliares e servidores da Prefeitura. &nbsp;<\/p>\n\n\n\n<p><strong>Transforma\u00e7\u00e3o de vidas&nbsp;<\/strong><\/p>\n\n\n\n<p>Junto com as chaves da nova moradia, as fam\u00edlias que agora habitam o&nbsp;Residencial M\u00e3e Luiza trocaram as lembran\u00e7as dos dias dif\u00edceis de 2014&nbsp;pela alegria com a nova realidade.&nbsp;<\/p>\n\n\n\n<p>Wilson Correia, mais conhecido como \u201cSeu Wilson\u201d, ainda carrega&nbsp;consigo o que chama de \u201cum dos dias mais tristes em sua vida\u201d,&nbsp;referindo-se ao deslizamento de 10 anos atr\u00e1s. Mas externou sua&nbsp;felicidade ao entrar no condom\u00ednio entregue pela Prefeitura de Natal,&nbsp;segunda passada. \u201cEu s\u00f3 tenho a agradecer ao prefeito \u00c1lvaro Dias e&nbsp;toda a sua equipe por ter colocado esse projeto de p\u00e9. Por todo&nbsp;empenho e toda for\u00e7a para fazer acontecer, agora transbordo de&nbsp;alegria\u201d, emocionou-se, ao participar da inaugura\u00e7\u00e3o.&nbsp;<\/p>\n\n\n\n<p>Outra hist\u00f3ria de supera\u00e7\u00e3o \u00e9 de dona Maria Auxiliadora, 62 anos. Ela&nbsp;conta que, ap\u00f3s perder sua casa na trag\u00e9dia de 2014, foi morar em um&nbsp;casa numa vila sem estrutura alguma. Com o Residencial M\u00e3e Luiza, ela&nbsp;afirma viver um novo momento: \u201c\u00c9 uma sensa\u00e7\u00e3o maravilhosa, poder&nbsp;receber esta casa. Sentia, atrav\u00e9s de Jesus, que eu estaria pr\u00f3xima de ir&nbsp;para a minha casa. E esse dia chegou!\u201d, celebrou ela.&nbsp;<\/p>\n","protected":false},"excerpt":{"rendered":"<p>&nbsp; A Prefeitura de Natal entregou na tarde desta segunda-feira (27) o&nbsp;Residencial M\u00e3e Luiza. O novo condom\u00ednio j\u00e1 atende \u00e0s 29 fam\u00edlias que&nbsp;perderam suas casas em fun\u00e7\u00e3o de um deslizamento no bairro, em 2014.&nbsp;Para o prefeito \u00c1lvaro Dias, a entrega do empreendimento habitacional&nbsp;\u00e9 uma das obras mais gratificantes de sua gest\u00e3o. &nbsp; Segundo ele, era [&hellip;]<\/p>\n","protected":false},"author":1,"featured_media":0,"comment_status":"open","ping_status":"open","sticky":false,"template":"","format":"standard","meta":{"cybocfi_hide_featured_image":"","_jetpack_memberships_contains_paid_content":false,"footnotes":""},"categories":[1],"tags":[],"class_list":["post-3546","post","type-post","status-publish","format-standard","hentry","category-diversos"],"yoast_head":"<!-- This site is optimized with the Yoast SEO plugin v25.6 - https:\/\/yoast.com\/wordpress\/plugins\/seo\/ -->\n<title>Prefeitura do Natal entrega Residencial M\u00e3e Luiza - Blog do Bispo<\/title>\n<meta name=\"robots\" content=\"index, follow, max-snippet:-1, max-image-preview:large, max-video-preview:-1\" \/>\n<link rel=\"canonical\" href=\"https:\/\/blogdobispo.com.br\/?p=3546\" \/>\n<meta property=\"og:locale\" content=\"pt_BR\" \/>\n<meta property=\"og:type\" content=\"article\" \/>\n<meta property=\"og:title\" content=\"Prefeitura do Natal entrega Residencial M\u00e3e Luiza - Blog do Bispo\" \/>\n<meta property=\"og:description\" content=\"&nbsp; A Prefeitura de Natal entregou na tarde desta segunda-feira (27) o&nbsp;Residencial M\u00e3e Luiza. O novo condom\u00ednio j\u00e1 atende \u00e0s 29 fam\u00edlias que&nbsp;perderam suas casas em fun\u00e7\u00e3o de um deslizamento no bairro, em 2014.&nbsp;Para o prefeito \u00c1lvaro Dias, a entrega do empreendimento habitacional&nbsp;\u00e9 uma das obras mais gratificantes de sua gest\u00e3o. &nbsp; Segundo ele, era [&hellip;]\" \/>\n<meta property=\"og:url\" content=\"https:\/\/blogdobispo.com.br\/?p=3546\" \/>\n<meta property=\"og:site_name\" content=\"Blog do Bispo\" \/>\n<meta property=\"article:published_time\" content=\"2024-05-28T19:43:48+00:00\" \/>\n<meta property=\"og:image\" content=\"https:\/\/blogdobispo.com.br\/wp-content\/uploads\/2024\/05\/residencial-mae-luiza-entrega-2-foto-joana-lima-1024x683.jpg\" \/>\n<meta name=\"author\" content=\"Jefferson Sterfeno\" \/>\n<meta name=\"twitter:card\" content=\"summary_large_image\" \/>\n<meta name=\"twitter:label1\" content=\"Escrito por\" \/>\n\t<meta name=\"twitter:data1\" content=\"Jefferson Sterfeno\" \/>\n\t<meta name=\"twitter:label2\" content=\"Est. tempo de leitura\" \/>\n\t<meta name=\"twitter:data2\" content=\"3 minutos\" \/>\n<script type=\"application\/ld+json\" class=\"yoast-schema-graph\">{\"@context\":\"https:\/\/schema.org\",\"@graph\":[{\"@type\":\"Article\",\"@id\":\"https:\/\/blogdobispo.com.br\/?p=3546#article\",\"isPartOf\":{\"@id\":\"https:\/\/blogdobispo.com.br\/?p=3546\"},\"author\":{\"name\":\"Jefferson Sterfeno\",\"@id\":\"https:\/\/blogdobispo.com.br\/#\/schema\/person\/e2209cc0e6cea5c5233d033e997b373f\"},\"headline\":\"Prefeitura do Natal entrega Residencial M\u00e3e Luiza\",\"datePublished\":\"2024-05-28T19:43:48+00:00\",\"mainEntityOfPage\":{\"@id\":\"https:\/\/blogdobispo.com.br\/?p=3546\"},\"wordCount\":702,\"commentCount\":0,\"publisher\":{\"@id\":\"https:\/\/blogdobispo.com.br\/#organization\"},\"image\":{\"@id\":\"https:\/\/blogdobispo.com.br\/?p=3546#primaryimage\"},\"thumbnailUrl\":\"https:\/\/blogdobispo.com.br\/wp-content\/uploads\/2024\/05\/residencial-mae-luiza-entrega-2-foto-joana-lima-1024x683.jpg\",\"articleSection\":[\"diversos\"],\"inLanguage\":\"pt-BR\",\"potentialAction\":[{\"@type\":\"CommentAction\",\"name\":\"Comment\",\"target\":[\"https:\/\/blogdobispo.com.br\/?p=3546#respond\"]}]},{\"@type\":\"WebPage\",\"@id\":\"https:\/\/blogdobispo.com.br\/?p=3546\",\"url\":\"https:\/\/blogdobispo.com.br\/?p=3546\",\"name\":\"Prefeitura do Natal entrega Residencial M\u00e3e Luiza - Blog do Bispo\",\"isPartOf\":{\"@id\":\"https:\/\/blogdobispo.com.br\/#website\"},\"primaryImageOfPage\":{\"@id\":\"https:\/\/blogdobispo.com.br\/?p=3546#primaryimage\"},\"image\":{\"@id\":\"https:\/\/blogdobispo.com.br\/?p=3546#primaryimage\"},\"thumbnailUrl\":\"https:\/\/blogdobispo.com.br\/wp-content\/uploads\/2024\/05\/residencial-mae-luiza-entrega-2-foto-joana-lima-1024x683.jpg\",\"datePublished\":\"2024-05-28T19:43:48+00:00\",\"breadcrumb\":{\"@id\":\"https:\/\/blogdobispo.com.br\/?p=3546#breadcrumb\"},\"inLanguage\":\"pt-BR\",\"potentialAction\":[{\"@type\":\"ReadAction\",\"target\":[\"https:\/\/blogdobispo.com.br\/?p=3546\"]}]},{\"@type\":\"ImageObject\",\"inLanguage\":\"pt-BR\",\"@id\":\"https:\/\/blogdobispo.com.br\/?p=3546#primaryimage\",\"url\":\"https:\/\/blogdobispo.com.br\/wp-content\/uploads\/2024\/05\/residencial-mae-luiza-entrega-2-foto-joana-lima-1024x683.jpg\",\"contentUrl\":\"https:\/\/blogdobispo.com.br\/wp-content\/uploads\/2024\/05\/residencial-mae-luiza-entrega-2-foto-joana-lima-1024x683.jpg\"},{\"@type\":\"BreadcrumbList\",\"@id\":\"https:\/\/blogdobispo.com.br\/?p=3546#breadcrumb\",\"itemListElement\":[{\"@type\":\"ListItem\",\"position\":1,\"name\":\"In\u00edcio\",\"item\":\"https:\/\/blogdobispo.com.br\/\"},{\"@type\":\"ListItem\",\"position\":2,\"name\":\"Prefeitura do Natal entrega Residencial M\u00e3e Luiza\"}]},{\"@type\":\"WebSite\",\"@id\":\"https:\/\/blogdobispo.com.br\/#website\",\"url\":\"https:\/\/blogdobispo.com.br\/\",\"name\":\"Blog do Bispo\",\"description\":\"Comprometido apenas com o leitor\",\"publisher\":{\"@id\":\"https:\/\/blogdobispo.com.br\/#organization\"},\"potentialAction\":[{\"@type\":\"SearchAction\",\"target\":{\"@type\":\"EntryPoint\",\"urlTemplate\":\"https:\/\/blogdobispo.com.br\/?s={search_term_string}\"},\"query-input\":{\"@type\":\"PropertyValueSpecification\",\"valueRequired\":true,\"valueName\":\"search_term_string\"}}],\"inLanguage\":\"pt-BR\"},{\"@type\":\"Organization\",\"@id\":\"https:\/\/blogdobispo.com.br\/#organization\",\"name\":\"Blog do Bispo\",\"url\":\"https:\/\/blogdobispo.com.br\/\",\"logo\":{\"@type\":\"ImageObject\",\"inLanguage\":\"pt-BR\",\"@id\":\"https:\/\/blogdobispo.com.br\/#\/schema\/logo\/image\/\",\"url\":\"http:\/\/blogdobispo.com.br\/wp-content\/uploads\/2023\/05\/cropped-headear.png\",\"contentUrl\":\"http:\/\/blogdobispo.com.br\/wp-content\/uploads\/2023\/05\/cropped-headear.png\",\"width\":1500,\"height\":399,\"caption\":\"Blog do Bispo\"},\"image\":{\"@id\":\"https:\/\/blogdobispo.com.br\/#\/schema\/logo\/image\/\"}},{\"@type\":\"Person\",\"@id\":\"https:\/\/blogdobispo.com.br\/#\/schema\/person\/e2209cc0e6cea5c5233d033e997b373f\",\"name\":\"Jefferson Sterfeno\",\"image\":{\"@type\":\"ImageObject\",\"inLanguage\":\"pt-BR\",\"@id\":\"https:\/\/blogdobispo.com.br\/#\/schema\/person\/image\/\",\"url\":\"https:\/\/secure.gravatar.com\/avatar\/0534e84764641168a677026b6d57a3f51dc7ac4db0b4f6186d9cb330d4ee1160?s=96&d=mm&r=g\",\"contentUrl\":\"https:\/\/secure.gravatar.com\/avatar\/0534e84764641168a677026b6d57a3f51dc7ac4db0b4f6186d9cb330d4ee1160?s=96&d=mm&r=g\",\"caption\":\"Jefferson Sterfeno\"},\"sameAs\":[\"http:\/\/blogdobispo.com.br\"],\"url\":\"https:\/\/blogdobispo.com.br\/?author=1\"}]}<\/script>\n<!-- \/ Yoast SEO plugin. -->","yoast_head_json":{"title":"Prefeitura do Natal entrega Residencial M\u00e3e Luiza - Blog do Bispo","robots":{"index":"index","follow":"follow","max-snippet":"max-snippet:-1","max-image-preview":"max-image-preview:large","max-video-preview":"max-video-preview:-1"},"canonical":"https:\/\/blogdobispo.com.br\/?p=3546","og_locale":"pt_BR","og_type":"article","og_title":"Prefeitura do Natal entrega Residencial M\u00e3e Luiza - Blog do Bispo","og_description":"&nbsp; A Prefeitura de Natal entregou na tarde desta segunda-feira (27) o&nbsp;Residencial M\u00e3e Luiza. O novo condom\u00ednio j\u00e1 atende \u00e0s 29 fam\u00edlias que&nbsp;perderam suas casas em fun\u00e7\u00e3o de um deslizamento no bairro, em 2014.&nbsp;Para o prefeito \u00c1lvaro Dias, a entrega do empreendimento habitacional&nbsp;\u00e9 uma das obras mais gratificantes de sua gest\u00e3o. &nbsp; Segundo ele, era [&hellip;]","og_url":"https:\/\/blogdobispo.com.br\/?p=3546","og_site_name":"Blog do Bispo","article_published_time":"2024-05-28T19:43:48+00:00","og_image":[{"url":"https:\/\/blogdobispo.com.br\/wp-content\/uploads\/2024\/05\/residencial-mae-luiza-entrega-2-foto-joana-lima-1024x683.jpg","type":"","width":"","height":""}],"author":"Jefferson Sterfeno","twitter_card":"summary_large_image","twitter_misc":{"Escrito por":"Jefferson Sterfeno","Est. tempo de leitura":"3 minutos"},"schema":{"@context":"https:\/\/schema.org","@graph":[{"@type":"Article","@id":"https:\/\/blogdobispo.com.br\/?p=3546#article","isPartOf":{"@id":"https:\/\/blogdobispo.com.br\/?p=3546"},"author":{"name":"Jefferson Sterfeno","@id":"https:\/\/blogdobispo.com.br\/#\/schema\/person\/e2209cc0e6cea5c5233d033e997b373f"},"headline":"Prefeitura do Natal entrega Residencial M\u00e3e Luiza","datePublished":"2024-05-28T19:43:48+00:00","mainEntityOfPage":{"@id":"https:\/\/blogdobispo.com.br\/?p=3546"},"wordCount":702,"commentCount":0,"publisher":{"@id":"https:\/\/blogdobispo.com.br\/#organization"},"image":{"@id":"https:\/\/blogdobispo.com.br\/?p=3546#primaryimage"},"thumbnailUrl":"https:\/\/blogdobispo.com.br\/wp-content\/uploads\/2024\/05\/residencial-mae-luiza-entrega-2-foto-joana-lima-1024x683.jpg","articleSection":["diversos"],"inLanguage":"pt-BR","potentialAction":[{"@type":"CommentAction","name":"Comment","target":["https:\/\/blogdobispo.com.br\/?p=3546#respond"]}]},{"@type":"WebPage","@id":"https:\/\/blogdobispo.com.br\/?p=3546","url":"https:\/\/blogdobispo.com.br\/?p=3546","name":"Prefeitura do Natal entrega Residencial M\u00e3e Luiza - Blog do Bispo","isPartOf":{"@id":"https:\/\/blogdobispo.com.br\/#website"},"primaryImageOfPage":{"@id":"https:\/\/blogdobispo.com.br\/?p=3546#primaryimage"},"image":{"@id":"https:\/\/blogdobispo.com.br\/?p=3546#primaryimage"},"thumbnailUrl":"https:\/\/blogdobispo.com.br\/wp-content\/uploads\/2024\/05\/residencial-mae-luiza-entrega-2-foto-joana-lima-1024x683.jpg","datePublished":"2024-05-28T19:43:48+00:00","breadcrumb":{"@id":"https:\/\/blogdobispo.com.br\/?p=3546#breadcrumb"},"inLanguage":"pt-BR","potentialAction":[{"@type":"ReadAction","target":["https:\/\/blogdobispo.com.br\/?p=3546"]}]},{"@type":"ImageObject","inLanguage":"pt-BR","@id":"https:\/\/blogdobispo.com.br\/?p=3546#primaryimage","url":"https:\/\/blogdobispo.com.br\/wp-content\/uploads\/2024\/05\/residencial-mae-luiza-entrega-2-foto-joana-lima-1024x683.jpg","contentUrl":"https:\/\/blogdobispo.com.br\/wp-content\/uploads\/2024\/05\/residencial-mae-luiza-entrega-2-foto-joana-lima-1024x683.jpg"},{"@type":"BreadcrumbList","@id":"https:\/\/blogdobispo.com.br\/?p=3546#breadcrumb","itemListElement":[{"@type":"ListItem","position":1,"name":"In\u00edcio","item":"https:\/\/blogdobispo.com.br\/"},{"@type":"ListItem","position":2,"name":"Prefeitura do Natal entrega Residencial M\u00e3e Luiza"}]},{"@type":"WebSite","@id":"https:\/\/blogdobispo.com.br\/#website","url":"https:\/\/blogdobispo.com.br\/","name":"Blog do Bispo","description":"Comprometido apenas com o leitor","publisher":{"@id":"https:\/\/blogdobispo.com.br\/#organization"},"potentialAction":[{"@type":"SearchAction","target":{"@type":"EntryPoint","urlTemplate":"https:\/\/blogdobispo.com.br\/?s={search_term_string}"},"query-input":{"@type":"PropertyValueSpecification","valueRequired":true,"valueName":"search_term_string"}}],"inLanguage":"pt-BR"},{"@type":"Organization","@id":"https:\/\/blogdobispo.com.br\/#organization","name":"Blog do Bispo","url":"https:\/\/blogdobispo.com.br\/","logo":{"@type":"ImageObject","inLanguage":"pt-BR","@id":"https:\/\/blogdobispo.com.br\/#\/schema\/logo\/image\/","url":"http:\/\/blogdobispo.com.br\/wp-content\/uploads\/2023\/05\/cropped-headear.png","contentUrl":"http:\/\/blogdobispo.com.br\/wp-content\/uploads\/2023\/05\/cropped-headear.png","width":1500,"height":399,"caption":"Blog do Bispo"},"image":{"@id":"https:\/\/blogdobispo.com.br\/#\/schema\/logo\/image\/"}},{"@type":"Person","@id":"https:\/\/blogdobispo.com.br\/#\/schema\/person\/e2209cc0e6cea5c5233d033e997b373f","name":"Jefferson Sterfeno","image":{"@type":"ImageObject","inLanguage":"pt-BR","@id":"https:\/\/blogdobispo.com.br\/#\/schema\/person\/image\/","url":"https:\/\/secure.gravatar.com\/avatar\/0534e84764641168a677026b6d57a3f51dc7ac4db0b4f6186d9cb330d4ee1160?s=96&d=mm&r=g","contentUrl":"https:\/\/secure.gravatar.com\/avatar\/0534e84764641168a677026b6d57a3f51dc7ac4db0b4f6186d9cb330d4ee1160?s=96&d=mm&r=g","caption":"Jefferson Sterfeno"},"sameAs":["http:\/\/blogdobispo.com.br"],"url":"https:\/\/blogdobispo.com.br\/?author=1"}]}},"featured_image_urls":{"full":"","thumbnail":"","medium":"","medium_large":"","large":"","1536x1536":"","2048x2048":""},"author_info":{"display_name":"Jefferson Sterfeno","author_link":"https:\/\/blogdobispo.com.br\/?author=1"},"category_info":"<a href=\"https:\/\/blogdobispo.com.br\/?cat=1\" rel=\"category\">diversos<\/a>","tag_info":"diversos","comment_count":"0","jetpack_featured_media_url":"","jetpack_sharing_enabled":true,"_links":{"self":[{"href":"https:\/\/blogdobispo.com.br\/index.php?rest_route=\/wp\/v2\/posts\/3546","targetHints":{"allow":["GET"]}}],"collection":[{"href":"https:\/\/blogdobispo.com.br\/index.php?rest_route=\/wp\/v2\/posts"}],"about":[{"href":"https:\/\/blogdobispo.com.br\/index.php?rest_route=\/wp\/v2\/types\/post"}],"author":[{"embeddable":true,"href":"https:\/\/blogdobispo.com.br\/index.php?rest_route=\/wp\/v2\/users\/1"}],"replies":[{"embeddable":true,"href":"https:\/\/blogdobispo.com.br\/index.php?rest_route=%2Fwp%2Fv2%2Fcomments&post=3546"}],"version-history":[{"count":0,"href":"https:\/\/blogdobispo.com.br\/index.php?rest_route=\/wp\/v2\/posts\/3546\/revisions"}],"wp:attachment":[{"href":"https:\/\/blogdobispo.com.br\/index.php?rest_route=%2Fwp%2Fv2%2Fmedia&parent=3546"}],"wp:term":[{"taxonomy":"category","embeddable":true,"href":"https:\/\/blogdobispo.com.br\/index.php?rest_route=%2Fwp%2Fv2%2Fcategories&post=3546"},{"taxonomy":"post_tag","embeddable":true,"href":"https:\/\/blogdobispo.com.br\/index.php?rest_route=%2Fwp%2Fv2%2Ftags&post=3546"}],"curies":[{"name":"wp","href":"https:\/\/api.w.org\/{rel}","templated":true}]}}