{"id":3506,"date":"2024-05-21T22:04:49","date_gmt":"2024-05-21T22:04:49","guid":{"rendered":"https:\/\/blogdobispo.com.br\/?p=3506"},"modified":"2024-05-21T22:04:49","modified_gmt":"2024-05-21T22:04:49","slug":"vereador-nivaldo-bacurau-informa-que-foi-assinado-o-contrato-para-dar-inicio-a-2a-etapa-da-regularizacao-fundiaria-da-comunidade-aldeia-velha","status":"publish","type":"post","link":"https:\/\/blogdobispo.com.br\/?p=3506","title":{"rendered":"VEREADOR NIVALDO BACURAU INFORMA QUE FOI ASSINADO O CONTRATO PARA DAR IN\u00cdCIO A 2\u00aa ETAPA DA REGULARIZA\u00c7\u00c3O FUNDI\u00c1RIA DA COMUNIDADE ALDEIA VELHA"},"content":{"rendered":"\n<figure class=\"wp-block-image size-large\"><img data-recalc-dims=\"1\" fetchpriority=\"high\" decoding=\"async\" width=\"576\" height=\"1024\" src=\"https:\/\/i0.wp.com\/blogdobispo.com.br\/wp-content\/uploads\/2024\/05\/cd690862-2149-4af5-bd73-07679ba49b3a-1-576x1024.jpg?resize=576%2C1024&#038;ssl=1\" class=\"wp-image-3505\" srcset=\"https:\/\/i0.wp.com\/blogdobispo.com.br\/wp-content\/uploads\/2024\/05\/cd690862-2149-4af5-bd73-07679ba49b3a-1.jpg?resize=576%2C1024&amp;ssl=1 576w, https:\/\/i0.wp.com\/blogdobispo.com.br\/wp-content\/uploads\/2024\/05\/cd690862-2149-4af5-bd73-07679ba49b3a-1.jpg?resize=169%2C300&amp;ssl=1 169w, https:\/\/i0.wp.com\/blogdobispo.com.br\/wp-content\/uploads\/2024\/05\/cd690862-2149-4af5-bd73-07679ba49b3a-1.jpg?resize=768%2C1365&amp;ssl=1 768w, https:\/\/i0.wp.com\/blogdobispo.com.br\/wp-content\/uploads\/2024\/05\/cd690862-2149-4af5-bd73-07679ba49b3a-1.jpg?resize=864%2C1536&amp;ssl=1 864w, https:\/\/i0.wp.com\/blogdobispo.com.br\/wp-content\/uploads\/2024\/05\/cd690862-2149-4af5-bd73-07679ba49b3a-1.jpg?w=900&amp;ssl=1 900w\" sizes=\"(max-width: 576px) 100vw, 576px\" \/><\/figure>\n\n\n\n<p><\/p>\n\n\n\n<p>O Vereador Nivaldo Bacurau foi informado pela SEHARPE na tarde desta ter\u00e7a-feira (21), que foi assinado o contrato para dar in\u00edcio o processo de regulariza\u00e7\u00e3o fundi\u00e1ria pertencente a 2\u00aa etapa da comunidade Aldeia Velha, que compreende os im\u00f3veis desde o cart\u00f3rio de Igap\u00f3 at\u00e9 o Atacad\u00e3o Zona Norte. Ser\u00e3o contemplados mais de 200 t\u00edtulos de im\u00f3veis nessa nova etapa.<\/p>\n\n\n\n<p>Com certeza \u00e9 um marco na hist\u00f3ria do bairro de Igap\u00f3, que o Parlamentar j\u00e1 est\u00e1 escrevendo.<\/p>\n\n\n\n<p>E a vontade de Nivaldo Bacurau \u00e9 avan\u00e7ar ainda mais\u2026<br>Caso seja reeleito, o Vereador buscar\u00e1 tamb\u00e9m contemplar os im\u00f3veis do outro lado do bairro de Igap\u00f3, nas imedia\u00e7\u00f5es das ruas Santo Agostinho, N. S. do \u00d3, Marc\u00edlio Dias e dentre outras.<\/p>\n\n\n\n<p><\/p>\n","protected":false},"excerpt":{"rendered":"<p>O Vereador Nivaldo Bacurau foi informado pela SEHARPE na tarde desta ter\u00e7a-feira (21), que foi assinado o contrato para dar in\u00edcio o processo de regulariza\u00e7\u00e3o fundi\u00e1ria pertencente a 2\u00aa etapa da comunidade Aldeia Velha, que compreende os im\u00f3veis desde o cart\u00f3rio de Igap\u00f3 at\u00e9 o Atacad\u00e3o Zona Norte. Ser\u00e3o contemplados mais de 200 t\u00edtulos de [&hellip;]<\/p>\n","protected":false},"author":1,"featured_media":0,"comment_status":"open","ping_status":"open","sticky":false,"template":"","format":"standard","meta":{"cybocfi_hide_featured_image":"","_jetpack_memberships_contains_paid_content":false,"footnotes":""},"categories":[1],"tags":[],"class_list":["post-3506","post","type-post","status-publish","format-standard","hentry","category-diversos"],"yoast_head":"<!-- This site is optimized with the Yoast SEO plugin v25.6 - https:\/\/yoast.com\/wordpress\/plugins\/seo\/ -->\n<title>VEREADOR NIVALDO BACURAU INFORMA QUE FOI ASSINADO O CONTRATO PARA DAR IN\u00cdCIO A 2\u00aa ETAPA DA REGULARIZA\u00c7\u00c3O FUNDI\u00c1RIA DA COMUNIDADE ALDEIA VELHA - Blog do Bispo<\/title>\n<meta name=\"robots\" content=\"index, follow, max-snippet:-1, max-image-preview:large, max-video-preview:-1\" \/>\n<link rel=\"canonical\" href=\"https:\/\/blogdobispo.com.br\/?p=3506\" \/>\n<meta property=\"og:locale\" content=\"pt_BR\" \/>\n<meta property=\"og:type\" content=\"article\" \/>\n<meta property=\"og:title\" content=\"VEREADOR NIVALDO BACURAU INFORMA QUE FOI ASSINADO O CONTRATO PARA DAR IN\u00cdCIO A 2\u00aa ETAPA DA REGULARIZA\u00c7\u00c3O FUNDI\u00c1RIA DA COMUNIDADE ALDEIA VELHA - Blog do Bispo\" \/>\n<meta property=\"og:description\" content=\"O Vereador Nivaldo Bacurau foi informado pela SEHARPE na tarde desta ter\u00e7a-feira (21), que foi assinado o contrato para dar in\u00edcio o processo de regulariza\u00e7\u00e3o fundi\u00e1ria pertencente a 2\u00aa etapa da comunidade Aldeia Velha, que compreende os im\u00f3veis desde o cart\u00f3rio de Igap\u00f3 at\u00e9 o Atacad\u00e3o Zona Norte. Ser\u00e3o contemplados mais de 200 t\u00edtulos de [&hellip;]\" \/>\n<meta property=\"og:url\" content=\"https:\/\/blogdobispo.com.br\/?p=3506\" \/>\n<meta property=\"og:site_name\" content=\"Blog do Bispo\" \/>\n<meta property=\"article:published_time\" content=\"2024-05-21T22:04:49+00:00\" \/>\n<meta property=\"og:image\" content=\"https:\/\/blogdobispo.com.br\/wp-content\/uploads\/2024\/05\/cd690862-2149-4af5-bd73-07679ba49b3a-1-576x1024.jpg\" \/>\n<meta name=\"author\" content=\"Jefferson Sterfeno\" \/>\n<meta name=\"twitter:card\" content=\"summary_large_image\" \/>\n<meta name=\"twitter:label1\" content=\"Escrito por\" \/>\n\t<meta name=\"twitter:data1\" content=\"Jefferson Sterfeno\" \/>\n\t<meta name=\"twitter:label2\" content=\"Est. tempo de leitura\" \/>\n\t<meta name=\"twitter:data2\" content=\"1 minuto\" \/>\n<script type=\"application\/ld+json\" class=\"yoast-schema-graph\">{\"@context\":\"https:\/\/schema.org\",\"@graph\":[{\"@type\":\"Article\",\"@id\":\"https:\/\/blogdobispo.com.br\/?p=3506#article\",\"isPartOf\":{\"@id\":\"https:\/\/blogdobispo.com.br\/?p=3506\"},\"author\":{\"name\":\"Jefferson Sterfeno\",\"@id\":\"https:\/\/blogdobispo.com.br\/#\/schema\/person\/e2209cc0e6cea5c5233d033e997b373f\"},\"headline\":\"VEREADOR NIVALDO BACURAU INFORMA QUE FOI ASSINADO O CONTRATO PARA DAR IN\u00cdCIO A 2\u00aa ETAPA DA REGULARIZA\u00c7\u00c3O FUNDI\u00c1RIA DA COMUNIDADE ALDEIA VELHA\",\"datePublished\":\"2024-05-21T22:04:49+00:00\",\"mainEntityOfPage\":{\"@id\":\"https:\/\/blogdobispo.com.br\/?p=3506\"},\"wordCount\":152,\"commentCount\":0,\"publisher\":{\"@id\":\"https:\/\/blogdobispo.com.br\/#organization\"},\"image\":{\"@id\":\"https:\/\/blogdobispo.com.br\/?p=3506#primaryimage\"},\"thumbnailUrl\":\"https:\/\/blogdobispo.com.br\/wp-content\/uploads\/2024\/05\/cd690862-2149-4af5-bd73-07679ba49b3a-1-576x1024.jpg\",\"articleSection\":[\"diversos\"],\"inLanguage\":\"pt-BR\",\"potentialAction\":[{\"@type\":\"CommentAction\",\"name\":\"Comment\",\"target\":[\"https:\/\/blogdobispo.com.br\/?p=3506#respond\"]}]},{\"@type\":\"WebPage\",\"@id\":\"https:\/\/blogdobispo.com.br\/?p=3506\",\"url\":\"https:\/\/blogdobispo.com.br\/?p=3506\",\"name\":\"VEREADOR NIVALDO BACURAU INFORMA QUE FOI ASSINADO O CONTRATO PARA DAR IN\u00cdCIO A 2\u00aa ETAPA DA REGULARIZA\u00c7\u00c3O FUNDI\u00c1RIA DA COMUNIDADE ALDEIA VELHA - Blog do Bispo\",\"isPartOf\":{\"@id\":\"https:\/\/blogdobispo.com.br\/#website\"},\"primaryImageOfPage\":{\"@id\":\"https:\/\/blogdobispo.com.br\/?p=3506#primaryimage\"},\"image\":{\"@id\":\"https:\/\/blogdobispo.com.br\/?p=3506#primaryimage\"},\"thumbnailUrl\":\"https:\/\/blogdobispo.com.br\/wp-content\/uploads\/2024\/05\/cd690862-2149-4af5-bd73-07679ba49b3a-1-576x1024.jpg\",\"datePublished\":\"2024-05-21T22:04:49+00:00\",\"breadcrumb\":{\"@id\":\"https:\/\/blogdobispo.com.br\/?p=3506#breadcrumb\"},\"inLanguage\":\"pt-BR\",\"potentialAction\":[{\"@type\":\"ReadAction\",\"target\":[\"https:\/\/blogdobispo.com.br\/?p=3506\"]}]},{\"@type\":\"ImageObject\",\"inLanguage\":\"pt-BR\",\"@id\":\"https:\/\/blogdobispo.com.br\/?p=3506#primaryimage\",\"url\":\"https:\/\/blogdobispo.com.br\/wp-content\/uploads\/2024\/05\/cd690862-2149-4af5-bd73-07679ba49b3a-1-576x1024.jpg\",\"contentUrl\":\"https:\/\/blogdobispo.com.br\/wp-content\/uploads\/2024\/05\/cd690862-2149-4af5-bd73-07679ba49b3a-1-576x1024.jpg\"},{\"@type\":\"BreadcrumbList\",\"@id\":\"https:\/\/blogdobispo.com.br\/?p=3506#breadcrumb\",\"itemListElement\":[{\"@type\":\"ListItem\",\"position\":1,\"name\":\"In\u00edcio\",\"item\":\"https:\/\/blogdobispo.com.br\/\"},{\"@type\":\"ListItem\",\"position\":2,\"name\":\"VEREADOR NIVALDO BACURAU INFORMA QUE FOI ASSINADO O CONTRATO PARA DAR IN\u00cdCIO A 2\u00aa ETAPA DA REGULARIZA\u00c7\u00c3O FUNDI\u00c1RIA DA COMUNIDADE ALDEIA VELHA\"}]},{\"@type\":\"WebSite\",\"@id\":\"https:\/\/blogdobispo.com.br\/#website\",\"url\":\"https:\/\/blogdobispo.com.br\/\",\"name\":\"Blog do Bispo\",\"description\":\"Comprometido apenas com o leitor\",\"publisher\":{\"@id\":\"https:\/\/blogdobispo.com.br\/#organization\"},\"potentialAction\":[{\"@type\":\"SearchAction\",\"target\":{\"@type\":\"EntryPoint\",\"urlTemplate\":\"https:\/\/blogdobispo.com.br\/?s={search_term_string}\"},\"query-input\":{\"@type\":\"PropertyValueSpecification\",\"valueRequired\":true,\"valueName\":\"search_term_string\"}}],\"inLanguage\":\"pt-BR\"},{\"@type\":\"Organization\",\"@id\":\"https:\/\/blogdobispo.com.br\/#organization\",\"name\":\"Blog do Bispo\",\"url\":\"https:\/\/blogdobispo.com.br\/\",\"logo\":{\"@type\":\"ImageObject\",\"inLanguage\":\"pt-BR\",\"@id\":\"https:\/\/blogdobispo.com.br\/#\/schema\/logo\/image\/\",\"url\":\"http:\/\/blogdobispo.com.br\/wp-content\/uploads\/2023\/05\/cropped-headear.png\",\"contentUrl\":\"http:\/\/blogdobispo.com.br\/wp-content\/uploads\/2023\/05\/cropped-headear.png\",\"width\":1500,\"height\":399,\"caption\":\"Blog do Bispo\"},\"image\":{\"@id\":\"https:\/\/blogdobispo.com.br\/#\/schema\/logo\/image\/\"}},{\"@type\":\"Person\",\"@id\":\"https:\/\/blogdobispo.com.br\/#\/schema\/person\/e2209cc0e6cea5c5233d033e997b373f\",\"name\":\"Jefferson Sterfeno\",\"image\":{\"@type\":\"ImageObject\",\"inLanguage\":\"pt-BR\",\"@id\":\"https:\/\/blogdobispo.com.br\/#\/schema\/person\/image\/\",\"url\":\"https:\/\/secure.gravatar.com\/avatar\/0534e84764641168a677026b6d57a3f51dc7ac4db0b4f6186d9cb330d4ee1160?s=96&d=mm&r=g\",\"contentUrl\":\"https:\/\/secure.gravatar.com\/avatar\/0534e84764641168a677026b6d57a3f51dc7ac4db0b4f6186d9cb330d4ee1160?s=96&d=mm&r=g\",\"caption\":\"Jefferson Sterfeno\"},\"sameAs\":[\"http:\/\/blogdobispo.com.br\"],\"url\":\"https:\/\/blogdobispo.com.br\/?author=1\"}]}<\/script>\n<!-- \/ Yoast SEO plugin. -->","yoast_head_json":{"title":"VEREADOR NIVALDO BACURAU INFORMA QUE FOI ASSINADO O CONTRATO PARA DAR IN\u00cdCIO A 2\u00aa ETAPA DA REGULARIZA\u00c7\u00c3O FUNDI\u00c1RIA DA COMUNIDADE ALDEIA VELHA - Blog do Bispo","robots":{"index":"index","follow":"follow","max-snippet":"max-snippet:-1","max-image-preview":"max-image-preview:large","max-video-preview":"max-video-preview:-1"},"canonical":"https:\/\/blogdobispo.com.br\/?p=3506","og_locale":"pt_BR","og_type":"article","og_title":"VEREADOR NIVALDO BACURAU INFORMA QUE FOI ASSINADO O CONTRATO PARA DAR IN\u00cdCIO A 2\u00aa ETAPA DA REGULARIZA\u00c7\u00c3O FUNDI\u00c1RIA DA COMUNIDADE ALDEIA VELHA - Blog do Bispo","og_description":"O Vereador Nivaldo Bacurau foi informado pela SEHARPE na tarde desta ter\u00e7a-feira (21), que foi assinado o contrato para dar in\u00edcio o processo de regulariza\u00e7\u00e3o fundi\u00e1ria pertencente a 2\u00aa etapa da comunidade Aldeia Velha, que compreende os im\u00f3veis desde o cart\u00f3rio de Igap\u00f3 at\u00e9 o Atacad\u00e3o Zona Norte. Ser\u00e3o contemplados mais de 200 t\u00edtulos de [&hellip;]","og_url":"https:\/\/blogdobispo.com.br\/?p=3506","og_site_name":"Blog do Bispo","article_published_time":"2024-05-21T22:04:49+00:00","og_image":[{"url":"https:\/\/blogdobispo.com.br\/wp-content\/uploads\/2024\/05\/cd690862-2149-4af5-bd73-07679ba49b3a-1-576x1024.jpg","type":"","width":"","height":""}],"author":"Jefferson Sterfeno","twitter_card":"summary_large_image","twitter_misc":{"Escrito por":"Jefferson Sterfeno","Est. tempo de leitura":"1 minuto"},"schema":{"@context":"https:\/\/schema.org","@graph":[{"@type":"Article","@id":"https:\/\/blogdobispo.com.br\/?p=3506#article","isPartOf":{"@id":"https:\/\/blogdobispo.com.br\/?p=3506"},"author":{"name":"Jefferson Sterfeno","@id":"https:\/\/blogdobispo.com.br\/#\/schema\/person\/e2209cc0e6cea5c5233d033e997b373f"},"headline":"VEREADOR NIVALDO BACURAU INFORMA QUE FOI ASSINADO O CONTRATO PARA DAR IN\u00cdCIO A 2\u00aa ETAPA DA REGULARIZA\u00c7\u00c3O FUNDI\u00c1RIA DA COMUNIDADE ALDEIA VELHA","datePublished":"2024-05-21T22:04:49+00:00","mainEntityOfPage":{"@id":"https:\/\/blogdobispo.com.br\/?p=3506"},"wordCount":152,"commentCount":0,"publisher":{"@id":"https:\/\/blogdobispo.com.br\/#organization"},"image":{"@id":"https:\/\/blogdobispo.com.br\/?p=3506#primaryimage"},"thumbnailUrl":"https:\/\/blogdobispo.com.br\/wp-content\/uploads\/2024\/05\/cd690862-2149-4af5-bd73-07679ba49b3a-1-576x1024.jpg","articleSection":["diversos"],"inLanguage":"pt-BR","potentialAction":[{"@type":"CommentAction","name":"Comment","target":["https:\/\/blogdobispo.com.br\/?p=3506#respond"]}]},{"@type":"WebPage","@id":"https:\/\/blogdobispo.com.br\/?p=3506","url":"https:\/\/blogdobispo.com.br\/?p=3506","name":"VEREADOR NIVALDO BACURAU INFORMA QUE FOI ASSINADO O CONTRATO PARA DAR IN\u00cdCIO A 2\u00aa ETAPA DA REGULARIZA\u00c7\u00c3O FUNDI\u00c1RIA DA COMUNIDADE ALDEIA VELHA - Blog do Bispo","isPartOf":{"@id":"https:\/\/blogdobispo.com.br\/#website"},"primaryImageOfPage":{"@id":"https:\/\/blogdobispo.com.br\/?p=3506#primaryimage"},"image":{"@id":"https:\/\/blogdobispo.com.br\/?p=3506#primaryimage"},"thumbnailUrl":"https:\/\/blogdobispo.com.br\/wp-content\/uploads\/2024\/05\/cd690862-2149-4af5-bd73-07679ba49b3a-1-576x1024.jpg","datePublished":"2024-05-21T22:04:49+00:00","breadcrumb":{"@id":"https:\/\/blogdobispo.com.br\/?p=3506#breadcrumb"},"inLanguage":"pt-BR","potentialAction":[{"@type":"ReadAction","target":["https:\/\/blogdobispo.com.br\/?p=3506"]}]},{"@type":"ImageObject","inLanguage":"pt-BR","@id":"https:\/\/blogdobispo.com.br\/?p=3506#primaryimage","url":"https:\/\/blogdobispo.com.br\/wp-content\/uploads\/2024\/05\/cd690862-2149-4af5-bd73-07679ba49b3a-1-576x1024.jpg","contentUrl":"https:\/\/blogdobispo.com.br\/wp-content\/uploads\/2024\/05\/cd690862-2149-4af5-bd73-07679ba49b3a-1-576x1024.jpg"},{"@type":"BreadcrumbList","@id":"https:\/\/blogdobispo.com.br\/?p=3506#breadcrumb","itemListElement":[{"@type":"ListItem","position":1,"name":"In\u00edcio","item":"https:\/\/blogdobispo.com.br\/"},{"@type":"ListItem","position":2,"name":"VEREADOR NIVALDO BACURAU INFORMA QUE FOI ASSINADO O CONTRATO PARA DAR IN\u00cdCIO A 2\u00aa ETAPA DA REGULARIZA\u00c7\u00c3O FUNDI\u00c1RIA DA COMUNIDADE ALDEIA VELHA"}]},{"@type":"WebSite","@id":"https:\/\/blogdobispo.com.br\/#website","url":"https:\/\/blogdobispo.com.br\/","name":"Blog do Bispo","description":"Comprometido apenas com o leitor","publisher":{"@id":"https:\/\/blogdobispo.com.br\/#organization"},"potentialAction":[{"@type":"SearchAction","target":{"@type":"EntryPoint","urlTemplate":"https:\/\/blogdobispo.com.br\/?s={search_term_string}"},"query-input":{"@type":"PropertyValueSpecification","valueRequired":true,"valueName":"search_term_string"}}],"inLanguage":"pt-BR"},{"@type":"Organization","@id":"https:\/\/blogdobispo.com.br\/#organization","name":"Blog do Bispo","url":"https:\/\/blogdobispo.com.br\/","logo":{"@type":"ImageObject","inLanguage":"pt-BR","@id":"https:\/\/blogdobispo.com.br\/#\/schema\/logo\/image\/","url":"http:\/\/blogdobispo.com.br\/wp-content\/uploads\/2023\/05\/cropped-headear.png","contentUrl":"http:\/\/blogdobispo.com.br\/wp-content\/uploads\/2023\/05\/cropped-headear.png","width":1500,"height":399,"caption":"Blog do Bispo"},"image":{"@id":"https:\/\/blogdobispo.com.br\/#\/schema\/logo\/image\/"}},{"@type":"Person","@id":"https:\/\/blogdobispo.com.br\/#\/schema\/person\/e2209cc0e6cea5c5233d033e997b373f","name":"Jefferson Sterfeno","image":{"@type":"ImageObject","inLanguage":"pt-BR","@id":"https:\/\/blogdobispo.com.br\/#\/schema\/person\/image\/","url":"https:\/\/secure.gravatar.com\/avatar\/0534e84764641168a677026b6d57a3f51dc7ac4db0b4f6186d9cb330d4ee1160?s=96&d=mm&r=g","contentUrl":"https:\/\/secure.gravatar.com\/avatar\/0534e84764641168a677026b6d57a3f51dc7ac4db0b4f6186d9cb330d4ee1160?s=96&d=mm&r=g","caption":"Jefferson Sterfeno"},"sameAs":["http:\/\/blogdobispo.com.br"],"url":"https:\/\/blogdobispo.com.br\/?author=1"}]}},"featured_image_urls":{"full":"","thumbnail":"","medium":"","medium_large":"","large":"","1536x1536":"","2048x2048":""},"author_info":{"display_name":"Jefferson Sterfeno","author_link":"https:\/\/blogdobispo.com.br\/?author=1"},"category_info":"<a href=\"https:\/\/blogdobispo.com.br\/?cat=1\" rel=\"category\">diversos<\/a>","tag_info":"diversos","comment_count":"0","jetpack_featured_media_url":"","jetpack_sharing_enabled":true,"_links":{"self":[{"href":"https:\/\/blogdobispo.com.br\/index.php?rest_route=\/wp\/v2\/posts\/3506","targetHints":{"allow":["GET"]}}],"collection":[{"href":"https:\/\/blogdobispo.com.br\/index.php?rest_route=\/wp\/v2\/posts"}],"about":[{"href":"https:\/\/blogdobispo.com.br\/index.php?rest_route=\/wp\/v2\/types\/post"}],"author":[{"embeddable":true,"href":"https:\/\/blogdobispo.com.br\/index.php?rest_route=\/wp\/v2\/users\/1"}],"replies":[{"embeddable":true,"href":"https:\/\/blogdobispo.com.br\/index.php?rest_route=%2Fwp%2Fv2%2Fcomments&post=3506"}],"version-history":[{"count":0,"href":"https:\/\/blogdobispo.com.br\/index.php?rest_route=\/wp\/v2\/posts\/3506\/revisions"}],"wp:attachment":[{"href":"https:\/\/blogdobispo.com.br\/index.php?rest_route=%2Fwp%2Fv2%2Fmedia&parent=3506"}],"wp:term":[{"taxonomy":"category","embeddable":true,"href":"https:\/\/blogdobispo.com.br\/index.php?rest_route=%2Fwp%2Fv2%2Fcategories&post=3506"},{"taxonomy":"post_tag","embeddable":true,"href":"https:\/\/blogdobispo.com.br\/index.php?rest_route=%2Fwp%2Fv2%2Ftags&post=3506"}],"curies":[{"name":"wp","href":"https:\/\/api.w.org\/{rel}","templated":true}]}}