{"id":3456,"date":"2024-05-17T20:05:32","date_gmt":"2024-05-17T20:05:32","guid":{"rendered":"https:\/\/blogdobispo.com.br\/?p=3456"},"modified":"2024-05-17T20:05:32","modified_gmt":"2024-05-17T20:05:32","slug":"vereador-kleber-fernandes-reune-alvaro-paulinho-e-joanna-em-celebracao-pela-passagem-de-seu-aniversario","status":"publish","type":"post","link":"https:\/\/blogdobispo.com.br\/?p=3456","title":{"rendered":"Vereador Kleber Fernandes re\u00fane \u00c1lvaro, Paulinho e Joanna em celebra\u00e7\u00e3o pela passagem de seu anivers\u00e1rio"},"content":{"rendered":"\n<figure class=\"wp-block-image size-large\"><img data-recalc-dims=\"1\" fetchpriority=\"high\" decoding=\"async\" width=\"800\" height=\"600\" src=\"https:\/\/i0.wp.com\/blogdobispo.com.br\/wp-content\/uploads\/2024\/05\/78205067-2b0f-41b5-82a7-8b8c6ccb0769-1-1024x768.jpg?resize=800%2C600&#038;ssl=1\" class=\"wp-image-3455\" srcset=\"https:\/\/i0.wp.com\/blogdobispo.com.br\/wp-content\/uploads\/2024\/05\/78205067-2b0f-41b5-82a7-8b8c6ccb0769-1.jpg?resize=1024%2C768&amp;ssl=1 1024w, https:\/\/i0.wp.com\/blogdobispo.com.br\/wp-content\/uploads\/2024\/05\/78205067-2b0f-41b5-82a7-8b8c6ccb0769-1.jpg?resize=300%2C225&amp;ssl=1 300w, https:\/\/i0.wp.com\/blogdobispo.com.br\/wp-content\/uploads\/2024\/05\/78205067-2b0f-41b5-82a7-8b8c6ccb0769-1.jpg?resize=768%2C576&amp;ssl=1 768w, https:\/\/i0.wp.com\/blogdobispo.com.br\/wp-content\/uploads\/2024\/05\/78205067-2b0f-41b5-82a7-8b8c6ccb0769-1.jpg?resize=1536%2C1152&amp;ssl=1 1536w, https:\/\/i0.wp.com\/blogdobispo.com.br\/wp-content\/uploads\/2024\/05\/78205067-2b0f-41b5-82a7-8b8c6ccb0769-1.jpg?w=2000&amp;ssl=1 2000w, https:\/\/i0.wp.com\/blogdobispo.com.br\/wp-content\/uploads\/2024\/05\/78205067-2b0f-41b5-82a7-8b8c6ccb0769-1.jpg?w=1600 1600w\" sizes=\"(max-width: 800px) 100vw, 800px\" \/><\/figure>\n\n\n\n<p><\/p>\n\n\n\n<p>A Missa em A\u00e7\u00e3o de Gra\u00e7as pela passagem do anivers\u00e1rio do vereador Kleber Fernandes (Republicanos) foi bastante movimentada, na noite desta quinta-feira (16).<\/p>\n\n\n\n<p>A celebra\u00e7\u00e3o contou com a presen\u00e7a do prefeito de Natal \u00c1lvaro Dias e da primeira-dama Amanda Dias, do pr\u00e9-candidato a prefeito Paulinho Freire e sua vice, Joanna Guerra, do deputado estadual Adjuto Dias, amigos, familiares, lideran\u00e7as e correligion\u00e1rios, reunindo mais de 600 pessoas, dentro e fora da igreja. Um tel\u00e3o foi instalado e muitas pessoas puderam acompanhar na cal\u00e7ada e rua da Igreja de Nossa Senhora da Apresenta\u00e7\u00e3o (antiga Catedral).<\/p>\n\n\n\n<p>Kleber manifestou a alegria e satisfa\u00e7\u00e3o com o carinho e a presen\u00e7a dos amigos. \u201cEu gosto muito de falar sobre gratid\u00e3o&#8221;, pontuou. &#8220;E com o amadurecimento, a gente vai entendendo o verdadeiro sentido dessa palavra. Este ano, quero falar sobre a ressignifica\u00e7\u00e3o dessa palavra na minha vida e a import\u00e2ncia dela no dia de hoje\u201d, disse.<\/p>\n\n\n\n<p>Em sua fala, \u00c1lvaro Dias elogiou o trabalho do parlamentar. \u201cKleber \u00e9 um dos parlamentares mais atuantes da C\u00e2mara Municipal de Natal. Ele tem uma bonita trajet\u00f3ria. Quando ele abra\u00e7a uma causa, a realiza com grande responsabilidade\u201d, comentou.<\/p>\n\n\n\n<p>J\u00e1 o deputado federal Paulinho Freire relembrou da atua\u00e7\u00e3o de Kleber quando era vereador da capital. \u201cN\u00f3s convivemos por dois mandatos, na CMN, e eu posso dar o testemunho da pessoa que Kleber \u00e9. Correto, honesto, sincero. Sempre caminhou pelo lado certo. E eu tenho certeza que a sua carreira pol\u00edtica est\u00e1 s\u00f3 come\u00e7ando\u201d, falou.<\/p>\n\n\n\n<p>A celebra\u00e7\u00e3o foi presidida pelo padre Yago Carvalho de Souza.<\/p>\n","protected":false},"excerpt":{"rendered":"<p>A Missa em A\u00e7\u00e3o de Gra\u00e7as pela passagem do anivers\u00e1rio do vereador Kleber Fernandes (Republicanos) foi bastante movimentada, na noite desta quinta-feira (16). A celebra\u00e7\u00e3o contou com a presen\u00e7a do prefeito de Natal \u00c1lvaro Dias e da primeira-dama Amanda Dias, do pr\u00e9-candidato a prefeito Paulinho Freire e sua vice, Joanna Guerra, do deputado estadual Adjuto [&hellip;]<\/p>\n","protected":false},"author":1,"featured_media":0,"comment_status":"open","ping_status":"open","sticky":false,"template":"","format":"standard","meta":{"cybocfi_hide_featured_image":"","_jetpack_memberships_contains_paid_content":false,"footnotes":""},"categories":[1],"tags":[],"class_list":["post-3456","post","type-post","status-publish","format-standard","hentry","category-diversos"],"yoast_head":"<!-- This site is optimized with the Yoast SEO plugin v25.6 - https:\/\/yoast.com\/wordpress\/plugins\/seo\/ -->\n<title>Vereador Kleber Fernandes re\u00fane \u00c1lvaro, Paulinho e Joanna em celebra\u00e7\u00e3o pela passagem de seu anivers\u00e1rio - Blog do Bispo<\/title>\n<meta name=\"robots\" content=\"index, follow, max-snippet:-1, max-image-preview:large, max-video-preview:-1\" \/>\n<link rel=\"canonical\" href=\"https:\/\/blogdobispo.com.br\/?p=3456\" \/>\n<meta property=\"og:locale\" content=\"pt_BR\" \/>\n<meta property=\"og:type\" content=\"article\" \/>\n<meta property=\"og:title\" content=\"Vereador Kleber Fernandes re\u00fane \u00c1lvaro, Paulinho e Joanna em celebra\u00e7\u00e3o pela passagem de seu anivers\u00e1rio - Blog do Bispo\" \/>\n<meta property=\"og:description\" content=\"A Missa em A\u00e7\u00e3o de Gra\u00e7as pela passagem do anivers\u00e1rio do vereador Kleber Fernandes (Republicanos) foi bastante movimentada, na noite desta quinta-feira (16). A celebra\u00e7\u00e3o contou com a presen\u00e7a do prefeito de Natal \u00c1lvaro Dias e da primeira-dama Amanda Dias, do pr\u00e9-candidato a prefeito Paulinho Freire e sua vice, Joanna Guerra, do deputado estadual Adjuto [&hellip;]\" \/>\n<meta property=\"og:url\" content=\"https:\/\/blogdobispo.com.br\/?p=3456\" \/>\n<meta property=\"og:site_name\" content=\"Blog do Bispo\" \/>\n<meta property=\"article:published_time\" content=\"2024-05-17T20:05:32+00:00\" \/>\n<meta property=\"og:image\" content=\"https:\/\/blogdobispo.com.br\/wp-content\/uploads\/2024\/05\/78205067-2b0f-41b5-82a7-8b8c6ccb0769-1-1024x768.jpg\" \/>\n<meta name=\"author\" content=\"Jefferson Sterfeno\" \/>\n<meta name=\"twitter:card\" content=\"summary_large_image\" \/>\n<meta name=\"twitter:label1\" content=\"Escrito por\" \/>\n\t<meta name=\"twitter:data1\" content=\"Jefferson Sterfeno\" \/>\n\t<meta name=\"twitter:label2\" content=\"Est. tempo de leitura\" \/>\n\t<meta name=\"twitter:data2\" content=\"1 minuto\" \/>\n<script type=\"application\/ld+json\" class=\"yoast-schema-graph\">{\"@context\":\"https:\/\/schema.org\",\"@graph\":[{\"@type\":\"Article\",\"@id\":\"https:\/\/blogdobispo.com.br\/?p=3456#article\",\"isPartOf\":{\"@id\":\"https:\/\/blogdobispo.com.br\/?p=3456\"},\"author\":{\"name\":\"Jefferson Sterfeno\",\"@id\":\"https:\/\/blogdobispo.com.br\/#\/schema\/person\/e2209cc0e6cea5c5233d033e997b373f\"},\"headline\":\"Vereador Kleber Fernandes re\u00fane \u00c1lvaro, Paulinho e Joanna em celebra\u00e7\u00e3o pela passagem de seu anivers\u00e1rio\",\"datePublished\":\"2024-05-17T20:05:32+00:00\",\"mainEntityOfPage\":{\"@id\":\"https:\/\/blogdobispo.com.br\/?p=3456\"},\"wordCount\":290,\"commentCount\":0,\"publisher\":{\"@id\":\"https:\/\/blogdobispo.com.br\/#organization\"},\"image\":{\"@id\":\"https:\/\/blogdobispo.com.br\/?p=3456#primaryimage\"},\"thumbnailUrl\":\"https:\/\/blogdobispo.com.br\/wp-content\/uploads\/2024\/05\/78205067-2b0f-41b5-82a7-8b8c6ccb0769-1-1024x768.jpg\",\"articleSection\":[\"diversos\"],\"inLanguage\":\"pt-BR\",\"potentialAction\":[{\"@type\":\"CommentAction\",\"name\":\"Comment\",\"target\":[\"https:\/\/blogdobispo.com.br\/?p=3456#respond\"]}]},{\"@type\":\"WebPage\",\"@id\":\"https:\/\/blogdobispo.com.br\/?p=3456\",\"url\":\"https:\/\/blogdobispo.com.br\/?p=3456\",\"name\":\"Vereador Kleber Fernandes re\u00fane \u00c1lvaro, Paulinho e Joanna em celebra\u00e7\u00e3o pela passagem de seu anivers\u00e1rio - Blog do Bispo\",\"isPartOf\":{\"@id\":\"https:\/\/blogdobispo.com.br\/#website\"},\"primaryImageOfPage\":{\"@id\":\"https:\/\/blogdobispo.com.br\/?p=3456#primaryimage\"},\"image\":{\"@id\":\"https:\/\/blogdobispo.com.br\/?p=3456#primaryimage\"},\"thumbnailUrl\":\"https:\/\/blogdobispo.com.br\/wp-content\/uploads\/2024\/05\/78205067-2b0f-41b5-82a7-8b8c6ccb0769-1-1024x768.jpg\",\"datePublished\":\"2024-05-17T20:05:32+00:00\",\"breadcrumb\":{\"@id\":\"https:\/\/blogdobispo.com.br\/?p=3456#breadcrumb\"},\"inLanguage\":\"pt-BR\",\"potentialAction\":[{\"@type\":\"ReadAction\",\"target\":[\"https:\/\/blogdobispo.com.br\/?p=3456\"]}]},{\"@type\":\"ImageObject\",\"inLanguage\":\"pt-BR\",\"@id\":\"https:\/\/blogdobispo.com.br\/?p=3456#primaryimage\",\"url\":\"https:\/\/blogdobispo.com.br\/wp-content\/uploads\/2024\/05\/78205067-2b0f-41b5-82a7-8b8c6ccb0769-1-1024x768.jpg\",\"contentUrl\":\"https:\/\/blogdobispo.com.br\/wp-content\/uploads\/2024\/05\/78205067-2b0f-41b5-82a7-8b8c6ccb0769-1-1024x768.jpg\"},{\"@type\":\"BreadcrumbList\",\"@id\":\"https:\/\/blogdobispo.com.br\/?p=3456#breadcrumb\",\"itemListElement\":[{\"@type\":\"ListItem\",\"position\":1,\"name\":\"In\u00edcio\",\"item\":\"https:\/\/blogdobispo.com.br\/\"},{\"@type\":\"ListItem\",\"position\":2,\"name\":\"Vereador Kleber Fernandes re\u00fane \u00c1lvaro, Paulinho e Joanna em celebra\u00e7\u00e3o pela passagem de seu anivers\u00e1rio\"}]},{\"@type\":\"WebSite\",\"@id\":\"https:\/\/blogdobispo.com.br\/#website\",\"url\":\"https:\/\/blogdobispo.com.br\/\",\"name\":\"Blog do Bispo\",\"description\":\"Comprometido apenas com o leitor\",\"publisher\":{\"@id\":\"https:\/\/blogdobispo.com.br\/#organization\"},\"potentialAction\":[{\"@type\":\"SearchAction\",\"target\":{\"@type\":\"EntryPoint\",\"urlTemplate\":\"https:\/\/blogdobispo.com.br\/?s={search_term_string}\"},\"query-input\":{\"@type\":\"PropertyValueSpecification\",\"valueRequired\":true,\"valueName\":\"search_term_string\"}}],\"inLanguage\":\"pt-BR\"},{\"@type\":\"Organization\",\"@id\":\"https:\/\/blogdobispo.com.br\/#organization\",\"name\":\"Blog do Bispo\",\"url\":\"https:\/\/blogdobispo.com.br\/\",\"logo\":{\"@type\":\"ImageObject\",\"inLanguage\":\"pt-BR\",\"@id\":\"https:\/\/blogdobispo.com.br\/#\/schema\/logo\/image\/\",\"url\":\"http:\/\/blogdobispo.com.br\/wp-content\/uploads\/2023\/05\/cropped-headear.png\",\"contentUrl\":\"http:\/\/blogdobispo.com.br\/wp-content\/uploads\/2023\/05\/cropped-headear.png\",\"width\":1500,\"height\":399,\"caption\":\"Blog do Bispo\"},\"image\":{\"@id\":\"https:\/\/blogdobispo.com.br\/#\/schema\/logo\/image\/\"}},{\"@type\":\"Person\",\"@id\":\"https:\/\/blogdobispo.com.br\/#\/schema\/person\/e2209cc0e6cea5c5233d033e997b373f\",\"name\":\"Jefferson Sterfeno\",\"image\":{\"@type\":\"ImageObject\",\"inLanguage\":\"pt-BR\",\"@id\":\"https:\/\/blogdobispo.com.br\/#\/schema\/person\/image\/\",\"url\":\"https:\/\/secure.gravatar.com\/avatar\/0534e84764641168a677026b6d57a3f51dc7ac4db0b4f6186d9cb330d4ee1160?s=96&d=mm&r=g\",\"contentUrl\":\"https:\/\/secure.gravatar.com\/avatar\/0534e84764641168a677026b6d57a3f51dc7ac4db0b4f6186d9cb330d4ee1160?s=96&d=mm&r=g\",\"caption\":\"Jefferson Sterfeno\"},\"sameAs\":[\"http:\/\/blogdobispo.com.br\"],\"url\":\"https:\/\/blogdobispo.com.br\/?author=1\"}]}<\/script>\n<!-- \/ Yoast SEO plugin. -->","yoast_head_json":{"title":"Vereador Kleber Fernandes re\u00fane \u00c1lvaro, Paulinho e Joanna em celebra\u00e7\u00e3o pela passagem de seu anivers\u00e1rio - Blog do Bispo","robots":{"index":"index","follow":"follow","max-snippet":"max-snippet:-1","max-image-preview":"max-image-preview:large","max-video-preview":"max-video-preview:-1"},"canonical":"https:\/\/blogdobispo.com.br\/?p=3456","og_locale":"pt_BR","og_type":"article","og_title":"Vereador Kleber Fernandes re\u00fane \u00c1lvaro, Paulinho e Joanna em celebra\u00e7\u00e3o pela passagem de seu anivers\u00e1rio - Blog do Bispo","og_description":"A Missa em A\u00e7\u00e3o de Gra\u00e7as pela passagem do anivers\u00e1rio do vereador Kleber Fernandes (Republicanos) foi bastante movimentada, na noite desta quinta-feira (16). A celebra\u00e7\u00e3o contou com a presen\u00e7a do prefeito de Natal \u00c1lvaro Dias e da primeira-dama Amanda Dias, do pr\u00e9-candidato a prefeito Paulinho Freire e sua vice, Joanna Guerra, do deputado estadual Adjuto [&hellip;]","og_url":"https:\/\/blogdobispo.com.br\/?p=3456","og_site_name":"Blog do Bispo","article_published_time":"2024-05-17T20:05:32+00:00","og_image":[{"url":"https:\/\/blogdobispo.com.br\/wp-content\/uploads\/2024\/05\/78205067-2b0f-41b5-82a7-8b8c6ccb0769-1-1024x768.jpg","type":"","width":"","height":""}],"author":"Jefferson Sterfeno","twitter_card":"summary_large_image","twitter_misc":{"Escrito por":"Jefferson Sterfeno","Est. tempo de leitura":"1 minuto"},"schema":{"@context":"https:\/\/schema.org","@graph":[{"@type":"Article","@id":"https:\/\/blogdobispo.com.br\/?p=3456#article","isPartOf":{"@id":"https:\/\/blogdobispo.com.br\/?p=3456"},"author":{"name":"Jefferson Sterfeno","@id":"https:\/\/blogdobispo.com.br\/#\/schema\/person\/e2209cc0e6cea5c5233d033e997b373f"},"headline":"Vereador Kleber Fernandes re\u00fane \u00c1lvaro, Paulinho e Joanna em celebra\u00e7\u00e3o pela passagem de seu anivers\u00e1rio","datePublished":"2024-05-17T20:05:32+00:00","mainEntityOfPage":{"@id":"https:\/\/blogdobispo.com.br\/?p=3456"},"wordCount":290,"commentCount":0,"publisher":{"@id":"https:\/\/blogdobispo.com.br\/#organization"},"image":{"@id":"https:\/\/blogdobispo.com.br\/?p=3456#primaryimage"},"thumbnailUrl":"https:\/\/blogdobispo.com.br\/wp-content\/uploads\/2024\/05\/78205067-2b0f-41b5-82a7-8b8c6ccb0769-1-1024x768.jpg","articleSection":["diversos"],"inLanguage":"pt-BR","potentialAction":[{"@type":"CommentAction","name":"Comment","target":["https:\/\/blogdobispo.com.br\/?p=3456#respond"]}]},{"@type":"WebPage","@id":"https:\/\/blogdobispo.com.br\/?p=3456","url":"https:\/\/blogdobispo.com.br\/?p=3456","name":"Vereador Kleber Fernandes re\u00fane \u00c1lvaro, Paulinho e Joanna em celebra\u00e7\u00e3o pela passagem de seu anivers\u00e1rio - Blog do Bispo","isPartOf":{"@id":"https:\/\/blogdobispo.com.br\/#website"},"primaryImageOfPage":{"@id":"https:\/\/blogdobispo.com.br\/?p=3456#primaryimage"},"image":{"@id":"https:\/\/blogdobispo.com.br\/?p=3456#primaryimage"},"thumbnailUrl":"https:\/\/blogdobispo.com.br\/wp-content\/uploads\/2024\/05\/78205067-2b0f-41b5-82a7-8b8c6ccb0769-1-1024x768.jpg","datePublished":"2024-05-17T20:05:32+00:00","breadcrumb":{"@id":"https:\/\/blogdobispo.com.br\/?p=3456#breadcrumb"},"inLanguage":"pt-BR","potentialAction":[{"@type":"ReadAction","target":["https:\/\/blogdobispo.com.br\/?p=3456"]}]},{"@type":"ImageObject","inLanguage":"pt-BR","@id":"https:\/\/blogdobispo.com.br\/?p=3456#primaryimage","url":"https:\/\/blogdobispo.com.br\/wp-content\/uploads\/2024\/05\/78205067-2b0f-41b5-82a7-8b8c6ccb0769-1-1024x768.jpg","contentUrl":"https:\/\/blogdobispo.com.br\/wp-content\/uploads\/2024\/05\/78205067-2b0f-41b5-82a7-8b8c6ccb0769-1-1024x768.jpg"},{"@type":"BreadcrumbList","@id":"https:\/\/blogdobispo.com.br\/?p=3456#breadcrumb","itemListElement":[{"@type":"ListItem","position":1,"name":"In\u00edcio","item":"https:\/\/blogdobispo.com.br\/"},{"@type":"ListItem","position":2,"name":"Vereador Kleber Fernandes re\u00fane \u00c1lvaro, Paulinho e Joanna em celebra\u00e7\u00e3o pela passagem de seu anivers\u00e1rio"}]},{"@type":"WebSite","@id":"https:\/\/blogdobispo.com.br\/#website","url":"https:\/\/blogdobispo.com.br\/","name":"Blog do Bispo","description":"Comprometido apenas com o leitor","publisher":{"@id":"https:\/\/blogdobispo.com.br\/#organization"},"potentialAction":[{"@type":"SearchAction","target":{"@type":"EntryPoint","urlTemplate":"https:\/\/blogdobispo.com.br\/?s={search_term_string}"},"query-input":{"@type":"PropertyValueSpecification","valueRequired":true,"valueName":"search_term_string"}}],"inLanguage":"pt-BR"},{"@type":"Organization","@id":"https:\/\/blogdobispo.com.br\/#organization","name":"Blog do Bispo","url":"https:\/\/blogdobispo.com.br\/","logo":{"@type":"ImageObject","inLanguage":"pt-BR","@id":"https:\/\/blogdobispo.com.br\/#\/schema\/logo\/image\/","url":"http:\/\/blogdobispo.com.br\/wp-content\/uploads\/2023\/05\/cropped-headear.png","contentUrl":"http:\/\/blogdobispo.com.br\/wp-content\/uploads\/2023\/05\/cropped-headear.png","width":1500,"height":399,"caption":"Blog do Bispo"},"image":{"@id":"https:\/\/blogdobispo.com.br\/#\/schema\/logo\/image\/"}},{"@type":"Person","@id":"https:\/\/blogdobispo.com.br\/#\/schema\/person\/e2209cc0e6cea5c5233d033e997b373f","name":"Jefferson Sterfeno","image":{"@type":"ImageObject","inLanguage":"pt-BR","@id":"https:\/\/blogdobispo.com.br\/#\/schema\/person\/image\/","url":"https:\/\/secure.gravatar.com\/avatar\/0534e84764641168a677026b6d57a3f51dc7ac4db0b4f6186d9cb330d4ee1160?s=96&d=mm&r=g","contentUrl":"https:\/\/secure.gravatar.com\/avatar\/0534e84764641168a677026b6d57a3f51dc7ac4db0b4f6186d9cb330d4ee1160?s=96&d=mm&r=g","caption":"Jefferson Sterfeno"},"sameAs":["http:\/\/blogdobispo.com.br"],"url":"https:\/\/blogdobispo.com.br\/?author=1"}]}},"featured_image_urls":{"full":"","thumbnail":"","medium":"","medium_large":"","large":"","1536x1536":"","2048x2048":""},"author_info":{"display_name":"Jefferson Sterfeno","author_link":"https:\/\/blogdobispo.com.br\/?author=1"},"category_info":"<a href=\"https:\/\/blogdobispo.com.br\/?cat=1\" rel=\"category\">diversos<\/a>","tag_info":"diversos","comment_count":"0","jetpack_featured_media_url":"","jetpack_sharing_enabled":true,"_links":{"self":[{"href":"https:\/\/blogdobispo.com.br\/index.php?rest_route=\/wp\/v2\/posts\/3456","targetHints":{"allow":["GET"]}}],"collection":[{"href":"https:\/\/blogdobispo.com.br\/index.php?rest_route=\/wp\/v2\/posts"}],"about":[{"href":"https:\/\/blogdobispo.com.br\/index.php?rest_route=\/wp\/v2\/types\/post"}],"author":[{"embeddable":true,"href":"https:\/\/blogdobispo.com.br\/index.php?rest_route=\/wp\/v2\/users\/1"}],"replies":[{"embeddable":true,"href":"https:\/\/blogdobispo.com.br\/index.php?rest_route=%2Fwp%2Fv2%2Fcomments&post=3456"}],"version-history":[{"count":0,"href":"https:\/\/blogdobispo.com.br\/index.php?rest_route=\/wp\/v2\/posts\/3456\/revisions"}],"wp:attachment":[{"href":"https:\/\/blogdobispo.com.br\/index.php?rest_route=%2Fwp%2Fv2%2Fmedia&parent=3456"}],"wp:term":[{"taxonomy":"category","embeddable":true,"href":"https:\/\/blogdobispo.com.br\/index.php?rest_route=%2Fwp%2Fv2%2Fcategories&post=3456"},{"taxonomy":"post_tag","embeddable":true,"href":"https:\/\/blogdobispo.com.br\/index.php?rest_route=%2Fwp%2Fv2%2Ftags&post=3456"}],"curies":[{"name":"wp","href":"https:\/\/api.w.org\/{rel}","templated":true}]}}