{"id":3450,"date":"2024-05-16T22:54:11","date_gmt":"2024-05-16T22:54:11","guid":{"rendered":"https:\/\/blogdobispo.com.br\/?p=3450"},"modified":"2024-05-16T22:54:11","modified_gmt":"2024-05-16T22:54:11","slug":"obras-de-revitalizacao-da-orla-urbana-de-natal-iniciam-em-ritmo-acelerado","status":"publish","type":"post","link":"https:\/\/blogdobispo.com.br\/?p=3450","title":{"rendered":"Obras de revitaliza\u00e7\u00e3o da orla urbana de Natal&nbsp;iniciam em ritmo acelerado"},"content":{"rendered":"\n<figure class=\"wp-block-image size-large\"><img data-recalc-dims=\"1\" fetchpriority=\"high\" decoding=\"async\" width=\"800\" height=\"534\" src=\"https:\/\/i0.wp.com\/blogdobispo.com.br\/wp-content\/uploads\/2024\/05\/obras-na-orla-urbana-foto-alex-regis-1024x683.jpg?resize=800%2C534&#038;ssl=1\" class=\"wp-image-3449\" srcset=\"https:\/\/i0.wp.com\/blogdobispo.com.br\/wp-content\/uploads\/2024\/05\/obras-na-orla-urbana-foto-alex-regis.jpg?resize=1024%2C683&amp;ssl=1 1024w, https:\/\/i0.wp.com\/blogdobispo.com.br\/wp-content\/uploads\/2024\/05\/obras-na-orla-urbana-foto-alex-regis.jpg?resize=300%2C200&amp;ssl=1 300w, https:\/\/i0.wp.com\/blogdobispo.com.br\/wp-content\/uploads\/2024\/05\/obras-na-orla-urbana-foto-alex-regis.jpg?resize=768%2C512&amp;ssl=1 768w, https:\/\/i0.wp.com\/blogdobispo.com.br\/wp-content\/uploads\/2024\/05\/obras-na-orla-urbana-foto-alex-regis.jpg?resize=1536%2C1024&amp;ssl=1 1536w, https:\/\/i0.wp.com\/blogdobispo.com.br\/wp-content\/uploads\/2024\/05\/obras-na-orla-urbana-foto-alex-regis.jpg?w=1600&amp;ssl=1 1600w\" sizes=\"(max-width: 800px) 100vw, 800px\" \/><\/figure>\n\n\n\n<p><strong>&nbsp;<\/strong><\/p>\n\n\n\n<p>Com os oper\u00e1rios atuando durante os tr\u00eas turnos do dia e em quatro frentes&nbsp;de trabalho, as obras de revitaliza\u00e7\u00e3o da orla urbana de Natal executadas pela&nbsp;Prefeitura iniciaram em um ritmo acelerado. Nesta quinta-feira (16) as equipes&nbsp;da empresa respons\u00e1vel pelo projeto est\u00e3o executando os servi\u00e7os de&nbsp;demoli\u00e7\u00e3o dos quiosques antigos, do cal\u00e7ad\u00e3o e demais estruturas. Or\u00e7ada&nbsp;em R$ 39 milh\u00f5es, a iniciativa prev\u00ea interven\u00e7\u00f5es desde a Praia dos Artistas&nbsp;(na Ladeira do Sol), at\u00e9 a Praia do Forte, na zona leste da cidade.&nbsp;<\/p>\n\n\n\n<p>\u201cA orla da nossa cidade estar\u00e1, finalmente, \u00e0 altura do que o natalense e os&nbsp;turistas merecem. Vamos transformar aquela regi\u00e3o, dotando os espa\u00e7os de&nbsp;infraestrutura de alta qualidade e necess\u00e1ria para os frequentadores&nbsp;usufru\u00edrem das nossas belezas naturais com conforto, comodidade e&nbsp;seguran\u00e7a\u201d, destacou o prefeito \u00c1lvaro Dias, que ressaltou a import\u00e2ncia do&nbsp;aspecto econ\u00f4mico do projeto: \u201cEstamos falando do fortalecimento do&nbsp;turismo local, nossa principal atividade econ\u00f4mica, que \u00e9 respons\u00e1vel pela&nbsp;maior parte dos empregos gerados no Munic\u00edpio. A recupera\u00e7\u00e3o da orla vai&nbsp;significar uma retomada para a regi\u00e3o, impulsionando o setor, criando um&nbsp;c\u00edrculo virtuoso de investimentos, impactos positivos em toda a cadeia&nbsp;produtiva, que vai desde o mais simples vendedor ambulante aos grandes&nbsp;empres\u00e1rios do setor hoteleiro\u201d, afirmou o chefe do executivo municipal.&nbsp;<\/p>\n\n\n\n<p>A nova orla urbana manter\u00e1 o atual sentido em rela\u00e7\u00e3o ao fluxo de ve\u00edculos.&nbsp;Os atuais quiosques ceder\u00e3o lugar a novos quiosques padronizados em uma&nbsp;\u00e1rea com todas as condi\u00e7\u00f5es de funcionamento, inclusive com novos&nbsp;banheiros. Guarda-s\u00f3is fixos padronizados tamb\u00e9m ser\u00e3o instalados ao longo&nbsp;da Caf\u00e9 Filho, que ainda ter\u00e1 lixeiras subterr\u00e2neas, uma inova\u00e7\u00e3o em Natal. &nbsp;<\/p>\n\n\n\n<p>Haver\u00e1, ainda, um skate parque para competi\u00e7\u00f5es nacionais e internacionais,&nbsp;passarelas acess\u00edveis, estacionamento para buggys, a constru\u00e7\u00e3o do Largo do&nbsp;Sol Nascente para eventos, campo de futebol, quadra de areia e uma quadra&nbsp;poliesportiva, al\u00e9m de um projeto paisag\u00edstico e nova ilumina\u00e7\u00e3o p\u00fablica. &nbsp;Um&nbsp;Centro de Apoio ao Turista e uma base da Guarda Municipal tamb\u00e9m ser\u00e3o&nbsp;constru\u00eddos na regi\u00e3o. Nas imedia\u00e7\u00f5es do Hospital Universit\u00e1rio Onofre Lopes&nbsp;(Huol), ser\u00e1 instalada uma rotat\u00f3ria para ordenar o tr\u00e1fego, pensando no&nbsp;embarque e desembarque no Huol, &nbsp;afora um novo estacionamento.&nbsp;<\/p>\n","protected":false},"excerpt":{"rendered":"<p>&nbsp; Com os oper\u00e1rios atuando durante os tr\u00eas turnos do dia e em quatro frentes&nbsp;de trabalho, as obras de revitaliza\u00e7\u00e3o da orla urbana de Natal executadas pela&nbsp;Prefeitura iniciaram em um ritmo acelerado. Nesta quinta-feira (16) as equipes&nbsp;da empresa respons\u00e1vel pelo projeto est\u00e3o executando os servi\u00e7os de&nbsp;demoli\u00e7\u00e3o dos quiosques antigos, do cal\u00e7ad\u00e3o e demais estruturas. Or\u00e7ada&nbsp;em [&hellip;]<\/p>\n","protected":false},"author":1,"featured_media":0,"comment_status":"open","ping_status":"open","sticky":false,"template":"","format":"standard","meta":{"cybocfi_hide_featured_image":"","_jetpack_memberships_contains_paid_content":false,"footnotes":""},"categories":[1],"tags":[],"class_list":["post-3450","post","type-post","status-publish","format-standard","hentry","category-diversos"],"yoast_head":"<!-- This site is optimized with the Yoast SEO plugin v25.6 - https:\/\/yoast.com\/wordpress\/plugins\/seo\/ -->\n<title>Obras de revitaliza\u00e7\u00e3o da orla urbana de Natal&nbsp;iniciam em ritmo acelerado - Blog do Bispo<\/title>\n<meta name=\"robots\" content=\"index, follow, max-snippet:-1, max-image-preview:large, max-video-preview:-1\" \/>\n<link rel=\"canonical\" href=\"https:\/\/blogdobispo.com.br\/?p=3450\" \/>\n<meta property=\"og:locale\" content=\"pt_BR\" \/>\n<meta property=\"og:type\" content=\"article\" \/>\n<meta property=\"og:title\" content=\"Obras de revitaliza\u00e7\u00e3o da orla urbana de Natal&nbsp;iniciam em ritmo acelerado - Blog do Bispo\" \/>\n<meta property=\"og:description\" content=\"&nbsp; Com os oper\u00e1rios atuando durante os tr\u00eas turnos do dia e em quatro frentes&nbsp;de trabalho, as obras de revitaliza\u00e7\u00e3o da orla urbana de Natal executadas pela&nbsp;Prefeitura iniciaram em um ritmo acelerado. Nesta quinta-feira (16) as equipes&nbsp;da empresa respons\u00e1vel pelo projeto est\u00e3o executando os servi\u00e7os de&nbsp;demoli\u00e7\u00e3o dos quiosques antigos, do cal\u00e7ad\u00e3o e demais estruturas. Or\u00e7ada&nbsp;em [&hellip;]\" \/>\n<meta property=\"og:url\" content=\"https:\/\/blogdobispo.com.br\/?p=3450\" \/>\n<meta property=\"og:site_name\" content=\"Blog do Bispo\" \/>\n<meta property=\"article:published_time\" content=\"2024-05-16T22:54:11+00:00\" \/>\n<meta property=\"og:image\" content=\"https:\/\/blogdobispo.com.br\/wp-content\/uploads\/2024\/05\/obras-na-orla-urbana-foto-alex-regis-1024x683.jpg\" \/>\n<meta name=\"author\" content=\"Jefferson Sterfeno\" \/>\n<meta name=\"twitter:card\" content=\"summary_large_image\" \/>\n<meta name=\"twitter:label1\" content=\"Escrito por\" \/>\n\t<meta name=\"twitter:data1\" content=\"Jefferson Sterfeno\" \/>\n\t<meta name=\"twitter:label2\" content=\"Est. tempo de leitura\" \/>\n\t<meta name=\"twitter:data2\" content=\"2 minutos\" \/>\n<script type=\"application\/ld+json\" class=\"yoast-schema-graph\">{\"@context\":\"https:\/\/schema.org\",\"@graph\":[{\"@type\":\"Article\",\"@id\":\"https:\/\/blogdobispo.com.br\/?p=3450#article\",\"isPartOf\":{\"@id\":\"https:\/\/blogdobispo.com.br\/?p=3450\"},\"author\":{\"name\":\"Jefferson Sterfeno\",\"@id\":\"https:\/\/blogdobispo.com.br\/#\/schema\/person\/e2209cc0e6cea5c5233d033e997b373f\"},\"headline\":\"Obras de revitaliza\u00e7\u00e3o da orla urbana de Natal&nbsp;iniciam em ritmo acelerado\",\"datePublished\":\"2024-05-16T22:54:11+00:00\",\"mainEntityOfPage\":{\"@id\":\"https:\/\/blogdobispo.com.br\/?p=3450\"},\"wordCount\":450,\"commentCount\":0,\"publisher\":{\"@id\":\"https:\/\/blogdobispo.com.br\/#organization\"},\"image\":{\"@id\":\"https:\/\/blogdobispo.com.br\/?p=3450#primaryimage\"},\"thumbnailUrl\":\"https:\/\/blogdobispo.com.br\/wp-content\/uploads\/2024\/05\/obras-na-orla-urbana-foto-alex-regis-1024x683.jpg\",\"articleSection\":[\"diversos\"],\"inLanguage\":\"pt-BR\",\"potentialAction\":[{\"@type\":\"CommentAction\",\"name\":\"Comment\",\"target\":[\"https:\/\/blogdobispo.com.br\/?p=3450#respond\"]}]},{\"@type\":\"WebPage\",\"@id\":\"https:\/\/blogdobispo.com.br\/?p=3450\",\"url\":\"https:\/\/blogdobispo.com.br\/?p=3450\",\"name\":\"Obras de revitaliza\u00e7\u00e3o da orla urbana de Natal&nbsp;iniciam em ritmo acelerado - Blog do Bispo\",\"isPartOf\":{\"@id\":\"https:\/\/blogdobispo.com.br\/#website\"},\"primaryImageOfPage\":{\"@id\":\"https:\/\/blogdobispo.com.br\/?p=3450#primaryimage\"},\"image\":{\"@id\":\"https:\/\/blogdobispo.com.br\/?p=3450#primaryimage\"},\"thumbnailUrl\":\"https:\/\/blogdobispo.com.br\/wp-content\/uploads\/2024\/05\/obras-na-orla-urbana-foto-alex-regis-1024x683.jpg\",\"datePublished\":\"2024-05-16T22:54:11+00:00\",\"breadcrumb\":{\"@id\":\"https:\/\/blogdobispo.com.br\/?p=3450#breadcrumb\"},\"inLanguage\":\"pt-BR\",\"potentialAction\":[{\"@type\":\"ReadAction\",\"target\":[\"https:\/\/blogdobispo.com.br\/?p=3450\"]}]},{\"@type\":\"ImageObject\",\"inLanguage\":\"pt-BR\",\"@id\":\"https:\/\/blogdobispo.com.br\/?p=3450#primaryimage\",\"url\":\"https:\/\/blogdobispo.com.br\/wp-content\/uploads\/2024\/05\/obras-na-orla-urbana-foto-alex-regis-1024x683.jpg\",\"contentUrl\":\"https:\/\/blogdobispo.com.br\/wp-content\/uploads\/2024\/05\/obras-na-orla-urbana-foto-alex-regis-1024x683.jpg\"},{\"@type\":\"BreadcrumbList\",\"@id\":\"https:\/\/blogdobispo.com.br\/?p=3450#breadcrumb\",\"itemListElement\":[{\"@type\":\"ListItem\",\"position\":1,\"name\":\"In\u00edcio\",\"item\":\"https:\/\/blogdobispo.com.br\/\"},{\"@type\":\"ListItem\",\"position\":2,\"name\":\"Obras de revitaliza\u00e7\u00e3o da orla urbana de Natal&nbsp;iniciam em ritmo acelerado\"}]},{\"@type\":\"WebSite\",\"@id\":\"https:\/\/blogdobispo.com.br\/#website\",\"url\":\"https:\/\/blogdobispo.com.br\/\",\"name\":\"Blog do Bispo\",\"description\":\"Comprometido apenas com o leitor\",\"publisher\":{\"@id\":\"https:\/\/blogdobispo.com.br\/#organization\"},\"potentialAction\":[{\"@type\":\"SearchAction\",\"target\":{\"@type\":\"EntryPoint\",\"urlTemplate\":\"https:\/\/blogdobispo.com.br\/?s={search_term_string}\"},\"query-input\":{\"@type\":\"PropertyValueSpecification\",\"valueRequired\":true,\"valueName\":\"search_term_string\"}}],\"inLanguage\":\"pt-BR\"},{\"@type\":\"Organization\",\"@id\":\"https:\/\/blogdobispo.com.br\/#organization\",\"name\":\"Blog do Bispo\",\"url\":\"https:\/\/blogdobispo.com.br\/\",\"logo\":{\"@type\":\"ImageObject\",\"inLanguage\":\"pt-BR\",\"@id\":\"https:\/\/blogdobispo.com.br\/#\/schema\/logo\/image\/\",\"url\":\"http:\/\/blogdobispo.com.br\/wp-content\/uploads\/2023\/05\/cropped-headear.png\",\"contentUrl\":\"http:\/\/blogdobispo.com.br\/wp-content\/uploads\/2023\/05\/cropped-headear.png\",\"width\":1500,\"height\":399,\"caption\":\"Blog do Bispo\"},\"image\":{\"@id\":\"https:\/\/blogdobispo.com.br\/#\/schema\/logo\/image\/\"}},{\"@type\":\"Person\",\"@id\":\"https:\/\/blogdobispo.com.br\/#\/schema\/person\/e2209cc0e6cea5c5233d033e997b373f\",\"name\":\"Jefferson Sterfeno\",\"image\":{\"@type\":\"ImageObject\",\"inLanguage\":\"pt-BR\",\"@id\":\"https:\/\/blogdobispo.com.br\/#\/schema\/person\/image\/\",\"url\":\"https:\/\/secure.gravatar.com\/avatar\/0534e84764641168a677026b6d57a3f51dc7ac4db0b4f6186d9cb330d4ee1160?s=96&d=mm&r=g\",\"contentUrl\":\"https:\/\/secure.gravatar.com\/avatar\/0534e84764641168a677026b6d57a3f51dc7ac4db0b4f6186d9cb330d4ee1160?s=96&d=mm&r=g\",\"caption\":\"Jefferson Sterfeno\"},\"sameAs\":[\"http:\/\/blogdobispo.com.br\"],\"url\":\"https:\/\/blogdobispo.com.br\/?author=1\"}]}<\/script>\n<!-- \/ Yoast SEO plugin. -->","yoast_head_json":{"title":"Obras de revitaliza\u00e7\u00e3o da orla urbana de Natal&nbsp;iniciam em ritmo acelerado - Blog do Bispo","robots":{"index":"index","follow":"follow","max-snippet":"max-snippet:-1","max-image-preview":"max-image-preview:large","max-video-preview":"max-video-preview:-1"},"canonical":"https:\/\/blogdobispo.com.br\/?p=3450","og_locale":"pt_BR","og_type":"article","og_title":"Obras de revitaliza\u00e7\u00e3o da orla urbana de Natal&nbsp;iniciam em ritmo acelerado - Blog do Bispo","og_description":"&nbsp; Com os oper\u00e1rios atuando durante os tr\u00eas turnos do dia e em quatro frentes&nbsp;de trabalho, as obras de revitaliza\u00e7\u00e3o da orla urbana de Natal executadas pela&nbsp;Prefeitura iniciaram em um ritmo acelerado. Nesta quinta-feira (16) as equipes&nbsp;da empresa respons\u00e1vel pelo projeto est\u00e3o executando os servi\u00e7os de&nbsp;demoli\u00e7\u00e3o dos quiosques antigos, do cal\u00e7ad\u00e3o e demais estruturas. Or\u00e7ada&nbsp;em [&hellip;]","og_url":"https:\/\/blogdobispo.com.br\/?p=3450","og_site_name":"Blog do Bispo","article_published_time":"2024-05-16T22:54:11+00:00","og_image":[{"url":"https:\/\/blogdobispo.com.br\/wp-content\/uploads\/2024\/05\/obras-na-orla-urbana-foto-alex-regis-1024x683.jpg","type":"","width":"","height":""}],"author":"Jefferson Sterfeno","twitter_card":"summary_large_image","twitter_misc":{"Escrito por":"Jefferson Sterfeno","Est. tempo de leitura":"2 minutos"},"schema":{"@context":"https:\/\/schema.org","@graph":[{"@type":"Article","@id":"https:\/\/blogdobispo.com.br\/?p=3450#article","isPartOf":{"@id":"https:\/\/blogdobispo.com.br\/?p=3450"},"author":{"name":"Jefferson Sterfeno","@id":"https:\/\/blogdobispo.com.br\/#\/schema\/person\/e2209cc0e6cea5c5233d033e997b373f"},"headline":"Obras de revitaliza\u00e7\u00e3o da orla urbana de Natal&nbsp;iniciam em ritmo acelerado","datePublished":"2024-05-16T22:54:11+00:00","mainEntityOfPage":{"@id":"https:\/\/blogdobispo.com.br\/?p=3450"},"wordCount":450,"commentCount":0,"publisher":{"@id":"https:\/\/blogdobispo.com.br\/#organization"},"image":{"@id":"https:\/\/blogdobispo.com.br\/?p=3450#primaryimage"},"thumbnailUrl":"https:\/\/blogdobispo.com.br\/wp-content\/uploads\/2024\/05\/obras-na-orla-urbana-foto-alex-regis-1024x683.jpg","articleSection":["diversos"],"inLanguage":"pt-BR","potentialAction":[{"@type":"CommentAction","name":"Comment","target":["https:\/\/blogdobispo.com.br\/?p=3450#respond"]}]},{"@type":"WebPage","@id":"https:\/\/blogdobispo.com.br\/?p=3450","url":"https:\/\/blogdobispo.com.br\/?p=3450","name":"Obras de revitaliza\u00e7\u00e3o da orla urbana de Natal&nbsp;iniciam em ritmo acelerado - Blog do Bispo","isPartOf":{"@id":"https:\/\/blogdobispo.com.br\/#website"},"primaryImageOfPage":{"@id":"https:\/\/blogdobispo.com.br\/?p=3450#primaryimage"},"image":{"@id":"https:\/\/blogdobispo.com.br\/?p=3450#primaryimage"},"thumbnailUrl":"https:\/\/blogdobispo.com.br\/wp-content\/uploads\/2024\/05\/obras-na-orla-urbana-foto-alex-regis-1024x683.jpg","datePublished":"2024-05-16T22:54:11+00:00","breadcrumb":{"@id":"https:\/\/blogdobispo.com.br\/?p=3450#breadcrumb"},"inLanguage":"pt-BR","potentialAction":[{"@type":"ReadAction","target":["https:\/\/blogdobispo.com.br\/?p=3450"]}]},{"@type":"ImageObject","inLanguage":"pt-BR","@id":"https:\/\/blogdobispo.com.br\/?p=3450#primaryimage","url":"https:\/\/blogdobispo.com.br\/wp-content\/uploads\/2024\/05\/obras-na-orla-urbana-foto-alex-regis-1024x683.jpg","contentUrl":"https:\/\/blogdobispo.com.br\/wp-content\/uploads\/2024\/05\/obras-na-orla-urbana-foto-alex-regis-1024x683.jpg"},{"@type":"BreadcrumbList","@id":"https:\/\/blogdobispo.com.br\/?p=3450#breadcrumb","itemListElement":[{"@type":"ListItem","position":1,"name":"In\u00edcio","item":"https:\/\/blogdobispo.com.br\/"},{"@type":"ListItem","position":2,"name":"Obras de revitaliza\u00e7\u00e3o da orla urbana de Natal&nbsp;iniciam em ritmo acelerado"}]},{"@type":"WebSite","@id":"https:\/\/blogdobispo.com.br\/#website","url":"https:\/\/blogdobispo.com.br\/","name":"Blog do Bispo","description":"Comprometido apenas com o leitor","publisher":{"@id":"https:\/\/blogdobispo.com.br\/#organization"},"potentialAction":[{"@type":"SearchAction","target":{"@type":"EntryPoint","urlTemplate":"https:\/\/blogdobispo.com.br\/?s={search_term_string}"},"query-input":{"@type":"PropertyValueSpecification","valueRequired":true,"valueName":"search_term_string"}}],"inLanguage":"pt-BR"},{"@type":"Organization","@id":"https:\/\/blogdobispo.com.br\/#organization","name":"Blog do Bispo","url":"https:\/\/blogdobispo.com.br\/","logo":{"@type":"ImageObject","inLanguage":"pt-BR","@id":"https:\/\/blogdobispo.com.br\/#\/schema\/logo\/image\/","url":"http:\/\/blogdobispo.com.br\/wp-content\/uploads\/2023\/05\/cropped-headear.png","contentUrl":"http:\/\/blogdobispo.com.br\/wp-content\/uploads\/2023\/05\/cropped-headear.png","width":1500,"height":399,"caption":"Blog do Bispo"},"image":{"@id":"https:\/\/blogdobispo.com.br\/#\/schema\/logo\/image\/"}},{"@type":"Person","@id":"https:\/\/blogdobispo.com.br\/#\/schema\/person\/e2209cc0e6cea5c5233d033e997b373f","name":"Jefferson Sterfeno","image":{"@type":"ImageObject","inLanguage":"pt-BR","@id":"https:\/\/blogdobispo.com.br\/#\/schema\/person\/image\/","url":"https:\/\/secure.gravatar.com\/avatar\/0534e84764641168a677026b6d57a3f51dc7ac4db0b4f6186d9cb330d4ee1160?s=96&d=mm&r=g","contentUrl":"https:\/\/secure.gravatar.com\/avatar\/0534e84764641168a677026b6d57a3f51dc7ac4db0b4f6186d9cb330d4ee1160?s=96&d=mm&r=g","caption":"Jefferson Sterfeno"},"sameAs":["http:\/\/blogdobispo.com.br"],"url":"https:\/\/blogdobispo.com.br\/?author=1"}]}},"featured_image_urls":{"full":"","thumbnail":"","medium":"","medium_large":"","large":"","1536x1536":"","2048x2048":""},"author_info":{"display_name":"Jefferson Sterfeno","author_link":"https:\/\/blogdobispo.com.br\/?author=1"},"category_info":"<a href=\"https:\/\/blogdobispo.com.br\/?cat=1\" rel=\"category\">diversos<\/a>","tag_info":"diversos","comment_count":"0","jetpack_featured_media_url":"","jetpack_sharing_enabled":true,"_links":{"self":[{"href":"https:\/\/blogdobispo.com.br\/index.php?rest_route=\/wp\/v2\/posts\/3450","targetHints":{"allow":["GET"]}}],"collection":[{"href":"https:\/\/blogdobispo.com.br\/index.php?rest_route=\/wp\/v2\/posts"}],"about":[{"href":"https:\/\/blogdobispo.com.br\/index.php?rest_route=\/wp\/v2\/types\/post"}],"author":[{"embeddable":true,"href":"https:\/\/blogdobispo.com.br\/index.php?rest_route=\/wp\/v2\/users\/1"}],"replies":[{"embeddable":true,"href":"https:\/\/blogdobispo.com.br\/index.php?rest_route=%2Fwp%2Fv2%2Fcomments&post=3450"}],"version-history":[{"count":0,"href":"https:\/\/blogdobispo.com.br\/index.php?rest_route=\/wp\/v2\/posts\/3450\/revisions"}],"wp:attachment":[{"href":"https:\/\/blogdobispo.com.br\/index.php?rest_route=%2Fwp%2Fv2%2Fmedia&parent=3450"}],"wp:term":[{"taxonomy":"category","embeddable":true,"href":"https:\/\/blogdobispo.com.br\/index.php?rest_route=%2Fwp%2Fv2%2Fcategories&post=3450"},{"taxonomy":"post_tag","embeddable":true,"href":"https:\/\/blogdobispo.com.br\/index.php?rest_route=%2Fwp%2Fv2%2Ftags&post=3450"}],"curies":[{"name":"wp","href":"https:\/\/api.w.org\/{rel}","templated":true}]}}