{"id":3444,"date":"2024-05-16T20:48:48","date_gmt":"2024-05-16T20:48:48","guid":{"rendered":"https:\/\/blogdobispo.com.br\/?p=3444"},"modified":"2024-05-16T20:48:48","modified_gmt":"2024-05-16T20:48:48","slug":"cmn-festeja-106-anos-da-ieadern-e-50-anos-de-ministerio-do-pastor-martin-alves","status":"publish","type":"post","link":"https:\/\/blogdobispo.com.br\/?p=3444","title":{"rendered":"CMN festeja 106 anos da IEADERN e 50 anos de minist\u00e9rio do pastor Martin Alves"},"content":{"rendered":"\n<figure class=\"wp-block-image foto-noticia\"><img data-recalc-dims=\"1\" decoding=\"async\" src=\"https:\/\/i0.wp.com\/www.cmnat.rn.gov.br\/_ups\/noticias\/2024\/05\/16\/a679c8834e354091af43bcc9758caeec.jpg?w=800&#038;ssl=1\" alt=\"\"\/><\/figure>\n\n\n\n<p>Em sess\u00e3o solene nessa quarta-feira (15), a C\u00e2mara Municipal de Natal homenageou a Igreja Assembleia de Deus no Rio Grande do Norte pelos 106 anos de funda\u00e7\u00e3o e o pastor presidente da IEADERN, Martin Alves da Silva, que em 2024 completa cinco d\u00e9cadas de minist\u00e9rio.&nbsp; A homenagem foi uma proposi\u00e7\u00e3o conjunta do presidente da CMN, Eriko J\u00e1come a da vereadora Camila Ara\u00fajo, presidente da Frente Parlamentar Evang\u00e9lica na casa.&nbsp;<\/p>\n\n\n\n<p>\u201cDesde sua funda\u00e7\u00e3o, a IEADERN tem sido uma fortaleza de f\u00e9, comunh\u00e3o e servi\u00e7o para toda a popula\u00e7\u00e3o. A igreja n\u00e3o s\u00f3 cresceu em n\u00famero, mas tamb\u00e9m em sua influ\u00eancia social, tocando vidas e ajudando a fortalecer os valores morais de toda sociedade. Aqui na C\u00e2mara Municipal de Natal, tenho muito orgulho de fazer parte da Frente Parlamentar Evang\u00e9lica ao lado da vereadora e irm\u00e3 Camila Ara\u00fajo, e juntos unimos for\u00e7as para mostrar que nossa igreja \u00e9 um s\u00edmbolo de amor, f\u00e9 e muito servi\u00e7o prestado em toda Natal\u201d, declarou o presidente Eriko J\u00e1come, que tamb\u00e9m parabenizou o pastor presidente Martin Alves da Silva, pelo jubileu de ouro na evangeliza\u00e7\u00e3o.<\/p>\n\n\n\n<p>\u201cAproveitando as comemora\u00e7\u00f5es pelos 106 anos da IEADERN, hoje inauguramos uma exposi\u00e7\u00e3o \u00fanica nesta Casa legislativa, que conta a hist\u00f3ria da igreja e homenageia todos os presidentes que contribu\u00edram nessa trajet\u00f3ria aben\u00e7oada. A exposi\u00e7\u00e3o ficar\u00e1 dispon\u00edvel na Escola do Legislativo por um m\u00eas inteiro. Convidamos todos a conhecer essa hist\u00f3ria centen\u00e1ria, que \u00e9 significativa n\u00e3o apenas para os fi\u00e9is, mas para todos aqueles que j\u00e1 foram tocados pela nossa f\u00e9\u201d, convidou o presidente da CMN.<\/p>\n\n\n\n<p>J\u00e1 a vereadora Camila Ara\u00fajo ressaltou os servi\u00e7os prestados pela IEADERN, em obras de assist\u00eancia a idosos, crian\u00e7as, dependentes qu\u00edmicos, pessoas e fam\u00edlias em situa\u00e7\u00e3o de vulnerabilidade social fi\u00e9is ou n\u00e3o.<\/p>\n\n\n\n<p>Presente em todos os continentes, a denomina\u00e7\u00e3o evang\u00e9lica originada no movimento pentecostal foi oficializada no Rio Grande do Norte em 1918. Atualmente, s\u00e3o cerca de duas mil igrejas no Estado, sendo 253 em Natal, com o templo central no bairro do Alecrim. Entre membros e congregados, no estado s\u00e3o mais de 300 mil, dos quais 938 pastores e 20 mil presb\u00edteros, di\u00e1conos e auxiliares.<\/p>\n\n\n\n<p>Homenageado pelos 50 anos de minist\u00e9rio, sempre na IEADERN, o pastor Martin Alves da Silva nasceu em Caic\u00f3 e abra\u00e7ou a voca\u00e7\u00e3o para pregar o evangelho ainda adolescente, mas iniciou no minist\u00e9rio aos 21 anos de idade, desistindo da carreira militar no Ex\u00e9rcito, quando servia em S\u00e3o Gabriel da Cachoeira, no Amazonas. Decis\u00e3o da qual afirma n\u00e3o se arrepender, principalmente quando ver as obras de assist\u00eancia social, psicol\u00f3gica e espiritual da Assembleia de Deus em Natal e na zona rural do RN, onde ela tamb\u00e9m est\u00e1 presente.&nbsp; Al\u00e9m dessas obras e dos servi\u00e7os prestados destacados pelos vereadores, o pastor presidente ressaltou as campanhas, como a ajuda financeira e tr\u00eas toneladas de doa\u00e7\u00f5es em cal\u00e7ados, roupas e \u00e1gua que a Assembleia de Deus enviou para o Rio Grande do Sul.<\/p>\n\n\n\n<p>Sobre a homenagem da C\u00e2mara Municipal de Natal, o pastor Martin disse: \u201cRecebo com muita alegria, porque venho da gera\u00e7\u00e3o dos anos 60, quando nossa igreja n\u00e3o era bem-vinda em algumas cidades aqui do Rio Grande do Norte. \u00c9ramos at\u00e9 rejeitados. Mas, hoje, gra\u00e7as a Deus, temos pessoas na Assembleia Legislativa e nas C\u00e2maras Municipais, como nossos irm\u00e3os \u00c9riko e Camila, que tem voca\u00e7\u00e3o para a vida p\u00fablica\u201d.&nbsp;<\/p>\n\n\n\n<p>O pastor presidente da IEADERN, Martin Alves da Silva \u00e9 casado com a cirurgi\u00e3 dentista F\u00e1tima Maria Silva, desde 1977, e pai de&nbsp; Catherine e Fabricia.&nbsp; No Rio Grande do Norte, antes de chegar \u00e0 capital, ele foi pastor em Equador, Santana do Mato, Serra do Mel e Mossor\u00f3, onde passou 19 anos.<\/p>\n\n\n\n<p>O deputado estadual Ubaldo Fernandes representou a Assembleia Legislativa na sess\u00e3o solene.<\/p>\n","protected":false},"excerpt":{"rendered":"<p>Em sess\u00e3o solene nessa quarta-feira (15), a C\u00e2mara Municipal de Natal homenageou a Igreja Assembleia de Deus no Rio Grande do Norte pelos 106 anos de funda\u00e7\u00e3o e o pastor presidente da IEADERN, Martin Alves da Silva, que em 2024 completa cinco d\u00e9cadas de minist\u00e9rio.&nbsp; A homenagem foi uma proposi\u00e7\u00e3o conjunta do presidente da CMN, [&hellip;]<\/p>\n","protected":false},"author":1,"featured_media":0,"comment_status":"open","ping_status":"open","sticky":false,"template":"","format":"standard","meta":{"cybocfi_hide_featured_image":"","_jetpack_memberships_contains_paid_content":false,"footnotes":""},"categories":[1],"tags":[],"class_list":["post-3444","post","type-post","status-publish","format-standard","hentry","category-diversos"],"yoast_head":"<!-- This site is optimized with the Yoast SEO plugin v25.6 - https:\/\/yoast.com\/wordpress\/plugins\/seo\/ -->\n<title>CMN festeja 106 anos da IEADERN e 50 anos de minist\u00e9rio do pastor Martin Alves - Blog do Bispo<\/title>\n<meta name=\"robots\" content=\"index, follow, max-snippet:-1, max-image-preview:large, max-video-preview:-1\" \/>\n<link rel=\"canonical\" href=\"https:\/\/blogdobispo.com.br\/?p=3444\" \/>\n<meta property=\"og:locale\" content=\"pt_BR\" \/>\n<meta property=\"og:type\" content=\"article\" \/>\n<meta property=\"og:title\" content=\"CMN festeja 106 anos da IEADERN e 50 anos de minist\u00e9rio do pastor Martin Alves - Blog do Bispo\" \/>\n<meta property=\"og:description\" content=\"Em sess\u00e3o solene nessa quarta-feira (15), a C\u00e2mara Municipal de Natal homenageou a Igreja Assembleia de Deus no Rio Grande do Norte pelos 106 anos de funda\u00e7\u00e3o e o pastor presidente da IEADERN, Martin Alves da Silva, que em 2024 completa cinco d\u00e9cadas de minist\u00e9rio.&nbsp; A homenagem foi uma proposi\u00e7\u00e3o conjunta do presidente da CMN, [&hellip;]\" \/>\n<meta property=\"og:url\" content=\"https:\/\/blogdobispo.com.br\/?p=3444\" \/>\n<meta property=\"og:site_name\" content=\"Blog do Bispo\" \/>\n<meta property=\"article:published_time\" content=\"2024-05-16T20:48:48+00:00\" \/>\n<meta property=\"og:image\" content=\"https:\/\/www.cmnat.rn.gov.br\/_ups\/noticias\/2024\/05\/16\/a679c8834e354091af43bcc9758caeec.jpg\" \/>\n<meta name=\"author\" content=\"Jefferson Sterfeno\" \/>\n<meta name=\"twitter:card\" content=\"summary_large_image\" \/>\n<meta name=\"twitter:label1\" content=\"Escrito por\" \/>\n\t<meta name=\"twitter:data1\" content=\"Jefferson Sterfeno\" \/>\n\t<meta name=\"twitter:label2\" content=\"Est. tempo de leitura\" \/>\n\t<meta name=\"twitter:data2\" content=\"3 minutos\" \/>\n<script type=\"application\/ld+json\" class=\"yoast-schema-graph\">{\"@context\":\"https:\/\/schema.org\",\"@graph\":[{\"@type\":\"Article\",\"@id\":\"https:\/\/blogdobispo.com.br\/?p=3444#article\",\"isPartOf\":{\"@id\":\"https:\/\/blogdobispo.com.br\/?p=3444\"},\"author\":{\"name\":\"Jefferson Sterfeno\",\"@id\":\"https:\/\/blogdobispo.com.br\/#\/schema\/person\/e2209cc0e6cea5c5233d033e997b373f\"},\"headline\":\"CMN festeja 106 anos da IEADERN e 50 anos de minist\u00e9rio do pastor Martin Alves\",\"datePublished\":\"2024-05-16T20:48:48+00:00\",\"mainEntityOfPage\":{\"@id\":\"https:\/\/blogdobispo.com.br\/?p=3444\"},\"wordCount\":693,\"commentCount\":0,\"publisher\":{\"@id\":\"https:\/\/blogdobispo.com.br\/#organization\"},\"image\":{\"@id\":\"https:\/\/blogdobispo.com.br\/?p=3444#primaryimage\"},\"thumbnailUrl\":\"https:\/\/www.cmnat.rn.gov.br\/_ups\/noticias\/2024\/05\/16\/a679c8834e354091af43bcc9758caeec.jpg\",\"articleSection\":[\"diversos\"],\"inLanguage\":\"pt-BR\",\"potentialAction\":[{\"@type\":\"CommentAction\",\"name\":\"Comment\",\"target\":[\"https:\/\/blogdobispo.com.br\/?p=3444#respond\"]}]},{\"@type\":\"WebPage\",\"@id\":\"https:\/\/blogdobispo.com.br\/?p=3444\",\"url\":\"https:\/\/blogdobispo.com.br\/?p=3444\",\"name\":\"CMN festeja 106 anos da IEADERN e 50 anos de minist\u00e9rio do pastor Martin Alves - Blog do Bispo\",\"isPartOf\":{\"@id\":\"https:\/\/blogdobispo.com.br\/#website\"},\"primaryImageOfPage\":{\"@id\":\"https:\/\/blogdobispo.com.br\/?p=3444#primaryimage\"},\"image\":{\"@id\":\"https:\/\/blogdobispo.com.br\/?p=3444#primaryimage\"},\"thumbnailUrl\":\"https:\/\/www.cmnat.rn.gov.br\/_ups\/noticias\/2024\/05\/16\/a679c8834e354091af43bcc9758caeec.jpg\",\"datePublished\":\"2024-05-16T20:48:48+00:00\",\"breadcrumb\":{\"@id\":\"https:\/\/blogdobispo.com.br\/?p=3444#breadcrumb\"},\"inLanguage\":\"pt-BR\",\"potentialAction\":[{\"@type\":\"ReadAction\",\"target\":[\"https:\/\/blogdobispo.com.br\/?p=3444\"]}]},{\"@type\":\"ImageObject\",\"inLanguage\":\"pt-BR\",\"@id\":\"https:\/\/blogdobispo.com.br\/?p=3444#primaryimage\",\"url\":\"https:\/\/www.cmnat.rn.gov.br\/_ups\/noticias\/2024\/05\/16\/a679c8834e354091af43bcc9758caeec.jpg\",\"contentUrl\":\"https:\/\/www.cmnat.rn.gov.br\/_ups\/noticias\/2024\/05\/16\/a679c8834e354091af43bcc9758caeec.jpg\"},{\"@type\":\"BreadcrumbList\",\"@id\":\"https:\/\/blogdobispo.com.br\/?p=3444#breadcrumb\",\"itemListElement\":[{\"@type\":\"ListItem\",\"position\":1,\"name\":\"In\u00edcio\",\"item\":\"https:\/\/blogdobispo.com.br\/\"},{\"@type\":\"ListItem\",\"position\":2,\"name\":\"CMN festeja 106 anos da IEADERN e 50 anos de minist\u00e9rio do pastor Martin Alves\"}]},{\"@type\":\"WebSite\",\"@id\":\"https:\/\/blogdobispo.com.br\/#website\",\"url\":\"https:\/\/blogdobispo.com.br\/\",\"name\":\"Blog do Bispo\",\"description\":\"Comprometido apenas com o leitor\",\"publisher\":{\"@id\":\"https:\/\/blogdobispo.com.br\/#organization\"},\"potentialAction\":[{\"@type\":\"SearchAction\",\"target\":{\"@type\":\"EntryPoint\",\"urlTemplate\":\"https:\/\/blogdobispo.com.br\/?s={search_term_string}\"},\"query-input\":{\"@type\":\"PropertyValueSpecification\",\"valueRequired\":true,\"valueName\":\"search_term_string\"}}],\"inLanguage\":\"pt-BR\"},{\"@type\":\"Organization\",\"@id\":\"https:\/\/blogdobispo.com.br\/#organization\",\"name\":\"Blog do Bispo\",\"url\":\"https:\/\/blogdobispo.com.br\/\",\"logo\":{\"@type\":\"ImageObject\",\"inLanguage\":\"pt-BR\",\"@id\":\"https:\/\/blogdobispo.com.br\/#\/schema\/logo\/image\/\",\"url\":\"http:\/\/blogdobispo.com.br\/wp-content\/uploads\/2023\/05\/cropped-headear.png\",\"contentUrl\":\"http:\/\/blogdobispo.com.br\/wp-content\/uploads\/2023\/05\/cropped-headear.png\",\"width\":1500,\"height\":399,\"caption\":\"Blog do Bispo\"},\"image\":{\"@id\":\"https:\/\/blogdobispo.com.br\/#\/schema\/logo\/image\/\"}},{\"@type\":\"Person\",\"@id\":\"https:\/\/blogdobispo.com.br\/#\/schema\/person\/e2209cc0e6cea5c5233d033e997b373f\",\"name\":\"Jefferson Sterfeno\",\"image\":{\"@type\":\"ImageObject\",\"inLanguage\":\"pt-BR\",\"@id\":\"https:\/\/blogdobispo.com.br\/#\/schema\/person\/image\/\",\"url\":\"https:\/\/secure.gravatar.com\/avatar\/0534e84764641168a677026b6d57a3f51dc7ac4db0b4f6186d9cb330d4ee1160?s=96&d=mm&r=g\",\"contentUrl\":\"https:\/\/secure.gravatar.com\/avatar\/0534e84764641168a677026b6d57a3f51dc7ac4db0b4f6186d9cb330d4ee1160?s=96&d=mm&r=g\",\"caption\":\"Jefferson Sterfeno\"},\"sameAs\":[\"http:\/\/blogdobispo.com.br\"],\"url\":\"https:\/\/blogdobispo.com.br\/?author=1\"}]}<\/script>\n<!-- \/ Yoast SEO plugin. -->","yoast_head_json":{"title":"CMN festeja 106 anos da IEADERN e 50 anos de minist\u00e9rio do pastor Martin Alves - Blog do Bispo","robots":{"index":"index","follow":"follow","max-snippet":"max-snippet:-1","max-image-preview":"max-image-preview:large","max-video-preview":"max-video-preview:-1"},"canonical":"https:\/\/blogdobispo.com.br\/?p=3444","og_locale":"pt_BR","og_type":"article","og_title":"CMN festeja 106 anos da IEADERN e 50 anos de minist\u00e9rio do pastor Martin Alves - Blog do Bispo","og_description":"Em sess\u00e3o solene nessa quarta-feira (15), a C\u00e2mara Municipal de Natal homenageou a Igreja Assembleia de Deus no Rio Grande do Norte pelos 106 anos de funda\u00e7\u00e3o e o pastor presidente da IEADERN, Martin Alves da Silva, que em 2024 completa cinco d\u00e9cadas de minist\u00e9rio.&nbsp; A homenagem foi uma proposi\u00e7\u00e3o conjunta do presidente da CMN, [&hellip;]","og_url":"https:\/\/blogdobispo.com.br\/?p=3444","og_site_name":"Blog do Bispo","article_published_time":"2024-05-16T20:48:48+00:00","og_image":[{"url":"https:\/\/www.cmnat.rn.gov.br\/_ups\/noticias\/2024\/05\/16\/a679c8834e354091af43bcc9758caeec.jpg","type":"","width":"","height":""}],"author":"Jefferson Sterfeno","twitter_card":"summary_large_image","twitter_misc":{"Escrito por":"Jefferson Sterfeno","Est. tempo de leitura":"3 minutos"},"schema":{"@context":"https:\/\/schema.org","@graph":[{"@type":"Article","@id":"https:\/\/blogdobispo.com.br\/?p=3444#article","isPartOf":{"@id":"https:\/\/blogdobispo.com.br\/?p=3444"},"author":{"name":"Jefferson Sterfeno","@id":"https:\/\/blogdobispo.com.br\/#\/schema\/person\/e2209cc0e6cea5c5233d033e997b373f"},"headline":"CMN festeja 106 anos da IEADERN e 50 anos de minist\u00e9rio do pastor Martin Alves","datePublished":"2024-05-16T20:48:48+00:00","mainEntityOfPage":{"@id":"https:\/\/blogdobispo.com.br\/?p=3444"},"wordCount":693,"commentCount":0,"publisher":{"@id":"https:\/\/blogdobispo.com.br\/#organization"},"image":{"@id":"https:\/\/blogdobispo.com.br\/?p=3444#primaryimage"},"thumbnailUrl":"https:\/\/www.cmnat.rn.gov.br\/_ups\/noticias\/2024\/05\/16\/a679c8834e354091af43bcc9758caeec.jpg","articleSection":["diversos"],"inLanguage":"pt-BR","potentialAction":[{"@type":"CommentAction","name":"Comment","target":["https:\/\/blogdobispo.com.br\/?p=3444#respond"]}]},{"@type":"WebPage","@id":"https:\/\/blogdobispo.com.br\/?p=3444","url":"https:\/\/blogdobispo.com.br\/?p=3444","name":"CMN festeja 106 anos da IEADERN e 50 anos de minist\u00e9rio do pastor Martin Alves - Blog do Bispo","isPartOf":{"@id":"https:\/\/blogdobispo.com.br\/#website"},"primaryImageOfPage":{"@id":"https:\/\/blogdobispo.com.br\/?p=3444#primaryimage"},"image":{"@id":"https:\/\/blogdobispo.com.br\/?p=3444#primaryimage"},"thumbnailUrl":"https:\/\/www.cmnat.rn.gov.br\/_ups\/noticias\/2024\/05\/16\/a679c8834e354091af43bcc9758caeec.jpg","datePublished":"2024-05-16T20:48:48+00:00","breadcrumb":{"@id":"https:\/\/blogdobispo.com.br\/?p=3444#breadcrumb"},"inLanguage":"pt-BR","potentialAction":[{"@type":"ReadAction","target":["https:\/\/blogdobispo.com.br\/?p=3444"]}]},{"@type":"ImageObject","inLanguage":"pt-BR","@id":"https:\/\/blogdobispo.com.br\/?p=3444#primaryimage","url":"https:\/\/www.cmnat.rn.gov.br\/_ups\/noticias\/2024\/05\/16\/a679c8834e354091af43bcc9758caeec.jpg","contentUrl":"https:\/\/www.cmnat.rn.gov.br\/_ups\/noticias\/2024\/05\/16\/a679c8834e354091af43bcc9758caeec.jpg"},{"@type":"BreadcrumbList","@id":"https:\/\/blogdobispo.com.br\/?p=3444#breadcrumb","itemListElement":[{"@type":"ListItem","position":1,"name":"In\u00edcio","item":"https:\/\/blogdobispo.com.br\/"},{"@type":"ListItem","position":2,"name":"CMN festeja 106 anos da IEADERN e 50 anos de minist\u00e9rio do pastor Martin Alves"}]},{"@type":"WebSite","@id":"https:\/\/blogdobispo.com.br\/#website","url":"https:\/\/blogdobispo.com.br\/","name":"Blog do Bispo","description":"Comprometido apenas com o leitor","publisher":{"@id":"https:\/\/blogdobispo.com.br\/#organization"},"potentialAction":[{"@type":"SearchAction","target":{"@type":"EntryPoint","urlTemplate":"https:\/\/blogdobispo.com.br\/?s={search_term_string}"},"query-input":{"@type":"PropertyValueSpecification","valueRequired":true,"valueName":"search_term_string"}}],"inLanguage":"pt-BR"},{"@type":"Organization","@id":"https:\/\/blogdobispo.com.br\/#organization","name":"Blog do Bispo","url":"https:\/\/blogdobispo.com.br\/","logo":{"@type":"ImageObject","inLanguage":"pt-BR","@id":"https:\/\/blogdobispo.com.br\/#\/schema\/logo\/image\/","url":"http:\/\/blogdobispo.com.br\/wp-content\/uploads\/2023\/05\/cropped-headear.png","contentUrl":"http:\/\/blogdobispo.com.br\/wp-content\/uploads\/2023\/05\/cropped-headear.png","width":1500,"height":399,"caption":"Blog do Bispo"},"image":{"@id":"https:\/\/blogdobispo.com.br\/#\/schema\/logo\/image\/"}},{"@type":"Person","@id":"https:\/\/blogdobispo.com.br\/#\/schema\/person\/e2209cc0e6cea5c5233d033e997b373f","name":"Jefferson Sterfeno","image":{"@type":"ImageObject","inLanguage":"pt-BR","@id":"https:\/\/blogdobispo.com.br\/#\/schema\/person\/image\/","url":"https:\/\/secure.gravatar.com\/avatar\/0534e84764641168a677026b6d57a3f51dc7ac4db0b4f6186d9cb330d4ee1160?s=96&d=mm&r=g","contentUrl":"https:\/\/secure.gravatar.com\/avatar\/0534e84764641168a677026b6d57a3f51dc7ac4db0b4f6186d9cb330d4ee1160?s=96&d=mm&r=g","caption":"Jefferson Sterfeno"},"sameAs":["http:\/\/blogdobispo.com.br"],"url":"https:\/\/blogdobispo.com.br\/?author=1"}]}},"featured_image_urls":{"full":"","thumbnail":"","medium":"","medium_large":"","large":"","1536x1536":"","2048x2048":""},"author_info":{"display_name":"Jefferson Sterfeno","author_link":"https:\/\/blogdobispo.com.br\/?author=1"},"category_info":"<a href=\"https:\/\/blogdobispo.com.br\/?cat=1\" rel=\"category\">diversos<\/a>","tag_info":"diversos","comment_count":"0","jetpack_featured_media_url":"","jetpack_sharing_enabled":true,"_links":{"self":[{"href":"https:\/\/blogdobispo.com.br\/index.php?rest_route=\/wp\/v2\/posts\/3444","targetHints":{"allow":["GET"]}}],"collection":[{"href":"https:\/\/blogdobispo.com.br\/index.php?rest_route=\/wp\/v2\/posts"}],"about":[{"href":"https:\/\/blogdobispo.com.br\/index.php?rest_route=\/wp\/v2\/types\/post"}],"author":[{"embeddable":true,"href":"https:\/\/blogdobispo.com.br\/index.php?rest_route=\/wp\/v2\/users\/1"}],"replies":[{"embeddable":true,"href":"https:\/\/blogdobispo.com.br\/index.php?rest_route=%2Fwp%2Fv2%2Fcomments&post=3444"}],"version-history":[{"count":0,"href":"https:\/\/blogdobispo.com.br\/index.php?rest_route=\/wp\/v2\/posts\/3444\/revisions"}],"wp:attachment":[{"href":"https:\/\/blogdobispo.com.br\/index.php?rest_route=%2Fwp%2Fv2%2Fmedia&parent=3444"}],"wp:term":[{"taxonomy":"category","embeddable":true,"href":"https:\/\/blogdobispo.com.br\/index.php?rest_route=%2Fwp%2Fv2%2Fcategories&post=3444"},{"taxonomy":"post_tag","embeddable":true,"href":"https:\/\/blogdobispo.com.br\/index.php?rest_route=%2Fwp%2Fv2%2Ftags&post=3444"}],"curies":[{"name":"wp","href":"https:\/\/api.w.org\/{rel}","templated":true}]}}