{"id":3443,"date":"2024-05-16T14:09:26","date_gmt":"2024-05-16T14:09:26","guid":{"rendered":"https:\/\/blogdobispo.com.br\/?p=3443"},"modified":"2024-05-16T14:09:26","modified_gmt":"2024-05-16T14:09:26","slug":"prefeitura-de-sao-goncalo-investe-na-construcao-de-arenas-fut7","status":"publish","type":"post","link":"https:\/\/blogdobispo.com.br\/?p=3443","title":{"rendered":"Prefeitura de S\u00e3o Gon\u00e7alo investe na constru\u00e7\u00e3o de Arenas Fut7"},"content":{"rendered":"\n<figure class=\"wp-block-image size-large\"><img data-recalc-dims=\"1\" fetchpriority=\"high\" decoding=\"async\" width=\"800\" height=\"450\" src=\"https:\/\/i0.wp.com\/blogdobispo.com.br\/wp-content\/uploads\/2024\/05\/a9c467e8-f280-49e0-bf16-3e010d7cd082-1.jpg?resize=800%2C450&#038;ssl=1\" class=\"wp-image-3442\" srcset=\"https:\/\/i0.wp.com\/blogdobispo.com.br\/wp-content\/uploads\/2024\/05\/a9c467e8-f280-49e0-bf16-3e010d7cd082-1.jpg?w=1024&amp;ssl=1 1024w, https:\/\/i0.wp.com\/blogdobispo.com.br\/wp-content\/uploads\/2024\/05\/a9c467e8-f280-49e0-bf16-3e010d7cd082-1.jpg?resize=300%2C169&amp;ssl=1 300w, https:\/\/i0.wp.com\/blogdobispo.com.br\/wp-content\/uploads\/2024\/05\/a9c467e8-f280-49e0-bf16-3e010d7cd082-1.jpg?resize=768%2C432&amp;ssl=1 768w\" sizes=\"(max-width: 800px) 100vw, 800px\" \/><\/figure>\n\n\n\n<p><\/p>\n\n\n\n<p>A Prefeitura de S\u00e3o Gon\u00e7alo do Amarante est\u00e1 investindo na constru\u00e7\u00e3o de Arenas Fut7, equipamento utilizado no futebol society, disputado em grama sint\u00e9tica. Uma modalidade em franco desenvolvimento no Brasil. Ser\u00e3o pelo menos cinco campos \u00e0 disposi\u00e7\u00e3o da popula\u00e7\u00e3o s\u00e3o-gon\u00e7alense, constru\u00eddos pela gest\u00e3o do prefeito Eraldo Paiva.<\/p>\n\n\n\n<p>A primeira das Arenas Fut7 est\u00e1 sendo erguida no bairro do Golandim. Os trabalhos j\u00e1 foram iniciados no local. A segunda das cinco arenas ser\u00e1 constru\u00edda na Rua das Pet\u00fanias, no Bairro Jardins. A ordem de servi\u00e7o ser\u00e1 assinada na tarde desta quarta-feira (15), \u00e0s 16h. Pelo menos outras tr\u00eas arenas est\u00e3o previstas, contemplando tamb\u00e9m a zona rural da cidade.<\/p>\n\n\n\n<p>\u201cN\u00f3s investimos bastante no est\u00edmulo \u00e0 pr\u00e1tica esportiva. Reformamos pra\u00e7as, quadras e gin\u00e1sios por toda a cidade. Agora estamos construindo Arenas Fut7, que \u00e9 uma modalidade muito praticada hoje em dia, mas que as pessoas pagam para poder jogar em campos alugados. O pessoal se junta e desembolsa, \u00e0s vezes, R$ 100 ou mais por hora que utilizar o local. Agora teremos arenas p\u00fablicas, para os desportistas da nossa cidade poderem jogar sem pagar nada\u201d, comemora o prefeito Eraldo Paiva.<\/p>\n\n\n\n<p>A constru\u00e7\u00e3o das Arenas Fut7 foi viabilizada gra\u00e7as a recursos disponibilizados por emenda do ent\u00e3o senador Jean Paul Prates, hoje presidente da Petrobras.<\/p>\n","protected":false},"excerpt":{"rendered":"<p>A Prefeitura de S\u00e3o Gon\u00e7alo do Amarante est\u00e1 investindo na constru\u00e7\u00e3o de Arenas Fut7, equipamento utilizado no futebol society, disputado em grama sint\u00e9tica. Uma modalidade em franco desenvolvimento no Brasil. Ser\u00e3o pelo menos cinco campos \u00e0 disposi\u00e7\u00e3o da popula\u00e7\u00e3o s\u00e3o-gon\u00e7alense, constru\u00eddos pela gest\u00e3o do prefeito Eraldo Paiva. A primeira das Arenas Fut7 est\u00e1 sendo erguida [&hellip;]<\/p>\n","protected":false},"author":1,"featured_media":0,"comment_status":"open","ping_status":"open","sticky":false,"template":"","format":"standard","meta":{"cybocfi_hide_featured_image":"","_jetpack_memberships_contains_paid_content":false,"footnotes":""},"categories":[1],"tags":[],"class_list":["post-3443","post","type-post","status-publish","format-standard","hentry","category-diversos"],"yoast_head":"<!-- This site is optimized with the Yoast SEO plugin v25.6 - https:\/\/yoast.com\/wordpress\/plugins\/seo\/ -->\n<title>Prefeitura de S\u00e3o Gon\u00e7alo investe na constru\u00e7\u00e3o de Arenas Fut7 - Blog do Bispo<\/title>\n<meta name=\"robots\" content=\"index, follow, max-snippet:-1, max-image-preview:large, max-video-preview:-1\" \/>\n<link rel=\"canonical\" href=\"https:\/\/blogdobispo.com.br\/?p=3443\" \/>\n<meta property=\"og:locale\" content=\"pt_BR\" \/>\n<meta property=\"og:type\" content=\"article\" \/>\n<meta property=\"og:title\" content=\"Prefeitura de S\u00e3o Gon\u00e7alo investe na constru\u00e7\u00e3o de Arenas Fut7 - Blog do Bispo\" \/>\n<meta property=\"og:description\" content=\"A Prefeitura de S\u00e3o Gon\u00e7alo do Amarante est\u00e1 investindo na constru\u00e7\u00e3o de Arenas Fut7, equipamento utilizado no futebol society, disputado em grama sint\u00e9tica. Uma modalidade em franco desenvolvimento no Brasil. Ser\u00e3o pelo menos cinco campos \u00e0 disposi\u00e7\u00e3o da popula\u00e7\u00e3o s\u00e3o-gon\u00e7alense, constru\u00eddos pela gest\u00e3o do prefeito Eraldo Paiva. A primeira das Arenas Fut7 est\u00e1 sendo erguida [&hellip;]\" \/>\n<meta property=\"og:url\" content=\"https:\/\/blogdobispo.com.br\/?p=3443\" \/>\n<meta property=\"og:site_name\" content=\"Blog do Bispo\" \/>\n<meta property=\"article:published_time\" content=\"2024-05-16T14:09:26+00:00\" \/>\n<meta property=\"og:image\" content=\"https:\/\/blogdobispo.com.br\/wp-content\/uploads\/2024\/05\/a9c467e8-f280-49e0-bf16-3e010d7cd082-1.jpg\" \/>\n<meta name=\"author\" content=\"Jefferson Sterfeno\" \/>\n<meta name=\"twitter:card\" content=\"summary_large_image\" \/>\n<meta name=\"twitter:label1\" content=\"Escrito por\" \/>\n\t<meta name=\"twitter:data1\" content=\"Jefferson Sterfeno\" \/>\n\t<meta name=\"twitter:label2\" content=\"Est. tempo de leitura\" \/>\n\t<meta name=\"twitter:data2\" content=\"1 minuto\" \/>\n<script type=\"application\/ld+json\" class=\"yoast-schema-graph\">{\"@context\":\"https:\/\/schema.org\",\"@graph\":[{\"@type\":\"Article\",\"@id\":\"https:\/\/blogdobispo.com.br\/?p=3443#article\",\"isPartOf\":{\"@id\":\"https:\/\/blogdobispo.com.br\/?p=3443\"},\"author\":{\"name\":\"Jefferson Sterfeno\",\"@id\":\"https:\/\/blogdobispo.com.br\/#\/schema\/person\/e2209cc0e6cea5c5233d033e997b373f\"},\"headline\":\"Prefeitura de S\u00e3o Gon\u00e7alo investe na constru\u00e7\u00e3o de Arenas Fut7\",\"datePublished\":\"2024-05-16T14:09:26+00:00\",\"mainEntityOfPage\":{\"@id\":\"https:\/\/blogdobispo.com.br\/?p=3443\"},\"wordCount\":244,\"commentCount\":0,\"publisher\":{\"@id\":\"https:\/\/blogdobispo.com.br\/#organization\"},\"image\":{\"@id\":\"https:\/\/blogdobispo.com.br\/?p=3443#primaryimage\"},\"thumbnailUrl\":\"https:\/\/blogdobispo.com.br\/wp-content\/uploads\/2024\/05\/a9c467e8-f280-49e0-bf16-3e010d7cd082-1.jpg\",\"articleSection\":[\"diversos\"],\"inLanguage\":\"pt-BR\",\"potentialAction\":[{\"@type\":\"CommentAction\",\"name\":\"Comment\",\"target\":[\"https:\/\/blogdobispo.com.br\/?p=3443#respond\"]}]},{\"@type\":\"WebPage\",\"@id\":\"https:\/\/blogdobispo.com.br\/?p=3443\",\"url\":\"https:\/\/blogdobispo.com.br\/?p=3443\",\"name\":\"Prefeitura de S\u00e3o Gon\u00e7alo investe na constru\u00e7\u00e3o de Arenas Fut7 - Blog do Bispo\",\"isPartOf\":{\"@id\":\"https:\/\/blogdobispo.com.br\/#website\"},\"primaryImageOfPage\":{\"@id\":\"https:\/\/blogdobispo.com.br\/?p=3443#primaryimage\"},\"image\":{\"@id\":\"https:\/\/blogdobispo.com.br\/?p=3443#primaryimage\"},\"thumbnailUrl\":\"https:\/\/blogdobispo.com.br\/wp-content\/uploads\/2024\/05\/a9c467e8-f280-49e0-bf16-3e010d7cd082-1.jpg\",\"datePublished\":\"2024-05-16T14:09:26+00:00\",\"breadcrumb\":{\"@id\":\"https:\/\/blogdobispo.com.br\/?p=3443#breadcrumb\"},\"inLanguage\":\"pt-BR\",\"potentialAction\":[{\"@type\":\"ReadAction\",\"target\":[\"https:\/\/blogdobispo.com.br\/?p=3443\"]}]},{\"@type\":\"ImageObject\",\"inLanguage\":\"pt-BR\",\"@id\":\"https:\/\/blogdobispo.com.br\/?p=3443#primaryimage\",\"url\":\"https:\/\/blogdobispo.com.br\/wp-content\/uploads\/2024\/05\/a9c467e8-f280-49e0-bf16-3e010d7cd082-1.jpg\",\"contentUrl\":\"https:\/\/blogdobispo.com.br\/wp-content\/uploads\/2024\/05\/a9c467e8-f280-49e0-bf16-3e010d7cd082-1.jpg\"},{\"@type\":\"BreadcrumbList\",\"@id\":\"https:\/\/blogdobispo.com.br\/?p=3443#breadcrumb\",\"itemListElement\":[{\"@type\":\"ListItem\",\"position\":1,\"name\":\"In\u00edcio\",\"item\":\"https:\/\/blogdobispo.com.br\/\"},{\"@type\":\"ListItem\",\"position\":2,\"name\":\"Prefeitura de S\u00e3o Gon\u00e7alo investe na constru\u00e7\u00e3o de Arenas Fut7\"}]},{\"@type\":\"WebSite\",\"@id\":\"https:\/\/blogdobispo.com.br\/#website\",\"url\":\"https:\/\/blogdobispo.com.br\/\",\"name\":\"Blog do Bispo\",\"description\":\"Comprometido apenas com o leitor\",\"publisher\":{\"@id\":\"https:\/\/blogdobispo.com.br\/#organization\"},\"potentialAction\":[{\"@type\":\"SearchAction\",\"target\":{\"@type\":\"EntryPoint\",\"urlTemplate\":\"https:\/\/blogdobispo.com.br\/?s={search_term_string}\"},\"query-input\":{\"@type\":\"PropertyValueSpecification\",\"valueRequired\":true,\"valueName\":\"search_term_string\"}}],\"inLanguage\":\"pt-BR\"},{\"@type\":\"Organization\",\"@id\":\"https:\/\/blogdobispo.com.br\/#organization\",\"name\":\"Blog do Bispo\",\"url\":\"https:\/\/blogdobispo.com.br\/\",\"logo\":{\"@type\":\"ImageObject\",\"inLanguage\":\"pt-BR\",\"@id\":\"https:\/\/blogdobispo.com.br\/#\/schema\/logo\/image\/\",\"url\":\"http:\/\/blogdobispo.com.br\/wp-content\/uploads\/2023\/05\/cropped-headear.png\",\"contentUrl\":\"http:\/\/blogdobispo.com.br\/wp-content\/uploads\/2023\/05\/cropped-headear.png\",\"width\":1500,\"height\":399,\"caption\":\"Blog do Bispo\"},\"image\":{\"@id\":\"https:\/\/blogdobispo.com.br\/#\/schema\/logo\/image\/\"}},{\"@type\":\"Person\",\"@id\":\"https:\/\/blogdobispo.com.br\/#\/schema\/person\/e2209cc0e6cea5c5233d033e997b373f\",\"name\":\"Jefferson Sterfeno\",\"image\":{\"@type\":\"ImageObject\",\"inLanguage\":\"pt-BR\",\"@id\":\"https:\/\/blogdobispo.com.br\/#\/schema\/person\/image\/\",\"url\":\"https:\/\/secure.gravatar.com\/avatar\/0534e84764641168a677026b6d57a3f51dc7ac4db0b4f6186d9cb330d4ee1160?s=96&d=mm&r=g\",\"contentUrl\":\"https:\/\/secure.gravatar.com\/avatar\/0534e84764641168a677026b6d57a3f51dc7ac4db0b4f6186d9cb330d4ee1160?s=96&d=mm&r=g\",\"caption\":\"Jefferson Sterfeno\"},\"sameAs\":[\"http:\/\/blogdobispo.com.br\"],\"url\":\"https:\/\/blogdobispo.com.br\/?author=1\"}]}<\/script>\n<!-- \/ Yoast SEO plugin. -->","yoast_head_json":{"title":"Prefeitura de S\u00e3o Gon\u00e7alo investe na constru\u00e7\u00e3o de Arenas Fut7 - Blog do Bispo","robots":{"index":"index","follow":"follow","max-snippet":"max-snippet:-1","max-image-preview":"max-image-preview:large","max-video-preview":"max-video-preview:-1"},"canonical":"https:\/\/blogdobispo.com.br\/?p=3443","og_locale":"pt_BR","og_type":"article","og_title":"Prefeitura de S\u00e3o Gon\u00e7alo investe na constru\u00e7\u00e3o de Arenas Fut7 - Blog do Bispo","og_description":"A Prefeitura de S\u00e3o Gon\u00e7alo do Amarante est\u00e1 investindo na constru\u00e7\u00e3o de Arenas Fut7, equipamento utilizado no futebol society, disputado em grama sint\u00e9tica. Uma modalidade em franco desenvolvimento no Brasil. Ser\u00e3o pelo menos cinco campos \u00e0 disposi\u00e7\u00e3o da popula\u00e7\u00e3o s\u00e3o-gon\u00e7alense, constru\u00eddos pela gest\u00e3o do prefeito Eraldo Paiva. A primeira das Arenas Fut7 est\u00e1 sendo erguida [&hellip;]","og_url":"https:\/\/blogdobispo.com.br\/?p=3443","og_site_name":"Blog do Bispo","article_published_time":"2024-05-16T14:09:26+00:00","og_image":[{"url":"https:\/\/blogdobispo.com.br\/wp-content\/uploads\/2024\/05\/a9c467e8-f280-49e0-bf16-3e010d7cd082-1.jpg","type":"","width":"","height":""}],"author":"Jefferson Sterfeno","twitter_card":"summary_large_image","twitter_misc":{"Escrito por":"Jefferson Sterfeno","Est. tempo de leitura":"1 minuto"},"schema":{"@context":"https:\/\/schema.org","@graph":[{"@type":"Article","@id":"https:\/\/blogdobispo.com.br\/?p=3443#article","isPartOf":{"@id":"https:\/\/blogdobispo.com.br\/?p=3443"},"author":{"name":"Jefferson Sterfeno","@id":"https:\/\/blogdobispo.com.br\/#\/schema\/person\/e2209cc0e6cea5c5233d033e997b373f"},"headline":"Prefeitura de S\u00e3o Gon\u00e7alo investe na constru\u00e7\u00e3o de Arenas Fut7","datePublished":"2024-05-16T14:09:26+00:00","mainEntityOfPage":{"@id":"https:\/\/blogdobispo.com.br\/?p=3443"},"wordCount":244,"commentCount":0,"publisher":{"@id":"https:\/\/blogdobispo.com.br\/#organization"},"image":{"@id":"https:\/\/blogdobispo.com.br\/?p=3443#primaryimage"},"thumbnailUrl":"https:\/\/blogdobispo.com.br\/wp-content\/uploads\/2024\/05\/a9c467e8-f280-49e0-bf16-3e010d7cd082-1.jpg","articleSection":["diversos"],"inLanguage":"pt-BR","potentialAction":[{"@type":"CommentAction","name":"Comment","target":["https:\/\/blogdobispo.com.br\/?p=3443#respond"]}]},{"@type":"WebPage","@id":"https:\/\/blogdobispo.com.br\/?p=3443","url":"https:\/\/blogdobispo.com.br\/?p=3443","name":"Prefeitura de S\u00e3o Gon\u00e7alo investe na constru\u00e7\u00e3o de Arenas Fut7 - Blog do Bispo","isPartOf":{"@id":"https:\/\/blogdobispo.com.br\/#website"},"primaryImageOfPage":{"@id":"https:\/\/blogdobispo.com.br\/?p=3443#primaryimage"},"image":{"@id":"https:\/\/blogdobispo.com.br\/?p=3443#primaryimage"},"thumbnailUrl":"https:\/\/blogdobispo.com.br\/wp-content\/uploads\/2024\/05\/a9c467e8-f280-49e0-bf16-3e010d7cd082-1.jpg","datePublished":"2024-05-16T14:09:26+00:00","breadcrumb":{"@id":"https:\/\/blogdobispo.com.br\/?p=3443#breadcrumb"},"inLanguage":"pt-BR","potentialAction":[{"@type":"ReadAction","target":["https:\/\/blogdobispo.com.br\/?p=3443"]}]},{"@type":"ImageObject","inLanguage":"pt-BR","@id":"https:\/\/blogdobispo.com.br\/?p=3443#primaryimage","url":"https:\/\/blogdobispo.com.br\/wp-content\/uploads\/2024\/05\/a9c467e8-f280-49e0-bf16-3e010d7cd082-1.jpg","contentUrl":"https:\/\/blogdobispo.com.br\/wp-content\/uploads\/2024\/05\/a9c467e8-f280-49e0-bf16-3e010d7cd082-1.jpg"},{"@type":"BreadcrumbList","@id":"https:\/\/blogdobispo.com.br\/?p=3443#breadcrumb","itemListElement":[{"@type":"ListItem","position":1,"name":"In\u00edcio","item":"https:\/\/blogdobispo.com.br\/"},{"@type":"ListItem","position":2,"name":"Prefeitura de S\u00e3o Gon\u00e7alo investe na constru\u00e7\u00e3o de Arenas Fut7"}]},{"@type":"WebSite","@id":"https:\/\/blogdobispo.com.br\/#website","url":"https:\/\/blogdobispo.com.br\/","name":"Blog do Bispo","description":"Comprometido apenas com o leitor","publisher":{"@id":"https:\/\/blogdobispo.com.br\/#organization"},"potentialAction":[{"@type":"SearchAction","target":{"@type":"EntryPoint","urlTemplate":"https:\/\/blogdobispo.com.br\/?s={search_term_string}"},"query-input":{"@type":"PropertyValueSpecification","valueRequired":true,"valueName":"search_term_string"}}],"inLanguage":"pt-BR"},{"@type":"Organization","@id":"https:\/\/blogdobispo.com.br\/#organization","name":"Blog do Bispo","url":"https:\/\/blogdobispo.com.br\/","logo":{"@type":"ImageObject","inLanguage":"pt-BR","@id":"https:\/\/blogdobispo.com.br\/#\/schema\/logo\/image\/","url":"http:\/\/blogdobispo.com.br\/wp-content\/uploads\/2023\/05\/cropped-headear.png","contentUrl":"http:\/\/blogdobispo.com.br\/wp-content\/uploads\/2023\/05\/cropped-headear.png","width":1500,"height":399,"caption":"Blog do Bispo"},"image":{"@id":"https:\/\/blogdobispo.com.br\/#\/schema\/logo\/image\/"}},{"@type":"Person","@id":"https:\/\/blogdobispo.com.br\/#\/schema\/person\/e2209cc0e6cea5c5233d033e997b373f","name":"Jefferson Sterfeno","image":{"@type":"ImageObject","inLanguage":"pt-BR","@id":"https:\/\/blogdobispo.com.br\/#\/schema\/person\/image\/","url":"https:\/\/secure.gravatar.com\/avatar\/0534e84764641168a677026b6d57a3f51dc7ac4db0b4f6186d9cb330d4ee1160?s=96&d=mm&r=g","contentUrl":"https:\/\/secure.gravatar.com\/avatar\/0534e84764641168a677026b6d57a3f51dc7ac4db0b4f6186d9cb330d4ee1160?s=96&d=mm&r=g","caption":"Jefferson Sterfeno"},"sameAs":["http:\/\/blogdobispo.com.br"],"url":"https:\/\/blogdobispo.com.br\/?author=1"}]}},"featured_image_urls":{"full":"","thumbnail":"","medium":"","medium_large":"","large":"","1536x1536":"","2048x2048":""},"author_info":{"display_name":"Jefferson Sterfeno","author_link":"https:\/\/blogdobispo.com.br\/?author=1"},"category_info":"<a href=\"https:\/\/blogdobispo.com.br\/?cat=1\" rel=\"category\">diversos<\/a>","tag_info":"diversos","comment_count":"0","jetpack_featured_media_url":"","jetpack_sharing_enabled":true,"_links":{"self":[{"href":"https:\/\/blogdobispo.com.br\/index.php?rest_route=\/wp\/v2\/posts\/3443","targetHints":{"allow":["GET"]}}],"collection":[{"href":"https:\/\/blogdobispo.com.br\/index.php?rest_route=\/wp\/v2\/posts"}],"about":[{"href":"https:\/\/blogdobispo.com.br\/index.php?rest_route=\/wp\/v2\/types\/post"}],"author":[{"embeddable":true,"href":"https:\/\/blogdobispo.com.br\/index.php?rest_route=\/wp\/v2\/users\/1"}],"replies":[{"embeddable":true,"href":"https:\/\/blogdobispo.com.br\/index.php?rest_route=%2Fwp%2Fv2%2Fcomments&post=3443"}],"version-history":[{"count":0,"href":"https:\/\/blogdobispo.com.br\/index.php?rest_route=\/wp\/v2\/posts\/3443\/revisions"}],"wp:attachment":[{"href":"https:\/\/blogdobispo.com.br\/index.php?rest_route=%2Fwp%2Fv2%2Fmedia&parent=3443"}],"wp:term":[{"taxonomy":"category","embeddable":true,"href":"https:\/\/blogdobispo.com.br\/index.php?rest_route=%2Fwp%2Fv2%2Fcategories&post=3443"},{"taxonomy":"post_tag","embeddable":true,"href":"https:\/\/blogdobispo.com.br\/index.php?rest_route=%2Fwp%2Fv2%2Ftags&post=3443"}],"curies":[{"name":"wp","href":"https:\/\/api.w.org\/{rel}","templated":true}]}}