{"id":3435,"date":"2024-05-14T15:05:20","date_gmt":"2024-05-14T15:05:20","guid":{"rendered":"https:\/\/blogdobispo.com.br\/?p=3435"},"modified":"2024-05-14T15:05:20","modified_gmt":"2024-05-14T15:05:20","slug":"camara-debatera-sobre-natal-na-rota-do-turismo-da-2a-guerra-mundial","status":"publish","type":"post","link":"https:\/\/blogdobispo.com.br\/?p=3435","title":{"rendered":"C\u00e2mara debater\u00e1 sobre Natal na rota do turismo da 2\u00aa Guerra Mundial"},"content":{"rendered":"\n<figure class=\"wp-block-image size-large\"><img data-recalc-dims=\"1\" fetchpriority=\"high\" decoding=\"async\" width=\"800\" height=\"1000\" src=\"https:\/\/i0.wp.com\/blogdobispo.com.br\/wp-content\/uploads\/2024\/05\/e0d81728-225f-4e6e-8285-b47bdeca95c8-1-819x1024.jpg?resize=800%2C1000&#038;ssl=1\" class=\"wp-image-3434\" srcset=\"https:\/\/i0.wp.com\/blogdobispo.com.br\/wp-content\/uploads\/2024\/05\/e0d81728-225f-4e6e-8285-b47bdeca95c8-1.jpg?resize=819%2C1024&amp;ssl=1 819w, https:\/\/i0.wp.com\/blogdobispo.com.br\/wp-content\/uploads\/2024\/05\/e0d81728-225f-4e6e-8285-b47bdeca95c8-1.jpg?resize=240%2C300&amp;ssl=1 240w, https:\/\/i0.wp.com\/blogdobispo.com.br\/wp-content\/uploads\/2024\/05\/e0d81728-225f-4e6e-8285-b47bdeca95c8-1.jpg?resize=768%2C960&amp;ssl=1 768w, https:\/\/i0.wp.com\/blogdobispo.com.br\/wp-content\/uploads\/2024\/05\/e0d81728-225f-4e6e-8285-b47bdeca95c8-1.jpg?resize=1024%2C1280&amp;ssl=1 1024w, https:\/\/i0.wp.com\/blogdobispo.com.br\/wp-content\/uploads\/2024\/05\/e0d81728-225f-4e6e-8285-b47bdeca95c8-1.jpg?w=1080&amp;ssl=1 1080w\" sizes=\"(max-width: 800px) 100vw, 800px\" \/><\/figure>\n\n\n\n<p><\/p>\n\n\n\n<p>O Rio Grande do Norte teve papel crucial na 2\u00aa Guerra Mundial e, mesmo com museus em Parnamirim e Natal contando a hist\u00f3ria desse marco, o poder p\u00fablico e o trade potiguar pouco exploram esse potencial na principal atividade econ\u00f4mica do estado, que \u00e9 o turismo. \u00c9 com esse mote que a C\u00e2mara Municipal de Natal, atrav\u00e9s dos vereadores Dickson J\u00fanior e Felipe Alves, realizar\u00e1 uma Audi\u00eancia P\u00fablica, na pr\u00f3xima quarta-feira (15), com o tema \u201cNatal na rota do turismo da 2\u00aa Guerra Mundial\u201d, no Complexo Cultural da Rampa, na Ribeira, em Natal, a partir das 14h30.<\/p>\n\n\n\n<p>\u201cNatal nunca explorou como devia esse gigante potencial. Em 2019, o Sebrae fez um evento para apresentar o \u2018Mapa Tur\u00edstico da Segunda Guerra Mundial\u2019 com participa\u00e7\u00e3o de v\u00e1rios representantes p\u00fablicos, e pensei que, a partir de ent\u00e3o, ter\u00edamos esse produto mais vendido a visitantes, mas autoridades ainda n\u00e3o atentarem para o que pode significar economicamente para nosso povo\u201d, critica. O vereador, que \u00e9 autor da Lei Municipal n\u00ba 6.524\/15, que oficializou a Confer\u00eancia do Potengi no calend\u00e1rio de Natal, lamenta. \u201cO encontro entre o Presidente Get\u00falio Vargas e o Presidente dos Estados Unidos, Franklin Roosevelt, \u00e0s margens do Rio Potengi, para definir a participa\u00e7\u00e3o brasileira na Segunda Guerra Mundial, \u00e9 importante n\u00e3o s\u00f3 para Natal, mas para todo o Brasil, uma vez que a partir da\u00ed foi criada a For\u00e7a Expedicion\u00e1ria Brasileira (FEB) e quando surgiu a avia\u00e7\u00e3o de cargas e passageiros do Pa\u00eds\u201d, frisa.<\/p>\n\n\n\n<p>O vereador Felipe Alves, por sua vez, refor\u00e7a que n\u00e3o h\u00e1 concretamente divulga\u00e7\u00e3o neste sentido, mesmo havendo uma parcela expressiva de viajantes que prioriza o turismo hist\u00f3rico-cultural nas suas op\u00e7\u00f5es de viagem e roteiros. \u201cFalta vis\u00e3o. \u00c9 preciso fazer com que os respons\u00e1veis pelo turismo do nosso estado enxerguem o potencial de riqueza desse tema. Em pa\u00edses da Europa, o setor europeu capta em torno de 20 bilh\u00f5es de euros com o tema voltado para a avia\u00e7\u00e3o e Segunda Guerra Mundial\u201d. O edil enfatiza que n\u00e3o temos apenas sol, mar e belezas naturais. \u201cTemos uma grande hist\u00f3ria que atrairia milhares de turistas ao redor do mundo \u00e1vidos por conhecerem as ra\u00edzes do povo e dos locais que visitam. E \u00e9 justamente para refor\u00e7ar esse potencial que realizaremos esse debate com participa\u00e7\u00e3o dos representantes do Complexo Cultural da Rampa e do Centro Cultural Trampolim da Vit\u00f3ria. Temos a melhor expectativa para esse debate necess\u00e1rio sobre o grande potencial n\u00e3o explorado\u201d.<br>CONFER\u00caNCIA DO POTENGI<br>Recentemente, Dickson e Felipe t\u00eam buscado dar apoio a iniciativas como a encena\u00e7\u00e3o da Confer\u00eancia do Potengi, com audi\u00eancias com secret\u00e1rios municipais de Cultura, Turismo e Comunica\u00e7\u00e3o, al\u00e9m do presidente da C\u00e2mara, Eriko J\u00e1come, quando esteve prefeito em exerc\u00edcio. O encontro dos presidentes brasileiro e norte-americano ocorreu em 28 de janeiro de 1943. Voltando da Confer\u00eancia de Casablanca, que decidiu sobre o caminho a ser seguido pelos aliados, Roosevelt decidiu visitar as instala\u00e7\u00f5es militares na regi\u00e3o de Natal, que contribu\u00edam principalmente com o envio de aeronaves e suprimentos para os frontes na \u00c1frica e \u00c1sia. A cena \u00e9 remontada pelos integrantes da Funda\u00e7\u00e3o Rampa, criada em 2001 para preservar as edifica\u00e7\u00f5es da antiga base de hidroavi\u00f5es remanescente do in\u00edcio da d\u00e9cada de 40. Todo 28 de janeiro, um comboio de ve\u00edculos antigos e viaturas militares percorrem as ruas da capital a partir da Rampa.<\/p>\n","protected":false},"excerpt":{"rendered":"<p>O Rio Grande do Norte teve papel crucial na 2\u00aa Guerra Mundial e, mesmo com museus em Parnamirim e Natal contando a hist\u00f3ria desse marco, o poder p\u00fablico e o trade potiguar pouco exploram esse potencial na principal atividade econ\u00f4mica do estado, que \u00e9 o turismo. \u00c9 com esse mote que a C\u00e2mara Municipal de [&hellip;]<\/p>\n","protected":false},"author":1,"featured_media":0,"comment_status":"open","ping_status":"open","sticky":false,"template":"","format":"standard","meta":{"cybocfi_hide_featured_image":"","_jetpack_memberships_contains_paid_content":false,"footnotes":""},"categories":[1],"tags":[],"class_list":["post-3435","post","type-post","status-publish","format-standard","hentry","category-diversos"],"yoast_head":"<!-- This site is optimized with the Yoast SEO plugin v25.6 - https:\/\/yoast.com\/wordpress\/plugins\/seo\/ -->\n<title>C\u00e2mara debater\u00e1 sobre Natal na rota do turismo da 2\u00aa Guerra Mundial - Blog do Bispo<\/title>\n<meta name=\"robots\" content=\"index, follow, max-snippet:-1, max-image-preview:large, max-video-preview:-1\" \/>\n<link rel=\"canonical\" href=\"https:\/\/blogdobispo.com.br\/?p=3435\" \/>\n<meta property=\"og:locale\" content=\"pt_BR\" \/>\n<meta property=\"og:type\" content=\"article\" \/>\n<meta property=\"og:title\" content=\"C\u00e2mara debater\u00e1 sobre Natal na rota do turismo da 2\u00aa Guerra Mundial - Blog do Bispo\" \/>\n<meta property=\"og:description\" content=\"O Rio Grande do Norte teve papel crucial na 2\u00aa Guerra Mundial e, mesmo com museus em Parnamirim e Natal contando a hist\u00f3ria desse marco, o poder p\u00fablico e o trade potiguar pouco exploram esse potencial na principal atividade econ\u00f4mica do estado, que \u00e9 o turismo. \u00c9 com esse mote que a C\u00e2mara Municipal de [&hellip;]\" \/>\n<meta property=\"og:url\" content=\"https:\/\/blogdobispo.com.br\/?p=3435\" \/>\n<meta property=\"og:site_name\" content=\"Blog do Bispo\" \/>\n<meta property=\"article:published_time\" content=\"2024-05-14T15:05:20+00:00\" \/>\n<meta property=\"og:image\" content=\"https:\/\/blogdobispo.com.br\/wp-content\/uploads\/2024\/05\/e0d81728-225f-4e6e-8285-b47bdeca95c8-1-819x1024.jpg\" \/>\n<meta name=\"author\" content=\"Jefferson Sterfeno\" \/>\n<meta name=\"twitter:card\" content=\"summary_large_image\" \/>\n<meta name=\"twitter:label1\" content=\"Escrito por\" \/>\n\t<meta name=\"twitter:data1\" content=\"Jefferson Sterfeno\" \/>\n\t<meta name=\"twitter:label2\" content=\"Est. tempo de leitura\" \/>\n\t<meta name=\"twitter:data2\" content=\"3 minutos\" \/>\n<script type=\"application\/ld+json\" class=\"yoast-schema-graph\">{\"@context\":\"https:\/\/schema.org\",\"@graph\":[{\"@type\":\"Article\",\"@id\":\"https:\/\/blogdobispo.com.br\/?p=3435#article\",\"isPartOf\":{\"@id\":\"https:\/\/blogdobispo.com.br\/?p=3435\"},\"author\":{\"name\":\"Jefferson Sterfeno\",\"@id\":\"https:\/\/blogdobispo.com.br\/#\/schema\/person\/e2209cc0e6cea5c5233d033e997b373f\"},\"headline\":\"C\u00e2mara debater\u00e1 sobre Natal na rota do turismo da 2\u00aa Guerra Mundial\",\"datePublished\":\"2024-05-14T15:05:20+00:00\",\"mainEntityOfPage\":{\"@id\":\"https:\/\/blogdobispo.com.br\/?p=3435\"},\"wordCount\":605,\"commentCount\":0,\"publisher\":{\"@id\":\"https:\/\/blogdobispo.com.br\/#organization\"},\"image\":{\"@id\":\"https:\/\/blogdobispo.com.br\/?p=3435#primaryimage\"},\"thumbnailUrl\":\"https:\/\/blogdobispo.com.br\/wp-content\/uploads\/2024\/05\/e0d81728-225f-4e6e-8285-b47bdeca95c8-1-819x1024.jpg\",\"articleSection\":[\"diversos\"],\"inLanguage\":\"pt-BR\",\"potentialAction\":[{\"@type\":\"CommentAction\",\"name\":\"Comment\",\"target\":[\"https:\/\/blogdobispo.com.br\/?p=3435#respond\"]}]},{\"@type\":\"WebPage\",\"@id\":\"https:\/\/blogdobispo.com.br\/?p=3435\",\"url\":\"https:\/\/blogdobispo.com.br\/?p=3435\",\"name\":\"C\u00e2mara debater\u00e1 sobre Natal na rota do turismo da 2\u00aa Guerra Mundial - Blog do Bispo\",\"isPartOf\":{\"@id\":\"https:\/\/blogdobispo.com.br\/#website\"},\"primaryImageOfPage\":{\"@id\":\"https:\/\/blogdobispo.com.br\/?p=3435#primaryimage\"},\"image\":{\"@id\":\"https:\/\/blogdobispo.com.br\/?p=3435#primaryimage\"},\"thumbnailUrl\":\"https:\/\/blogdobispo.com.br\/wp-content\/uploads\/2024\/05\/e0d81728-225f-4e6e-8285-b47bdeca95c8-1-819x1024.jpg\",\"datePublished\":\"2024-05-14T15:05:20+00:00\",\"breadcrumb\":{\"@id\":\"https:\/\/blogdobispo.com.br\/?p=3435#breadcrumb\"},\"inLanguage\":\"pt-BR\",\"potentialAction\":[{\"@type\":\"ReadAction\",\"target\":[\"https:\/\/blogdobispo.com.br\/?p=3435\"]}]},{\"@type\":\"ImageObject\",\"inLanguage\":\"pt-BR\",\"@id\":\"https:\/\/blogdobispo.com.br\/?p=3435#primaryimage\",\"url\":\"https:\/\/blogdobispo.com.br\/wp-content\/uploads\/2024\/05\/e0d81728-225f-4e6e-8285-b47bdeca95c8-1-819x1024.jpg\",\"contentUrl\":\"https:\/\/blogdobispo.com.br\/wp-content\/uploads\/2024\/05\/e0d81728-225f-4e6e-8285-b47bdeca95c8-1-819x1024.jpg\"},{\"@type\":\"BreadcrumbList\",\"@id\":\"https:\/\/blogdobispo.com.br\/?p=3435#breadcrumb\",\"itemListElement\":[{\"@type\":\"ListItem\",\"position\":1,\"name\":\"In\u00edcio\",\"item\":\"https:\/\/blogdobispo.com.br\/\"},{\"@type\":\"ListItem\",\"position\":2,\"name\":\"C\u00e2mara debater\u00e1 sobre Natal na rota do turismo da 2\u00aa Guerra Mundial\"}]},{\"@type\":\"WebSite\",\"@id\":\"https:\/\/blogdobispo.com.br\/#website\",\"url\":\"https:\/\/blogdobispo.com.br\/\",\"name\":\"Blog do Bispo\",\"description\":\"Comprometido apenas com o leitor\",\"publisher\":{\"@id\":\"https:\/\/blogdobispo.com.br\/#organization\"},\"potentialAction\":[{\"@type\":\"SearchAction\",\"target\":{\"@type\":\"EntryPoint\",\"urlTemplate\":\"https:\/\/blogdobispo.com.br\/?s={search_term_string}\"},\"query-input\":{\"@type\":\"PropertyValueSpecification\",\"valueRequired\":true,\"valueName\":\"search_term_string\"}}],\"inLanguage\":\"pt-BR\"},{\"@type\":\"Organization\",\"@id\":\"https:\/\/blogdobispo.com.br\/#organization\",\"name\":\"Blog do Bispo\",\"url\":\"https:\/\/blogdobispo.com.br\/\",\"logo\":{\"@type\":\"ImageObject\",\"inLanguage\":\"pt-BR\",\"@id\":\"https:\/\/blogdobispo.com.br\/#\/schema\/logo\/image\/\",\"url\":\"http:\/\/blogdobispo.com.br\/wp-content\/uploads\/2023\/05\/cropped-headear.png\",\"contentUrl\":\"http:\/\/blogdobispo.com.br\/wp-content\/uploads\/2023\/05\/cropped-headear.png\",\"width\":1500,\"height\":399,\"caption\":\"Blog do Bispo\"},\"image\":{\"@id\":\"https:\/\/blogdobispo.com.br\/#\/schema\/logo\/image\/\"}},{\"@type\":\"Person\",\"@id\":\"https:\/\/blogdobispo.com.br\/#\/schema\/person\/e2209cc0e6cea5c5233d033e997b373f\",\"name\":\"Jefferson Sterfeno\",\"image\":{\"@type\":\"ImageObject\",\"inLanguage\":\"pt-BR\",\"@id\":\"https:\/\/blogdobispo.com.br\/#\/schema\/person\/image\/\",\"url\":\"https:\/\/secure.gravatar.com\/avatar\/0534e84764641168a677026b6d57a3f51dc7ac4db0b4f6186d9cb330d4ee1160?s=96&d=mm&r=g\",\"contentUrl\":\"https:\/\/secure.gravatar.com\/avatar\/0534e84764641168a677026b6d57a3f51dc7ac4db0b4f6186d9cb330d4ee1160?s=96&d=mm&r=g\",\"caption\":\"Jefferson Sterfeno\"},\"sameAs\":[\"http:\/\/blogdobispo.com.br\"],\"url\":\"https:\/\/blogdobispo.com.br\/?author=1\"}]}<\/script>\n<!-- \/ Yoast SEO plugin. -->","yoast_head_json":{"title":"C\u00e2mara debater\u00e1 sobre Natal na rota do turismo da 2\u00aa Guerra Mundial - Blog do Bispo","robots":{"index":"index","follow":"follow","max-snippet":"max-snippet:-1","max-image-preview":"max-image-preview:large","max-video-preview":"max-video-preview:-1"},"canonical":"https:\/\/blogdobispo.com.br\/?p=3435","og_locale":"pt_BR","og_type":"article","og_title":"C\u00e2mara debater\u00e1 sobre Natal na rota do turismo da 2\u00aa Guerra Mundial - Blog do Bispo","og_description":"O Rio Grande do Norte teve papel crucial na 2\u00aa Guerra Mundial e, mesmo com museus em Parnamirim e Natal contando a hist\u00f3ria desse marco, o poder p\u00fablico e o trade potiguar pouco exploram esse potencial na principal atividade econ\u00f4mica do estado, que \u00e9 o turismo. \u00c9 com esse mote que a C\u00e2mara Municipal de [&hellip;]","og_url":"https:\/\/blogdobispo.com.br\/?p=3435","og_site_name":"Blog do Bispo","article_published_time":"2024-05-14T15:05:20+00:00","og_image":[{"url":"https:\/\/blogdobispo.com.br\/wp-content\/uploads\/2024\/05\/e0d81728-225f-4e6e-8285-b47bdeca95c8-1-819x1024.jpg","type":"","width":"","height":""}],"author":"Jefferson Sterfeno","twitter_card":"summary_large_image","twitter_misc":{"Escrito por":"Jefferson Sterfeno","Est. tempo de leitura":"3 minutos"},"schema":{"@context":"https:\/\/schema.org","@graph":[{"@type":"Article","@id":"https:\/\/blogdobispo.com.br\/?p=3435#article","isPartOf":{"@id":"https:\/\/blogdobispo.com.br\/?p=3435"},"author":{"name":"Jefferson Sterfeno","@id":"https:\/\/blogdobispo.com.br\/#\/schema\/person\/e2209cc0e6cea5c5233d033e997b373f"},"headline":"C\u00e2mara debater\u00e1 sobre Natal na rota do turismo da 2\u00aa Guerra Mundial","datePublished":"2024-05-14T15:05:20+00:00","mainEntityOfPage":{"@id":"https:\/\/blogdobispo.com.br\/?p=3435"},"wordCount":605,"commentCount":0,"publisher":{"@id":"https:\/\/blogdobispo.com.br\/#organization"},"image":{"@id":"https:\/\/blogdobispo.com.br\/?p=3435#primaryimage"},"thumbnailUrl":"https:\/\/blogdobispo.com.br\/wp-content\/uploads\/2024\/05\/e0d81728-225f-4e6e-8285-b47bdeca95c8-1-819x1024.jpg","articleSection":["diversos"],"inLanguage":"pt-BR","potentialAction":[{"@type":"CommentAction","name":"Comment","target":["https:\/\/blogdobispo.com.br\/?p=3435#respond"]}]},{"@type":"WebPage","@id":"https:\/\/blogdobispo.com.br\/?p=3435","url":"https:\/\/blogdobispo.com.br\/?p=3435","name":"C\u00e2mara debater\u00e1 sobre Natal na rota do turismo da 2\u00aa Guerra Mundial - Blog do Bispo","isPartOf":{"@id":"https:\/\/blogdobispo.com.br\/#website"},"primaryImageOfPage":{"@id":"https:\/\/blogdobispo.com.br\/?p=3435#primaryimage"},"image":{"@id":"https:\/\/blogdobispo.com.br\/?p=3435#primaryimage"},"thumbnailUrl":"https:\/\/blogdobispo.com.br\/wp-content\/uploads\/2024\/05\/e0d81728-225f-4e6e-8285-b47bdeca95c8-1-819x1024.jpg","datePublished":"2024-05-14T15:05:20+00:00","breadcrumb":{"@id":"https:\/\/blogdobispo.com.br\/?p=3435#breadcrumb"},"inLanguage":"pt-BR","potentialAction":[{"@type":"ReadAction","target":["https:\/\/blogdobispo.com.br\/?p=3435"]}]},{"@type":"ImageObject","inLanguage":"pt-BR","@id":"https:\/\/blogdobispo.com.br\/?p=3435#primaryimage","url":"https:\/\/blogdobispo.com.br\/wp-content\/uploads\/2024\/05\/e0d81728-225f-4e6e-8285-b47bdeca95c8-1-819x1024.jpg","contentUrl":"https:\/\/blogdobispo.com.br\/wp-content\/uploads\/2024\/05\/e0d81728-225f-4e6e-8285-b47bdeca95c8-1-819x1024.jpg"},{"@type":"BreadcrumbList","@id":"https:\/\/blogdobispo.com.br\/?p=3435#breadcrumb","itemListElement":[{"@type":"ListItem","position":1,"name":"In\u00edcio","item":"https:\/\/blogdobispo.com.br\/"},{"@type":"ListItem","position":2,"name":"C\u00e2mara debater\u00e1 sobre Natal na rota do turismo da 2\u00aa Guerra Mundial"}]},{"@type":"WebSite","@id":"https:\/\/blogdobispo.com.br\/#website","url":"https:\/\/blogdobispo.com.br\/","name":"Blog do Bispo","description":"Comprometido apenas com o leitor","publisher":{"@id":"https:\/\/blogdobispo.com.br\/#organization"},"potentialAction":[{"@type":"SearchAction","target":{"@type":"EntryPoint","urlTemplate":"https:\/\/blogdobispo.com.br\/?s={search_term_string}"},"query-input":{"@type":"PropertyValueSpecification","valueRequired":true,"valueName":"search_term_string"}}],"inLanguage":"pt-BR"},{"@type":"Organization","@id":"https:\/\/blogdobispo.com.br\/#organization","name":"Blog do Bispo","url":"https:\/\/blogdobispo.com.br\/","logo":{"@type":"ImageObject","inLanguage":"pt-BR","@id":"https:\/\/blogdobispo.com.br\/#\/schema\/logo\/image\/","url":"http:\/\/blogdobispo.com.br\/wp-content\/uploads\/2023\/05\/cropped-headear.png","contentUrl":"http:\/\/blogdobispo.com.br\/wp-content\/uploads\/2023\/05\/cropped-headear.png","width":1500,"height":399,"caption":"Blog do Bispo"},"image":{"@id":"https:\/\/blogdobispo.com.br\/#\/schema\/logo\/image\/"}},{"@type":"Person","@id":"https:\/\/blogdobispo.com.br\/#\/schema\/person\/e2209cc0e6cea5c5233d033e997b373f","name":"Jefferson Sterfeno","image":{"@type":"ImageObject","inLanguage":"pt-BR","@id":"https:\/\/blogdobispo.com.br\/#\/schema\/person\/image\/","url":"https:\/\/secure.gravatar.com\/avatar\/0534e84764641168a677026b6d57a3f51dc7ac4db0b4f6186d9cb330d4ee1160?s=96&d=mm&r=g","contentUrl":"https:\/\/secure.gravatar.com\/avatar\/0534e84764641168a677026b6d57a3f51dc7ac4db0b4f6186d9cb330d4ee1160?s=96&d=mm&r=g","caption":"Jefferson Sterfeno"},"sameAs":["http:\/\/blogdobispo.com.br"],"url":"https:\/\/blogdobispo.com.br\/?author=1"}]}},"featured_image_urls":{"full":"","thumbnail":"","medium":"","medium_large":"","large":"","1536x1536":"","2048x2048":""},"author_info":{"display_name":"Jefferson Sterfeno","author_link":"https:\/\/blogdobispo.com.br\/?author=1"},"category_info":"<a href=\"https:\/\/blogdobispo.com.br\/?cat=1\" rel=\"category\">diversos<\/a>","tag_info":"diversos","comment_count":"0","jetpack_featured_media_url":"","jetpack_sharing_enabled":true,"_links":{"self":[{"href":"https:\/\/blogdobispo.com.br\/index.php?rest_route=\/wp\/v2\/posts\/3435","targetHints":{"allow":["GET"]}}],"collection":[{"href":"https:\/\/blogdobispo.com.br\/index.php?rest_route=\/wp\/v2\/posts"}],"about":[{"href":"https:\/\/blogdobispo.com.br\/index.php?rest_route=\/wp\/v2\/types\/post"}],"author":[{"embeddable":true,"href":"https:\/\/blogdobispo.com.br\/index.php?rest_route=\/wp\/v2\/users\/1"}],"replies":[{"embeddable":true,"href":"https:\/\/blogdobispo.com.br\/index.php?rest_route=%2Fwp%2Fv2%2Fcomments&post=3435"}],"version-history":[{"count":0,"href":"https:\/\/blogdobispo.com.br\/index.php?rest_route=\/wp\/v2\/posts\/3435\/revisions"}],"wp:attachment":[{"href":"https:\/\/blogdobispo.com.br\/index.php?rest_route=%2Fwp%2Fv2%2Fmedia&parent=3435"}],"wp:term":[{"taxonomy":"category","embeddable":true,"href":"https:\/\/blogdobispo.com.br\/index.php?rest_route=%2Fwp%2Fv2%2Fcategories&post=3435"},{"taxonomy":"post_tag","embeddable":true,"href":"https:\/\/blogdobispo.com.br\/index.php?rest_route=%2Fwp%2Fv2%2Ftags&post=3435"}],"curies":[{"name":"wp","href":"https:\/\/api.w.org\/{rel}","templated":true}]}}