{"id":3420,"date":"2024-05-13T21:38:45","date_gmt":"2024-05-13T21:38:45","guid":{"rendered":"https:\/\/blogdobispo.com.br\/?p=3420"},"modified":"2024-05-13T21:38:45","modified_gmt":"2024-05-13T21:38:45","slug":"vereador-kleber-fernandes-celebra-quinta-16-aniversario-com-missa-de-acao-de-gracas","status":"publish","type":"post","link":"https:\/\/blogdobispo.com.br\/?p=3420","title":{"rendered":"Vereador Kleber Fernandes celebra quinta (16) anivers\u00e1rio com Missa de A\u00e7\u00e3o de Gra\u00e7as"},"content":{"rendered":"\n<figure class=\"wp-block-image size-large\"><img data-recalc-dims=\"1\" fetchpriority=\"high\" decoding=\"async\" width=\"800\" height=\"800\" src=\"https:\/\/i0.wp.com\/blogdobispo.com.br\/wp-content\/uploads\/2024\/05\/3d3d7c7a-8dc6-4b56-b455-15b3a949541d-1-1024x1024.jpg?resize=800%2C800&#038;ssl=1\" class=\"wp-image-3419\" srcset=\"https:\/\/i0.wp.com\/blogdobispo.com.br\/wp-content\/uploads\/2024\/05\/3d3d7c7a-8dc6-4b56-b455-15b3a949541d-1.jpg?resize=1024%2C1024&amp;ssl=1 1024w, https:\/\/i0.wp.com\/blogdobispo.com.br\/wp-content\/uploads\/2024\/05\/3d3d7c7a-8dc6-4b56-b455-15b3a949541d-1.jpg?resize=300%2C300&amp;ssl=1 300w, https:\/\/i0.wp.com\/blogdobispo.com.br\/wp-content\/uploads\/2024\/05\/3d3d7c7a-8dc6-4b56-b455-15b3a949541d-1.jpg?resize=150%2C150&amp;ssl=1 150w, https:\/\/i0.wp.com\/blogdobispo.com.br\/wp-content\/uploads\/2024\/05\/3d3d7c7a-8dc6-4b56-b455-15b3a949541d-1.jpg?resize=768%2C768&amp;ssl=1 768w, https:\/\/i0.wp.com\/blogdobispo.com.br\/wp-content\/uploads\/2024\/05\/3d3d7c7a-8dc6-4b56-b455-15b3a949541d-1.jpg?resize=1536%2C1536&amp;ssl=1 1536w, https:\/\/i0.wp.com\/blogdobispo.com.br\/wp-content\/uploads\/2024\/05\/3d3d7c7a-8dc6-4b56-b455-15b3a949541d-1.jpg?w=1600&amp;ssl=1 1600w\" sizes=\"(max-width: 800px) 100vw, 800px\" \/><\/figure>\n\n\n\n<p>O vereador Kleber Fernandes (Republicanos) participar\u00e1, na pr\u00f3xima quinta-feira (16), de Missa em A\u00e7\u00e3o de Gra\u00e7as para celebrar a passagem de seu anivers\u00e1rio. A celebra\u00e7\u00e3o est\u00e1 marcada para acontecer \u00e0s 18h30, na Igreja de Nossa Senhora da Apresenta\u00e7\u00e3o (antiga Catedral), localizada na pra\u00e7a Andr\u00e9 de Albuquerque Maranh\u00e3o, no centro da Cidade.<\/p>\n\n\n\n<p>Para o parlamentar, o momento ser\u00e1 de agradecimento. \u201cSer\u00e1 uma oportunidade de reunir amigos e familiares em um ambiente sagrado e devo\u00e7\u00e3o, onde poderemos expressar nossa gratid\u00e3o pelas b\u00ean\u00e7\u00e3os recebidas ao longo do ano e renovar nossas energias para os desafios que vir\u00e3o\u201d, disse.<\/p>\n\n\n\n<p>Para a missa, h\u00e1 a expectativa de grande p\u00fablico, como no ano passado, e deve ter a presen\u00e7a do prefeito \u00c1lvaro Dias, do pr\u00e9-candidato a prefeito de Natal Paulinho Freire, da secret\u00e1ria de Planejamento do munic\u00edpio e vice na chapa com Paulinho, Joanna Guerra, al\u00e9m de outros secret\u00e1rios, vereadores e amigos e familiares de Kleber.<\/p>\n","protected":false},"excerpt":{"rendered":"<p>O vereador Kleber Fernandes (Republicanos) participar\u00e1, na pr\u00f3xima quinta-feira (16), de Missa em A\u00e7\u00e3o de Gra\u00e7as para celebrar a passagem de seu anivers\u00e1rio. A celebra\u00e7\u00e3o est\u00e1 marcada para acontecer \u00e0s 18h30, na Igreja de Nossa Senhora da Apresenta\u00e7\u00e3o (antiga Catedral), localizada na pra\u00e7a Andr\u00e9 de Albuquerque Maranh\u00e3o, no centro da Cidade. Para o parlamentar, o [&hellip;]<\/p>\n","protected":false},"author":1,"featured_media":0,"comment_status":"open","ping_status":"open","sticky":false,"template":"","format":"standard","meta":{"cybocfi_hide_featured_image":"","_jetpack_memberships_contains_paid_content":false,"footnotes":""},"categories":[1],"tags":[],"class_list":["post-3420","post","type-post","status-publish","format-standard","hentry","category-diversos"],"yoast_head":"<!-- This site is optimized with the Yoast SEO plugin v25.6 - https:\/\/yoast.com\/wordpress\/plugins\/seo\/ -->\n<title>Vereador Kleber Fernandes celebra quinta (16) anivers\u00e1rio com Missa de A\u00e7\u00e3o de Gra\u00e7as - Blog do Bispo<\/title>\n<meta name=\"robots\" content=\"index, follow, max-snippet:-1, max-image-preview:large, max-video-preview:-1\" \/>\n<link rel=\"canonical\" href=\"https:\/\/blogdobispo.com.br\/?p=3420\" \/>\n<meta property=\"og:locale\" content=\"pt_BR\" \/>\n<meta property=\"og:type\" content=\"article\" \/>\n<meta property=\"og:title\" content=\"Vereador Kleber Fernandes celebra quinta (16) anivers\u00e1rio com Missa de A\u00e7\u00e3o de Gra\u00e7as - Blog do Bispo\" \/>\n<meta property=\"og:description\" content=\"O vereador Kleber Fernandes (Republicanos) participar\u00e1, na pr\u00f3xima quinta-feira (16), de Missa em A\u00e7\u00e3o de Gra\u00e7as para celebrar a passagem de seu anivers\u00e1rio. A celebra\u00e7\u00e3o est\u00e1 marcada para acontecer \u00e0s 18h30, na Igreja de Nossa Senhora da Apresenta\u00e7\u00e3o (antiga Catedral), localizada na pra\u00e7a Andr\u00e9 de Albuquerque Maranh\u00e3o, no centro da Cidade. Para o parlamentar, o [&hellip;]\" \/>\n<meta property=\"og:url\" content=\"https:\/\/blogdobispo.com.br\/?p=3420\" \/>\n<meta property=\"og:site_name\" content=\"Blog do Bispo\" \/>\n<meta property=\"article:published_time\" content=\"2024-05-13T21:38:45+00:00\" \/>\n<meta property=\"og:image\" content=\"https:\/\/blogdobispo.com.br\/wp-content\/uploads\/2024\/05\/3d3d7c7a-8dc6-4b56-b455-15b3a949541d-1-1024x1024.jpg\" \/>\n<meta name=\"author\" content=\"Jefferson Sterfeno\" \/>\n<meta name=\"twitter:card\" content=\"summary_large_image\" \/>\n<meta name=\"twitter:label1\" content=\"Escrito por\" \/>\n\t<meta name=\"twitter:data1\" content=\"Jefferson Sterfeno\" \/>\n\t<meta name=\"twitter:label2\" content=\"Est. tempo de leitura\" \/>\n\t<meta name=\"twitter:data2\" content=\"1 minuto\" \/>\n<script type=\"application\/ld+json\" class=\"yoast-schema-graph\">{\"@context\":\"https:\/\/schema.org\",\"@graph\":[{\"@type\":\"Article\",\"@id\":\"https:\/\/blogdobispo.com.br\/?p=3420#article\",\"isPartOf\":{\"@id\":\"https:\/\/blogdobispo.com.br\/?p=3420\"},\"author\":{\"name\":\"Jefferson Sterfeno\",\"@id\":\"https:\/\/blogdobispo.com.br\/#\/schema\/person\/e2209cc0e6cea5c5233d033e997b373f\"},\"headline\":\"Vereador Kleber Fernandes celebra quinta (16) anivers\u00e1rio com Missa de A\u00e7\u00e3o de Gra\u00e7as\",\"datePublished\":\"2024-05-13T21:38:45+00:00\",\"mainEntityOfPage\":{\"@id\":\"https:\/\/blogdobispo.com.br\/?p=3420\"},\"wordCount\":184,\"commentCount\":0,\"publisher\":{\"@id\":\"https:\/\/blogdobispo.com.br\/#organization\"},\"image\":{\"@id\":\"https:\/\/blogdobispo.com.br\/?p=3420#primaryimage\"},\"thumbnailUrl\":\"https:\/\/blogdobispo.com.br\/wp-content\/uploads\/2024\/05\/3d3d7c7a-8dc6-4b56-b455-15b3a949541d-1-1024x1024.jpg\",\"articleSection\":[\"diversos\"],\"inLanguage\":\"pt-BR\",\"potentialAction\":[{\"@type\":\"CommentAction\",\"name\":\"Comment\",\"target\":[\"https:\/\/blogdobispo.com.br\/?p=3420#respond\"]}]},{\"@type\":\"WebPage\",\"@id\":\"https:\/\/blogdobispo.com.br\/?p=3420\",\"url\":\"https:\/\/blogdobispo.com.br\/?p=3420\",\"name\":\"Vereador Kleber Fernandes celebra quinta (16) anivers\u00e1rio com Missa de A\u00e7\u00e3o de Gra\u00e7as - Blog do Bispo\",\"isPartOf\":{\"@id\":\"https:\/\/blogdobispo.com.br\/#website\"},\"primaryImageOfPage\":{\"@id\":\"https:\/\/blogdobispo.com.br\/?p=3420#primaryimage\"},\"image\":{\"@id\":\"https:\/\/blogdobispo.com.br\/?p=3420#primaryimage\"},\"thumbnailUrl\":\"https:\/\/blogdobispo.com.br\/wp-content\/uploads\/2024\/05\/3d3d7c7a-8dc6-4b56-b455-15b3a949541d-1-1024x1024.jpg\",\"datePublished\":\"2024-05-13T21:38:45+00:00\",\"breadcrumb\":{\"@id\":\"https:\/\/blogdobispo.com.br\/?p=3420#breadcrumb\"},\"inLanguage\":\"pt-BR\",\"potentialAction\":[{\"@type\":\"ReadAction\",\"target\":[\"https:\/\/blogdobispo.com.br\/?p=3420\"]}]},{\"@type\":\"ImageObject\",\"inLanguage\":\"pt-BR\",\"@id\":\"https:\/\/blogdobispo.com.br\/?p=3420#primaryimage\",\"url\":\"https:\/\/blogdobispo.com.br\/wp-content\/uploads\/2024\/05\/3d3d7c7a-8dc6-4b56-b455-15b3a949541d-1-1024x1024.jpg\",\"contentUrl\":\"https:\/\/blogdobispo.com.br\/wp-content\/uploads\/2024\/05\/3d3d7c7a-8dc6-4b56-b455-15b3a949541d-1-1024x1024.jpg\"},{\"@type\":\"BreadcrumbList\",\"@id\":\"https:\/\/blogdobispo.com.br\/?p=3420#breadcrumb\",\"itemListElement\":[{\"@type\":\"ListItem\",\"position\":1,\"name\":\"In\u00edcio\",\"item\":\"https:\/\/blogdobispo.com.br\/\"},{\"@type\":\"ListItem\",\"position\":2,\"name\":\"Vereador Kleber Fernandes celebra quinta (16) anivers\u00e1rio com Missa de A\u00e7\u00e3o de Gra\u00e7as\"}]},{\"@type\":\"WebSite\",\"@id\":\"https:\/\/blogdobispo.com.br\/#website\",\"url\":\"https:\/\/blogdobispo.com.br\/\",\"name\":\"Blog do Bispo\",\"description\":\"Comprometido apenas com o leitor\",\"publisher\":{\"@id\":\"https:\/\/blogdobispo.com.br\/#organization\"},\"potentialAction\":[{\"@type\":\"SearchAction\",\"target\":{\"@type\":\"EntryPoint\",\"urlTemplate\":\"https:\/\/blogdobispo.com.br\/?s={search_term_string}\"},\"query-input\":{\"@type\":\"PropertyValueSpecification\",\"valueRequired\":true,\"valueName\":\"search_term_string\"}}],\"inLanguage\":\"pt-BR\"},{\"@type\":\"Organization\",\"@id\":\"https:\/\/blogdobispo.com.br\/#organization\",\"name\":\"Blog do Bispo\",\"url\":\"https:\/\/blogdobispo.com.br\/\",\"logo\":{\"@type\":\"ImageObject\",\"inLanguage\":\"pt-BR\",\"@id\":\"https:\/\/blogdobispo.com.br\/#\/schema\/logo\/image\/\",\"url\":\"http:\/\/blogdobispo.com.br\/wp-content\/uploads\/2023\/05\/cropped-headear.png\",\"contentUrl\":\"http:\/\/blogdobispo.com.br\/wp-content\/uploads\/2023\/05\/cropped-headear.png\",\"width\":1500,\"height\":399,\"caption\":\"Blog do Bispo\"},\"image\":{\"@id\":\"https:\/\/blogdobispo.com.br\/#\/schema\/logo\/image\/\"}},{\"@type\":\"Person\",\"@id\":\"https:\/\/blogdobispo.com.br\/#\/schema\/person\/e2209cc0e6cea5c5233d033e997b373f\",\"name\":\"Jefferson Sterfeno\",\"image\":{\"@type\":\"ImageObject\",\"inLanguage\":\"pt-BR\",\"@id\":\"https:\/\/blogdobispo.com.br\/#\/schema\/person\/image\/\",\"url\":\"https:\/\/secure.gravatar.com\/avatar\/0534e84764641168a677026b6d57a3f51dc7ac4db0b4f6186d9cb330d4ee1160?s=96&d=mm&r=g\",\"contentUrl\":\"https:\/\/secure.gravatar.com\/avatar\/0534e84764641168a677026b6d57a3f51dc7ac4db0b4f6186d9cb330d4ee1160?s=96&d=mm&r=g\",\"caption\":\"Jefferson Sterfeno\"},\"sameAs\":[\"http:\/\/blogdobispo.com.br\"],\"url\":\"https:\/\/blogdobispo.com.br\/?author=1\"}]}<\/script>\n<!-- \/ Yoast SEO plugin. -->","yoast_head_json":{"title":"Vereador Kleber Fernandes celebra quinta (16) anivers\u00e1rio com Missa de A\u00e7\u00e3o de Gra\u00e7as - Blog do Bispo","robots":{"index":"index","follow":"follow","max-snippet":"max-snippet:-1","max-image-preview":"max-image-preview:large","max-video-preview":"max-video-preview:-1"},"canonical":"https:\/\/blogdobispo.com.br\/?p=3420","og_locale":"pt_BR","og_type":"article","og_title":"Vereador Kleber Fernandes celebra quinta (16) anivers\u00e1rio com Missa de A\u00e7\u00e3o de Gra\u00e7as - Blog do Bispo","og_description":"O vereador Kleber Fernandes (Republicanos) participar\u00e1, na pr\u00f3xima quinta-feira (16), de Missa em A\u00e7\u00e3o de Gra\u00e7as para celebrar a passagem de seu anivers\u00e1rio. A celebra\u00e7\u00e3o est\u00e1 marcada para acontecer \u00e0s 18h30, na Igreja de Nossa Senhora da Apresenta\u00e7\u00e3o (antiga Catedral), localizada na pra\u00e7a Andr\u00e9 de Albuquerque Maranh\u00e3o, no centro da Cidade. Para o parlamentar, o [&hellip;]","og_url":"https:\/\/blogdobispo.com.br\/?p=3420","og_site_name":"Blog do Bispo","article_published_time":"2024-05-13T21:38:45+00:00","og_image":[{"url":"https:\/\/blogdobispo.com.br\/wp-content\/uploads\/2024\/05\/3d3d7c7a-8dc6-4b56-b455-15b3a949541d-1-1024x1024.jpg","type":"","width":"","height":""}],"author":"Jefferson Sterfeno","twitter_card":"summary_large_image","twitter_misc":{"Escrito por":"Jefferson Sterfeno","Est. tempo de leitura":"1 minuto"},"schema":{"@context":"https:\/\/schema.org","@graph":[{"@type":"Article","@id":"https:\/\/blogdobispo.com.br\/?p=3420#article","isPartOf":{"@id":"https:\/\/blogdobispo.com.br\/?p=3420"},"author":{"name":"Jefferson Sterfeno","@id":"https:\/\/blogdobispo.com.br\/#\/schema\/person\/e2209cc0e6cea5c5233d033e997b373f"},"headline":"Vereador Kleber Fernandes celebra quinta (16) anivers\u00e1rio com Missa de A\u00e7\u00e3o de Gra\u00e7as","datePublished":"2024-05-13T21:38:45+00:00","mainEntityOfPage":{"@id":"https:\/\/blogdobispo.com.br\/?p=3420"},"wordCount":184,"commentCount":0,"publisher":{"@id":"https:\/\/blogdobispo.com.br\/#organization"},"image":{"@id":"https:\/\/blogdobispo.com.br\/?p=3420#primaryimage"},"thumbnailUrl":"https:\/\/blogdobispo.com.br\/wp-content\/uploads\/2024\/05\/3d3d7c7a-8dc6-4b56-b455-15b3a949541d-1-1024x1024.jpg","articleSection":["diversos"],"inLanguage":"pt-BR","potentialAction":[{"@type":"CommentAction","name":"Comment","target":["https:\/\/blogdobispo.com.br\/?p=3420#respond"]}]},{"@type":"WebPage","@id":"https:\/\/blogdobispo.com.br\/?p=3420","url":"https:\/\/blogdobispo.com.br\/?p=3420","name":"Vereador Kleber Fernandes celebra quinta (16) anivers\u00e1rio com Missa de A\u00e7\u00e3o de Gra\u00e7as - Blog do Bispo","isPartOf":{"@id":"https:\/\/blogdobispo.com.br\/#website"},"primaryImageOfPage":{"@id":"https:\/\/blogdobispo.com.br\/?p=3420#primaryimage"},"image":{"@id":"https:\/\/blogdobispo.com.br\/?p=3420#primaryimage"},"thumbnailUrl":"https:\/\/blogdobispo.com.br\/wp-content\/uploads\/2024\/05\/3d3d7c7a-8dc6-4b56-b455-15b3a949541d-1-1024x1024.jpg","datePublished":"2024-05-13T21:38:45+00:00","breadcrumb":{"@id":"https:\/\/blogdobispo.com.br\/?p=3420#breadcrumb"},"inLanguage":"pt-BR","potentialAction":[{"@type":"ReadAction","target":["https:\/\/blogdobispo.com.br\/?p=3420"]}]},{"@type":"ImageObject","inLanguage":"pt-BR","@id":"https:\/\/blogdobispo.com.br\/?p=3420#primaryimage","url":"https:\/\/blogdobispo.com.br\/wp-content\/uploads\/2024\/05\/3d3d7c7a-8dc6-4b56-b455-15b3a949541d-1-1024x1024.jpg","contentUrl":"https:\/\/blogdobispo.com.br\/wp-content\/uploads\/2024\/05\/3d3d7c7a-8dc6-4b56-b455-15b3a949541d-1-1024x1024.jpg"},{"@type":"BreadcrumbList","@id":"https:\/\/blogdobispo.com.br\/?p=3420#breadcrumb","itemListElement":[{"@type":"ListItem","position":1,"name":"In\u00edcio","item":"https:\/\/blogdobispo.com.br\/"},{"@type":"ListItem","position":2,"name":"Vereador Kleber Fernandes celebra quinta (16) anivers\u00e1rio com Missa de A\u00e7\u00e3o de Gra\u00e7as"}]},{"@type":"WebSite","@id":"https:\/\/blogdobispo.com.br\/#website","url":"https:\/\/blogdobispo.com.br\/","name":"Blog do Bispo","description":"Comprometido apenas com o leitor","publisher":{"@id":"https:\/\/blogdobispo.com.br\/#organization"},"potentialAction":[{"@type":"SearchAction","target":{"@type":"EntryPoint","urlTemplate":"https:\/\/blogdobispo.com.br\/?s={search_term_string}"},"query-input":{"@type":"PropertyValueSpecification","valueRequired":true,"valueName":"search_term_string"}}],"inLanguage":"pt-BR"},{"@type":"Organization","@id":"https:\/\/blogdobispo.com.br\/#organization","name":"Blog do Bispo","url":"https:\/\/blogdobispo.com.br\/","logo":{"@type":"ImageObject","inLanguage":"pt-BR","@id":"https:\/\/blogdobispo.com.br\/#\/schema\/logo\/image\/","url":"http:\/\/blogdobispo.com.br\/wp-content\/uploads\/2023\/05\/cropped-headear.png","contentUrl":"http:\/\/blogdobispo.com.br\/wp-content\/uploads\/2023\/05\/cropped-headear.png","width":1500,"height":399,"caption":"Blog do Bispo"},"image":{"@id":"https:\/\/blogdobispo.com.br\/#\/schema\/logo\/image\/"}},{"@type":"Person","@id":"https:\/\/blogdobispo.com.br\/#\/schema\/person\/e2209cc0e6cea5c5233d033e997b373f","name":"Jefferson Sterfeno","image":{"@type":"ImageObject","inLanguage":"pt-BR","@id":"https:\/\/blogdobispo.com.br\/#\/schema\/person\/image\/","url":"https:\/\/secure.gravatar.com\/avatar\/0534e84764641168a677026b6d57a3f51dc7ac4db0b4f6186d9cb330d4ee1160?s=96&d=mm&r=g","contentUrl":"https:\/\/secure.gravatar.com\/avatar\/0534e84764641168a677026b6d57a3f51dc7ac4db0b4f6186d9cb330d4ee1160?s=96&d=mm&r=g","caption":"Jefferson Sterfeno"},"sameAs":["http:\/\/blogdobispo.com.br"],"url":"https:\/\/blogdobispo.com.br\/?author=1"}]}},"featured_image_urls":{"full":"","thumbnail":"","medium":"","medium_large":"","large":"","1536x1536":"","2048x2048":""},"author_info":{"display_name":"Jefferson Sterfeno","author_link":"https:\/\/blogdobispo.com.br\/?author=1"},"category_info":"<a href=\"https:\/\/blogdobispo.com.br\/?cat=1\" rel=\"category\">diversos<\/a>","tag_info":"diversos","comment_count":"0","jetpack_featured_media_url":"","jetpack_sharing_enabled":true,"_links":{"self":[{"href":"https:\/\/blogdobispo.com.br\/index.php?rest_route=\/wp\/v2\/posts\/3420","targetHints":{"allow":["GET"]}}],"collection":[{"href":"https:\/\/blogdobispo.com.br\/index.php?rest_route=\/wp\/v2\/posts"}],"about":[{"href":"https:\/\/blogdobispo.com.br\/index.php?rest_route=\/wp\/v2\/types\/post"}],"author":[{"embeddable":true,"href":"https:\/\/blogdobispo.com.br\/index.php?rest_route=\/wp\/v2\/users\/1"}],"replies":[{"embeddable":true,"href":"https:\/\/blogdobispo.com.br\/index.php?rest_route=%2Fwp%2Fv2%2Fcomments&post=3420"}],"version-history":[{"count":0,"href":"https:\/\/blogdobispo.com.br\/index.php?rest_route=\/wp\/v2\/posts\/3420\/revisions"}],"wp:attachment":[{"href":"https:\/\/blogdobispo.com.br\/index.php?rest_route=%2Fwp%2Fv2%2Fmedia&parent=3420"}],"wp:term":[{"taxonomy":"category","embeddable":true,"href":"https:\/\/blogdobispo.com.br\/index.php?rest_route=%2Fwp%2Fv2%2Fcategories&post=3420"},{"taxonomy":"post_tag","embeddable":true,"href":"https:\/\/blogdobispo.com.br\/index.php?rest_route=%2Fwp%2Fv2%2Ftags&post=3420"}],"curies":[{"name":"wp","href":"https:\/\/api.w.org\/{rel}","templated":true}]}}