{"id":3414,"date":"2024-05-11T20:54:41","date_gmt":"2024-05-11T20:54:41","guid":{"rendered":"https:\/\/blogdobispo.com.br\/?p=3414"},"modified":"2024-06-04T19:34:30","modified_gmt":"2024-06-04T19:34:30","slug":"morre-ex-deputado-leonardo-arruda","status":"publish","type":"post","link":"https:\/\/blogdobispo.com.br\/?p=3414","title":{"rendered":"ALRN decreta luto e emite nota de pesar pela morte do ex-deputado Leonardo Arruda"},"content":{"rendered":"\n<figure class=\"wp-block-image\"><img data-recalc-dims=\"1\" decoding=\"async\" src=\"https:\/\/i0.wp.com\/www.al.rn.leg.br\/storage\/noticias\/2024\/05\/11\/BLOwnSZVEaddpGOJGGMNbfEGYUzwX0vS63Pl0nrV.jpg?w=800&#038;ssl=1\" alt=\"\"\/><\/figure>\n\n\n\n<p class=\"publish-new\">11\/05\/2024<\/p>\n\n\n\n<p>O presidente da Assembleia Legislativa do Rio Grande do Norte, deputado Ezequiel Ferreira (PSDB), emitiu nota de pesar pela morte do ex-deputado e ex-secret\u00e1rio de Estado, Leonardo Arruda C\u00e2mara e decretou luto de tr\u00eas dias.<\/p>\n\n\n\n<p>Leonardo Arruda lutava contra um c\u00e2ncer, ele chegou a passar por uma cirurgia e teve complica\u00e7\u00f5es. Na tarde deste s\u00e1bado (11) n\u00e3o resistiu. O ex-deputado tinha 76 anos e estava internado na UTI da Casa de Sa\u00fade S\u00e3o Lucas.<\/p>\n\n\n\n<p>Leonardo Arruda C\u00e2mara foi deputado por quatro legislaturas a partir de 1983 \u2013, advogado, Procurador do Munic\u00edpio de Natal, ex-secret\u00e1rio de Estado da Justi\u00e7a e Cidadania, presidente do Diret\u00f3rio Estadual do PDT, o deputado Leonardo Arruda nasceu em Jo\u00e3o Pessoa (PB) no dia 25 de julho de 1947, mas o seu ber\u00e7o \u00e9 Nova Cruz, no Agreste, \u00e0s margens do Rio Curimata\u00fa, onde exerceu um mandato de vereador a partir de 1971.&nbsp;<\/p>\n\n\n\n<p>Presidiu o Parlamento Estadual no bi\u00eanio 1995-1997. Na vida privada, passou pelo Conselho<\/p>\n\n\n\n<p>Como de a Assembleia Legislativa. comorbidades.<\/p>\n\n\n\n<p>Deixa a vi\u00fava Gra\u00e7a e as filhas S\u00edlvia e a vereadora J\u00falia Arruda.<\/p>\n\n\n\n<p><strong>Thaisa Galv\u00e3o<\/strong><\/p>\n","protected":false},"excerpt":{"rendered":"<p>11\/05\/2024 O presidente da Assembleia Legislativa do Rio Grande do Norte, deputado Ezequiel Ferreira (PSDB), emitiu nota de pesar pela morte do ex-deputado e ex-secret\u00e1rio de Estado, Leonardo Arruda C\u00e2mara e decretou luto de tr\u00eas dias. Leonardo Arruda lutava contra um c\u00e2ncer, ele chegou a passar por uma cirurgia e teve complica\u00e7\u00f5es. Na tarde deste [&hellip;]<\/p>\n","protected":false},"author":1,"featured_media":0,"comment_status":"open","ping_status":"open","sticky":false,"template":"","format":"standard","meta":{"cybocfi_hide_featured_image":"","_jetpack_memberships_contains_paid_content":false,"footnotes":""},"categories":[1],"tags":[],"class_list":["post-3414","post","type-post","status-publish","format-standard","hentry","category-diversos"],"yoast_head":"<!-- This site is optimized with the Yoast SEO plugin v25.6 - https:\/\/yoast.com\/wordpress\/plugins\/seo\/ -->\n<title>ALRN decreta luto e emite nota de pesar pela morte do ex-deputado Leonardo Arruda - Blog do Bispo<\/title>\n<meta name=\"robots\" content=\"index, follow, max-snippet:-1, max-image-preview:large, max-video-preview:-1\" \/>\n<link rel=\"canonical\" href=\"https:\/\/blogdobispo.com.br\/?p=3414\" \/>\n<meta property=\"og:locale\" content=\"pt_BR\" \/>\n<meta property=\"og:type\" content=\"article\" \/>\n<meta property=\"og:title\" content=\"ALRN decreta luto e emite nota de pesar pela morte do ex-deputado Leonardo Arruda - Blog do Bispo\" \/>\n<meta property=\"og:description\" content=\"11\/05\/2024 O presidente da Assembleia Legislativa do Rio Grande do Norte, deputado Ezequiel Ferreira (PSDB), emitiu nota de pesar pela morte do ex-deputado e ex-secret\u00e1rio de Estado, Leonardo Arruda C\u00e2mara e decretou luto de tr\u00eas dias. Leonardo Arruda lutava contra um c\u00e2ncer, ele chegou a passar por uma cirurgia e teve complica\u00e7\u00f5es. Na tarde deste [&hellip;]\" \/>\n<meta property=\"og:url\" content=\"https:\/\/blogdobispo.com.br\/?p=3414\" \/>\n<meta property=\"og:site_name\" content=\"Blog do Bispo\" \/>\n<meta property=\"article:published_time\" content=\"2024-05-11T20:54:41+00:00\" \/>\n<meta property=\"article:modified_time\" content=\"2024-06-04T19:34:30+00:00\" \/>\n<meta property=\"og:image\" content=\"https:\/\/www.al.rn.leg.br\/storage\/noticias\/2024\/05\/11\/BLOwnSZVEaddpGOJGGMNbfEGYUzwX0vS63Pl0nrV.jpg\" \/>\n<meta name=\"author\" content=\"Jefferson Sterfeno\" \/>\n<meta name=\"twitter:card\" content=\"summary_large_image\" \/>\n<meta name=\"twitter:label1\" content=\"Escrito por\" \/>\n\t<meta name=\"twitter:data1\" content=\"Jefferson Sterfeno\" \/>\n\t<meta name=\"twitter:label2\" content=\"Est. tempo de leitura\" \/>\n\t<meta name=\"twitter:data2\" content=\"1 minuto\" \/>\n<script type=\"application\/ld+json\" class=\"yoast-schema-graph\">{\"@context\":\"https:\/\/schema.org\",\"@graph\":[{\"@type\":\"Article\",\"@id\":\"https:\/\/blogdobispo.com.br\/?p=3414#article\",\"isPartOf\":{\"@id\":\"https:\/\/blogdobispo.com.br\/?p=3414\"},\"author\":{\"name\":\"Jefferson Sterfeno\",\"@id\":\"https:\/\/blogdobispo.com.br\/#\/schema\/person\/e2209cc0e6cea5c5233d033e997b373f\"},\"headline\":\"ALRN decreta luto e emite nota de pesar pela morte do ex-deputado Leonardo Arruda\",\"datePublished\":\"2024-05-11T20:54:41+00:00\",\"dateModified\":\"2024-06-04T19:34:30+00:00\",\"mainEntityOfPage\":{\"@id\":\"https:\/\/blogdobispo.com.br\/?p=3414\"},\"wordCount\":209,\"commentCount\":0,\"publisher\":{\"@id\":\"https:\/\/blogdobispo.com.br\/#organization\"},\"image\":{\"@id\":\"https:\/\/blogdobispo.com.br\/?p=3414#primaryimage\"},\"thumbnailUrl\":\"https:\/\/www.al.rn.leg.br\/storage\/noticias\/2024\/05\/11\/BLOwnSZVEaddpGOJGGMNbfEGYUzwX0vS63Pl0nrV.jpg\",\"articleSection\":[\"diversos\"],\"inLanguage\":\"pt-BR\",\"potentialAction\":[{\"@type\":\"CommentAction\",\"name\":\"Comment\",\"target\":[\"https:\/\/blogdobispo.com.br\/?p=3414#respond\"]}]},{\"@type\":\"WebPage\",\"@id\":\"https:\/\/blogdobispo.com.br\/?p=3414\",\"url\":\"https:\/\/blogdobispo.com.br\/?p=3414\",\"name\":\"ALRN decreta luto e emite nota de pesar pela morte do ex-deputado Leonardo Arruda - Blog do Bispo\",\"isPartOf\":{\"@id\":\"https:\/\/blogdobispo.com.br\/#website\"},\"primaryImageOfPage\":{\"@id\":\"https:\/\/blogdobispo.com.br\/?p=3414#primaryimage\"},\"image\":{\"@id\":\"https:\/\/blogdobispo.com.br\/?p=3414#primaryimage\"},\"thumbnailUrl\":\"https:\/\/www.al.rn.leg.br\/storage\/noticias\/2024\/05\/11\/BLOwnSZVEaddpGOJGGMNbfEGYUzwX0vS63Pl0nrV.jpg\",\"datePublished\":\"2024-05-11T20:54:41+00:00\",\"dateModified\":\"2024-06-04T19:34:30+00:00\",\"breadcrumb\":{\"@id\":\"https:\/\/blogdobispo.com.br\/?p=3414#breadcrumb\"},\"inLanguage\":\"pt-BR\",\"potentialAction\":[{\"@type\":\"ReadAction\",\"target\":[\"https:\/\/blogdobispo.com.br\/?p=3414\"]}]},{\"@type\":\"ImageObject\",\"inLanguage\":\"pt-BR\",\"@id\":\"https:\/\/blogdobispo.com.br\/?p=3414#primaryimage\",\"url\":\"https:\/\/www.al.rn.leg.br\/storage\/noticias\/2024\/05\/11\/BLOwnSZVEaddpGOJGGMNbfEGYUzwX0vS63Pl0nrV.jpg\",\"contentUrl\":\"https:\/\/www.al.rn.leg.br\/storage\/noticias\/2024\/05\/11\/BLOwnSZVEaddpGOJGGMNbfEGYUzwX0vS63Pl0nrV.jpg\"},{\"@type\":\"BreadcrumbList\",\"@id\":\"https:\/\/blogdobispo.com.br\/?p=3414#breadcrumb\",\"itemListElement\":[{\"@type\":\"ListItem\",\"position\":1,\"name\":\"In\u00edcio\",\"item\":\"https:\/\/blogdobispo.com.br\/\"},{\"@type\":\"ListItem\",\"position\":2,\"name\":\"ALRN decreta luto e emite nota de pesar pela morte do ex-deputado Leonardo Arruda\"}]},{\"@type\":\"WebSite\",\"@id\":\"https:\/\/blogdobispo.com.br\/#website\",\"url\":\"https:\/\/blogdobispo.com.br\/\",\"name\":\"Blog do Bispo\",\"description\":\"Comprometido apenas com o leitor\",\"publisher\":{\"@id\":\"https:\/\/blogdobispo.com.br\/#organization\"},\"potentialAction\":[{\"@type\":\"SearchAction\",\"target\":{\"@type\":\"EntryPoint\",\"urlTemplate\":\"https:\/\/blogdobispo.com.br\/?s={search_term_string}\"},\"query-input\":{\"@type\":\"PropertyValueSpecification\",\"valueRequired\":true,\"valueName\":\"search_term_string\"}}],\"inLanguage\":\"pt-BR\"},{\"@type\":\"Organization\",\"@id\":\"https:\/\/blogdobispo.com.br\/#organization\",\"name\":\"Blog do Bispo\",\"url\":\"https:\/\/blogdobispo.com.br\/\",\"logo\":{\"@type\":\"ImageObject\",\"inLanguage\":\"pt-BR\",\"@id\":\"https:\/\/blogdobispo.com.br\/#\/schema\/logo\/image\/\",\"url\":\"http:\/\/blogdobispo.com.br\/wp-content\/uploads\/2023\/05\/cropped-headear.png\",\"contentUrl\":\"http:\/\/blogdobispo.com.br\/wp-content\/uploads\/2023\/05\/cropped-headear.png\",\"width\":1500,\"height\":399,\"caption\":\"Blog do Bispo\"},\"image\":{\"@id\":\"https:\/\/blogdobispo.com.br\/#\/schema\/logo\/image\/\"}},{\"@type\":\"Person\",\"@id\":\"https:\/\/blogdobispo.com.br\/#\/schema\/person\/e2209cc0e6cea5c5233d033e997b373f\",\"name\":\"Jefferson Sterfeno\",\"image\":{\"@type\":\"ImageObject\",\"inLanguage\":\"pt-BR\",\"@id\":\"https:\/\/blogdobispo.com.br\/#\/schema\/person\/image\/\",\"url\":\"https:\/\/secure.gravatar.com\/avatar\/0534e84764641168a677026b6d57a3f51dc7ac4db0b4f6186d9cb330d4ee1160?s=96&d=mm&r=g\",\"contentUrl\":\"https:\/\/secure.gravatar.com\/avatar\/0534e84764641168a677026b6d57a3f51dc7ac4db0b4f6186d9cb330d4ee1160?s=96&d=mm&r=g\",\"caption\":\"Jefferson Sterfeno\"},\"sameAs\":[\"http:\/\/blogdobispo.com.br\"],\"url\":\"https:\/\/blogdobispo.com.br\/?author=1\"}]}<\/script>\n<!-- \/ Yoast SEO plugin. -->","yoast_head_json":{"title":"ALRN decreta luto e emite nota de pesar pela morte do ex-deputado Leonardo Arruda - Blog do Bispo","robots":{"index":"index","follow":"follow","max-snippet":"max-snippet:-1","max-image-preview":"max-image-preview:large","max-video-preview":"max-video-preview:-1"},"canonical":"https:\/\/blogdobispo.com.br\/?p=3414","og_locale":"pt_BR","og_type":"article","og_title":"ALRN decreta luto e emite nota de pesar pela morte do ex-deputado Leonardo Arruda - Blog do Bispo","og_description":"11\/05\/2024 O presidente da Assembleia Legislativa do Rio Grande do Norte, deputado Ezequiel Ferreira (PSDB), emitiu nota de pesar pela morte do ex-deputado e ex-secret\u00e1rio de Estado, Leonardo Arruda C\u00e2mara e decretou luto de tr\u00eas dias. Leonardo Arruda lutava contra um c\u00e2ncer, ele chegou a passar por uma cirurgia e teve complica\u00e7\u00f5es. Na tarde deste [&hellip;]","og_url":"https:\/\/blogdobispo.com.br\/?p=3414","og_site_name":"Blog do Bispo","article_published_time":"2024-05-11T20:54:41+00:00","article_modified_time":"2024-06-04T19:34:30+00:00","og_image":[{"url":"https:\/\/www.al.rn.leg.br\/storage\/noticias\/2024\/05\/11\/BLOwnSZVEaddpGOJGGMNbfEGYUzwX0vS63Pl0nrV.jpg","type":"","width":"","height":""}],"author":"Jefferson Sterfeno","twitter_card":"summary_large_image","twitter_misc":{"Escrito por":"Jefferson Sterfeno","Est. tempo de leitura":"1 minuto"},"schema":{"@context":"https:\/\/schema.org","@graph":[{"@type":"Article","@id":"https:\/\/blogdobispo.com.br\/?p=3414#article","isPartOf":{"@id":"https:\/\/blogdobispo.com.br\/?p=3414"},"author":{"name":"Jefferson Sterfeno","@id":"https:\/\/blogdobispo.com.br\/#\/schema\/person\/e2209cc0e6cea5c5233d033e997b373f"},"headline":"ALRN decreta luto e emite nota de pesar pela morte do ex-deputado Leonardo Arruda","datePublished":"2024-05-11T20:54:41+00:00","dateModified":"2024-06-04T19:34:30+00:00","mainEntityOfPage":{"@id":"https:\/\/blogdobispo.com.br\/?p=3414"},"wordCount":209,"commentCount":0,"publisher":{"@id":"https:\/\/blogdobispo.com.br\/#organization"},"image":{"@id":"https:\/\/blogdobispo.com.br\/?p=3414#primaryimage"},"thumbnailUrl":"https:\/\/www.al.rn.leg.br\/storage\/noticias\/2024\/05\/11\/BLOwnSZVEaddpGOJGGMNbfEGYUzwX0vS63Pl0nrV.jpg","articleSection":["diversos"],"inLanguage":"pt-BR","potentialAction":[{"@type":"CommentAction","name":"Comment","target":["https:\/\/blogdobispo.com.br\/?p=3414#respond"]}]},{"@type":"WebPage","@id":"https:\/\/blogdobispo.com.br\/?p=3414","url":"https:\/\/blogdobispo.com.br\/?p=3414","name":"ALRN decreta luto e emite nota de pesar pela morte do ex-deputado Leonardo Arruda - Blog do Bispo","isPartOf":{"@id":"https:\/\/blogdobispo.com.br\/#website"},"primaryImageOfPage":{"@id":"https:\/\/blogdobispo.com.br\/?p=3414#primaryimage"},"image":{"@id":"https:\/\/blogdobispo.com.br\/?p=3414#primaryimage"},"thumbnailUrl":"https:\/\/www.al.rn.leg.br\/storage\/noticias\/2024\/05\/11\/BLOwnSZVEaddpGOJGGMNbfEGYUzwX0vS63Pl0nrV.jpg","datePublished":"2024-05-11T20:54:41+00:00","dateModified":"2024-06-04T19:34:30+00:00","breadcrumb":{"@id":"https:\/\/blogdobispo.com.br\/?p=3414#breadcrumb"},"inLanguage":"pt-BR","potentialAction":[{"@type":"ReadAction","target":["https:\/\/blogdobispo.com.br\/?p=3414"]}]},{"@type":"ImageObject","inLanguage":"pt-BR","@id":"https:\/\/blogdobispo.com.br\/?p=3414#primaryimage","url":"https:\/\/www.al.rn.leg.br\/storage\/noticias\/2024\/05\/11\/BLOwnSZVEaddpGOJGGMNbfEGYUzwX0vS63Pl0nrV.jpg","contentUrl":"https:\/\/www.al.rn.leg.br\/storage\/noticias\/2024\/05\/11\/BLOwnSZVEaddpGOJGGMNbfEGYUzwX0vS63Pl0nrV.jpg"},{"@type":"BreadcrumbList","@id":"https:\/\/blogdobispo.com.br\/?p=3414#breadcrumb","itemListElement":[{"@type":"ListItem","position":1,"name":"In\u00edcio","item":"https:\/\/blogdobispo.com.br\/"},{"@type":"ListItem","position":2,"name":"ALRN decreta luto e emite nota de pesar pela morte do ex-deputado Leonardo Arruda"}]},{"@type":"WebSite","@id":"https:\/\/blogdobispo.com.br\/#website","url":"https:\/\/blogdobispo.com.br\/","name":"Blog do Bispo","description":"Comprometido apenas com o leitor","publisher":{"@id":"https:\/\/blogdobispo.com.br\/#organization"},"potentialAction":[{"@type":"SearchAction","target":{"@type":"EntryPoint","urlTemplate":"https:\/\/blogdobispo.com.br\/?s={search_term_string}"},"query-input":{"@type":"PropertyValueSpecification","valueRequired":true,"valueName":"search_term_string"}}],"inLanguage":"pt-BR"},{"@type":"Organization","@id":"https:\/\/blogdobispo.com.br\/#organization","name":"Blog do Bispo","url":"https:\/\/blogdobispo.com.br\/","logo":{"@type":"ImageObject","inLanguage":"pt-BR","@id":"https:\/\/blogdobispo.com.br\/#\/schema\/logo\/image\/","url":"http:\/\/blogdobispo.com.br\/wp-content\/uploads\/2023\/05\/cropped-headear.png","contentUrl":"http:\/\/blogdobispo.com.br\/wp-content\/uploads\/2023\/05\/cropped-headear.png","width":1500,"height":399,"caption":"Blog do Bispo"},"image":{"@id":"https:\/\/blogdobispo.com.br\/#\/schema\/logo\/image\/"}},{"@type":"Person","@id":"https:\/\/blogdobispo.com.br\/#\/schema\/person\/e2209cc0e6cea5c5233d033e997b373f","name":"Jefferson Sterfeno","image":{"@type":"ImageObject","inLanguage":"pt-BR","@id":"https:\/\/blogdobispo.com.br\/#\/schema\/person\/image\/","url":"https:\/\/secure.gravatar.com\/avatar\/0534e84764641168a677026b6d57a3f51dc7ac4db0b4f6186d9cb330d4ee1160?s=96&d=mm&r=g","contentUrl":"https:\/\/secure.gravatar.com\/avatar\/0534e84764641168a677026b6d57a3f51dc7ac4db0b4f6186d9cb330d4ee1160?s=96&d=mm&r=g","caption":"Jefferson Sterfeno"},"sameAs":["http:\/\/blogdobispo.com.br"],"url":"https:\/\/blogdobispo.com.br\/?author=1"}]}},"featured_image_urls":{"full":"","thumbnail":"","medium":"","medium_large":"","large":"","1536x1536":"","2048x2048":""},"author_info":{"display_name":"Jefferson Sterfeno","author_link":"https:\/\/blogdobispo.com.br\/?author=1"},"category_info":"<a href=\"https:\/\/blogdobispo.com.br\/?cat=1\" rel=\"category\">diversos<\/a>","tag_info":"diversos","comment_count":"0","jetpack_featured_media_url":"","jetpack_sharing_enabled":true,"_links":{"self":[{"href":"https:\/\/blogdobispo.com.br\/index.php?rest_route=\/wp\/v2\/posts\/3414","targetHints":{"allow":["GET"]}}],"collection":[{"href":"https:\/\/blogdobispo.com.br\/index.php?rest_route=\/wp\/v2\/posts"}],"about":[{"href":"https:\/\/blogdobispo.com.br\/index.php?rest_route=\/wp\/v2\/types\/post"}],"author":[{"embeddable":true,"href":"https:\/\/blogdobispo.com.br\/index.php?rest_route=\/wp\/v2\/users\/1"}],"replies":[{"embeddable":true,"href":"https:\/\/blogdobispo.com.br\/index.php?rest_route=%2Fwp%2Fv2%2Fcomments&post=3414"}],"version-history":[{"count":1,"href":"https:\/\/blogdobispo.com.br\/index.php?rest_route=\/wp\/v2\/posts\/3414\/revisions"}],"predecessor-version":[{"id":3598,"href":"https:\/\/blogdobispo.com.br\/index.php?rest_route=\/wp\/v2\/posts\/3414\/revisions\/3598"}],"wp:attachment":[{"href":"https:\/\/blogdobispo.com.br\/index.php?rest_route=%2Fwp%2Fv2%2Fmedia&parent=3414"}],"wp:term":[{"taxonomy":"category","embeddable":true,"href":"https:\/\/blogdobispo.com.br\/index.php?rest_route=%2Fwp%2Fv2%2Fcategories&post=3414"},{"taxonomy":"post_tag","embeddable":true,"href":"https:\/\/blogdobispo.com.br\/index.php?rest_route=%2Fwp%2Fv2%2Ftags&post=3414"}],"curies":[{"name":"wp","href":"https:\/\/api.w.org\/{rel}","templated":true}]}}