{"id":3412,"date":"2024-05-11T14:27:25","date_gmt":"2024-05-11T14:27:25","guid":{"rendered":"https:\/\/blogdobispo.com.br\/?p=3412"},"modified":"2024-05-11T14:27:25","modified_gmt":"2024-05-11T14:27:25","slug":"naelson-borja-lanca-pre-candidatura-a-vereador-de-natal-e-anuncia-apoio-a-paulinho-e-joanna","status":"publish","type":"post","link":"https:\/\/blogdobispo.com.br\/?p=3412","title":{"rendered":"Naelson Borja lan\u00e7a pr\u00e9-candidatura a vereador de Natal e anuncia apoio a Paulinho e Joanna"},"content":{"rendered":"\n<figure class=\"wp-block-image size-large\"><img data-recalc-dims=\"1\" fetchpriority=\"high\" decoding=\"async\" width=\"800\" height=\"527\" src=\"https:\/\/i0.wp.com\/blogdobispo.com.br\/wp-content\/uploads\/2024\/05\/55caa6d5-c798-4de0-b34d-950e70dbf08f-1-1024x674.jpg?resize=800%2C527&#038;ssl=1\" class=\"wp-image-3411\" srcset=\"https:\/\/i0.wp.com\/blogdobispo.com.br\/wp-content\/uploads\/2024\/05\/55caa6d5-c798-4de0-b34d-950e70dbf08f-1.jpg?resize=1024%2C674&amp;ssl=1 1024w, https:\/\/i0.wp.com\/blogdobispo.com.br\/wp-content\/uploads\/2024\/05\/55caa6d5-c798-4de0-b34d-950e70dbf08f-1.jpg?resize=300%2C197&amp;ssl=1 300w, https:\/\/i0.wp.com\/blogdobispo.com.br\/wp-content\/uploads\/2024\/05\/55caa6d5-c798-4de0-b34d-950e70dbf08f-1.jpg?resize=768%2C505&amp;ssl=1 768w, https:\/\/i0.wp.com\/blogdobispo.com.br\/wp-content\/uploads\/2024\/05\/55caa6d5-c798-4de0-b34d-950e70dbf08f-1.jpg?resize=1536%2C1011&amp;ssl=1 1536w, https:\/\/i0.wp.com\/blogdobispo.com.br\/wp-content\/uploads\/2024\/05\/55caa6d5-c798-4de0-b34d-950e70dbf08f-1.jpg?w=2000&amp;ssl=1 2000w, https:\/\/i0.wp.com\/blogdobispo.com.br\/wp-content\/uploads\/2024\/05\/55caa6d5-c798-4de0-b34d-950e70dbf08f-1.jpg?w=1600 1600w\" sizes=\"(max-width: 800px) 100vw, 800px\" \/><\/figure>\n\n\n\n<p><\/p>\n\n\n\n<p>O l\u00edder comunit\u00e1rio Naelson Borja, reuniu centenas de amigos na noite desta sexta-feira(10), para lan\u00e7ar oficialmente sua pr\u00e9-candidatura a vereador de Natal pelo partido Republicanos.<\/p>\n\n\n\n<p>O encontro aconteceu no col\u00e9gio Expansivo no bairro das Quintas, e contou com a presen\u00e7a do prefeito \u00c1lvaro Dias, o deputado federal e pr\u00e9-candidato a prefeito Paulinho Freire, a pr\u00e9-candidata a vice-prefeita Joanna Guerra e o deputado estadual Adjuto Dias.<\/p>\n\n\n\n<p>Em seu discurso, o prefeito \u00c1lvaro Dias destacou a import\u00e2ncia do trabalho que Naelson Borja vem realizando por Natal, em especial pelo bairro das Quintas. \u201cNaelson precisa chegar a C\u00e2mara Municipal, por sua luta, trabalho e dedica\u00e7\u00e3o. N\u00e3o tenho d\u00favidas, de que o bairro das Quintas, lhe dar\u00e1 uma grande vit\u00f3ria\u201d, destacou \u00c1lvaro.<\/p>\n\n\n\n<p>O pr\u00e9-candidato a prefeito de Natal, o deputado federal Paulinho Freire, tamb\u00e9m destacou sua hist\u00f3ria de luta e amizade com Naelson Borja. \u201cS\u00e3o mais de 20 anos de amizade, j\u00e1 estivemos juntos e distante politicamente. Mas nunca nos faltou o respeito. E agora, por merecimento, por tudo que ele j\u00e1 fez por sua comunidade, Naelson ser\u00e1 vereador de Natal\u201d, disse Paulinho.<\/p>\n\n\n\n<p>Tomado pela emo\u00e7\u00e3o, o pr\u00e9-candidato Naelson Borja fez uma presta\u00e7\u00e3o de contas do seu trabalho em prol do bairro das Quintas. \u201cA nossa comunidade, nunca recebeu tantos investimentos como agora, na gest\u00e3o do prefeito \u00c1lvaro Dias. Gra\u00e7as a uma luta nossa, todas as demandas foram atendidas. E esse trabalho precisa continuar. Por isso meus amigos, precisamos chegar a C\u00e2mara de Natal, e eleger Paulinho Freire prefeito de Natal. Estou com \u00c1lvaro, Paulinho e Joanna\u201d, disse Naelson.<\/p>\n\n\n\n<p>Ap\u00f3s 16 anos, Naelson coloca o seu nome novamente a disposi\u00e7\u00e3o do povo de Natal. Agora com mais experi\u00eancia, e muito trabalho para mostrar, Naelson caminha com grandes chances de chegar a C\u00e2mara Municipal.<\/p>\n","protected":false},"excerpt":{"rendered":"<p>O l\u00edder comunit\u00e1rio Naelson Borja, reuniu centenas de amigos na noite desta sexta-feira(10), para lan\u00e7ar oficialmente sua pr\u00e9-candidatura a vereador de Natal pelo partido Republicanos. O encontro aconteceu no col\u00e9gio Expansivo no bairro das Quintas, e contou com a presen\u00e7a do prefeito \u00c1lvaro Dias, o deputado federal e pr\u00e9-candidato a prefeito Paulinho Freire, a pr\u00e9-candidata [&hellip;]<\/p>\n","protected":false},"author":1,"featured_media":0,"comment_status":"open","ping_status":"open","sticky":false,"template":"","format":"standard","meta":{"cybocfi_hide_featured_image":"","_jetpack_memberships_contains_paid_content":false,"footnotes":""},"categories":[1],"tags":[],"class_list":["post-3412","post","type-post","status-publish","format-standard","hentry","category-diversos"],"yoast_head":"<!-- This site is optimized with the Yoast SEO plugin v25.6 - https:\/\/yoast.com\/wordpress\/plugins\/seo\/ -->\n<title>Naelson Borja lan\u00e7a pr\u00e9-candidatura a vereador de Natal e anuncia apoio a Paulinho e Joanna - Blog do Bispo<\/title>\n<meta name=\"robots\" content=\"index, follow, max-snippet:-1, max-image-preview:large, max-video-preview:-1\" \/>\n<link rel=\"canonical\" href=\"https:\/\/blogdobispo.com.br\/?p=3412\" \/>\n<meta property=\"og:locale\" content=\"pt_BR\" \/>\n<meta property=\"og:type\" content=\"article\" \/>\n<meta property=\"og:title\" content=\"Naelson Borja lan\u00e7a pr\u00e9-candidatura a vereador de Natal e anuncia apoio a Paulinho e Joanna - Blog do Bispo\" \/>\n<meta property=\"og:description\" content=\"O l\u00edder comunit\u00e1rio Naelson Borja, reuniu centenas de amigos na noite desta sexta-feira(10), para lan\u00e7ar oficialmente sua pr\u00e9-candidatura a vereador de Natal pelo partido Republicanos. O encontro aconteceu no col\u00e9gio Expansivo no bairro das Quintas, e contou com a presen\u00e7a do prefeito \u00c1lvaro Dias, o deputado federal e pr\u00e9-candidato a prefeito Paulinho Freire, a pr\u00e9-candidata [&hellip;]\" \/>\n<meta property=\"og:url\" content=\"https:\/\/blogdobispo.com.br\/?p=3412\" \/>\n<meta property=\"og:site_name\" content=\"Blog do Bispo\" \/>\n<meta property=\"article:published_time\" content=\"2024-05-11T14:27:25+00:00\" \/>\n<meta property=\"og:image\" content=\"https:\/\/blogdobispo.com.br\/wp-content\/uploads\/2024\/05\/55caa6d5-c798-4de0-b34d-950e70dbf08f-1-1024x674.jpg\" \/>\n<meta name=\"author\" content=\"Jefferson Sterfeno\" \/>\n<meta name=\"twitter:card\" content=\"summary_large_image\" \/>\n<meta name=\"twitter:label1\" content=\"Escrito por\" \/>\n\t<meta name=\"twitter:data1\" content=\"Jefferson Sterfeno\" \/>\n\t<meta name=\"twitter:label2\" content=\"Est. tempo de leitura\" \/>\n\t<meta name=\"twitter:data2\" content=\"2 minutos\" \/>\n<script type=\"application\/ld+json\" class=\"yoast-schema-graph\">{\"@context\":\"https:\/\/schema.org\",\"@graph\":[{\"@type\":\"Article\",\"@id\":\"https:\/\/blogdobispo.com.br\/?p=3412#article\",\"isPartOf\":{\"@id\":\"https:\/\/blogdobispo.com.br\/?p=3412\"},\"author\":{\"name\":\"Jefferson Sterfeno\",\"@id\":\"https:\/\/blogdobispo.com.br\/#\/schema\/person\/e2209cc0e6cea5c5233d033e997b373f\"},\"headline\":\"Naelson Borja lan\u00e7a pr\u00e9-candidatura a vereador de Natal e anuncia apoio a Paulinho e Joanna\",\"datePublished\":\"2024-05-11T14:27:25+00:00\",\"mainEntityOfPage\":{\"@id\":\"https:\/\/blogdobispo.com.br\/?p=3412\"},\"wordCount\":332,\"commentCount\":0,\"publisher\":{\"@id\":\"https:\/\/blogdobispo.com.br\/#organization\"},\"image\":{\"@id\":\"https:\/\/blogdobispo.com.br\/?p=3412#primaryimage\"},\"thumbnailUrl\":\"https:\/\/blogdobispo.com.br\/wp-content\/uploads\/2024\/05\/55caa6d5-c798-4de0-b34d-950e70dbf08f-1-1024x674.jpg\",\"articleSection\":[\"diversos\"],\"inLanguage\":\"pt-BR\",\"potentialAction\":[{\"@type\":\"CommentAction\",\"name\":\"Comment\",\"target\":[\"https:\/\/blogdobispo.com.br\/?p=3412#respond\"]}]},{\"@type\":\"WebPage\",\"@id\":\"https:\/\/blogdobispo.com.br\/?p=3412\",\"url\":\"https:\/\/blogdobispo.com.br\/?p=3412\",\"name\":\"Naelson Borja lan\u00e7a pr\u00e9-candidatura a vereador de Natal e anuncia apoio a Paulinho e Joanna - Blog do Bispo\",\"isPartOf\":{\"@id\":\"https:\/\/blogdobispo.com.br\/#website\"},\"primaryImageOfPage\":{\"@id\":\"https:\/\/blogdobispo.com.br\/?p=3412#primaryimage\"},\"image\":{\"@id\":\"https:\/\/blogdobispo.com.br\/?p=3412#primaryimage\"},\"thumbnailUrl\":\"https:\/\/blogdobispo.com.br\/wp-content\/uploads\/2024\/05\/55caa6d5-c798-4de0-b34d-950e70dbf08f-1-1024x674.jpg\",\"datePublished\":\"2024-05-11T14:27:25+00:00\",\"breadcrumb\":{\"@id\":\"https:\/\/blogdobispo.com.br\/?p=3412#breadcrumb\"},\"inLanguage\":\"pt-BR\",\"potentialAction\":[{\"@type\":\"ReadAction\",\"target\":[\"https:\/\/blogdobispo.com.br\/?p=3412\"]}]},{\"@type\":\"ImageObject\",\"inLanguage\":\"pt-BR\",\"@id\":\"https:\/\/blogdobispo.com.br\/?p=3412#primaryimage\",\"url\":\"https:\/\/blogdobispo.com.br\/wp-content\/uploads\/2024\/05\/55caa6d5-c798-4de0-b34d-950e70dbf08f-1-1024x674.jpg\",\"contentUrl\":\"https:\/\/blogdobispo.com.br\/wp-content\/uploads\/2024\/05\/55caa6d5-c798-4de0-b34d-950e70dbf08f-1-1024x674.jpg\"},{\"@type\":\"BreadcrumbList\",\"@id\":\"https:\/\/blogdobispo.com.br\/?p=3412#breadcrumb\",\"itemListElement\":[{\"@type\":\"ListItem\",\"position\":1,\"name\":\"In\u00edcio\",\"item\":\"https:\/\/blogdobispo.com.br\/\"},{\"@type\":\"ListItem\",\"position\":2,\"name\":\"Naelson Borja lan\u00e7a pr\u00e9-candidatura a vereador de Natal e anuncia apoio a Paulinho e Joanna\"}]},{\"@type\":\"WebSite\",\"@id\":\"https:\/\/blogdobispo.com.br\/#website\",\"url\":\"https:\/\/blogdobispo.com.br\/\",\"name\":\"Blog do Bispo\",\"description\":\"Comprometido apenas com o leitor\",\"publisher\":{\"@id\":\"https:\/\/blogdobispo.com.br\/#organization\"},\"potentialAction\":[{\"@type\":\"SearchAction\",\"target\":{\"@type\":\"EntryPoint\",\"urlTemplate\":\"https:\/\/blogdobispo.com.br\/?s={search_term_string}\"},\"query-input\":{\"@type\":\"PropertyValueSpecification\",\"valueRequired\":true,\"valueName\":\"search_term_string\"}}],\"inLanguage\":\"pt-BR\"},{\"@type\":\"Organization\",\"@id\":\"https:\/\/blogdobispo.com.br\/#organization\",\"name\":\"Blog do Bispo\",\"url\":\"https:\/\/blogdobispo.com.br\/\",\"logo\":{\"@type\":\"ImageObject\",\"inLanguage\":\"pt-BR\",\"@id\":\"https:\/\/blogdobispo.com.br\/#\/schema\/logo\/image\/\",\"url\":\"http:\/\/blogdobispo.com.br\/wp-content\/uploads\/2023\/05\/cropped-headear.png\",\"contentUrl\":\"http:\/\/blogdobispo.com.br\/wp-content\/uploads\/2023\/05\/cropped-headear.png\",\"width\":1500,\"height\":399,\"caption\":\"Blog do Bispo\"},\"image\":{\"@id\":\"https:\/\/blogdobispo.com.br\/#\/schema\/logo\/image\/\"}},{\"@type\":\"Person\",\"@id\":\"https:\/\/blogdobispo.com.br\/#\/schema\/person\/e2209cc0e6cea5c5233d033e997b373f\",\"name\":\"Jefferson Sterfeno\",\"image\":{\"@type\":\"ImageObject\",\"inLanguage\":\"pt-BR\",\"@id\":\"https:\/\/blogdobispo.com.br\/#\/schema\/person\/image\/\",\"url\":\"https:\/\/secure.gravatar.com\/avatar\/0534e84764641168a677026b6d57a3f51dc7ac4db0b4f6186d9cb330d4ee1160?s=96&d=mm&r=g\",\"contentUrl\":\"https:\/\/secure.gravatar.com\/avatar\/0534e84764641168a677026b6d57a3f51dc7ac4db0b4f6186d9cb330d4ee1160?s=96&d=mm&r=g\",\"caption\":\"Jefferson Sterfeno\"},\"sameAs\":[\"http:\/\/blogdobispo.com.br\"],\"url\":\"https:\/\/blogdobispo.com.br\/?author=1\"}]}<\/script>\n<!-- \/ Yoast SEO plugin. -->","yoast_head_json":{"title":"Naelson Borja lan\u00e7a pr\u00e9-candidatura a vereador de Natal e anuncia apoio a Paulinho e Joanna - Blog do Bispo","robots":{"index":"index","follow":"follow","max-snippet":"max-snippet:-1","max-image-preview":"max-image-preview:large","max-video-preview":"max-video-preview:-1"},"canonical":"https:\/\/blogdobispo.com.br\/?p=3412","og_locale":"pt_BR","og_type":"article","og_title":"Naelson Borja lan\u00e7a pr\u00e9-candidatura a vereador de Natal e anuncia apoio a Paulinho e Joanna - Blog do Bispo","og_description":"O l\u00edder comunit\u00e1rio Naelson Borja, reuniu centenas de amigos na noite desta sexta-feira(10), para lan\u00e7ar oficialmente sua pr\u00e9-candidatura a vereador de Natal pelo partido Republicanos. O encontro aconteceu no col\u00e9gio Expansivo no bairro das Quintas, e contou com a presen\u00e7a do prefeito \u00c1lvaro Dias, o deputado federal e pr\u00e9-candidato a prefeito Paulinho Freire, a pr\u00e9-candidata [&hellip;]","og_url":"https:\/\/blogdobispo.com.br\/?p=3412","og_site_name":"Blog do Bispo","article_published_time":"2024-05-11T14:27:25+00:00","og_image":[{"url":"https:\/\/blogdobispo.com.br\/wp-content\/uploads\/2024\/05\/55caa6d5-c798-4de0-b34d-950e70dbf08f-1-1024x674.jpg","type":"","width":"","height":""}],"author":"Jefferson Sterfeno","twitter_card":"summary_large_image","twitter_misc":{"Escrito por":"Jefferson Sterfeno","Est. tempo de leitura":"2 minutos"},"schema":{"@context":"https:\/\/schema.org","@graph":[{"@type":"Article","@id":"https:\/\/blogdobispo.com.br\/?p=3412#article","isPartOf":{"@id":"https:\/\/blogdobispo.com.br\/?p=3412"},"author":{"name":"Jefferson Sterfeno","@id":"https:\/\/blogdobispo.com.br\/#\/schema\/person\/e2209cc0e6cea5c5233d033e997b373f"},"headline":"Naelson Borja lan\u00e7a pr\u00e9-candidatura a vereador de Natal e anuncia apoio a Paulinho e Joanna","datePublished":"2024-05-11T14:27:25+00:00","mainEntityOfPage":{"@id":"https:\/\/blogdobispo.com.br\/?p=3412"},"wordCount":332,"commentCount":0,"publisher":{"@id":"https:\/\/blogdobispo.com.br\/#organization"},"image":{"@id":"https:\/\/blogdobispo.com.br\/?p=3412#primaryimage"},"thumbnailUrl":"https:\/\/blogdobispo.com.br\/wp-content\/uploads\/2024\/05\/55caa6d5-c798-4de0-b34d-950e70dbf08f-1-1024x674.jpg","articleSection":["diversos"],"inLanguage":"pt-BR","potentialAction":[{"@type":"CommentAction","name":"Comment","target":["https:\/\/blogdobispo.com.br\/?p=3412#respond"]}]},{"@type":"WebPage","@id":"https:\/\/blogdobispo.com.br\/?p=3412","url":"https:\/\/blogdobispo.com.br\/?p=3412","name":"Naelson Borja lan\u00e7a pr\u00e9-candidatura a vereador de Natal e anuncia apoio a Paulinho e Joanna - Blog do Bispo","isPartOf":{"@id":"https:\/\/blogdobispo.com.br\/#website"},"primaryImageOfPage":{"@id":"https:\/\/blogdobispo.com.br\/?p=3412#primaryimage"},"image":{"@id":"https:\/\/blogdobispo.com.br\/?p=3412#primaryimage"},"thumbnailUrl":"https:\/\/blogdobispo.com.br\/wp-content\/uploads\/2024\/05\/55caa6d5-c798-4de0-b34d-950e70dbf08f-1-1024x674.jpg","datePublished":"2024-05-11T14:27:25+00:00","breadcrumb":{"@id":"https:\/\/blogdobispo.com.br\/?p=3412#breadcrumb"},"inLanguage":"pt-BR","potentialAction":[{"@type":"ReadAction","target":["https:\/\/blogdobispo.com.br\/?p=3412"]}]},{"@type":"ImageObject","inLanguage":"pt-BR","@id":"https:\/\/blogdobispo.com.br\/?p=3412#primaryimage","url":"https:\/\/blogdobispo.com.br\/wp-content\/uploads\/2024\/05\/55caa6d5-c798-4de0-b34d-950e70dbf08f-1-1024x674.jpg","contentUrl":"https:\/\/blogdobispo.com.br\/wp-content\/uploads\/2024\/05\/55caa6d5-c798-4de0-b34d-950e70dbf08f-1-1024x674.jpg"},{"@type":"BreadcrumbList","@id":"https:\/\/blogdobispo.com.br\/?p=3412#breadcrumb","itemListElement":[{"@type":"ListItem","position":1,"name":"In\u00edcio","item":"https:\/\/blogdobispo.com.br\/"},{"@type":"ListItem","position":2,"name":"Naelson Borja lan\u00e7a pr\u00e9-candidatura a vereador de Natal e anuncia apoio a Paulinho e Joanna"}]},{"@type":"WebSite","@id":"https:\/\/blogdobispo.com.br\/#website","url":"https:\/\/blogdobispo.com.br\/","name":"Blog do Bispo","description":"Comprometido apenas com o leitor","publisher":{"@id":"https:\/\/blogdobispo.com.br\/#organization"},"potentialAction":[{"@type":"SearchAction","target":{"@type":"EntryPoint","urlTemplate":"https:\/\/blogdobispo.com.br\/?s={search_term_string}"},"query-input":{"@type":"PropertyValueSpecification","valueRequired":true,"valueName":"search_term_string"}}],"inLanguage":"pt-BR"},{"@type":"Organization","@id":"https:\/\/blogdobispo.com.br\/#organization","name":"Blog do Bispo","url":"https:\/\/blogdobispo.com.br\/","logo":{"@type":"ImageObject","inLanguage":"pt-BR","@id":"https:\/\/blogdobispo.com.br\/#\/schema\/logo\/image\/","url":"http:\/\/blogdobispo.com.br\/wp-content\/uploads\/2023\/05\/cropped-headear.png","contentUrl":"http:\/\/blogdobispo.com.br\/wp-content\/uploads\/2023\/05\/cropped-headear.png","width":1500,"height":399,"caption":"Blog do Bispo"},"image":{"@id":"https:\/\/blogdobispo.com.br\/#\/schema\/logo\/image\/"}},{"@type":"Person","@id":"https:\/\/blogdobispo.com.br\/#\/schema\/person\/e2209cc0e6cea5c5233d033e997b373f","name":"Jefferson Sterfeno","image":{"@type":"ImageObject","inLanguage":"pt-BR","@id":"https:\/\/blogdobispo.com.br\/#\/schema\/person\/image\/","url":"https:\/\/secure.gravatar.com\/avatar\/0534e84764641168a677026b6d57a3f51dc7ac4db0b4f6186d9cb330d4ee1160?s=96&d=mm&r=g","contentUrl":"https:\/\/secure.gravatar.com\/avatar\/0534e84764641168a677026b6d57a3f51dc7ac4db0b4f6186d9cb330d4ee1160?s=96&d=mm&r=g","caption":"Jefferson Sterfeno"},"sameAs":["http:\/\/blogdobispo.com.br"],"url":"https:\/\/blogdobispo.com.br\/?author=1"}]}},"featured_image_urls":{"full":"","thumbnail":"","medium":"","medium_large":"","large":"","1536x1536":"","2048x2048":""},"author_info":{"display_name":"Jefferson Sterfeno","author_link":"https:\/\/blogdobispo.com.br\/?author=1"},"category_info":"<a href=\"https:\/\/blogdobispo.com.br\/?cat=1\" rel=\"category\">diversos<\/a>","tag_info":"diversos","comment_count":"0","jetpack_featured_media_url":"","jetpack_sharing_enabled":true,"_links":{"self":[{"href":"https:\/\/blogdobispo.com.br\/index.php?rest_route=\/wp\/v2\/posts\/3412","targetHints":{"allow":["GET"]}}],"collection":[{"href":"https:\/\/blogdobispo.com.br\/index.php?rest_route=\/wp\/v2\/posts"}],"about":[{"href":"https:\/\/blogdobispo.com.br\/index.php?rest_route=\/wp\/v2\/types\/post"}],"author":[{"embeddable":true,"href":"https:\/\/blogdobispo.com.br\/index.php?rest_route=\/wp\/v2\/users\/1"}],"replies":[{"embeddable":true,"href":"https:\/\/blogdobispo.com.br\/index.php?rest_route=%2Fwp%2Fv2%2Fcomments&post=3412"}],"version-history":[{"count":0,"href":"https:\/\/blogdobispo.com.br\/index.php?rest_route=\/wp\/v2\/posts\/3412\/revisions"}],"wp:attachment":[{"href":"https:\/\/blogdobispo.com.br\/index.php?rest_route=%2Fwp%2Fv2%2Fmedia&parent=3412"}],"wp:term":[{"taxonomy":"category","embeddable":true,"href":"https:\/\/blogdobispo.com.br\/index.php?rest_route=%2Fwp%2Fv2%2Fcategories&post=3412"},{"taxonomy":"post_tag","embeddable":true,"href":"https:\/\/blogdobispo.com.br\/index.php?rest_route=%2Fwp%2Fv2%2Ftags&post=3412"}],"curies":[{"name":"wp","href":"https:\/\/api.w.org\/{rel}","templated":true}]}}