{"id":3410,"date":"2024-05-11T03:47:41","date_gmt":"2024-05-11T03:47:41","guid":{"rendered":"https:\/\/blogdobispo.com.br\/?p=3410"},"modified":"2024-05-11T03:47:41","modified_gmt":"2024-05-11T03:47:41","slug":"presidente-nacional-do-psdb-destaca-forca-do-partido-no-rn","status":"publish","type":"post","link":"https:\/\/blogdobispo.com.br\/?p=3410","title":{"rendered":"Presidente nacional do PSDB destaca for\u00e7a do partido no RN"},"content":{"rendered":"\n<p>O presidente nacional do PSDB, ex-senador Marconi Perillo, cumpriu agenda em Natal nesta sexta-feira (10). Em entrevista coletiva a imprensa, momentos antes de ato pol\u00edtico da legenda, o l\u00edder tucano destacou o crescimento da legenda no Estado e confirmou que o partido trabalha para disputar as elei\u00e7\u00f5es presidenciais em 2026.<\/p>\n\n\n\n<p>\u201cO PSDB tem uma extensa lista de servi\u00e7os prestados ao pa\u00eds. E n\u00f3s estamos trabalhando para oferecer uma alternativa ao Brasil. Fazemos uma oposi\u00e7\u00e3o respons\u00e1vel, apontando os erros e mostrando as solu\u00e7\u00f5es\u201d, disse Perillo, que esteve acompanhado do deputado estadual Ezequiel Ferreira, presidente do PSDB no Estado.<\/p>\n\n\n\n<p>Ao ser questionado sobre o crescimento do PSDB no RN, Marconi Perillo destacou o trabalho que vem sendo realizado por Ezequiel. A legenda possui hoje a maior bancada da Assembleia, com 10 deputados. \u201cSob a lideran\u00e7a do Ezequiel o PSDB se tornou o maior partido do RN e n\u00f3s acreditamos que temos quadros importantes para disputar as elei\u00e7\u00f5es majorit\u00e1rias e elegermos tamb\u00e9m deputados federais no Estado\u201d, afirmou. Perillo acredita que o PSDB tem capacidade para dobrar o n\u00famero de vereadores no Estado e aumentar sua musculatura para a disputa em 2026.<\/p>\n\n\n\n<p>Ezequiel enfatizou o trabalho que vem sendo realizado pelo PSDB a n\u00edvel nacional e ressaltou a import\u00e2ncia da lideran\u00e7a de Marconi Perillo neste processo. Al\u00e9m de senador, o presidente nacional do PSDB j\u00e1 foi deputado federal e por quatro mandatos governou o Estado de Goi\u00e1s. Ao ser questionado sobre o trabalho do partido no RN, Ezequiel disse que segue a orienta\u00e7\u00e3o nacional.<\/p>\n\n\n\n<p>\u201cNo RN fizemos um partido que \u00e9 o que mais cresce com quantidade e principalmente com qualidade. S\u00e3o homens e mulheres que acreditam na pol\u00edtica como instrumento para mudar nossa realidade. O PSDB nos deixa livres para decidirmos o melhor para nosso Estado. E da mesma forma fazemos aqui no RN, dando carta branca para que os diret\u00f3rios municipais possam construir o melhor projeto para cada cidade. Vamos ter muitas candidaturas a prefeito, vice e vereadores para continuarmos sendo o partido que mais cresce no RN\u201d, disse Ezequiel.<\/p>\n\n\n\n<p>Sobre Perillo, o presidente estadual do PSDB disse que ele \u201ctem juntado as pe\u00e7as importantes do partido pelo pa\u00eds. Construindo novas pontes\u201d. Em rela\u00e7\u00e3o ao RN, colocou ainda que \u201csair\u00e1 mais forte do que \u00e9 hoje da elei\u00e7\u00e3o municipal\u201d. Dessa forma, \u201cestaremos prontos para colaborar com o crescimento do partido em n\u00edvel nacional\u201d.<\/p>\n\n\n\n<p>Durante o evento, Perillo e Ezequiel abonaram a ficha de filia\u00e7\u00e3o ao PSDB do prefeito de Assu, Gustavo Soares. Em seu discurso, o gestor agradeceu a receptividade da legenda. \u201cPSDB acredita no nosso trabalho e esperamos que juntos possamos levar mais benef\u00edcios para nossa regi\u00e3o\u201d, disse o prefeito.<\/p>\n\n\n\n<p>O ato do PSDB contou com as presen\u00e7as dos deputados Dr. Bernardo, Ubaldo Fernandes, Kl\u00e9ber Rodrigues, Jos\u00e9 Dias e Gustavo Carvalho, todos do PSDB, al\u00e9m de George Soares (PV) e Taveira J\u00fanior (Uni\u00e3o). Tamb\u00e9m estiveram presentes os vereadores de Natal, Klaus Ara\u00fajo, Aldo Clemente, Anderson Lopes e Hermes C\u00e2mara, o presidente da C\u00e2mara Municipal de Mossor\u00f3, Lawrence Amorim \u2013 pr\u00e9-candidato a prefeito na cidade -, e o presidente do Legislativo de Parnamirim, Wolney Fran\u00e7a<\/p>\n\n\n\n<figure class=\"wp-block-image size-large\"><img data-recalc-dims=\"1\" fetchpriority=\"high\" decoding=\"async\" width=\"800\" height=\"532\" src=\"https:\/\/i0.wp.com\/blogdobispo.com.br\/wp-content\/uploads\/2024\/05\/img_7159-1.jpg?resize=800%2C532&#038;ssl=1\" class=\"wp-image-3409\" srcset=\"https:\/\/i0.wp.com\/blogdobispo.com.br\/wp-content\/uploads\/2024\/05\/img_7159-1.jpg?w=1024&amp;ssl=1 1024w, https:\/\/i0.wp.com\/blogdobispo.com.br\/wp-content\/uploads\/2024\/05\/img_7159-1.jpg?resize=300%2C200&amp;ssl=1 300w, https:\/\/i0.wp.com\/blogdobispo.com.br\/wp-content\/uploads\/2024\/05\/img_7159-1.jpg?resize=768%2C511&amp;ssl=1 768w\" sizes=\"(max-width: 800px) 100vw, 800px\" \/><\/figure>\n","protected":false},"excerpt":{"rendered":"<p>O presidente nacional do PSDB, ex-senador Marconi Perillo, cumpriu agenda em Natal nesta sexta-feira (10). Em entrevista coletiva a imprensa, momentos antes de ato pol\u00edtico da legenda, o l\u00edder tucano destacou o crescimento da legenda no Estado e confirmou que o partido trabalha para disputar as elei\u00e7\u00f5es presidenciais em 2026. \u201cO PSDB tem uma extensa [&hellip;]<\/p>\n","protected":false},"author":1,"featured_media":0,"comment_status":"open","ping_status":"open","sticky":false,"template":"","format":"standard","meta":{"cybocfi_hide_featured_image":"","_jetpack_memberships_contains_paid_content":false,"footnotes":""},"categories":[1],"tags":[],"class_list":["post-3410","post","type-post","status-publish","format-standard","hentry","category-diversos"],"yoast_head":"<!-- This site is optimized with the Yoast SEO plugin v25.6 - https:\/\/yoast.com\/wordpress\/plugins\/seo\/ -->\n<title>Presidente nacional do PSDB destaca for\u00e7a do partido no RN - Blog do Bispo<\/title>\n<meta name=\"robots\" content=\"index, follow, max-snippet:-1, max-image-preview:large, max-video-preview:-1\" \/>\n<link rel=\"canonical\" href=\"https:\/\/blogdobispo.com.br\/?p=3410\" \/>\n<meta property=\"og:locale\" content=\"pt_BR\" \/>\n<meta property=\"og:type\" content=\"article\" \/>\n<meta property=\"og:title\" content=\"Presidente nacional do PSDB destaca for\u00e7a do partido no RN - Blog do Bispo\" \/>\n<meta property=\"og:description\" content=\"O presidente nacional do PSDB, ex-senador Marconi Perillo, cumpriu agenda em Natal nesta sexta-feira (10). Em entrevista coletiva a imprensa, momentos antes de ato pol\u00edtico da legenda, o l\u00edder tucano destacou o crescimento da legenda no Estado e confirmou que o partido trabalha para disputar as elei\u00e7\u00f5es presidenciais em 2026. \u201cO PSDB tem uma extensa [&hellip;]\" \/>\n<meta property=\"og:url\" content=\"https:\/\/blogdobispo.com.br\/?p=3410\" \/>\n<meta property=\"og:site_name\" content=\"Blog do Bispo\" \/>\n<meta property=\"article:published_time\" content=\"2024-05-11T03:47:41+00:00\" \/>\n<meta property=\"og:image\" content=\"https:\/\/blogdobispo.com.br\/wp-content\/uploads\/2024\/05\/img_7159-1.jpg\" \/>\n<meta name=\"author\" content=\"Jefferson Sterfeno\" \/>\n<meta name=\"twitter:card\" content=\"summary_large_image\" \/>\n<meta name=\"twitter:label1\" content=\"Escrito por\" \/>\n\t<meta name=\"twitter:data1\" content=\"Jefferson Sterfeno\" \/>\n\t<meta name=\"twitter:label2\" content=\"Est. tempo de leitura\" \/>\n\t<meta name=\"twitter:data2\" content=\"3 minutos\" \/>\n<script type=\"application\/ld+json\" class=\"yoast-schema-graph\">{\"@context\":\"https:\/\/schema.org\",\"@graph\":[{\"@type\":\"Article\",\"@id\":\"https:\/\/blogdobispo.com.br\/?p=3410#article\",\"isPartOf\":{\"@id\":\"https:\/\/blogdobispo.com.br\/?p=3410\"},\"author\":{\"name\":\"Jefferson Sterfeno\",\"@id\":\"https:\/\/blogdobispo.com.br\/#\/schema\/person\/e2209cc0e6cea5c5233d033e997b373f\"},\"headline\":\"Presidente nacional do PSDB destaca for\u00e7a do partido no RN\",\"datePublished\":\"2024-05-11T03:47:41+00:00\",\"mainEntityOfPage\":{\"@id\":\"https:\/\/blogdobispo.com.br\/?p=3410\"},\"wordCount\":560,\"commentCount\":0,\"publisher\":{\"@id\":\"https:\/\/blogdobispo.com.br\/#organization\"},\"image\":{\"@id\":\"https:\/\/blogdobispo.com.br\/?p=3410#primaryimage\"},\"thumbnailUrl\":\"https:\/\/blogdobispo.com.br\/wp-content\/uploads\/2024\/05\/img_7159-1.jpg\",\"articleSection\":[\"diversos\"],\"inLanguage\":\"pt-BR\",\"potentialAction\":[{\"@type\":\"CommentAction\",\"name\":\"Comment\",\"target\":[\"https:\/\/blogdobispo.com.br\/?p=3410#respond\"]}]},{\"@type\":\"WebPage\",\"@id\":\"https:\/\/blogdobispo.com.br\/?p=3410\",\"url\":\"https:\/\/blogdobispo.com.br\/?p=3410\",\"name\":\"Presidente nacional do PSDB destaca for\u00e7a do partido no RN - Blog do Bispo\",\"isPartOf\":{\"@id\":\"https:\/\/blogdobispo.com.br\/#website\"},\"primaryImageOfPage\":{\"@id\":\"https:\/\/blogdobispo.com.br\/?p=3410#primaryimage\"},\"image\":{\"@id\":\"https:\/\/blogdobispo.com.br\/?p=3410#primaryimage\"},\"thumbnailUrl\":\"https:\/\/blogdobispo.com.br\/wp-content\/uploads\/2024\/05\/img_7159-1.jpg\",\"datePublished\":\"2024-05-11T03:47:41+00:00\",\"breadcrumb\":{\"@id\":\"https:\/\/blogdobispo.com.br\/?p=3410#breadcrumb\"},\"inLanguage\":\"pt-BR\",\"potentialAction\":[{\"@type\":\"ReadAction\",\"target\":[\"https:\/\/blogdobispo.com.br\/?p=3410\"]}]},{\"@type\":\"ImageObject\",\"inLanguage\":\"pt-BR\",\"@id\":\"https:\/\/blogdobispo.com.br\/?p=3410#primaryimage\",\"url\":\"https:\/\/blogdobispo.com.br\/wp-content\/uploads\/2024\/05\/img_7159-1.jpg\",\"contentUrl\":\"https:\/\/blogdobispo.com.br\/wp-content\/uploads\/2024\/05\/img_7159-1.jpg\"},{\"@type\":\"BreadcrumbList\",\"@id\":\"https:\/\/blogdobispo.com.br\/?p=3410#breadcrumb\",\"itemListElement\":[{\"@type\":\"ListItem\",\"position\":1,\"name\":\"In\u00edcio\",\"item\":\"https:\/\/blogdobispo.com.br\/\"},{\"@type\":\"ListItem\",\"position\":2,\"name\":\"Presidente nacional do PSDB destaca for\u00e7a do partido no RN\"}]},{\"@type\":\"WebSite\",\"@id\":\"https:\/\/blogdobispo.com.br\/#website\",\"url\":\"https:\/\/blogdobispo.com.br\/\",\"name\":\"Blog do Bispo\",\"description\":\"Comprometido apenas com o leitor\",\"publisher\":{\"@id\":\"https:\/\/blogdobispo.com.br\/#organization\"},\"potentialAction\":[{\"@type\":\"SearchAction\",\"target\":{\"@type\":\"EntryPoint\",\"urlTemplate\":\"https:\/\/blogdobispo.com.br\/?s={search_term_string}\"},\"query-input\":{\"@type\":\"PropertyValueSpecification\",\"valueRequired\":true,\"valueName\":\"search_term_string\"}}],\"inLanguage\":\"pt-BR\"},{\"@type\":\"Organization\",\"@id\":\"https:\/\/blogdobispo.com.br\/#organization\",\"name\":\"Blog do Bispo\",\"url\":\"https:\/\/blogdobispo.com.br\/\",\"logo\":{\"@type\":\"ImageObject\",\"inLanguage\":\"pt-BR\",\"@id\":\"https:\/\/blogdobispo.com.br\/#\/schema\/logo\/image\/\",\"url\":\"http:\/\/blogdobispo.com.br\/wp-content\/uploads\/2023\/05\/cropped-headear.png\",\"contentUrl\":\"http:\/\/blogdobispo.com.br\/wp-content\/uploads\/2023\/05\/cropped-headear.png\",\"width\":1500,\"height\":399,\"caption\":\"Blog do Bispo\"},\"image\":{\"@id\":\"https:\/\/blogdobispo.com.br\/#\/schema\/logo\/image\/\"}},{\"@type\":\"Person\",\"@id\":\"https:\/\/blogdobispo.com.br\/#\/schema\/person\/e2209cc0e6cea5c5233d033e997b373f\",\"name\":\"Jefferson Sterfeno\",\"image\":{\"@type\":\"ImageObject\",\"inLanguage\":\"pt-BR\",\"@id\":\"https:\/\/blogdobispo.com.br\/#\/schema\/person\/image\/\",\"url\":\"https:\/\/secure.gravatar.com\/avatar\/0534e84764641168a677026b6d57a3f51dc7ac4db0b4f6186d9cb330d4ee1160?s=96&d=mm&r=g\",\"contentUrl\":\"https:\/\/secure.gravatar.com\/avatar\/0534e84764641168a677026b6d57a3f51dc7ac4db0b4f6186d9cb330d4ee1160?s=96&d=mm&r=g\",\"caption\":\"Jefferson Sterfeno\"},\"sameAs\":[\"http:\/\/blogdobispo.com.br\"],\"url\":\"https:\/\/blogdobispo.com.br\/?author=1\"}]}<\/script>\n<!-- \/ Yoast SEO plugin. -->","yoast_head_json":{"title":"Presidente nacional do PSDB destaca for\u00e7a do partido no RN - Blog do Bispo","robots":{"index":"index","follow":"follow","max-snippet":"max-snippet:-1","max-image-preview":"max-image-preview:large","max-video-preview":"max-video-preview:-1"},"canonical":"https:\/\/blogdobispo.com.br\/?p=3410","og_locale":"pt_BR","og_type":"article","og_title":"Presidente nacional do PSDB destaca for\u00e7a do partido no RN - Blog do Bispo","og_description":"O presidente nacional do PSDB, ex-senador Marconi Perillo, cumpriu agenda em Natal nesta sexta-feira (10). Em entrevista coletiva a imprensa, momentos antes de ato pol\u00edtico da legenda, o l\u00edder tucano destacou o crescimento da legenda no Estado e confirmou que o partido trabalha para disputar as elei\u00e7\u00f5es presidenciais em 2026. \u201cO PSDB tem uma extensa [&hellip;]","og_url":"https:\/\/blogdobispo.com.br\/?p=3410","og_site_name":"Blog do Bispo","article_published_time":"2024-05-11T03:47:41+00:00","og_image":[{"url":"https:\/\/blogdobispo.com.br\/wp-content\/uploads\/2024\/05\/img_7159-1.jpg","type":"","width":"","height":""}],"author":"Jefferson Sterfeno","twitter_card":"summary_large_image","twitter_misc":{"Escrito por":"Jefferson Sterfeno","Est. tempo de leitura":"3 minutos"},"schema":{"@context":"https:\/\/schema.org","@graph":[{"@type":"Article","@id":"https:\/\/blogdobispo.com.br\/?p=3410#article","isPartOf":{"@id":"https:\/\/blogdobispo.com.br\/?p=3410"},"author":{"name":"Jefferson Sterfeno","@id":"https:\/\/blogdobispo.com.br\/#\/schema\/person\/e2209cc0e6cea5c5233d033e997b373f"},"headline":"Presidente nacional do PSDB destaca for\u00e7a do partido no RN","datePublished":"2024-05-11T03:47:41+00:00","mainEntityOfPage":{"@id":"https:\/\/blogdobispo.com.br\/?p=3410"},"wordCount":560,"commentCount":0,"publisher":{"@id":"https:\/\/blogdobispo.com.br\/#organization"},"image":{"@id":"https:\/\/blogdobispo.com.br\/?p=3410#primaryimage"},"thumbnailUrl":"https:\/\/blogdobispo.com.br\/wp-content\/uploads\/2024\/05\/img_7159-1.jpg","articleSection":["diversos"],"inLanguage":"pt-BR","potentialAction":[{"@type":"CommentAction","name":"Comment","target":["https:\/\/blogdobispo.com.br\/?p=3410#respond"]}]},{"@type":"WebPage","@id":"https:\/\/blogdobispo.com.br\/?p=3410","url":"https:\/\/blogdobispo.com.br\/?p=3410","name":"Presidente nacional do PSDB destaca for\u00e7a do partido no RN - Blog do Bispo","isPartOf":{"@id":"https:\/\/blogdobispo.com.br\/#website"},"primaryImageOfPage":{"@id":"https:\/\/blogdobispo.com.br\/?p=3410#primaryimage"},"image":{"@id":"https:\/\/blogdobispo.com.br\/?p=3410#primaryimage"},"thumbnailUrl":"https:\/\/blogdobispo.com.br\/wp-content\/uploads\/2024\/05\/img_7159-1.jpg","datePublished":"2024-05-11T03:47:41+00:00","breadcrumb":{"@id":"https:\/\/blogdobispo.com.br\/?p=3410#breadcrumb"},"inLanguage":"pt-BR","potentialAction":[{"@type":"ReadAction","target":["https:\/\/blogdobispo.com.br\/?p=3410"]}]},{"@type":"ImageObject","inLanguage":"pt-BR","@id":"https:\/\/blogdobispo.com.br\/?p=3410#primaryimage","url":"https:\/\/blogdobispo.com.br\/wp-content\/uploads\/2024\/05\/img_7159-1.jpg","contentUrl":"https:\/\/blogdobispo.com.br\/wp-content\/uploads\/2024\/05\/img_7159-1.jpg"},{"@type":"BreadcrumbList","@id":"https:\/\/blogdobispo.com.br\/?p=3410#breadcrumb","itemListElement":[{"@type":"ListItem","position":1,"name":"In\u00edcio","item":"https:\/\/blogdobispo.com.br\/"},{"@type":"ListItem","position":2,"name":"Presidente nacional do PSDB destaca for\u00e7a do partido no RN"}]},{"@type":"WebSite","@id":"https:\/\/blogdobispo.com.br\/#website","url":"https:\/\/blogdobispo.com.br\/","name":"Blog do Bispo","description":"Comprometido apenas com o leitor","publisher":{"@id":"https:\/\/blogdobispo.com.br\/#organization"},"potentialAction":[{"@type":"SearchAction","target":{"@type":"EntryPoint","urlTemplate":"https:\/\/blogdobispo.com.br\/?s={search_term_string}"},"query-input":{"@type":"PropertyValueSpecification","valueRequired":true,"valueName":"search_term_string"}}],"inLanguage":"pt-BR"},{"@type":"Organization","@id":"https:\/\/blogdobispo.com.br\/#organization","name":"Blog do Bispo","url":"https:\/\/blogdobispo.com.br\/","logo":{"@type":"ImageObject","inLanguage":"pt-BR","@id":"https:\/\/blogdobispo.com.br\/#\/schema\/logo\/image\/","url":"http:\/\/blogdobispo.com.br\/wp-content\/uploads\/2023\/05\/cropped-headear.png","contentUrl":"http:\/\/blogdobispo.com.br\/wp-content\/uploads\/2023\/05\/cropped-headear.png","width":1500,"height":399,"caption":"Blog do Bispo"},"image":{"@id":"https:\/\/blogdobispo.com.br\/#\/schema\/logo\/image\/"}},{"@type":"Person","@id":"https:\/\/blogdobispo.com.br\/#\/schema\/person\/e2209cc0e6cea5c5233d033e997b373f","name":"Jefferson Sterfeno","image":{"@type":"ImageObject","inLanguage":"pt-BR","@id":"https:\/\/blogdobispo.com.br\/#\/schema\/person\/image\/","url":"https:\/\/secure.gravatar.com\/avatar\/0534e84764641168a677026b6d57a3f51dc7ac4db0b4f6186d9cb330d4ee1160?s=96&d=mm&r=g","contentUrl":"https:\/\/secure.gravatar.com\/avatar\/0534e84764641168a677026b6d57a3f51dc7ac4db0b4f6186d9cb330d4ee1160?s=96&d=mm&r=g","caption":"Jefferson Sterfeno"},"sameAs":["http:\/\/blogdobispo.com.br"],"url":"https:\/\/blogdobispo.com.br\/?author=1"}]}},"featured_image_urls":{"full":"","thumbnail":"","medium":"","medium_large":"","large":"","1536x1536":"","2048x2048":""},"author_info":{"display_name":"Jefferson Sterfeno","author_link":"https:\/\/blogdobispo.com.br\/?author=1"},"category_info":"<a href=\"https:\/\/blogdobispo.com.br\/?cat=1\" rel=\"category\">diversos<\/a>","tag_info":"diversos","comment_count":"0","jetpack_featured_media_url":"","jetpack_sharing_enabled":true,"_links":{"self":[{"href":"https:\/\/blogdobispo.com.br\/index.php?rest_route=\/wp\/v2\/posts\/3410","targetHints":{"allow":["GET"]}}],"collection":[{"href":"https:\/\/blogdobispo.com.br\/index.php?rest_route=\/wp\/v2\/posts"}],"about":[{"href":"https:\/\/blogdobispo.com.br\/index.php?rest_route=\/wp\/v2\/types\/post"}],"author":[{"embeddable":true,"href":"https:\/\/blogdobispo.com.br\/index.php?rest_route=\/wp\/v2\/users\/1"}],"replies":[{"embeddable":true,"href":"https:\/\/blogdobispo.com.br\/index.php?rest_route=%2Fwp%2Fv2%2Fcomments&post=3410"}],"version-history":[{"count":0,"href":"https:\/\/blogdobispo.com.br\/index.php?rest_route=\/wp\/v2\/posts\/3410\/revisions"}],"wp:attachment":[{"href":"https:\/\/blogdobispo.com.br\/index.php?rest_route=%2Fwp%2Fv2%2Fmedia&parent=3410"}],"wp:term":[{"taxonomy":"category","embeddable":true,"href":"https:\/\/blogdobispo.com.br\/index.php?rest_route=%2Fwp%2Fv2%2Fcategories&post=3410"},{"taxonomy":"post_tag","embeddable":true,"href":"https:\/\/blogdobispo.com.br\/index.php?rest_route=%2Fwp%2Fv2%2Ftags&post=3410"}],"curies":[{"name":"wp","href":"https:\/\/api.w.org\/{rel}","templated":true}]}}