{"id":3408,"date":"2024-05-11T03:45:23","date_gmt":"2024-05-11T03:45:23","guid":{"rendered":"https:\/\/blogdobispo.com.br\/?p=3408"},"modified":"2024-05-11T03:45:23","modified_gmt":"2024-05-11T03:45:23","slug":"presidente-nacional-do-psdb-e-ezequiel-anunciam-pre-candidatura-de-lawrence-amorim-a-prefeito-de-mossoro","status":"publish","type":"post","link":"https:\/\/blogdobispo.com.br\/?p=3408","title":{"rendered":"Presidente nacional do PSDB e Ezequiel anunciam pr\u00e9-candidatura de Lawrence Amorim a prefeito de Mossor\u00f3"},"content":{"rendered":"\n<p>&nbsp;presidente nacional do PSDB, Marconi Perillo, confirmou apoio da dire\u00e7\u00e3o nacional do partido \u00e0 pr\u00e9-candidatura a prefeito de Mossor\u00f3 do presidente da C\u00e2mara Municipal, Lawrence Amorim (PSDB). Perillo deu aval no \u201cEncontro com Tucanos Potiguares\u201d, hoje (10), no audit\u00f3rio Cortez Pereira, da Assembleia Legislativa, em Natal.<\/p>\n\n\n\n<p>\u201cLawrence Amorim. Cad\u00ea ele? Ali. Est\u00e3o me dizendo que vai ser o novo prefeito de Mossor\u00f3. Estamos juntos. O presidente Ezequiel est\u00e1 muito entusiasmado com isso e eu tamb\u00e9m estou. Pode contar\u201d, assegurou Marconi Perillo, ex-senador e ex-governador de Goi\u00e1s.<\/p>\n\n\n\n<p>O posicionamento refor\u00e7a a posi\u00e7\u00e3o do deputado estadual Ezequiel Ferreira, l\u00edder do PSDB potiguar. Em entrevista coletiva antes do evento partid\u00e1rio, o parlamentar disse que a pr\u00e9-candidatura de Lawrence nas elei\u00e7\u00f5es de 2024 come\u00e7ou a ser trabalhada, com perspectiva muito grande de fazer um arco de alian\u00e7as.<\/p>\n\n\n\n<p>\u201cPor Lawrence representar n\u00e3o s\u00f3 o novo, mas a efici\u00eancia na pol\u00edtica\u201d, frisou Ezequiel, ao destacar o protagonismo do PSDB no Rio Grande do Norte tamb\u00e9m nas elei\u00e7\u00f5es de 2024, por meio de candidaturas a prefeito, vice-prefeito e vereador em todas as regi\u00f5es do Estado.<\/p>\n\n\n\n<figure class=\"wp-block-image size-large\"><img data-recalc-dims=\"1\" fetchpriority=\"high\" decoding=\"async\" width=\"800\" height=\"534\" src=\"https:\/\/i0.wp.com\/blogdobispo.com.br\/wp-content\/uploads\/2024\/05\/img_7156.jpg?resize=800%2C534&#038;ssl=1\" class=\"wp-image-3407\" srcset=\"https:\/\/i0.wp.com\/blogdobispo.com.br\/wp-content\/uploads\/2024\/05\/img_7156.jpg?w=1024&amp;ssl=1 1024w, https:\/\/i0.wp.com\/blogdobispo.com.br\/wp-content\/uploads\/2024\/05\/img_7156.jpg?resize=300%2C200&amp;ssl=1 300w, https:\/\/i0.wp.com\/blogdobispo.com.br\/wp-content\/uploads\/2024\/05\/img_7156.jpg?resize=768%2C512&amp;ssl=1 768w\" sizes=\"(max-width: 800px) 100vw, 800px\" \/><\/figure>\n","protected":false},"excerpt":{"rendered":"<p>&nbsp;presidente nacional do PSDB, Marconi Perillo, confirmou apoio da dire\u00e7\u00e3o nacional do partido \u00e0 pr\u00e9-candidatura a prefeito de Mossor\u00f3 do presidente da C\u00e2mara Municipal, Lawrence Amorim (PSDB). Perillo deu aval no \u201cEncontro com Tucanos Potiguares\u201d, hoje (10), no audit\u00f3rio Cortez Pereira, da Assembleia Legislativa, em Natal. \u201cLawrence Amorim. Cad\u00ea ele? Ali. Est\u00e3o me dizendo que [&hellip;]<\/p>\n","protected":false},"author":1,"featured_media":0,"comment_status":"open","ping_status":"open","sticky":false,"template":"","format":"standard","meta":{"cybocfi_hide_featured_image":"","_jetpack_memberships_contains_paid_content":false,"footnotes":""},"categories":[1],"tags":[],"class_list":["post-3408","post","type-post","status-publish","format-standard","hentry","category-diversos"],"yoast_head":"<!-- This site is optimized with the Yoast SEO plugin v25.6 - https:\/\/yoast.com\/wordpress\/plugins\/seo\/ -->\n<title>Presidente nacional do PSDB e Ezequiel anunciam pr\u00e9-candidatura de Lawrence Amorim a prefeito de Mossor\u00f3 - Blog do Bispo<\/title>\n<meta name=\"robots\" content=\"index, follow, max-snippet:-1, max-image-preview:large, max-video-preview:-1\" \/>\n<link rel=\"canonical\" href=\"https:\/\/blogdobispo.com.br\/?p=3408\" \/>\n<meta property=\"og:locale\" content=\"pt_BR\" \/>\n<meta property=\"og:type\" content=\"article\" \/>\n<meta property=\"og:title\" content=\"Presidente nacional do PSDB e Ezequiel anunciam pr\u00e9-candidatura de Lawrence Amorim a prefeito de Mossor\u00f3 - Blog do Bispo\" \/>\n<meta property=\"og:description\" content=\"&nbsp;presidente nacional do PSDB, Marconi Perillo, confirmou apoio da dire\u00e7\u00e3o nacional do partido \u00e0 pr\u00e9-candidatura a prefeito de Mossor\u00f3 do presidente da C\u00e2mara Municipal, Lawrence Amorim (PSDB). Perillo deu aval no \u201cEncontro com Tucanos Potiguares\u201d, hoje (10), no audit\u00f3rio Cortez Pereira, da Assembleia Legislativa, em Natal. \u201cLawrence Amorim. Cad\u00ea ele? Ali. Est\u00e3o me dizendo que [&hellip;]\" \/>\n<meta property=\"og:url\" content=\"https:\/\/blogdobispo.com.br\/?p=3408\" \/>\n<meta property=\"og:site_name\" content=\"Blog do Bispo\" \/>\n<meta property=\"article:published_time\" content=\"2024-05-11T03:45:23+00:00\" \/>\n<meta property=\"og:image\" content=\"https:\/\/blogdobispo.com.br\/wp-content\/uploads\/2024\/05\/img_7156.jpg\" \/>\n<meta name=\"author\" content=\"Jefferson Sterfeno\" \/>\n<meta name=\"twitter:card\" content=\"summary_large_image\" \/>\n<meta name=\"twitter:label1\" content=\"Escrito por\" \/>\n\t<meta name=\"twitter:data1\" content=\"Jefferson Sterfeno\" \/>\n\t<meta name=\"twitter:label2\" content=\"Est. tempo de leitura\" \/>\n\t<meta name=\"twitter:data2\" content=\"1 minuto\" \/>\n<script type=\"application\/ld+json\" class=\"yoast-schema-graph\">{\"@context\":\"https:\/\/schema.org\",\"@graph\":[{\"@type\":\"Article\",\"@id\":\"https:\/\/blogdobispo.com.br\/?p=3408#article\",\"isPartOf\":{\"@id\":\"https:\/\/blogdobispo.com.br\/?p=3408\"},\"author\":{\"name\":\"Jefferson Sterfeno\",\"@id\":\"https:\/\/blogdobispo.com.br\/#\/schema\/person\/e2209cc0e6cea5c5233d033e997b373f\"},\"headline\":\"Presidente nacional do PSDB e Ezequiel anunciam pr\u00e9-candidatura de Lawrence Amorim a prefeito de Mossor\u00f3\",\"datePublished\":\"2024-05-11T03:45:23+00:00\",\"mainEntityOfPage\":{\"@id\":\"https:\/\/blogdobispo.com.br\/?p=3408\"},\"wordCount\":212,\"commentCount\":0,\"publisher\":{\"@id\":\"https:\/\/blogdobispo.com.br\/#organization\"},\"image\":{\"@id\":\"https:\/\/blogdobispo.com.br\/?p=3408#primaryimage\"},\"thumbnailUrl\":\"https:\/\/blogdobispo.com.br\/wp-content\/uploads\/2024\/05\/img_7156.jpg\",\"articleSection\":[\"diversos\"],\"inLanguage\":\"pt-BR\",\"potentialAction\":[{\"@type\":\"CommentAction\",\"name\":\"Comment\",\"target\":[\"https:\/\/blogdobispo.com.br\/?p=3408#respond\"]}]},{\"@type\":\"WebPage\",\"@id\":\"https:\/\/blogdobispo.com.br\/?p=3408\",\"url\":\"https:\/\/blogdobispo.com.br\/?p=3408\",\"name\":\"Presidente nacional do PSDB e Ezequiel anunciam pr\u00e9-candidatura de Lawrence Amorim a prefeito de Mossor\u00f3 - Blog do Bispo\",\"isPartOf\":{\"@id\":\"https:\/\/blogdobispo.com.br\/#website\"},\"primaryImageOfPage\":{\"@id\":\"https:\/\/blogdobispo.com.br\/?p=3408#primaryimage\"},\"image\":{\"@id\":\"https:\/\/blogdobispo.com.br\/?p=3408#primaryimage\"},\"thumbnailUrl\":\"https:\/\/blogdobispo.com.br\/wp-content\/uploads\/2024\/05\/img_7156.jpg\",\"datePublished\":\"2024-05-11T03:45:23+00:00\",\"breadcrumb\":{\"@id\":\"https:\/\/blogdobispo.com.br\/?p=3408#breadcrumb\"},\"inLanguage\":\"pt-BR\",\"potentialAction\":[{\"@type\":\"ReadAction\",\"target\":[\"https:\/\/blogdobispo.com.br\/?p=3408\"]}]},{\"@type\":\"ImageObject\",\"inLanguage\":\"pt-BR\",\"@id\":\"https:\/\/blogdobispo.com.br\/?p=3408#primaryimage\",\"url\":\"https:\/\/blogdobispo.com.br\/wp-content\/uploads\/2024\/05\/img_7156.jpg\",\"contentUrl\":\"https:\/\/blogdobispo.com.br\/wp-content\/uploads\/2024\/05\/img_7156.jpg\"},{\"@type\":\"BreadcrumbList\",\"@id\":\"https:\/\/blogdobispo.com.br\/?p=3408#breadcrumb\",\"itemListElement\":[{\"@type\":\"ListItem\",\"position\":1,\"name\":\"In\u00edcio\",\"item\":\"https:\/\/blogdobispo.com.br\/\"},{\"@type\":\"ListItem\",\"position\":2,\"name\":\"Presidente nacional do PSDB e Ezequiel anunciam pr\u00e9-candidatura de Lawrence Amorim a prefeito de Mossor\u00f3\"}]},{\"@type\":\"WebSite\",\"@id\":\"https:\/\/blogdobispo.com.br\/#website\",\"url\":\"https:\/\/blogdobispo.com.br\/\",\"name\":\"Blog do Bispo\",\"description\":\"Comprometido apenas com o leitor\",\"publisher\":{\"@id\":\"https:\/\/blogdobispo.com.br\/#organization\"},\"potentialAction\":[{\"@type\":\"SearchAction\",\"target\":{\"@type\":\"EntryPoint\",\"urlTemplate\":\"https:\/\/blogdobispo.com.br\/?s={search_term_string}\"},\"query-input\":{\"@type\":\"PropertyValueSpecification\",\"valueRequired\":true,\"valueName\":\"search_term_string\"}}],\"inLanguage\":\"pt-BR\"},{\"@type\":\"Organization\",\"@id\":\"https:\/\/blogdobispo.com.br\/#organization\",\"name\":\"Blog do Bispo\",\"url\":\"https:\/\/blogdobispo.com.br\/\",\"logo\":{\"@type\":\"ImageObject\",\"inLanguage\":\"pt-BR\",\"@id\":\"https:\/\/blogdobispo.com.br\/#\/schema\/logo\/image\/\",\"url\":\"http:\/\/blogdobispo.com.br\/wp-content\/uploads\/2023\/05\/cropped-headear.png\",\"contentUrl\":\"http:\/\/blogdobispo.com.br\/wp-content\/uploads\/2023\/05\/cropped-headear.png\",\"width\":1500,\"height\":399,\"caption\":\"Blog do Bispo\"},\"image\":{\"@id\":\"https:\/\/blogdobispo.com.br\/#\/schema\/logo\/image\/\"}},{\"@type\":\"Person\",\"@id\":\"https:\/\/blogdobispo.com.br\/#\/schema\/person\/e2209cc0e6cea5c5233d033e997b373f\",\"name\":\"Jefferson Sterfeno\",\"image\":{\"@type\":\"ImageObject\",\"inLanguage\":\"pt-BR\",\"@id\":\"https:\/\/blogdobispo.com.br\/#\/schema\/person\/image\/\",\"url\":\"https:\/\/secure.gravatar.com\/avatar\/0534e84764641168a677026b6d57a3f51dc7ac4db0b4f6186d9cb330d4ee1160?s=96&d=mm&r=g\",\"contentUrl\":\"https:\/\/secure.gravatar.com\/avatar\/0534e84764641168a677026b6d57a3f51dc7ac4db0b4f6186d9cb330d4ee1160?s=96&d=mm&r=g\",\"caption\":\"Jefferson Sterfeno\"},\"sameAs\":[\"http:\/\/blogdobispo.com.br\"],\"url\":\"https:\/\/blogdobispo.com.br\/?author=1\"}]}<\/script>\n<!-- \/ Yoast SEO plugin. -->","yoast_head_json":{"title":"Presidente nacional do PSDB e Ezequiel anunciam pr\u00e9-candidatura de Lawrence Amorim a prefeito de Mossor\u00f3 - Blog do Bispo","robots":{"index":"index","follow":"follow","max-snippet":"max-snippet:-1","max-image-preview":"max-image-preview:large","max-video-preview":"max-video-preview:-1"},"canonical":"https:\/\/blogdobispo.com.br\/?p=3408","og_locale":"pt_BR","og_type":"article","og_title":"Presidente nacional do PSDB e Ezequiel anunciam pr\u00e9-candidatura de Lawrence Amorim a prefeito de Mossor\u00f3 - Blog do Bispo","og_description":"&nbsp;presidente nacional do PSDB, Marconi Perillo, confirmou apoio da dire\u00e7\u00e3o nacional do partido \u00e0 pr\u00e9-candidatura a prefeito de Mossor\u00f3 do presidente da C\u00e2mara Municipal, Lawrence Amorim (PSDB). Perillo deu aval no \u201cEncontro com Tucanos Potiguares\u201d, hoje (10), no audit\u00f3rio Cortez Pereira, da Assembleia Legislativa, em Natal. \u201cLawrence Amorim. Cad\u00ea ele? Ali. Est\u00e3o me dizendo que [&hellip;]","og_url":"https:\/\/blogdobispo.com.br\/?p=3408","og_site_name":"Blog do Bispo","article_published_time":"2024-05-11T03:45:23+00:00","og_image":[{"url":"https:\/\/blogdobispo.com.br\/wp-content\/uploads\/2024\/05\/img_7156.jpg","type":"","width":"","height":""}],"author":"Jefferson Sterfeno","twitter_card":"summary_large_image","twitter_misc":{"Escrito por":"Jefferson Sterfeno","Est. tempo de leitura":"1 minuto"},"schema":{"@context":"https:\/\/schema.org","@graph":[{"@type":"Article","@id":"https:\/\/blogdobispo.com.br\/?p=3408#article","isPartOf":{"@id":"https:\/\/blogdobispo.com.br\/?p=3408"},"author":{"name":"Jefferson Sterfeno","@id":"https:\/\/blogdobispo.com.br\/#\/schema\/person\/e2209cc0e6cea5c5233d033e997b373f"},"headline":"Presidente nacional do PSDB e Ezequiel anunciam pr\u00e9-candidatura de Lawrence Amorim a prefeito de Mossor\u00f3","datePublished":"2024-05-11T03:45:23+00:00","mainEntityOfPage":{"@id":"https:\/\/blogdobispo.com.br\/?p=3408"},"wordCount":212,"commentCount":0,"publisher":{"@id":"https:\/\/blogdobispo.com.br\/#organization"},"image":{"@id":"https:\/\/blogdobispo.com.br\/?p=3408#primaryimage"},"thumbnailUrl":"https:\/\/blogdobispo.com.br\/wp-content\/uploads\/2024\/05\/img_7156.jpg","articleSection":["diversos"],"inLanguage":"pt-BR","potentialAction":[{"@type":"CommentAction","name":"Comment","target":["https:\/\/blogdobispo.com.br\/?p=3408#respond"]}]},{"@type":"WebPage","@id":"https:\/\/blogdobispo.com.br\/?p=3408","url":"https:\/\/blogdobispo.com.br\/?p=3408","name":"Presidente nacional do PSDB e Ezequiel anunciam pr\u00e9-candidatura de Lawrence Amorim a prefeito de Mossor\u00f3 - Blog do Bispo","isPartOf":{"@id":"https:\/\/blogdobispo.com.br\/#website"},"primaryImageOfPage":{"@id":"https:\/\/blogdobispo.com.br\/?p=3408#primaryimage"},"image":{"@id":"https:\/\/blogdobispo.com.br\/?p=3408#primaryimage"},"thumbnailUrl":"https:\/\/blogdobispo.com.br\/wp-content\/uploads\/2024\/05\/img_7156.jpg","datePublished":"2024-05-11T03:45:23+00:00","breadcrumb":{"@id":"https:\/\/blogdobispo.com.br\/?p=3408#breadcrumb"},"inLanguage":"pt-BR","potentialAction":[{"@type":"ReadAction","target":["https:\/\/blogdobispo.com.br\/?p=3408"]}]},{"@type":"ImageObject","inLanguage":"pt-BR","@id":"https:\/\/blogdobispo.com.br\/?p=3408#primaryimage","url":"https:\/\/blogdobispo.com.br\/wp-content\/uploads\/2024\/05\/img_7156.jpg","contentUrl":"https:\/\/blogdobispo.com.br\/wp-content\/uploads\/2024\/05\/img_7156.jpg"},{"@type":"BreadcrumbList","@id":"https:\/\/blogdobispo.com.br\/?p=3408#breadcrumb","itemListElement":[{"@type":"ListItem","position":1,"name":"In\u00edcio","item":"https:\/\/blogdobispo.com.br\/"},{"@type":"ListItem","position":2,"name":"Presidente nacional do PSDB e Ezequiel anunciam pr\u00e9-candidatura de Lawrence Amorim a prefeito de Mossor\u00f3"}]},{"@type":"WebSite","@id":"https:\/\/blogdobispo.com.br\/#website","url":"https:\/\/blogdobispo.com.br\/","name":"Blog do Bispo","description":"Comprometido apenas com o leitor","publisher":{"@id":"https:\/\/blogdobispo.com.br\/#organization"},"potentialAction":[{"@type":"SearchAction","target":{"@type":"EntryPoint","urlTemplate":"https:\/\/blogdobispo.com.br\/?s={search_term_string}"},"query-input":{"@type":"PropertyValueSpecification","valueRequired":true,"valueName":"search_term_string"}}],"inLanguage":"pt-BR"},{"@type":"Organization","@id":"https:\/\/blogdobispo.com.br\/#organization","name":"Blog do Bispo","url":"https:\/\/blogdobispo.com.br\/","logo":{"@type":"ImageObject","inLanguage":"pt-BR","@id":"https:\/\/blogdobispo.com.br\/#\/schema\/logo\/image\/","url":"http:\/\/blogdobispo.com.br\/wp-content\/uploads\/2023\/05\/cropped-headear.png","contentUrl":"http:\/\/blogdobispo.com.br\/wp-content\/uploads\/2023\/05\/cropped-headear.png","width":1500,"height":399,"caption":"Blog do Bispo"},"image":{"@id":"https:\/\/blogdobispo.com.br\/#\/schema\/logo\/image\/"}},{"@type":"Person","@id":"https:\/\/blogdobispo.com.br\/#\/schema\/person\/e2209cc0e6cea5c5233d033e997b373f","name":"Jefferson Sterfeno","image":{"@type":"ImageObject","inLanguage":"pt-BR","@id":"https:\/\/blogdobispo.com.br\/#\/schema\/person\/image\/","url":"https:\/\/secure.gravatar.com\/avatar\/0534e84764641168a677026b6d57a3f51dc7ac4db0b4f6186d9cb330d4ee1160?s=96&d=mm&r=g","contentUrl":"https:\/\/secure.gravatar.com\/avatar\/0534e84764641168a677026b6d57a3f51dc7ac4db0b4f6186d9cb330d4ee1160?s=96&d=mm&r=g","caption":"Jefferson Sterfeno"},"sameAs":["http:\/\/blogdobispo.com.br"],"url":"https:\/\/blogdobispo.com.br\/?author=1"}]}},"featured_image_urls":{"full":"","thumbnail":"","medium":"","medium_large":"","large":"","1536x1536":"","2048x2048":""},"author_info":{"display_name":"Jefferson Sterfeno","author_link":"https:\/\/blogdobispo.com.br\/?author=1"},"category_info":"<a href=\"https:\/\/blogdobispo.com.br\/?cat=1\" rel=\"category\">diversos<\/a>","tag_info":"diversos","comment_count":"0","jetpack_featured_media_url":"","jetpack_sharing_enabled":true,"_links":{"self":[{"href":"https:\/\/blogdobispo.com.br\/index.php?rest_route=\/wp\/v2\/posts\/3408","targetHints":{"allow":["GET"]}}],"collection":[{"href":"https:\/\/blogdobispo.com.br\/index.php?rest_route=\/wp\/v2\/posts"}],"about":[{"href":"https:\/\/blogdobispo.com.br\/index.php?rest_route=\/wp\/v2\/types\/post"}],"author":[{"embeddable":true,"href":"https:\/\/blogdobispo.com.br\/index.php?rest_route=\/wp\/v2\/users\/1"}],"replies":[{"embeddable":true,"href":"https:\/\/blogdobispo.com.br\/index.php?rest_route=%2Fwp%2Fv2%2Fcomments&post=3408"}],"version-history":[{"count":0,"href":"https:\/\/blogdobispo.com.br\/index.php?rest_route=\/wp\/v2\/posts\/3408\/revisions"}],"wp:attachment":[{"href":"https:\/\/blogdobispo.com.br\/index.php?rest_route=%2Fwp%2Fv2%2Fmedia&parent=3408"}],"wp:term":[{"taxonomy":"category","embeddable":true,"href":"https:\/\/blogdobispo.com.br\/index.php?rest_route=%2Fwp%2Fv2%2Fcategories&post=3408"},{"taxonomy":"post_tag","embeddable":true,"href":"https:\/\/blogdobispo.com.br\/index.php?rest_route=%2Fwp%2Fv2%2Ftags&post=3408"}],"curies":[{"name":"wp","href":"https:\/\/api.w.org\/{rel}","templated":true}]}}