{"id":3400,"date":"2024-05-09T14:06:36","date_gmt":"2024-05-09T14:06:36","guid":{"rendered":"https:\/\/blogdobispo.com.br\/?p=3400"},"modified":"2024-05-09T14:06:36","modified_gmt":"2024-05-09T14:06:36","slug":"paulinho-freire-e-joanna-guerra-visitam-presidente-da-assembleia-de-deus-do-rn-pastor-martin-alves","status":"publish","type":"post","link":"https:\/\/blogdobispo.com.br\/?p=3400","title":{"rendered":"Paulinho Freire e Joanna Guerra visitam presidente da Assembleia de Deus do RN, Pastor Martin Alves&nbsp;"},"content":{"rendered":"\n<figure class=\"wp-block-image size-large\"><img data-recalc-dims=\"1\" fetchpriority=\"high\" decoding=\"async\" width=\"800\" height=\"598\" src=\"https:\/\/i0.wp.com\/blogdobispo.com.br\/wp-content\/uploads\/2024\/05\/e2c5de86-e270-45a3-933c-23a2a2a8be3f-1-1024x766.jpg?resize=800%2C598&#038;ssl=1\" class=\"wp-image-3399\" srcset=\"https:\/\/i0.wp.com\/blogdobispo.com.br\/wp-content\/uploads\/2024\/05\/e2c5de86-e270-45a3-933c-23a2a2a8be3f-1.jpg?resize=1024%2C766&amp;ssl=1 1024w, https:\/\/i0.wp.com\/blogdobispo.com.br\/wp-content\/uploads\/2024\/05\/e2c5de86-e270-45a3-933c-23a2a2a8be3f-1.jpg?resize=300%2C225&amp;ssl=1 300w, https:\/\/i0.wp.com\/blogdobispo.com.br\/wp-content\/uploads\/2024\/05\/e2c5de86-e270-45a3-933c-23a2a2a8be3f-1.jpg?resize=768%2C575&amp;ssl=1 768w, https:\/\/i0.wp.com\/blogdobispo.com.br\/wp-content\/uploads\/2024\/05\/e2c5de86-e270-45a3-933c-23a2a2a8be3f-1.jpg?w=1280&amp;ssl=1 1280w\" sizes=\"(max-width: 800px) 100vw, 800px\" \/><\/figure>\n\n\n\n<p><\/p>\n\n\n\n<p>O presidente da Assembleia de Deus do Rio Grande do Norte, pastor Martin Alves da Silva, recebeu o pr\u00e9-candidato a prefeito de Natal, deputado federal Paulinho Freire (Uni\u00e3o Brasil) e a secret\u00e1ria de planejamento e pr\u00e9-candidata a vice-prefeita de Natal, Joanna Guerra (Republicanos).<\/p>\n\n\n\n<p>O encontro ocorreu no templo central da igreja, localizado no bairro do Alecrim. Tamb\u00e9m estiveram com Paulinho e Joanna o prefeito de Natal, \u00c1lvaro Dias (Republicanos), o presidente da C\u00e2mara Municipal de Natal, vereador Eriko Ja\u0301come (PP), a vereadora Camila Ara\u00fajo (Uni\u00e3o Brasil) e o ex-deputado estadual, Albert Dickson (PSDB).<\/p>\n\n\n\n<p>Paulinho Freire avaliou de forma positiva o encontro. \u201cQuero agradecer ao pastor Martin pela calorosa recep\u00e7\u00e3o, por partilhar conosco a palavra de Deus e seu bem-querer por Natal\u201d, disse o pr\u00e9-candidato.<\/p>\n","protected":false},"excerpt":{"rendered":"<p>O presidente da Assembleia de Deus do Rio Grande do Norte, pastor Martin Alves da Silva, recebeu o pr\u00e9-candidato a prefeito de Natal, deputado federal Paulinho Freire (Uni\u00e3o Brasil) e a secret\u00e1ria de planejamento e pr\u00e9-candidata a vice-prefeita de Natal, Joanna Guerra (Republicanos). O encontro ocorreu no templo central da igreja, localizado no bairro do [&hellip;]<\/p>\n","protected":false},"author":1,"featured_media":0,"comment_status":"open","ping_status":"open","sticky":false,"template":"","format":"standard","meta":{"cybocfi_hide_featured_image":"","_jetpack_memberships_contains_paid_content":false,"footnotes":""},"categories":[1],"tags":[],"class_list":["post-3400","post","type-post","status-publish","format-standard","hentry","category-diversos"],"yoast_head":"<!-- This site is optimized with the Yoast SEO plugin v25.6 - https:\/\/yoast.com\/wordpress\/plugins\/seo\/ -->\n<title>Paulinho Freire e Joanna Guerra visitam presidente da Assembleia de Deus do RN, Pastor Martin Alves&nbsp; - Blog do Bispo<\/title>\n<meta name=\"robots\" content=\"index, follow, max-snippet:-1, max-image-preview:large, max-video-preview:-1\" \/>\n<link rel=\"canonical\" href=\"https:\/\/blogdobispo.com.br\/?p=3400\" \/>\n<meta property=\"og:locale\" content=\"pt_BR\" \/>\n<meta property=\"og:type\" content=\"article\" \/>\n<meta property=\"og:title\" content=\"Paulinho Freire e Joanna Guerra visitam presidente da Assembleia de Deus do RN, Pastor Martin Alves&nbsp; - Blog do Bispo\" \/>\n<meta property=\"og:description\" content=\"O presidente da Assembleia de Deus do Rio Grande do Norte, pastor Martin Alves da Silva, recebeu o pr\u00e9-candidato a prefeito de Natal, deputado federal Paulinho Freire (Uni\u00e3o Brasil) e a secret\u00e1ria de planejamento e pr\u00e9-candidata a vice-prefeita de Natal, Joanna Guerra (Republicanos). O encontro ocorreu no templo central da igreja, localizado no bairro do [&hellip;]\" \/>\n<meta property=\"og:url\" content=\"https:\/\/blogdobispo.com.br\/?p=3400\" \/>\n<meta property=\"og:site_name\" content=\"Blog do Bispo\" \/>\n<meta property=\"article:published_time\" content=\"2024-05-09T14:06:36+00:00\" \/>\n<meta property=\"og:image\" content=\"https:\/\/blogdobispo.com.br\/wp-content\/uploads\/2024\/05\/e2c5de86-e270-45a3-933c-23a2a2a8be3f-1-1024x766.jpg\" \/>\n<meta name=\"author\" content=\"Jefferson Sterfeno\" \/>\n<meta name=\"twitter:card\" content=\"summary_large_image\" \/>\n<meta name=\"twitter:label1\" content=\"Escrito por\" \/>\n\t<meta name=\"twitter:data1\" content=\"Jefferson Sterfeno\" \/>\n\t<meta name=\"twitter:label2\" content=\"Est. tempo de leitura\" \/>\n\t<meta name=\"twitter:data2\" content=\"1 minuto\" \/>\n<script type=\"application\/ld+json\" class=\"yoast-schema-graph\">{\"@context\":\"https:\/\/schema.org\",\"@graph\":[{\"@type\":\"Article\",\"@id\":\"https:\/\/blogdobispo.com.br\/?p=3400#article\",\"isPartOf\":{\"@id\":\"https:\/\/blogdobispo.com.br\/?p=3400\"},\"author\":{\"name\":\"Jefferson Sterfeno\",\"@id\":\"https:\/\/blogdobispo.com.br\/#\/schema\/person\/e2209cc0e6cea5c5233d033e997b373f\"},\"headline\":\"Paulinho Freire e Joanna Guerra visitam presidente da Assembleia de Deus do RN, Pastor Martin Alves&nbsp;\",\"datePublished\":\"2024-05-09T14:06:36+00:00\",\"mainEntityOfPage\":{\"@id\":\"https:\/\/blogdobispo.com.br\/?p=3400\"},\"wordCount\":152,\"commentCount\":0,\"publisher\":{\"@id\":\"https:\/\/blogdobispo.com.br\/#organization\"},\"image\":{\"@id\":\"https:\/\/blogdobispo.com.br\/?p=3400#primaryimage\"},\"thumbnailUrl\":\"https:\/\/blogdobispo.com.br\/wp-content\/uploads\/2024\/05\/e2c5de86-e270-45a3-933c-23a2a2a8be3f-1-1024x766.jpg\",\"articleSection\":[\"diversos\"],\"inLanguage\":\"pt-BR\",\"potentialAction\":[{\"@type\":\"CommentAction\",\"name\":\"Comment\",\"target\":[\"https:\/\/blogdobispo.com.br\/?p=3400#respond\"]}]},{\"@type\":\"WebPage\",\"@id\":\"https:\/\/blogdobispo.com.br\/?p=3400\",\"url\":\"https:\/\/blogdobispo.com.br\/?p=3400\",\"name\":\"Paulinho Freire e Joanna Guerra visitam presidente da Assembleia de Deus do RN, Pastor Martin Alves&nbsp; - Blog do Bispo\",\"isPartOf\":{\"@id\":\"https:\/\/blogdobispo.com.br\/#website\"},\"primaryImageOfPage\":{\"@id\":\"https:\/\/blogdobispo.com.br\/?p=3400#primaryimage\"},\"image\":{\"@id\":\"https:\/\/blogdobispo.com.br\/?p=3400#primaryimage\"},\"thumbnailUrl\":\"https:\/\/blogdobispo.com.br\/wp-content\/uploads\/2024\/05\/e2c5de86-e270-45a3-933c-23a2a2a8be3f-1-1024x766.jpg\",\"datePublished\":\"2024-05-09T14:06:36+00:00\",\"breadcrumb\":{\"@id\":\"https:\/\/blogdobispo.com.br\/?p=3400#breadcrumb\"},\"inLanguage\":\"pt-BR\",\"potentialAction\":[{\"@type\":\"ReadAction\",\"target\":[\"https:\/\/blogdobispo.com.br\/?p=3400\"]}]},{\"@type\":\"ImageObject\",\"inLanguage\":\"pt-BR\",\"@id\":\"https:\/\/blogdobispo.com.br\/?p=3400#primaryimage\",\"url\":\"https:\/\/blogdobispo.com.br\/wp-content\/uploads\/2024\/05\/e2c5de86-e270-45a3-933c-23a2a2a8be3f-1-1024x766.jpg\",\"contentUrl\":\"https:\/\/blogdobispo.com.br\/wp-content\/uploads\/2024\/05\/e2c5de86-e270-45a3-933c-23a2a2a8be3f-1-1024x766.jpg\"},{\"@type\":\"BreadcrumbList\",\"@id\":\"https:\/\/blogdobispo.com.br\/?p=3400#breadcrumb\",\"itemListElement\":[{\"@type\":\"ListItem\",\"position\":1,\"name\":\"In\u00edcio\",\"item\":\"https:\/\/blogdobispo.com.br\/\"},{\"@type\":\"ListItem\",\"position\":2,\"name\":\"Paulinho Freire e Joanna Guerra visitam presidente da Assembleia de Deus do RN, Pastor Martin Alves&nbsp;\"}]},{\"@type\":\"WebSite\",\"@id\":\"https:\/\/blogdobispo.com.br\/#website\",\"url\":\"https:\/\/blogdobispo.com.br\/\",\"name\":\"Blog do Bispo\",\"description\":\"Comprometido apenas com o leitor\",\"publisher\":{\"@id\":\"https:\/\/blogdobispo.com.br\/#organization\"},\"potentialAction\":[{\"@type\":\"SearchAction\",\"target\":{\"@type\":\"EntryPoint\",\"urlTemplate\":\"https:\/\/blogdobispo.com.br\/?s={search_term_string}\"},\"query-input\":{\"@type\":\"PropertyValueSpecification\",\"valueRequired\":true,\"valueName\":\"search_term_string\"}}],\"inLanguage\":\"pt-BR\"},{\"@type\":\"Organization\",\"@id\":\"https:\/\/blogdobispo.com.br\/#organization\",\"name\":\"Blog do Bispo\",\"url\":\"https:\/\/blogdobispo.com.br\/\",\"logo\":{\"@type\":\"ImageObject\",\"inLanguage\":\"pt-BR\",\"@id\":\"https:\/\/blogdobispo.com.br\/#\/schema\/logo\/image\/\",\"url\":\"http:\/\/blogdobispo.com.br\/wp-content\/uploads\/2023\/05\/cropped-headear.png\",\"contentUrl\":\"http:\/\/blogdobispo.com.br\/wp-content\/uploads\/2023\/05\/cropped-headear.png\",\"width\":1500,\"height\":399,\"caption\":\"Blog do Bispo\"},\"image\":{\"@id\":\"https:\/\/blogdobispo.com.br\/#\/schema\/logo\/image\/\"}},{\"@type\":\"Person\",\"@id\":\"https:\/\/blogdobispo.com.br\/#\/schema\/person\/e2209cc0e6cea5c5233d033e997b373f\",\"name\":\"Jefferson Sterfeno\",\"image\":{\"@type\":\"ImageObject\",\"inLanguage\":\"pt-BR\",\"@id\":\"https:\/\/blogdobispo.com.br\/#\/schema\/person\/image\/\",\"url\":\"https:\/\/secure.gravatar.com\/avatar\/0534e84764641168a677026b6d57a3f51dc7ac4db0b4f6186d9cb330d4ee1160?s=96&d=mm&r=g\",\"contentUrl\":\"https:\/\/secure.gravatar.com\/avatar\/0534e84764641168a677026b6d57a3f51dc7ac4db0b4f6186d9cb330d4ee1160?s=96&d=mm&r=g\",\"caption\":\"Jefferson Sterfeno\"},\"sameAs\":[\"http:\/\/blogdobispo.com.br\"],\"url\":\"https:\/\/blogdobispo.com.br\/?author=1\"}]}<\/script>\n<!-- \/ Yoast SEO plugin. -->","yoast_head_json":{"title":"Paulinho Freire e Joanna Guerra visitam presidente da Assembleia de Deus do RN, Pastor Martin Alves&nbsp; - Blog do Bispo","robots":{"index":"index","follow":"follow","max-snippet":"max-snippet:-1","max-image-preview":"max-image-preview:large","max-video-preview":"max-video-preview:-1"},"canonical":"https:\/\/blogdobispo.com.br\/?p=3400","og_locale":"pt_BR","og_type":"article","og_title":"Paulinho Freire e Joanna Guerra visitam presidente da Assembleia de Deus do RN, Pastor Martin Alves&nbsp; - Blog do Bispo","og_description":"O presidente da Assembleia de Deus do Rio Grande do Norte, pastor Martin Alves da Silva, recebeu o pr\u00e9-candidato a prefeito de Natal, deputado federal Paulinho Freire (Uni\u00e3o Brasil) e a secret\u00e1ria de planejamento e pr\u00e9-candidata a vice-prefeita de Natal, Joanna Guerra (Republicanos). O encontro ocorreu no templo central da igreja, localizado no bairro do [&hellip;]","og_url":"https:\/\/blogdobispo.com.br\/?p=3400","og_site_name":"Blog do Bispo","article_published_time":"2024-05-09T14:06:36+00:00","og_image":[{"url":"https:\/\/blogdobispo.com.br\/wp-content\/uploads\/2024\/05\/e2c5de86-e270-45a3-933c-23a2a2a8be3f-1-1024x766.jpg","type":"","width":"","height":""}],"author":"Jefferson Sterfeno","twitter_card":"summary_large_image","twitter_misc":{"Escrito por":"Jefferson Sterfeno","Est. tempo de leitura":"1 minuto"},"schema":{"@context":"https:\/\/schema.org","@graph":[{"@type":"Article","@id":"https:\/\/blogdobispo.com.br\/?p=3400#article","isPartOf":{"@id":"https:\/\/blogdobispo.com.br\/?p=3400"},"author":{"name":"Jefferson Sterfeno","@id":"https:\/\/blogdobispo.com.br\/#\/schema\/person\/e2209cc0e6cea5c5233d033e997b373f"},"headline":"Paulinho Freire e Joanna Guerra visitam presidente da Assembleia de Deus do RN, Pastor Martin Alves&nbsp;","datePublished":"2024-05-09T14:06:36+00:00","mainEntityOfPage":{"@id":"https:\/\/blogdobispo.com.br\/?p=3400"},"wordCount":152,"commentCount":0,"publisher":{"@id":"https:\/\/blogdobispo.com.br\/#organization"},"image":{"@id":"https:\/\/blogdobispo.com.br\/?p=3400#primaryimage"},"thumbnailUrl":"https:\/\/blogdobispo.com.br\/wp-content\/uploads\/2024\/05\/e2c5de86-e270-45a3-933c-23a2a2a8be3f-1-1024x766.jpg","articleSection":["diversos"],"inLanguage":"pt-BR","potentialAction":[{"@type":"CommentAction","name":"Comment","target":["https:\/\/blogdobispo.com.br\/?p=3400#respond"]}]},{"@type":"WebPage","@id":"https:\/\/blogdobispo.com.br\/?p=3400","url":"https:\/\/blogdobispo.com.br\/?p=3400","name":"Paulinho Freire e Joanna Guerra visitam presidente da Assembleia de Deus do RN, Pastor Martin Alves&nbsp; - Blog do Bispo","isPartOf":{"@id":"https:\/\/blogdobispo.com.br\/#website"},"primaryImageOfPage":{"@id":"https:\/\/blogdobispo.com.br\/?p=3400#primaryimage"},"image":{"@id":"https:\/\/blogdobispo.com.br\/?p=3400#primaryimage"},"thumbnailUrl":"https:\/\/blogdobispo.com.br\/wp-content\/uploads\/2024\/05\/e2c5de86-e270-45a3-933c-23a2a2a8be3f-1-1024x766.jpg","datePublished":"2024-05-09T14:06:36+00:00","breadcrumb":{"@id":"https:\/\/blogdobispo.com.br\/?p=3400#breadcrumb"},"inLanguage":"pt-BR","potentialAction":[{"@type":"ReadAction","target":["https:\/\/blogdobispo.com.br\/?p=3400"]}]},{"@type":"ImageObject","inLanguage":"pt-BR","@id":"https:\/\/blogdobispo.com.br\/?p=3400#primaryimage","url":"https:\/\/blogdobispo.com.br\/wp-content\/uploads\/2024\/05\/e2c5de86-e270-45a3-933c-23a2a2a8be3f-1-1024x766.jpg","contentUrl":"https:\/\/blogdobispo.com.br\/wp-content\/uploads\/2024\/05\/e2c5de86-e270-45a3-933c-23a2a2a8be3f-1-1024x766.jpg"},{"@type":"BreadcrumbList","@id":"https:\/\/blogdobispo.com.br\/?p=3400#breadcrumb","itemListElement":[{"@type":"ListItem","position":1,"name":"In\u00edcio","item":"https:\/\/blogdobispo.com.br\/"},{"@type":"ListItem","position":2,"name":"Paulinho Freire e Joanna Guerra visitam presidente da Assembleia de Deus do RN, Pastor Martin Alves&nbsp;"}]},{"@type":"WebSite","@id":"https:\/\/blogdobispo.com.br\/#website","url":"https:\/\/blogdobispo.com.br\/","name":"Blog do Bispo","description":"Comprometido apenas com o leitor","publisher":{"@id":"https:\/\/blogdobispo.com.br\/#organization"},"potentialAction":[{"@type":"SearchAction","target":{"@type":"EntryPoint","urlTemplate":"https:\/\/blogdobispo.com.br\/?s={search_term_string}"},"query-input":{"@type":"PropertyValueSpecification","valueRequired":true,"valueName":"search_term_string"}}],"inLanguage":"pt-BR"},{"@type":"Organization","@id":"https:\/\/blogdobispo.com.br\/#organization","name":"Blog do Bispo","url":"https:\/\/blogdobispo.com.br\/","logo":{"@type":"ImageObject","inLanguage":"pt-BR","@id":"https:\/\/blogdobispo.com.br\/#\/schema\/logo\/image\/","url":"http:\/\/blogdobispo.com.br\/wp-content\/uploads\/2023\/05\/cropped-headear.png","contentUrl":"http:\/\/blogdobispo.com.br\/wp-content\/uploads\/2023\/05\/cropped-headear.png","width":1500,"height":399,"caption":"Blog do Bispo"},"image":{"@id":"https:\/\/blogdobispo.com.br\/#\/schema\/logo\/image\/"}},{"@type":"Person","@id":"https:\/\/blogdobispo.com.br\/#\/schema\/person\/e2209cc0e6cea5c5233d033e997b373f","name":"Jefferson Sterfeno","image":{"@type":"ImageObject","inLanguage":"pt-BR","@id":"https:\/\/blogdobispo.com.br\/#\/schema\/person\/image\/","url":"https:\/\/secure.gravatar.com\/avatar\/0534e84764641168a677026b6d57a3f51dc7ac4db0b4f6186d9cb330d4ee1160?s=96&d=mm&r=g","contentUrl":"https:\/\/secure.gravatar.com\/avatar\/0534e84764641168a677026b6d57a3f51dc7ac4db0b4f6186d9cb330d4ee1160?s=96&d=mm&r=g","caption":"Jefferson Sterfeno"},"sameAs":["http:\/\/blogdobispo.com.br"],"url":"https:\/\/blogdobispo.com.br\/?author=1"}]}},"featured_image_urls":{"full":"","thumbnail":"","medium":"","medium_large":"","large":"","1536x1536":"","2048x2048":""},"author_info":{"display_name":"Jefferson Sterfeno","author_link":"https:\/\/blogdobispo.com.br\/?author=1"},"category_info":"<a href=\"https:\/\/blogdobispo.com.br\/?cat=1\" rel=\"category\">diversos<\/a>","tag_info":"diversos","comment_count":"0","jetpack_featured_media_url":"","jetpack_sharing_enabled":true,"_links":{"self":[{"href":"https:\/\/blogdobispo.com.br\/index.php?rest_route=\/wp\/v2\/posts\/3400","targetHints":{"allow":["GET"]}}],"collection":[{"href":"https:\/\/blogdobispo.com.br\/index.php?rest_route=\/wp\/v2\/posts"}],"about":[{"href":"https:\/\/blogdobispo.com.br\/index.php?rest_route=\/wp\/v2\/types\/post"}],"author":[{"embeddable":true,"href":"https:\/\/blogdobispo.com.br\/index.php?rest_route=\/wp\/v2\/users\/1"}],"replies":[{"embeddable":true,"href":"https:\/\/blogdobispo.com.br\/index.php?rest_route=%2Fwp%2Fv2%2Fcomments&post=3400"}],"version-history":[{"count":0,"href":"https:\/\/blogdobispo.com.br\/index.php?rest_route=\/wp\/v2\/posts\/3400\/revisions"}],"wp:attachment":[{"href":"https:\/\/blogdobispo.com.br\/index.php?rest_route=%2Fwp%2Fv2%2Fmedia&parent=3400"}],"wp:term":[{"taxonomy":"category","embeddable":true,"href":"https:\/\/blogdobispo.com.br\/index.php?rest_route=%2Fwp%2Fv2%2Fcategories&post=3400"},{"taxonomy":"post_tag","embeddable":true,"href":"https:\/\/blogdobispo.com.br\/index.php?rest_route=%2Fwp%2Fv2%2Ftags&post=3400"}],"curies":[{"name":"wp","href":"https:\/\/api.w.org\/{rel}","templated":true}]}}