{"id":3391,"date":"2024-05-09T01:02:56","date_gmt":"2024-05-09T01:02:56","guid":{"rendered":"https:\/\/blogdobispo.com.br\/?p=3391"},"modified":"2024-05-09T01:02:56","modified_gmt":"2024-05-09T01:02:56","slug":"prefeito-alvaro-dias-apresenta-acoes-administrativas-a-trade-turistico","status":"publish","type":"post","link":"https:\/\/blogdobispo.com.br\/?p=3391","title":{"rendered":"Prefeito \u00c1lvaro Dias apresenta a\u00e7\u00f5es administrativas a trade tur\u00edstico"},"content":{"rendered":"\n<figure class=\"wp-block-image size-large\"><img data-recalc-dims=\"1\" fetchpriority=\"high\" decoding=\"async\" width=\"414\" height=\"274\" src=\"https:\/\/i0.wp.com\/blogdobispo.com.br\/wp-content\/uploads\/2024\/05\/img_7126-1.png?resize=414%2C274&#038;ssl=1\" class=\"wp-image-3390\" srcset=\"https:\/\/i0.wp.com\/blogdobispo.com.br\/wp-content\/uploads\/2024\/05\/img_7126-1.png?w=414&amp;ssl=1 414w, https:\/\/i0.wp.com\/blogdobispo.com.br\/wp-content\/uploads\/2024\/05\/img_7126-1.png?resize=300%2C199&amp;ssl=1 300w\" sizes=\"(max-width: 414px) 100vw, 414px\" \/><\/figure>\n\n\n\n<p>O Prefeito de Natal, \u00c1lvaro Dias, recebeu os representantes do trade tur\u00edstico do Estado, empres\u00e1rios e associa\u00e7\u00f5es ligadas \u00e0 classe produtiva potiguar, no Pal\u00e1cio Felipe Camar\u00e3o, nesta ter\u00e7a-feira (7). No encontro, que contou com boa parte do secretariado, o gestor apresentou os investimentos que est\u00e3o sendo feitos no desenvolvimento da capital, bem como as transforma\u00e7\u00f5es realizadas com novas obras e resultantes da desburocratiza\u00e7\u00e3o provocada ap\u00f3s a san\u00e7\u00e3o do novo Plano Diretor.<\/p>\n\n\n\n<p>\u201cEstamos investindo forte em v\u00e1rias \u00e1reas. Com o novo Plano Diretor, conseguimos tirar Natal de um atraso de 15 anos devido a uma legisla\u00e7\u00e3o que engessava a cidade e que fez a capital perder investimentos e parte de sua popula\u00e7\u00e3o para munic\u00edpios vizinhos. Agora j\u00e1 temos R$ 1,8 bilh\u00e3o sendo investido pela iniciativa privada e a expectativa de outros R$ 3 bilh\u00f5es serem aplicados nos pr\u00f3ximos anos\u201d, comentou \u00c1lvaro Dias.<\/p>\n\n\n\n<p>De acordo com n\u00fameros apresentados pelo secret\u00e1rio de Meio Ambiente, Thiago Mesquita, entre 2007 e 2022, na vig\u00eancia do Plano Diretor antigo, apenas 19 alvar\u00e1s de constru\u00e7\u00e3o foram concedidos pela Semurb. Ap\u00f3s a san\u00e7\u00e3o da nova legisla\u00e7\u00e3o, de 7\/3\/2022 at\u00e9 agora j\u00e1 s\u00e3o 64 novos alvar\u00e1s, com a gera\u00e7\u00e3o de 15 a 16 mil empregos diretos na constru\u00e7\u00e3o civil.<\/p>\n\n\n\n<p>\u00c1lvaro Dias apontou ainda as obras em andamento na cidade e as mudan\u00e7as e oportunidades criadas ap\u00f3s a conclus\u00e3o dos trabalhos. O Prefeito citou, por exemplo, na \u00e1rea de infraestrutura, a obra da Felizardo Moura, uma das avenidas mais modernas do Pa\u00eds, que ainda n\u00e3o \u00e9 utilizada em sua plenitude devido \u00e0 interven\u00e7\u00e3o do DNIT na ponte de Igap\u00f3. Ainda na \u00e1rea, o gestor relembrou o Programa Asfalto Novo, com investimentos de R$ 70 milh\u00f5es e que chega \u00e0s principais avenidas e ruas das quatro zonas administrativas.<\/p>\n\n\n\n<p>\u201c\u00c9 o maior investimento nesta \u00e1rea em todos os tempos. Natal tinha uma malha vi\u00e1ria desgastada e sem recupera\u00e7\u00e3o h\u00e1 muitos anos. Isso trazia inseguran\u00e7a e preju\u00edzo para a popula\u00e7\u00e3o. Agora temos uma nova realidade\u201d, explicou.<\/p>\n\n\n\n<p>O Prefeito citou obras que impactam diretamente na \u00e1rea do turismo como a cria\u00e7\u00e3o de um novo ponto de atra\u00e7\u00e3o tur\u00edstica na cidade a partir da requalifica\u00e7\u00e3o da Pedra do Ros\u00e1rio, com novas pra\u00e7as, cal\u00e7ad\u00e3o, novas vias e o mirante. \u201cOs turistas ficar\u00e3o encantados com o p\u00f4r do sol mais bonito do mundo\u201d, previu.<\/p>\n\n\n\n<p>Outra obra que mudar\u00e1 a realidade do turismo em Natal \u00e9 a constru\u00e7\u00e3o do Complexo Tur\u00edstico da Redinha e as transforma\u00e7\u00f5es que est\u00e3o sendo feitas no seu entorno. S\u00e3o vias novas, amplas, modernas, com \u00e1reas de estacionamento amplas, sinaliza\u00e7\u00e3o, quiosques e paisagismo.<\/p>\n\n\n\n<p>As praias urbanas do Meio, Forte e Artistas tamb\u00e9m est\u00e3o sendo transformadas. Os antigos quiosques j\u00e1 come\u00e7aram a ser substitu\u00eddos e o projeto de requalifica\u00e7\u00e3o est\u00e1 sendo posto em pr\u00e1tica. Ser\u00e3o espa\u00e7os de conviv\u00eancia arborizados, bonitos e com capacidade de receber bem os turistas e os natalenses. A avenida 25 de dezembro, que \u00e9 a paralela a avenida Caf\u00e9 Filho (beira-mar) j\u00e1 est\u00e1 praticamente conclu\u00edda.<\/p>\n\n\n\n<p>\u201cCompramos todas as \u00e1rvores j\u00e1 grandes para garantir um sombreamento desde j\u00e1 e tornar mais apraz\u00edvel os locais. Os equipamentos s\u00e3o modernos e muito bonitos. Ser\u00e1 uma grande \u00e1rea de atra\u00e7\u00e3o tur\u00edstica e para investimentos. Os im\u00f3veis ser\u00e3o muito valorizados\u201d, antecipou \u00c1lvaro Dias, que ainda citou a reforma e amplia\u00e7\u00e3o do quiosque de atendimento ao turista, que fica ao lado do Chaplin.<\/p>\n\n\n\n<p>Para expor sobre a principal obra apresentada, o prefeito convidou o representante da empresa que venceu a licita\u00e7\u00e3o para a obra de Recupera\u00e7\u00e3o da Praia de Ponta Negra (engorda). \u201cFizemos quest\u00e3o que ele apresentasse para voc\u00eas como ficar\u00e1, o trabalho que vai ser feito e o tempo para execu\u00e7\u00e3o. Esperamos terminar tudo dentro do prazo e vamos garantir a preserva\u00e7\u00e3o do nosso principal cart\u00e3o postal, que \u00e9 o Morro do Careca, vamos proteger os empregos e neg\u00f3cios de quem trabalha em Ponta Negra e, com certeza, gerar muitos mais com as possibilidades de investimentos que surgir\u00e3o\u201d, explicou.<\/p>\n\n\n\n<p>A empresa espera concluir as obras em, no m\u00e1ximo 150 dias, podendo haver antecipa\u00e7\u00e3o da entrega, uma vez que a executora dos trabalhos j\u00e1 possui uma ampla expertise na \u00e1rea de engorda, sendo respons\u00e1vel pelas principais interven\u00e7\u00f5es em praias do Pa\u00eds, com destaque para as realizadas no Estado de Santa Catarina.<\/p>\n\n\n\n<p>Ap\u00f3s a apresenta\u00e7\u00e3o, os representantes de entidades fizeram quest\u00e3o de elogiar as obras e iniciativas da gest\u00e3o. O presidente do Sinduscon \u2013 Sindicato da Ind\u00fastria da Constru\u00e7\u00e3o Civil, S\u00e9rgio Azev\u00eado, afirmou que a cidade tem uma \u201cd\u00edvida de gratid\u00e3o\u201d pela vis\u00e3o estrat\u00e9gica e empreendedora da Prefeitura. \u201c\u00c9 ineg\u00e1vel e indiscut\u00edvel que a gest\u00e3o conseguiu trazer benef\u00edcios para o Munic\u00edpio\u201d, disse.<\/p>\n\n\n\n<p>George Gosson, do Natal Convention Bureau, relembrou uma experi\u00eancia ruim pela qual passou em Ponta Negra e disse que a obra da engorda vai transformar a realidade do local. \u201cEstivemos juntos lutando por isso e \u00e9 uma felicidade muito grande ver que vai se concretizar\u201d, comentou.<\/p>\n\n\n\n<p>O representante da entidade comercial do Alecrim, Matheus Feitosa (AEBA) citou as melhorias feitas no bairro, como a pra\u00e7a Gentil Ferreira e o projeto do teatro municipal como indutoras do desenvolvimento na \u00e1rea. Ele ainda agradeceu pelo avan\u00e7o dos trabalhos do Programa Asfalto Novo.&nbsp;<\/p>\n","protected":false},"excerpt":{"rendered":"<p>O Prefeito de Natal, \u00c1lvaro Dias, recebeu os representantes do trade tur\u00edstico do Estado, empres\u00e1rios e associa\u00e7\u00f5es ligadas \u00e0 classe produtiva potiguar, no Pal\u00e1cio Felipe Camar\u00e3o, nesta ter\u00e7a-feira (7). No encontro, que contou com boa parte do secretariado, o gestor apresentou os investimentos que est\u00e3o sendo feitos no desenvolvimento da capital, bem como as transforma\u00e7\u00f5es [&hellip;]<\/p>\n","protected":false},"author":1,"featured_media":0,"comment_status":"open","ping_status":"open","sticky":false,"template":"","format":"standard","meta":{"cybocfi_hide_featured_image":"","_jetpack_memberships_contains_paid_content":false,"footnotes":""},"categories":[1],"tags":[],"class_list":["post-3391","post","type-post","status-publish","format-standard","hentry","category-diversos"],"yoast_head":"<!-- This site is optimized with the Yoast SEO plugin v25.6 - https:\/\/yoast.com\/wordpress\/plugins\/seo\/ -->\n<title>Prefeito \u00c1lvaro Dias apresenta a\u00e7\u00f5es administrativas a trade tur\u00edstico - Blog do Bispo<\/title>\n<meta name=\"robots\" content=\"index, follow, max-snippet:-1, max-image-preview:large, max-video-preview:-1\" \/>\n<link rel=\"canonical\" href=\"https:\/\/blogdobispo.com.br\/?p=3391\" \/>\n<meta property=\"og:locale\" content=\"pt_BR\" \/>\n<meta property=\"og:type\" content=\"article\" \/>\n<meta property=\"og:title\" content=\"Prefeito \u00c1lvaro Dias apresenta a\u00e7\u00f5es administrativas a trade tur\u00edstico - Blog do Bispo\" \/>\n<meta property=\"og:description\" content=\"O Prefeito de Natal, \u00c1lvaro Dias, recebeu os representantes do trade tur\u00edstico do Estado, empres\u00e1rios e associa\u00e7\u00f5es ligadas \u00e0 classe produtiva potiguar, no Pal\u00e1cio Felipe Camar\u00e3o, nesta ter\u00e7a-feira (7). No encontro, que contou com boa parte do secretariado, o gestor apresentou os investimentos que est\u00e3o sendo feitos no desenvolvimento da capital, bem como as transforma\u00e7\u00f5es [&hellip;]\" \/>\n<meta property=\"og:url\" content=\"https:\/\/blogdobispo.com.br\/?p=3391\" \/>\n<meta property=\"og:site_name\" content=\"Blog do Bispo\" \/>\n<meta property=\"article:published_time\" content=\"2024-05-09T01:02:56+00:00\" \/>\n<meta property=\"og:image\" content=\"https:\/\/blogdobispo.com.br\/wp-content\/uploads\/2024\/05\/img_7126-1.png\" \/>\n<meta name=\"author\" content=\"Jefferson Sterfeno\" \/>\n<meta name=\"twitter:card\" content=\"summary_large_image\" \/>\n<meta name=\"twitter:label1\" content=\"Escrito por\" \/>\n\t<meta name=\"twitter:data1\" content=\"Jefferson Sterfeno\" \/>\n\t<meta name=\"twitter:label2\" content=\"Est. tempo de leitura\" \/>\n\t<meta name=\"twitter:data2\" content=\"5 minutos\" \/>\n<script type=\"application\/ld+json\" class=\"yoast-schema-graph\">{\"@context\":\"https:\/\/schema.org\",\"@graph\":[{\"@type\":\"Article\",\"@id\":\"https:\/\/blogdobispo.com.br\/?p=3391#article\",\"isPartOf\":{\"@id\":\"https:\/\/blogdobispo.com.br\/?p=3391\"},\"author\":{\"name\":\"Jefferson Sterfeno\",\"@id\":\"https:\/\/blogdobispo.com.br\/#\/schema\/person\/e2209cc0e6cea5c5233d033e997b373f\"},\"headline\":\"Prefeito \u00c1lvaro Dias apresenta a\u00e7\u00f5es administrativas a trade tur\u00edstico\",\"datePublished\":\"2024-05-09T01:02:56+00:00\",\"mainEntityOfPage\":{\"@id\":\"https:\/\/blogdobispo.com.br\/?p=3391\"},\"wordCount\":941,\"commentCount\":0,\"publisher\":{\"@id\":\"https:\/\/blogdobispo.com.br\/#organization\"},\"image\":{\"@id\":\"https:\/\/blogdobispo.com.br\/?p=3391#primaryimage\"},\"thumbnailUrl\":\"https:\/\/blogdobispo.com.br\/wp-content\/uploads\/2024\/05\/img_7126-1.png\",\"articleSection\":[\"diversos\"],\"inLanguage\":\"pt-BR\",\"potentialAction\":[{\"@type\":\"CommentAction\",\"name\":\"Comment\",\"target\":[\"https:\/\/blogdobispo.com.br\/?p=3391#respond\"]}]},{\"@type\":\"WebPage\",\"@id\":\"https:\/\/blogdobispo.com.br\/?p=3391\",\"url\":\"https:\/\/blogdobispo.com.br\/?p=3391\",\"name\":\"Prefeito \u00c1lvaro Dias apresenta a\u00e7\u00f5es administrativas a trade tur\u00edstico - Blog do Bispo\",\"isPartOf\":{\"@id\":\"https:\/\/blogdobispo.com.br\/#website\"},\"primaryImageOfPage\":{\"@id\":\"https:\/\/blogdobispo.com.br\/?p=3391#primaryimage\"},\"image\":{\"@id\":\"https:\/\/blogdobispo.com.br\/?p=3391#primaryimage\"},\"thumbnailUrl\":\"https:\/\/blogdobispo.com.br\/wp-content\/uploads\/2024\/05\/img_7126-1.png\",\"datePublished\":\"2024-05-09T01:02:56+00:00\",\"breadcrumb\":{\"@id\":\"https:\/\/blogdobispo.com.br\/?p=3391#breadcrumb\"},\"inLanguage\":\"pt-BR\",\"potentialAction\":[{\"@type\":\"ReadAction\",\"target\":[\"https:\/\/blogdobispo.com.br\/?p=3391\"]}]},{\"@type\":\"ImageObject\",\"inLanguage\":\"pt-BR\",\"@id\":\"https:\/\/blogdobispo.com.br\/?p=3391#primaryimage\",\"url\":\"https:\/\/blogdobispo.com.br\/wp-content\/uploads\/2024\/05\/img_7126-1.png\",\"contentUrl\":\"https:\/\/blogdobispo.com.br\/wp-content\/uploads\/2024\/05\/img_7126-1.png\"},{\"@type\":\"BreadcrumbList\",\"@id\":\"https:\/\/blogdobispo.com.br\/?p=3391#breadcrumb\",\"itemListElement\":[{\"@type\":\"ListItem\",\"position\":1,\"name\":\"In\u00edcio\",\"item\":\"https:\/\/blogdobispo.com.br\/\"},{\"@type\":\"ListItem\",\"position\":2,\"name\":\"Prefeito \u00c1lvaro Dias apresenta a\u00e7\u00f5es administrativas a trade tur\u00edstico\"}]},{\"@type\":\"WebSite\",\"@id\":\"https:\/\/blogdobispo.com.br\/#website\",\"url\":\"https:\/\/blogdobispo.com.br\/\",\"name\":\"Blog do Bispo\",\"description\":\"Comprometido apenas com o leitor\",\"publisher\":{\"@id\":\"https:\/\/blogdobispo.com.br\/#organization\"},\"potentialAction\":[{\"@type\":\"SearchAction\",\"target\":{\"@type\":\"EntryPoint\",\"urlTemplate\":\"https:\/\/blogdobispo.com.br\/?s={search_term_string}\"},\"query-input\":{\"@type\":\"PropertyValueSpecification\",\"valueRequired\":true,\"valueName\":\"search_term_string\"}}],\"inLanguage\":\"pt-BR\"},{\"@type\":\"Organization\",\"@id\":\"https:\/\/blogdobispo.com.br\/#organization\",\"name\":\"Blog do Bispo\",\"url\":\"https:\/\/blogdobispo.com.br\/\",\"logo\":{\"@type\":\"ImageObject\",\"inLanguage\":\"pt-BR\",\"@id\":\"https:\/\/blogdobispo.com.br\/#\/schema\/logo\/image\/\",\"url\":\"http:\/\/blogdobispo.com.br\/wp-content\/uploads\/2023\/05\/cropped-headear.png\",\"contentUrl\":\"http:\/\/blogdobispo.com.br\/wp-content\/uploads\/2023\/05\/cropped-headear.png\",\"width\":1500,\"height\":399,\"caption\":\"Blog do Bispo\"},\"image\":{\"@id\":\"https:\/\/blogdobispo.com.br\/#\/schema\/logo\/image\/\"}},{\"@type\":\"Person\",\"@id\":\"https:\/\/blogdobispo.com.br\/#\/schema\/person\/e2209cc0e6cea5c5233d033e997b373f\",\"name\":\"Jefferson Sterfeno\",\"image\":{\"@type\":\"ImageObject\",\"inLanguage\":\"pt-BR\",\"@id\":\"https:\/\/blogdobispo.com.br\/#\/schema\/person\/image\/\",\"url\":\"https:\/\/secure.gravatar.com\/avatar\/0534e84764641168a677026b6d57a3f51dc7ac4db0b4f6186d9cb330d4ee1160?s=96&d=mm&r=g\",\"contentUrl\":\"https:\/\/secure.gravatar.com\/avatar\/0534e84764641168a677026b6d57a3f51dc7ac4db0b4f6186d9cb330d4ee1160?s=96&d=mm&r=g\",\"caption\":\"Jefferson Sterfeno\"},\"sameAs\":[\"http:\/\/blogdobispo.com.br\"],\"url\":\"https:\/\/blogdobispo.com.br\/?author=1\"}]}<\/script>\n<!-- \/ Yoast SEO plugin. -->","yoast_head_json":{"title":"Prefeito \u00c1lvaro Dias apresenta a\u00e7\u00f5es administrativas a trade tur\u00edstico - Blog do Bispo","robots":{"index":"index","follow":"follow","max-snippet":"max-snippet:-1","max-image-preview":"max-image-preview:large","max-video-preview":"max-video-preview:-1"},"canonical":"https:\/\/blogdobispo.com.br\/?p=3391","og_locale":"pt_BR","og_type":"article","og_title":"Prefeito \u00c1lvaro Dias apresenta a\u00e7\u00f5es administrativas a trade tur\u00edstico - Blog do Bispo","og_description":"O Prefeito de Natal, \u00c1lvaro Dias, recebeu os representantes do trade tur\u00edstico do Estado, empres\u00e1rios e associa\u00e7\u00f5es ligadas \u00e0 classe produtiva potiguar, no Pal\u00e1cio Felipe Camar\u00e3o, nesta ter\u00e7a-feira (7). No encontro, que contou com boa parte do secretariado, o gestor apresentou os investimentos que est\u00e3o sendo feitos no desenvolvimento da capital, bem como as transforma\u00e7\u00f5es [&hellip;]","og_url":"https:\/\/blogdobispo.com.br\/?p=3391","og_site_name":"Blog do Bispo","article_published_time":"2024-05-09T01:02:56+00:00","og_image":[{"url":"https:\/\/blogdobispo.com.br\/wp-content\/uploads\/2024\/05\/img_7126-1.png","type":"","width":"","height":""}],"author":"Jefferson Sterfeno","twitter_card":"summary_large_image","twitter_misc":{"Escrito por":"Jefferson Sterfeno","Est. tempo de leitura":"5 minutos"},"schema":{"@context":"https:\/\/schema.org","@graph":[{"@type":"Article","@id":"https:\/\/blogdobispo.com.br\/?p=3391#article","isPartOf":{"@id":"https:\/\/blogdobispo.com.br\/?p=3391"},"author":{"name":"Jefferson Sterfeno","@id":"https:\/\/blogdobispo.com.br\/#\/schema\/person\/e2209cc0e6cea5c5233d033e997b373f"},"headline":"Prefeito \u00c1lvaro Dias apresenta a\u00e7\u00f5es administrativas a trade tur\u00edstico","datePublished":"2024-05-09T01:02:56+00:00","mainEntityOfPage":{"@id":"https:\/\/blogdobispo.com.br\/?p=3391"},"wordCount":941,"commentCount":0,"publisher":{"@id":"https:\/\/blogdobispo.com.br\/#organization"},"image":{"@id":"https:\/\/blogdobispo.com.br\/?p=3391#primaryimage"},"thumbnailUrl":"https:\/\/blogdobispo.com.br\/wp-content\/uploads\/2024\/05\/img_7126-1.png","articleSection":["diversos"],"inLanguage":"pt-BR","potentialAction":[{"@type":"CommentAction","name":"Comment","target":["https:\/\/blogdobispo.com.br\/?p=3391#respond"]}]},{"@type":"WebPage","@id":"https:\/\/blogdobispo.com.br\/?p=3391","url":"https:\/\/blogdobispo.com.br\/?p=3391","name":"Prefeito \u00c1lvaro Dias apresenta a\u00e7\u00f5es administrativas a trade tur\u00edstico - Blog do Bispo","isPartOf":{"@id":"https:\/\/blogdobispo.com.br\/#website"},"primaryImageOfPage":{"@id":"https:\/\/blogdobispo.com.br\/?p=3391#primaryimage"},"image":{"@id":"https:\/\/blogdobispo.com.br\/?p=3391#primaryimage"},"thumbnailUrl":"https:\/\/blogdobispo.com.br\/wp-content\/uploads\/2024\/05\/img_7126-1.png","datePublished":"2024-05-09T01:02:56+00:00","breadcrumb":{"@id":"https:\/\/blogdobispo.com.br\/?p=3391#breadcrumb"},"inLanguage":"pt-BR","potentialAction":[{"@type":"ReadAction","target":["https:\/\/blogdobispo.com.br\/?p=3391"]}]},{"@type":"ImageObject","inLanguage":"pt-BR","@id":"https:\/\/blogdobispo.com.br\/?p=3391#primaryimage","url":"https:\/\/blogdobispo.com.br\/wp-content\/uploads\/2024\/05\/img_7126-1.png","contentUrl":"https:\/\/blogdobispo.com.br\/wp-content\/uploads\/2024\/05\/img_7126-1.png"},{"@type":"BreadcrumbList","@id":"https:\/\/blogdobispo.com.br\/?p=3391#breadcrumb","itemListElement":[{"@type":"ListItem","position":1,"name":"In\u00edcio","item":"https:\/\/blogdobispo.com.br\/"},{"@type":"ListItem","position":2,"name":"Prefeito \u00c1lvaro Dias apresenta a\u00e7\u00f5es administrativas a trade tur\u00edstico"}]},{"@type":"WebSite","@id":"https:\/\/blogdobispo.com.br\/#website","url":"https:\/\/blogdobispo.com.br\/","name":"Blog do Bispo","description":"Comprometido apenas com o leitor","publisher":{"@id":"https:\/\/blogdobispo.com.br\/#organization"},"potentialAction":[{"@type":"SearchAction","target":{"@type":"EntryPoint","urlTemplate":"https:\/\/blogdobispo.com.br\/?s={search_term_string}"},"query-input":{"@type":"PropertyValueSpecification","valueRequired":true,"valueName":"search_term_string"}}],"inLanguage":"pt-BR"},{"@type":"Organization","@id":"https:\/\/blogdobispo.com.br\/#organization","name":"Blog do Bispo","url":"https:\/\/blogdobispo.com.br\/","logo":{"@type":"ImageObject","inLanguage":"pt-BR","@id":"https:\/\/blogdobispo.com.br\/#\/schema\/logo\/image\/","url":"http:\/\/blogdobispo.com.br\/wp-content\/uploads\/2023\/05\/cropped-headear.png","contentUrl":"http:\/\/blogdobispo.com.br\/wp-content\/uploads\/2023\/05\/cropped-headear.png","width":1500,"height":399,"caption":"Blog do Bispo"},"image":{"@id":"https:\/\/blogdobispo.com.br\/#\/schema\/logo\/image\/"}},{"@type":"Person","@id":"https:\/\/blogdobispo.com.br\/#\/schema\/person\/e2209cc0e6cea5c5233d033e997b373f","name":"Jefferson Sterfeno","image":{"@type":"ImageObject","inLanguage":"pt-BR","@id":"https:\/\/blogdobispo.com.br\/#\/schema\/person\/image\/","url":"https:\/\/secure.gravatar.com\/avatar\/0534e84764641168a677026b6d57a3f51dc7ac4db0b4f6186d9cb330d4ee1160?s=96&d=mm&r=g","contentUrl":"https:\/\/secure.gravatar.com\/avatar\/0534e84764641168a677026b6d57a3f51dc7ac4db0b4f6186d9cb330d4ee1160?s=96&d=mm&r=g","caption":"Jefferson Sterfeno"},"sameAs":["http:\/\/blogdobispo.com.br"],"url":"https:\/\/blogdobispo.com.br\/?author=1"}]}},"featured_image_urls":{"full":"","thumbnail":"","medium":"","medium_large":"","large":"","1536x1536":"","2048x2048":""},"author_info":{"display_name":"Jefferson Sterfeno","author_link":"https:\/\/blogdobispo.com.br\/?author=1"},"category_info":"<a href=\"https:\/\/blogdobispo.com.br\/?cat=1\" rel=\"category\">diversos<\/a>","tag_info":"diversos","comment_count":"0","jetpack_featured_media_url":"","jetpack_sharing_enabled":true,"_links":{"self":[{"href":"https:\/\/blogdobispo.com.br\/index.php?rest_route=\/wp\/v2\/posts\/3391","targetHints":{"allow":["GET"]}}],"collection":[{"href":"https:\/\/blogdobispo.com.br\/index.php?rest_route=\/wp\/v2\/posts"}],"about":[{"href":"https:\/\/blogdobispo.com.br\/index.php?rest_route=\/wp\/v2\/types\/post"}],"author":[{"embeddable":true,"href":"https:\/\/blogdobispo.com.br\/index.php?rest_route=\/wp\/v2\/users\/1"}],"replies":[{"embeddable":true,"href":"https:\/\/blogdobispo.com.br\/index.php?rest_route=%2Fwp%2Fv2%2Fcomments&post=3391"}],"version-history":[{"count":0,"href":"https:\/\/blogdobispo.com.br\/index.php?rest_route=\/wp\/v2\/posts\/3391\/revisions"}],"wp:attachment":[{"href":"https:\/\/blogdobispo.com.br\/index.php?rest_route=%2Fwp%2Fv2%2Fmedia&parent=3391"}],"wp:term":[{"taxonomy":"category","embeddable":true,"href":"https:\/\/blogdobispo.com.br\/index.php?rest_route=%2Fwp%2Fv2%2Fcategories&post=3391"},{"taxonomy":"post_tag","embeddable":true,"href":"https:\/\/blogdobispo.com.br\/index.php?rest_route=%2Fwp%2Fv2%2Ftags&post=3391"}],"curies":[{"name":"wp","href":"https:\/\/api.w.org\/{rel}","templated":true}]}}