{"id":3389,"date":"2024-05-09T00:57:13","date_gmt":"2024-05-09T00:57:13","guid":{"rendered":"https:\/\/blogdobispo.com.br\/?p=3389"},"modified":"2024-05-09T00:57:13","modified_gmt":"2024-05-09T00:57:13","slug":"natal-e-mossoro-recebem-segunda-etapa-do-pilote-seguro-nesta-quinta-9-e-sexta-10projeto-visa-conscientizar-motociclistas-e-reduzir-numeros-de-acidentes-de-transito","status":"publish","type":"post","link":"https:\/\/blogdobispo.com.br\/?p=3389","title":{"rendered":"Natal e Mossor\u00f3 recebem segunda etapa do &#8220;Pilote Seguro&#8221; nesta quinta (9) e sexta (10)Projeto visa conscientizar motociclistas e reduzir n\u00fameros de acidentes de tr\u00e2nsito"},"content":{"rendered":"\n<figure class=\"wp-block-image size-large\"><img data-recalc-dims=\"1\" fetchpriority=\"high\" decoding=\"async\" width=\"410\" height=\"617\" src=\"https:\/\/i0.wp.com\/blogdobispo.com.br\/wp-content\/uploads\/2024\/05\/0b227d2a-19a0-44e8-8ab0-bc494c22a018-1.jpg?resize=410%2C617&#038;ssl=1\" class=\"wp-image-3388\" srcset=\"https:\/\/i0.wp.com\/blogdobispo.com.br\/wp-content\/uploads\/2024\/05\/0b227d2a-19a0-44e8-8ab0-bc494c22a018-1.jpg?w=410&amp;ssl=1 410w, https:\/\/i0.wp.com\/blogdobispo.com.br\/wp-content\/uploads\/2024\/05\/0b227d2a-19a0-44e8-8ab0-bc494c22a018-1.jpg?resize=199%2C300&amp;ssl=1 199w\" sizes=\"(max-width: 410px) 100vw, 410px\" \/><\/figure>\n\n\n\n<p><\/p>\n\n\n\n<p><\/p>\n\n\n\n<p>Com objetivo de conscientizar e educar motociclistas, visando a redu\u00e7\u00e3o do n\u00famero de acidentes e infra\u00e7\u00f5es envolvendo motos, foi criado o \u201cPilote Seguro\u201d. Em Natal, o projeto chega a sua segunda etapa nesta quinta-feira (9), na Arena das Dunas, quando ser\u00e3o realizadas as oficinas presenciais e entregues os capacetes doados aos 80 participantes inscritos. J\u00e1 em Mossor\u00f3, a segunda fase ser\u00e1 realizada na sexta-feira (10), na Pr\u00f3-Reitoria de Extens\u00e3o (PROEC) da UFERSA.<\/p>\n\n\n\n<p>Marcado para \u00e0s 17h, pontualmente, o evento \u00e9 exclusivo para quem se inscreveu na segunda fase e recebeu o email da coordena\u00e7\u00e3o do Projeto com o agendamento. \u00c9 obrigat\u00f3rio estar com a Carteira Nacional de Habilita\u00e7\u00e3o (CNH) e o comprovante de endere\u00e7o atualizado. Conforme o edital, \u00e9 imprescind\u00edvel estar presente no momento das oficinas e na entrega do capacete. A toler\u00e2ncia ser\u00e1 de 10 minutos. Qualquer aus\u00eancia ser\u00e1 considerada como desist\u00eancia.<\/p>\n\n\n\n<p>Nessa sua primeira edi\u00e7\u00e3o, o Pilote Seguro est\u00e1 contemplando 17 munic\u00edpios do Rio Grande do Norte com 1.000 capacetes personalizados de f\u00e1brica, al\u00e9m da participa\u00e7\u00e3o em duas oficinas especialmente elaboradas para auxiliar a promover uma condu\u00e7\u00e3o segura ao pilotar a motocicleta.<\/p>\n\n\n\n<p><em>Sobre o Projeto<\/em><\/p>\n\n\n\n<p>O estado do Rio Grande do Norte conta com um elevado n\u00famero de atendimentos prestados a v\u00edtimas de acidentes de moto. Segundo dados analisados entre janeiro e outubro de 2023, o maior hospital p\u00fablico do RN, o Walfredo Gurgel, apresentou uma alta de 12,72% do n\u00famero de atendimento a v\u00edtimas de acidentes de moto em rela\u00e7\u00e3o a 2022. Os n\u00fameros mostram que a m\u00e9dia de acidentes com moto no Estado chegam a 700 por m\u00eas.<\/p>\n\n\n\n<p>Pensando em estrat\u00e9gias para reduzir estes n\u00fameros e tamb\u00e9m contribuir com a melhoria do tr\u00e2nsito, surgiu o Projeto \u201cPilote Seguro\u201d, que est\u00e1 sendo executado pela Universidade Federal Rural do Semi-\u00c1rido (UFERSA) com recursos de emenda parlamentar do Deputado Federal General Gir\u00e3o e com base na Lei Estadual n\u00ba 10.943\/2021, de autoria do Deputado Estadual Coronel Azevedo.<\/p>\n\n\n\n<p>Com um aspecto inovador, o curso gratuito de reciclagem em pilotagem segura e defensiva aborda temas essenciais de seguran\u00e7a no tr\u00e2nsito e dire\u00e7\u00e3o defensiva, permitindo acesso a qualquer hora do dia, sem custos e sem a necessidade de deslocamento a um estabelecimento f\u00edsico. O aplicativo est\u00e1 dispon\u00edvel de forma gratuita nas lojas de aplicativos da Play Store e Apple Store e ao t\u00e9rmino do curso o participante ir\u00e1 receber um certificado digital da UFERSA.<\/p>\n\n\n\n<p><em>Servi\u00e7o:<\/em><\/p>\n\n\n\n<p><em>EM NATAL<\/em><\/p>\n\n\n\n<p>\ud83d\udcc5 Data: Quinta-feira, 09 de maio de 2024<br \/>\ud83d\udd54 Hor\u00e1rio: 17h<br \/>\ud83d\udccd Local: Arena das Dunas<br \/>\ud83c\udfe2 Endere\u00e7o: Av. Prudente de Morais, 5121 &#8211; Lagoa Nova, Natal &#8211; RN, 59064-625<\/p>\n\n\n\n<p><em>EM MOSSOR\u00d3<\/em><\/p>\n\n\n\n<p>\ud83d\udcc5 Data: Sexta-feira, 10 de maio de 2024<br>\ud83d\udd54 Hor\u00e1rio: 17h<br>\ud83d\udccd Local: PROEC UFERSA CAMPUS LESTE<br>\ud83c\udfe2 Endere\u00e7o: R. Francisco Mota, 572 &#8211; Pres. Costa e Silva, Mossor\u00f3 &#8211; RN, 59625-900<\/p>\n","protected":false},"excerpt":{"rendered":"<p>Com objetivo de conscientizar e educar motociclistas, visando a redu\u00e7\u00e3o do n\u00famero de acidentes e infra\u00e7\u00f5es envolvendo motos, foi criado o \u201cPilote Seguro\u201d. Em Natal, o projeto chega a sua segunda etapa nesta quinta-feira (9), na Arena das Dunas, quando ser\u00e3o realizadas as oficinas presenciais e entregues os capacetes doados aos 80 participantes inscritos. J\u00e1 [&hellip;]<\/p>\n","protected":false},"author":1,"featured_media":0,"comment_status":"open","ping_status":"open","sticky":false,"template":"","format":"standard","meta":{"cybocfi_hide_featured_image":"","_jetpack_memberships_contains_paid_content":false,"footnotes":""},"categories":[1],"tags":[],"class_list":["post-3389","post","type-post","status-publish","format-standard","hentry","category-diversos"],"yoast_head":"<!-- This site is optimized with the Yoast SEO plugin v25.6 - https:\/\/yoast.com\/wordpress\/plugins\/seo\/ -->\n<title>Natal e Mossor\u00f3 recebem segunda etapa do &quot;Pilote Seguro&quot; nesta quinta (9) e sexta (10)Projeto visa conscientizar motociclistas e reduzir n\u00fameros de acidentes de tr\u00e2nsito - Blog do Bispo<\/title>\n<meta name=\"robots\" content=\"index, follow, max-snippet:-1, max-image-preview:large, max-video-preview:-1\" \/>\n<link rel=\"canonical\" href=\"https:\/\/blogdobispo.com.br\/?p=3389\" \/>\n<meta property=\"og:locale\" content=\"pt_BR\" \/>\n<meta property=\"og:type\" content=\"article\" \/>\n<meta property=\"og:title\" content=\"Natal e Mossor\u00f3 recebem segunda etapa do &quot;Pilote Seguro&quot; nesta quinta (9) e sexta (10)Projeto visa conscientizar motociclistas e reduzir n\u00fameros de acidentes de tr\u00e2nsito - Blog do Bispo\" \/>\n<meta property=\"og:description\" content=\"Com objetivo de conscientizar e educar motociclistas, visando a redu\u00e7\u00e3o do n\u00famero de acidentes e infra\u00e7\u00f5es envolvendo motos, foi criado o \u201cPilote Seguro\u201d. Em Natal, o projeto chega a sua segunda etapa nesta quinta-feira (9), na Arena das Dunas, quando ser\u00e3o realizadas as oficinas presenciais e entregues os capacetes doados aos 80 participantes inscritos. J\u00e1 [&hellip;]\" \/>\n<meta property=\"og:url\" content=\"https:\/\/blogdobispo.com.br\/?p=3389\" \/>\n<meta property=\"og:site_name\" content=\"Blog do Bispo\" \/>\n<meta property=\"article:published_time\" content=\"2024-05-09T00:57:13+00:00\" \/>\n<meta property=\"og:image\" content=\"https:\/\/blogdobispo.com.br\/wp-content\/uploads\/2024\/05\/0b227d2a-19a0-44e8-8ab0-bc494c22a018-1.jpg\" \/>\n<meta name=\"author\" content=\"Jefferson Sterfeno\" \/>\n<meta name=\"twitter:card\" content=\"summary_large_image\" \/>\n<meta name=\"twitter:label1\" content=\"Escrito por\" \/>\n\t<meta name=\"twitter:data1\" content=\"Jefferson Sterfeno\" \/>\n\t<meta name=\"twitter:label2\" content=\"Est. tempo de leitura\" \/>\n\t<meta name=\"twitter:data2\" content=\"2 minutos\" \/>\n<script type=\"application\/ld+json\" class=\"yoast-schema-graph\">{\"@context\":\"https:\/\/schema.org\",\"@graph\":[{\"@type\":\"Article\",\"@id\":\"https:\/\/blogdobispo.com.br\/?p=3389#article\",\"isPartOf\":{\"@id\":\"https:\/\/blogdobispo.com.br\/?p=3389\"},\"author\":{\"name\":\"Jefferson Sterfeno\",\"@id\":\"https:\/\/blogdobispo.com.br\/#\/schema\/person\/e2209cc0e6cea5c5233d033e997b373f\"},\"headline\":\"Natal e Mossor\u00f3 recebem segunda etapa do &#8220;Pilote Seguro&#8221; nesta quinta (9) e sexta (10)Projeto visa conscientizar motociclistas e reduzir n\u00fameros de acidentes de tr\u00e2nsito\",\"datePublished\":\"2024-05-09T00:57:13+00:00\",\"mainEntityOfPage\":{\"@id\":\"https:\/\/blogdobispo.com.br\/?p=3389\"},\"wordCount\":503,\"commentCount\":0,\"publisher\":{\"@id\":\"https:\/\/blogdobispo.com.br\/#organization\"},\"image\":{\"@id\":\"https:\/\/blogdobispo.com.br\/?p=3389#primaryimage\"},\"thumbnailUrl\":\"https:\/\/blogdobispo.com.br\/wp-content\/uploads\/2024\/05\/0b227d2a-19a0-44e8-8ab0-bc494c22a018-1.jpg\",\"articleSection\":[\"diversos\"],\"inLanguage\":\"pt-BR\",\"potentialAction\":[{\"@type\":\"CommentAction\",\"name\":\"Comment\",\"target\":[\"https:\/\/blogdobispo.com.br\/?p=3389#respond\"]}]},{\"@type\":\"WebPage\",\"@id\":\"https:\/\/blogdobispo.com.br\/?p=3389\",\"url\":\"https:\/\/blogdobispo.com.br\/?p=3389\",\"name\":\"Natal e Mossor\u00f3 recebem segunda etapa do \\\"Pilote Seguro\\\" nesta quinta (9) e sexta (10)Projeto visa conscientizar motociclistas e reduzir n\u00fameros de acidentes de tr\u00e2nsito - Blog do Bispo\",\"isPartOf\":{\"@id\":\"https:\/\/blogdobispo.com.br\/#website\"},\"primaryImageOfPage\":{\"@id\":\"https:\/\/blogdobispo.com.br\/?p=3389#primaryimage\"},\"image\":{\"@id\":\"https:\/\/blogdobispo.com.br\/?p=3389#primaryimage\"},\"thumbnailUrl\":\"https:\/\/blogdobispo.com.br\/wp-content\/uploads\/2024\/05\/0b227d2a-19a0-44e8-8ab0-bc494c22a018-1.jpg\",\"datePublished\":\"2024-05-09T00:57:13+00:00\",\"breadcrumb\":{\"@id\":\"https:\/\/blogdobispo.com.br\/?p=3389#breadcrumb\"},\"inLanguage\":\"pt-BR\",\"potentialAction\":[{\"@type\":\"ReadAction\",\"target\":[\"https:\/\/blogdobispo.com.br\/?p=3389\"]}]},{\"@type\":\"ImageObject\",\"inLanguage\":\"pt-BR\",\"@id\":\"https:\/\/blogdobispo.com.br\/?p=3389#primaryimage\",\"url\":\"https:\/\/blogdobispo.com.br\/wp-content\/uploads\/2024\/05\/0b227d2a-19a0-44e8-8ab0-bc494c22a018-1.jpg\",\"contentUrl\":\"https:\/\/blogdobispo.com.br\/wp-content\/uploads\/2024\/05\/0b227d2a-19a0-44e8-8ab0-bc494c22a018-1.jpg\"},{\"@type\":\"BreadcrumbList\",\"@id\":\"https:\/\/blogdobispo.com.br\/?p=3389#breadcrumb\",\"itemListElement\":[{\"@type\":\"ListItem\",\"position\":1,\"name\":\"In\u00edcio\",\"item\":\"https:\/\/blogdobispo.com.br\/\"},{\"@type\":\"ListItem\",\"position\":2,\"name\":\"Natal e Mossor\u00f3 recebem segunda etapa do &#8220;Pilote Seguro&#8221; nesta quinta (9) e sexta (10)Projeto visa conscientizar motociclistas e reduzir n\u00fameros de acidentes de tr\u00e2nsito\"}]},{\"@type\":\"WebSite\",\"@id\":\"https:\/\/blogdobispo.com.br\/#website\",\"url\":\"https:\/\/blogdobispo.com.br\/\",\"name\":\"Blog do Bispo\",\"description\":\"Comprometido apenas com o leitor\",\"publisher\":{\"@id\":\"https:\/\/blogdobispo.com.br\/#organization\"},\"potentialAction\":[{\"@type\":\"SearchAction\",\"target\":{\"@type\":\"EntryPoint\",\"urlTemplate\":\"https:\/\/blogdobispo.com.br\/?s={search_term_string}\"},\"query-input\":{\"@type\":\"PropertyValueSpecification\",\"valueRequired\":true,\"valueName\":\"search_term_string\"}}],\"inLanguage\":\"pt-BR\"},{\"@type\":\"Organization\",\"@id\":\"https:\/\/blogdobispo.com.br\/#organization\",\"name\":\"Blog do Bispo\",\"url\":\"https:\/\/blogdobispo.com.br\/\",\"logo\":{\"@type\":\"ImageObject\",\"inLanguage\":\"pt-BR\",\"@id\":\"https:\/\/blogdobispo.com.br\/#\/schema\/logo\/image\/\",\"url\":\"http:\/\/blogdobispo.com.br\/wp-content\/uploads\/2023\/05\/cropped-headear.png\",\"contentUrl\":\"http:\/\/blogdobispo.com.br\/wp-content\/uploads\/2023\/05\/cropped-headear.png\",\"width\":1500,\"height\":399,\"caption\":\"Blog do Bispo\"},\"image\":{\"@id\":\"https:\/\/blogdobispo.com.br\/#\/schema\/logo\/image\/\"}},{\"@type\":\"Person\",\"@id\":\"https:\/\/blogdobispo.com.br\/#\/schema\/person\/e2209cc0e6cea5c5233d033e997b373f\",\"name\":\"Jefferson Sterfeno\",\"image\":{\"@type\":\"ImageObject\",\"inLanguage\":\"pt-BR\",\"@id\":\"https:\/\/blogdobispo.com.br\/#\/schema\/person\/image\/\",\"url\":\"https:\/\/secure.gravatar.com\/avatar\/0534e84764641168a677026b6d57a3f51dc7ac4db0b4f6186d9cb330d4ee1160?s=96&d=mm&r=g\",\"contentUrl\":\"https:\/\/secure.gravatar.com\/avatar\/0534e84764641168a677026b6d57a3f51dc7ac4db0b4f6186d9cb330d4ee1160?s=96&d=mm&r=g\",\"caption\":\"Jefferson Sterfeno\"},\"sameAs\":[\"http:\/\/blogdobispo.com.br\"],\"url\":\"https:\/\/blogdobispo.com.br\/?author=1\"}]}<\/script>\n<!-- \/ Yoast SEO plugin. -->","yoast_head_json":{"title":"Natal e Mossor\u00f3 recebem segunda etapa do \"Pilote Seguro\" nesta quinta (9) e sexta (10)Projeto visa conscientizar motociclistas e reduzir n\u00fameros de acidentes de tr\u00e2nsito - Blog do Bispo","robots":{"index":"index","follow":"follow","max-snippet":"max-snippet:-1","max-image-preview":"max-image-preview:large","max-video-preview":"max-video-preview:-1"},"canonical":"https:\/\/blogdobispo.com.br\/?p=3389","og_locale":"pt_BR","og_type":"article","og_title":"Natal e Mossor\u00f3 recebem segunda etapa do \"Pilote Seguro\" nesta quinta (9) e sexta (10)Projeto visa conscientizar motociclistas e reduzir n\u00fameros de acidentes de tr\u00e2nsito - Blog do Bispo","og_description":"Com objetivo de conscientizar e educar motociclistas, visando a redu\u00e7\u00e3o do n\u00famero de acidentes e infra\u00e7\u00f5es envolvendo motos, foi criado o \u201cPilote Seguro\u201d. Em Natal, o projeto chega a sua segunda etapa nesta quinta-feira (9), na Arena das Dunas, quando ser\u00e3o realizadas as oficinas presenciais e entregues os capacetes doados aos 80 participantes inscritos. J\u00e1 [&hellip;]","og_url":"https:\/\/blogdobispo.com.br\/?p=3389","og_site_name":"Blog do Bispo","article_published_time":"2024-05-09T00:57:13+00:00","og_image":[{"url":"https:\/\/blogdobispo.com.br\/wp-content\/uploads\/2024\/05\/0b227d2a-19a0-44e8-8ab0-bc494c22a018-1.jpg","type":"","width":"","height":""}],"author":"Jefferson Sterfeno","twitter_card":"summary_large_image","twitter_misc":{"Escrito por":"Jefferson Sterfeno","Est. tempo de leitura":"2 minutos"},"schema":{"@context":"https:\/\/schema.org","@graph":[{"@type":"Article","@id":"https:\/\/blogdobispo.com.br\/?p=3389#article","isPartOf":{"@id":"https:\/\/blogdobispo.com.br\/?p=3389"},"author":{"name":"Jefferson Sterfeno","@id":"https:\/\/blogdobispo.com.br\/#\/schema\/person\/e2209cc0e6cea5c5233d033e997b373f"},"headline":"Natal e Mossor\u00f3 recebem segunda etapa do &#8220;Pilote Seguro&#8221; nesta quinta (9) e sexta (10)Projeto visa conscientizar motociclistas e reduzir n\u00fameros de acidentes de tr\u00e2nsito","datePublished":"2024-05-09T00:57:13+00:00","mainEntityOfPage":{"@id":"https:\/\/blogdobispo.com.br\/?p=3389"},"wordCount":503,"commentCount":0,"publisher":{"@id":"https:\/\/blogdobispo.com.br\/#organization"},"image":{"@id":"https:\/\/blogdobispo.com.br\/?p=3389#primaryimage"},"thumbnailUrl":"https:\/\/blogdobispo.com.br\/wp-content\/uploads\/2024\/05\/0b227d2a-19a0-44e8-8ab0-bc494c22a018-1.jpg","articleSection":["diversos"],"inLanguage":"pt-BR","potentialAction":[{"@type":"CommentAction","name":"Comment","target":["https:\/\/blogdobispo.com.br\/?p=3389#respond"]}]},{"@type":"WebPage","@id":"https:\/\/blogdobispo.com.br\/?p=3389","url":"https:\/\/blogdobispo.com.br\/?p=3389","name":"Natal e Mossor\u00f3 recebem segunda etapa do \"Pilote Seguro\" nesta quinta (9) e sexta (10)Projeto visa conscientizar motociclistas e reduzir n\u00fameros de acidentes de tr\u00e2nsito - Blog do Bispo","isPartOf":{"@id":"https:\/\/blogdobispo.com.br\/#website"},"primaryImageOfPage":{"@id":"https:\/\/blogdobispo.com.br\/?p=3389#primaryimage"},"image":{"@id":"https:\/\/blogdobispo.com.br\/?p=3389#primaryimage"},"thumbnailUrl":"https:\/\/blogdobispo.com.br\/wp-content\/uploads\/2024\/05\/0b227d2a-19a0-44e8-8ab0-bc494c22a018-1.jpg","datePublished":"2024-05-09T00:57:13+00:00","breadcrumb":{"@id":"https:\/\/blogdobispo.com.br\/?p=3389#breadcrumb"},"inLanguage":"pt-BR","potentialAction":[{"@type":"ReadAction","target":["https:\/\/blogdobispo.com.br\/?p=3389"]}]},{"@type":"ImageObject","inLanguage":"pt-BR","@id":"https:\/\/blogdobispo.com.br\/?p=3389#primaryimage","url":"https:\/\/blogdobispo.com.br\/wp-content\/uploads\/2024\/05\/0b227d2a-19a0-44e8-8ab0-bc494c22a018-1.jpg","contentUrl":"https:\/\/blogdobispo.com.br\/wp-content\/uploads\/2024\/05\/0b227d2a-19a0-44e8-8ab0-bc494c22a018-1.jpg"},{"@type":"BreadcrumbList","@id":"https:\/\/blogdobispo.com.br\/?p=3389#breadcrumb","itemListElement":[{"@type":"ListItem","position":1,"name":"In\u00edcio","item":"https:\/\/blogdobispo.com.br\/"},{"@type":"ListItem","position":2,"name":"Natal e Mossor\u00f3 recebem segunda etapa do &#8220;Pilote Seguro&#8221; nesta quinta (9) e sexta (10)Projeto visa conscientizar motociclistas e reduzir n\u00fameros de acidentes de tr\u00e2nsito"}]},{"@type":"WebSite","@id":"https:\/\/blogdobispo.com.br\/#website","url":"https:\/\/blogdobispo.com.br\/","name":"Blog do Bispo","description":"Comprometido apenas com o leitor","publisher":{"@id":"https:\/\/blogdobispo.com.br\/#organization"},"potentialAction":[{"@type":"SearchAction","target":{"@type":"EntryPoint","urlTemplate":"https:\/\/blogdobispo.com.br\/?s={search_term_string}"},"query-input":{"@type":"PropertyValueSpecification","valueRequired":true,"valueName":"search_term_string"}}],"inLanguage":"pt-BR"},{"@type":"Organization","@id":"https:\/\/blogdobispo.com.br\/#organization","name":"Blog do Bispo","url":"https:\/\/blogdobispo.com.br\/","logo":{"@type":"ImageObject","inLanguage":"pt-BR","@id":"https:\/\/blogdobispo.com.br\/#\/schema\/logo\/image\/","url":"http:\/\/blogdobispo.com.br\/wp-content\/uploads\/2023\/05\/cropped-headear.png","contentUrl":"http:\/\/blogdobispo.com.br\/wp-content\/uploads\/2023\/05\/cropped-headear.png","width":1500,"height":399,"caption":"Blog do Bispo"},"image":{"@id":"https:\/\/blogdobispo.com.br\/#\/schema\/logo\/image\/"}},{"@type":"Person","@id":"https:\/\/blogdobispo.com.br\/#\/schema\/person\/e2209cc0e6cea5c5233d033e997b373f","name":"Jefferson Sterfeno","image":{"@type":"ImageObject","inLanguage":"pt-BR","@id":"https:\/\/blogdobispo.com.br\/#\/schema\/person\/image\/","url":"https:\/\/secure.gravatar.com\/avatar\/0534e84764641168a677026b6d57a3f51dc7ac4db0b4f6186d9cb330d4ee1160?s=96&d=mm&r=g","contentUrl":"https:\/\/secure.gravatar.com\/avatar\/0534e84764641168a677026b6d57a3f51dc7ac4db0b4f6186d9cb330d4ee1160?s=96&d=mm&r=g","caption":"Jefferson Sterfeno"},"sameAs":["http:\/\/blogdobispo.com.br"],"url":"https:\/\/blogdobispo.com.br\/?author=1"}]}},"featured_image_urls":{"full":"","thumbnail":"","medium":"","medium_large":"","large":"","1536x1536":"","2048x2048":""},"author_info":{"display_name":"Jefferson Sterfeno","author_link":"https:\/\/blogdobispo.com.br\/?author=1"},"category_info":"<a href=\"https:\/\/blogdobispo.com.br\/?cat=1\" rel=\"category\">diversos<\/a>","tag_info":"diversos","comment_count":"0","jetpack_featured_media_url":"","jetpack_sharing_enabled":true,"_links":{"self":[{"href":"https:\/\/blogdobispo.com.br\/index.php?rest_route=\/wp\/v2\/posts\/3389","targetHints":{"allow":["GET"]}}],"collection":[{"href":"https:\/\/blogdobispo.com.br\/index.php?rest_route=\/wp\/v2\/posts"}],"about":[{"href":"https:\/\/blogdobispo.com.br\/index.php?rest_route=\/wp\/v2\/types\/post"}],"author":[{"embeddable":true,"href":"https:\/\/blogdobispo.com.br\/index.php?rest_route=\/wp\/v2\/users\/1"}],"replies":[{"embeddable":true,"href":"https:\/\/blogdobispo.com.br\/index.php?rest_route=%2Fwp%2Fv2%2Fcomments&post=3389"}],"version-history":[{"count":0,"href":"https:\/\/blogdobispo.com.br\/index.php?rest_route=\/wp\/v2\/posts\/3389\/revisions"}],"wp:attachment":[{"href":"https:\/\/blogdobispo.com.br\/index.php?rest_route=%2Fwp%2Fv2%2Fmedia&parent=3389"}],"wp:term":[{"taxonomy":"category","embeddable":true,"href":"https:\/\/blogdobispo.com.br\/index.php?rest_route=%2Fwp%2Fv2%2Fcategories&post=3389"},{"taxonomy":"post_tag","embeddable":true,"href":"https:\/\/blogdobispo.com.br\/index.php?rest_route=%2Fwp%2Fv2%2Ftags&post=3389"}],"curies":[{"name":"wp","href":"https:\/\/api.w.org\/{rel}","templated":true}]}}