{"id":3385,"date":"2024-05-08T15:09:40","date_gmt":"2024-05-08T15:09:40","guid":{"rendered":"https:\/\/blogdobispo.com.br\/?p=3385"},"modified":"2024-05-08T15:09:40","modified_gmt":"2024-05-08T15:09:40","slug":"lawrence-rompe-com-allyson-e-articula-candidatura-para-bater-chapa-com-o-prefeito","status":"publish","type":"post","link":"https:\/\/blogdobispo.com.br\/?p=3385","title":{"rendered":"Lawrence rompe com Allyson e articula candidatura para bater chapa com o prefeito"},"content":{"rendered":"\n<figure class=\"wp-block-image size-large\"><img data-recalc-dims=\"1\" fetchpriority=\"high\" decoding=\"async\" width=\"800\" height=\"411\" src=\"https:\/\/i0.wp.com\/blogdobispo.com.br\/wp-content\/uploads\/2024\/05\/img_7107-1024x526.jpg?resize=800%2C411&#038;ssl=1\" class=\"wp-image-3384\" srcset=\"https:\/\/i0.wp.com\/blogdobispo.com.br\/wp-content\/uploads\/2024\/05\/img_7107.jpg?resize=1024%2C526&amp;ssl=1 1024w, https:\/\/i0.wp.com\/blogdobispo.com.br\/wp-content\/uploads\/2024\/05\/img_7107.jpg?resize=300%2C154&amp;ssl=1 300w, https:\/\/i0.wp.com\/blogdobispo.com.br\/wp-content\/uploads\/2024\/05\/img_7107.jpg?resize=768%2C394&amp;ssl=1 768w, https:\/\/i0.wp.com\/blogdobispo.com.br\/wp-content\/uploads\/2024\/05\/img_7107.jpg?w=1130&amp;ssl=1 1130w\" sizes=\"(max-width: 800px) 100vw, 800px\" \/><\/figure>\n\n\n\n<p>O presidente da C\u00e2mara Municipal Lawrence Amorim (PSDB) e o prefeito Allyson Bezerra (Uni\u00e3o) est\u00e3o rompidos h\u00e1 uma semana ap\u00f3s uma discuss\u00e3o \u00e1spera entre os dois.<\/p>\n\n\n\n<p>O prefeito foi cobrar ao presidente da C\u00e2mara Municipal lealdade ap\u00f3s desconfiar que o ent\u00e3o aliado estaria dando suporte jur\u00eddico a oposi\u00e7\u00e3o. O questionamento ofendeu Lawrence que decidiu romper com o prefeito ap\u00f3s lembrar de promessas descumpridas no contexto do convite do senador Rog\u00e9rio Marinho (PSDB) para disputar a elei\u00e7\u00e3o majorit\u00e1ria pelo PL.<\/p>\n\n\n\n<p>Allyson prometeu que os dois caminhariam juntos sinalizando que o tucano seria seu vice e se comprometeu a encontrar uma sa\u00edda para a d\u00edvida entre a C\u00e2mara e o executivo.<\/p>\n\n\n\n<p>Ontem pipocou a not\u00edcia da d\u00edvida e a m\u00eddia ligada ao prefeito tentou carimbar em Lawrence a pecha de mau gestor. Em seguida Lawrence anunciou que far\u00e1 uma live na pr\u00f3xima segunda-feira em que vai tratar do futuro pol\u00edtico dele.<\/p>\n\n\n\n<p>Mas porque marcar a live s\u00f3 para segunda-feira? Por que na sexta-feira o presidente nacional do PSDB Marconi Perillo estar\u00e1 em Natal para um encontro com tucanos para decidir os rumos do partido no Estado ao lado do presidente da Assembleia Legislativa Ezequiel Ferreira, presidente do PSDB estadual.<\/p>\n\n\n\n<p>Lawrence vai buscar respaldo partid\u00e1rio para em seguida anunciar que est\u00e1 no jogo eleitoral da majorit\u00e1ria. Da\u00ed a demora em tornar o posicionamento p\u00fablico.<\/p>\n\n\n\n<p>A rela\u00e7\u00e3o pol\u00edtica entre os dois estava estremecida desde o final das elei\u00e7\u00f5es de 2022 e quem conhece os bastidores pol\u00edticos de Mossor\u00f3 sabia que ambos mantinham um \u201ccasamento de apar\u00eancias\u201d.<\/p>\n\n\n\n<p>O rompimento entre Lawrence e Allyson modifica o cen\u00e1rio pol\u00edtico e institucional em Mossor\u00f3.<\/p>\n\n\n\n<p>Bruno Barreto <\/p>\n","protected":false},"excerpt":{"rendered":"<p>O presidente da C\u00e2mara Municipal Lawrence Amorim (PSDB) e o prefeito Allyson Bezerra (Uni\u00e3o) est\u00e3o rompidos h\u00e1 uma semana ap\u00f3s uma discuss\u00e3o \u00e1spera entre os dois. O prefeito foi cobrar ao presidente da C\u00e2mara Municipal lealdade ap\u00f3s desconfiar que o ent\u00e3o aliado estaria dando suporte jur\u00eddico a oposi\u00e7\u00e3o. O questionamento ofendeu Lawrence que decidiu romper [&hellip;]<\/p>\n","protected":false},"author":1,"featured_media":0,"comment_status":"open","ping_status":"open","sticky":false,"template":"","format":"standard","meta":{"cybocfi_hide_featured_image":"","_jetpack_memberships_contains_paid_content":false,"footnotes":""},"categories":[1],"tags":[],"class_list":["post-3385","post","type-post","status-publish","format-standard","hentry","category-diversos"],"yoast_head":"<!-- This site is optimized with the Yoast SEO plugin v25.6 - https:\/\/yoast.com\/wordpress\/plugins\/seo\/ -->\n<title>Lawrence rompe com Allyson e articula candidatura para bater chapa com o prefeito - Blog do Bispo<\/title>\n<meta name=\"robots\" content=\"index, follow, max-snippet:-1, max-image-preview:large, max-video-preview:-1\" \/>\n<link rel=\"canonical\" href=\"https:\/\/blogdobispo.com.br\/?p=3385\" \/>\n<meta property=\"og:locale\" content=\"pt_BR\" \/>\n<meta property=\"og:type\" content=\"article\" \/>\n<meta property=\"og:title\" content=\"Lawrence rompe com Allyson e articula candidatura para bater chapa com o prefeito - Blog do Bispo\" \/>\n<meta property=\"og:description\" content=\"O presidente da C\u00e2mara Municipal Lawrence Amorim (PSDB) e o prefeito Allyson Bezerra (Uni\u00e3o) est\u00e3o rompidos h\u00e1 uma semana ap\u00f3s uma discuss\u00e3o \u00e1spera entre os dois. O prefeito foi cobrar ao presidente da C\u00e2mara Municipal lealdade ap\u00f3s desconfiar que o ent\u00e3o aliado estaria dando suporte jur\u00eddico a oposi\u00e7\u00e3o. O questionamento ofendeu Lawrence que decidiu romper [&hellip;]\" \/>\n<meta property=\"og:url\" content=\"https:\/\/blogdobispo.com.br\/?p=3385\" \/>\n<meta property=\"og:site_name\" content=\"Blog do Bispo\" \/>\n<meta property=\"article:published_time\" content=\"2024-05-08T15:09:40+00:00\" \/>\n<meta property=\"og:image\" content=\"https:\/\/blogdobispo.com.br\/wp-content\/uploads\/2024\/05\/img_7107-1024x526.jpg\" \/>\n<meta name=\"author\" content=\"Jefferson Sterfeno\" \/>\n<meta name=\"twitter:card\" content=\"summary_large_image\" \/>\n<meta name=\"twitter:label1\" content=\"Escrito por\" \/>\n\t<meta name=\"twitter:data1\" content=\"Jefferson Sterfeno\" \/>\n\t<meta name=\"twitter:label2\" content=\"Est. tempo de leitura\" \/>\n\t<meta name=\"twitter:data2\" content=\"1 minuto\" \/>\n<script type=\"application\/ld+json\" class=\"yoast-schema-graph\">{\"@context\":\"https:\/\/schema.org\",\"@graph\":[{\"@type\":\"Article\",\"@id\":\"https:\/\/blogdobispo.com.br\/?p=3385#article\",\"isPartOf\":{\"@id\":\"https:\/\/blogdobispo.com.br\/?p=3385\"},\"author\":{\"name\":\"Jefferson Sterfeno\",\"@id\":\"https:\/\/blogdobispo.com.br\/#\/schema\/person\/e2209cc0e6cea5c5233d033e997b373f\"},\"headline\":\"Lawrence rompe com Allyson e articula candidatura para bater chapa com o prefeito\",\"datePublished\":\"2024-05-08T15:09:40+00:00\",\"mainEntityOfPage\":{\"@id\":\"https:\/\/blogdobispo.com.br\/?p=3385\"},\"wordCount\":312,\"commentCount\":0,\"publisher\":{\"@id\":\"https:\/\/blogdobispo.com.br\/#organization\"},\"image\":{\"@id\":\"https:\/\/blogdobispo.com.br\/?p=3385#primaryimage\"},\"thumbnailUrl\":\"https:\/\/blogdobispo.com.br\/wp-content\/uploads\/2024\/05\/img_7107-1024x526.jpg\",\"articleSection\":[\"diversos\"],\"inLanguage\":\"pt-BR\",\"potentialAction\":[{\"@type\":\"CommentAction\",\"name\":\"Comment\",\"target\":[\"https:\/\/blogdobispo.com.br\/?p=3385#respond\"]}]},{\"@type\":\"WebPage\",\"@id\":\"https:\/\/blogdobispo.com.br\/?p=3385\",\"url\":\"https:\/\/blogdobispo.com.br\/?p=3385\",\"name\":\"Lawrence rompe com Allyson e articula candidatura para bater chapa com o prefeito - Blog do Bispo\",\"isPartOf\":{\"@id\":\"https:\/\/blogdobispo.com.br\/#website\"},\"primaryImageOfPage\":{\"@id\":\"https:\/\/blogdobispo.com.br\/?p=3385#primaryimage\"},\"image\":{\"@id\":\"https:\/\/blogdobispo.com.br\/?p=3385#primaryimage\"},\"thumbnailUrl\":\"https:\/\/blogdobispo.com.br\/wp-content\/uploads\/2024\/05\/img_7107-1024x526.jpg\",\"datePublished\":\"2024-05-08T15:09:40+00:00\",\"breadcrumb\":{\"@id\":\"https:\/\/blogdobispo.com.br\/?p=3385#breadcrumb\"},\"inLanguage\":\"pt-BR\",\"potentialAction\":[{\"@type\":\"ReadAction\",\"target\":[\"https:\/\/blogdobispo.com.br\/?p=3385\"]}]},{\"@type\":\"ImageObject\",\"inLanguage\":\"pt-BR\",\"@id\":\"https:\/\/blogdobispo.com.br\/?p=3385#primaryimage\",\"url\":\"https:\/\/blogdobispo.com.br\/wp-content\/uploads\/2024\/05\/img_7107-1024x526.jpg\",\"contentUrl\":\"https:\/\/blogdobispo.com.br\/wp-content\/uploads\/2024\/05\/img_7107-1024x526.jpg\"},{\"@type\":\"BreadcrumbList\",\"@id\":\"https:\/\/blogdobispo.com.br\/?p=3385#breadcrumb\",\"itemListElement\":[{\"@type\":\"ListItem\",\"position\":1,\"name\":\"In\u00edcio\",\"item\":\"https:\/\/blogdobispo.com.br\/\"},{\"@type\":\"ListItem\",\"position\":2,\"name\":\"Lawrence rompe com Allyson e articula candidatura para bater chapa com o prefeito\"}]},{\"@type\":\"WebSite\",\"@id\":\"https:\/\/blogdobispo.com.br\/#website\",\"url\":\"https:\/\/blogdobispo.com.br\/\",\"name\":\"Blog do Bispo\",\"description\":\"Comprometido apenas com o leitor\",\"publisher\":{\"@id\":\"https:\/\/blogdobispo.com.br\/#organization\"},\"potentialAction\":[{\"@type\":\"SearchAction\",\"target\":{\"@type\":\"EntryPoint\",\"urlTemplate\":\"https:\/\/blogdobispo.com.br\/?s={search_term_string}\"},\"query-input\":{\"@type\":\"PropertyValueSpecification\",\"valueRequired\":true,\"valueName\":\"search_term_string\"}}],\"inLanguage\":\"pt-BR\"},{\"@type\":\"Organization\",\"@id\":\"https:\/\/blogdobispo.com.br\/#organization\",\"name\":\"Blog do Bispo\",\"url\":\"https:\/\/blogdobispo.com.br\/\",\"logo\":{\"@type\":\"ImageObject\",\"inLanguage\":\"pt-BR\",\"@id\":\"https:\/\/blogdobispo.com.br\/#\/schema\/logo\/image\/\",\"url\":\"http:\/\/blogdobispo.com.br\/wp-content\/uploads\/2023\/05\/cropped-headear.png\",\"contentUrl\":\"http:\/\/blogdobispo.com.br\/wp-content\/uploads\/2023\/05\/cropped-headear.png\",\"width\":1500,\"height\":399,\"caption\":\"Blog do Bispo\"},\"image\":{\"@id\":\"https:\/\/blogdobispo.com.br\/#\/schema\/logo\/image\/\"}},{\"@type\":\"Person\",\"@id\":\"https:\/\/blogdobispo.com.br\/#\/schema\/person\/e2209cc0e6cea5c5233d033e997b373f\",\"name\":\"Jefferson Sterfeno\",\"image\":{\"@type\":\"ImageObject\",\"inLanguage\":\"pt-BR\",\"@id\":\"https:\/\/blogdobispo.com.br\/#\/schema\/person\/image\/\",\"url\":\"https:\/\/secure.gravatar.com\/avatar\/0534e84764641168a677026b6d57a3f51dc7ac4db0b4f6186d9cb330d4ee1160?s=96&d=mm&r=g\",\"contentUrl\":\"https:\/\/secure.gravatar.com\/avatar\/0534e84764641168a677026b6d57a3f51dc7ac4db0b4f6186d9cb330d4ee1160?s=96&d=mm&r=g\",\"caption\":\"Jefferson Sterfeno\"},\"sameAs\":[\"http:\/\/blogdobispo.com.br\"],\"url\":\"https:\/\/blogdobispo.com.br\/?author=1\"}]}<\/script>\n<!-- \/ Yoast SEO plugin. -->","yoast_head_json":{"title":"Lawrence rompe com Allyson e articula candidatura para bater chapa com o prefeito - Blog do Bispo","robots":{"index":"index","follow":"follow","max-snippet":"max-snippet:-1","max-image-preview":"max-image-preview:large","max-video-preview":"max-video-preview:-1"},"canonical":"https:\/\/blogdobispo.com.br\/?p=3385","og_locale":"pt_BR","og_type":"article","og_title":"Lawrence rompe com Allyson e articula candidatura para bater chapa com o prefeito - Blog do Bispo","og_description":"O presidente da C\u00e2mara Municipal Lawrence Amorim (PSDB) e o prefeito Allyson Bezerra (Uni\u00e3o) est\u00e3o rompidos h\u00e1 uma semana ap\u00f3s uma discuss\u00e3o \u00e1spera entre os dois. O prefeito foi cobrar ao presidente da C\u00e2mara Municipal lealdade ap\u00f3s desconfiar que o ent\u00e3o aliado estaria dando suporte jur\u00eddico a oposi\u00e7\u00e3o. O questionamento ofendeu Lawrence que decidiu romper [&hellip;]","og_url":"https:\/\/blogdobispo.com.br\/?p=3385","og_site_name":"Blog do Bispo","article_published_time":"2024-05-08T15:09:40+00:00","og_image":[{"url":"https:\/\/blogdobispo.com.br\/wp-content\/uploads\/2024\/05\/img_7107-1024x526.jpg","type":"","width":"","height":""}],"author":"Jefferson Sterfeno","twitter_card":"summary_large_image","twitter_misc":{"Escrito por":"Jefferson Sterfeno","Est. tempo de leitura":"1 minuto"},"schema":{"@context":"https:\/\/schema.org","@graph":[{"@type":"Article","@id":"https:\/\/blogdobispo.com.br\/?p=3385#article","isPartOf":{"@id":"https:\/\/blogdobispo.com.br\/?p=3385"},"author":{"name":"Jefferson Sterfeno","@id":"https:\/\/blogdobispo.com.br\/#\/schema\/person\/e2209cc0e6cea5c5233d033e997b373f"},"headline":"Lawrence rompe com Allyson e articula candidatura para bater chapa com o prefeito","datePublished":"2024-05-08T15:09:40+00:00","mainEntityOfPage":{"@id":"https:\/\/blogdobispo.com.br\/?p=3385"},"wordCount":312,"commentCount":0,"publisher":{"@id":"https:\/\/blogdobispo.com.br\/#organization"},"image":{"@id":"https:\/\/blogdobispo.com.br\/?p=3385#primaryimage"},"thumbnailUrl":"https:\/\/blogdobispo.com.br\/wp-content\/uploads\/2024\/05\/img_7107-1024x526.jpg","articleSection":["diversos"],"inLanguage":"pt-BR","potentialAction":[{"@type":"CommentAction","name":"Comment","target":["https:\/\/blogdobispo.com.br\/?p=3385#respond"]}]},{"@type":"WebPage","@id":"https:\/\/blogdobispo.com.br\/?p=3385","url":"https:\/\/blogdobispo.com.br\/?p=3385","name":"Lawrence rompe com Allyson e articula candidatura para bater chapa com o prefeito - Blog do Bispo","isPartOf":{"@id":"https:\/\/blogdobispo.com.br\/#website"},"primaryImageOfPage":{"@id":"https:\/\/blogdobispo.com.br\/?p=3385#primaryimage"},"image":{"@id":"https:\/\/blogdobispo.com.br\/?p=3385#primaryimage"},"thumbnailUrl":"https:\/\/blogdobispo.com.br\/wp-content\/uploads\/2024\/05\/img_7107-1024x526.jpg","datePublished":"2024-05-08T15:09:40+00:00","breadcrumb":{"@id":"https:\/\/blogdobispo.com.br\/?p=3385#breadcrumb"},"inLanguage":"pt-BR","potentialAction":[{"@type":"ReadAction","target":["https:\/\/blogdobispo.com.br\/?p=3385"]}]},{"@type":"ImageObject","inLanguage":"pt-BR","@id":"https:\/\/blogdobispo.com.br\/?p=3385#primaryimage","url":"https:\/\/blogdobispo.com.br\/wp-content\/uploads\/2024\/05\/img_7107-1024x526.jpg","contentUrl":"https:\/\/blogdobispo.com.br\/wp-content\/uploads\/2024\/05\/img_7107-1024x526.jpg"},{"@type":"BreadcrumbList","@id":"https:\/\/blogdobispo.com.br\/?p=3385#breadcrumb","itemListElement":[{"@type":"ListItem","position":1,"name":"In\u00edcio","item":"https:\/\/blogdobispo.com.br\/"},{"@type":"ListItem","position":2,"name":"Lawrence rompe com Allyson e articula candidatura para bater chapa com o prefeito"}]},{"@type":"WebSite","@id":"https:\/\/blogdobispo.com.br\/#website","url":"https:\/\/blogdobispo.com.br\/","name":"Blog do Bispo","description":"Comprometido apenas com o leitor","publisher":{"@id":"https:\/\/blogdobispo.com.br\/#organization"},"potentialAction":[{"@type":"SearchAction","target":{"@type":"EntryPoint","urlTemplate":"https:\/\/blogdobispo.com.br\/?s={search_term_string}"},"query-input":{"@type":"PropertyValueSpecification","valueRequired":true,"valueName":"search_term_string"}}],"inLanguage":"pt-BR"},{"@type":"Organization","@id":"https:\/\/blogdobispo.com.br\/#organization","name":"Blog do Bispo","url":"https:\/\/blogdobispo.com.br\/","logo":{"@type":"ImageObject","inLanguage":"pt-BR","@id":"https:\/\/blogdobispo.com.br\/#\/schema\/logo\/image\/","url":"http:\/\/blogdobispo.com.br\/wp-content\/uploads\/2023\/05\/cropped-headear.png","contentUrl":"http:\/\/blogdobispo.com.br\/wp-content\/uploads\/2023\/05\/cropped-headear.png","width":1500,"height":399,"caption":"Blog do Bispo"},"image":{"@id":"https:\/\/blogdobispo.com.br\/#\/schema\/logo\/image\/"}},{"@type":"Person","@id":"https:\/\/blogdobispo.com.br\/#\/schema\/person\/e2209cc0e6cea5c5233d033e997b373f","name":"Jefferson Sterfeno","image":{"@type":"ImageObject","inLanguage":"pt-BR","@id":"https:\/\/blogdobispo.com.br\/#\/schema\/person\/image\/","url":"https:\/\/secure.gravatar.com\/avatar\/0534e84764641168a677026b6d57a3f51dc7ac4db0b4f6186d9cb330d4ee1160?s=96&d=mm&r=g","contentUrl":"https:\/\/secure.gravatar.com\/avatar\/0534e84764641168a677026b6d57a3f51dc7ac4db0b4f6186d9cb330d4ee1160?s=96&d=mm&r=g","caption":"Jefferson Sterfeno"},"sameAs":["http:\/\/blogdobispo.com.br"],"url":"https:\/\/blogdobispo.com.br\/?author=1"}]}},"featured_image_urls":{"full":"","thumbnail":"","medium":"","medium_large":"","large":"","1536x1536":"","2048x2048":""},"author_info":{"display_name":"Jefferson Sterfeno","author_link":"https:\/\/blogdobispo.com.br\/?author=1"},"category_info":"<a href=\"https:\/\/blogdobispo.com.br\/?cat=1\" rel=\"category\">diversos<\/a>","tag_info":"diversos","comment_count":"0","jetpack_featured_media_url":"","jetpack_sharing_enabled":true,"_links":{"self":[{"href":"https:\/\/blogdobispo.com.br\/index.php?rest_route=\/wp\/v2\/posts\/3385","targetHints":{"allow":["GET"]}}],"collection":[{"href":"https:\/\/blogdobispo.com.br\/index.php?rest_route=\/wp\/v2\/posts"}],"about":[{"href":"https:\/\/blogdobispo.com.br\/index.php?rest_route=\/wp\/v2\/types\/post"}],"author":[{"embeddable":true,"href":"https:\/\/blogdobispo.com.br\/index.php?rest_route=\/wp\/v2\/users\/1"}],"replies":[{"embeddable":true,"href":"https:\/\/blogdobispo.com.br\/index.php?rest_route=%2Fwp%2Fv2%2Fcomments&post=3385"}],"version-history":[{"count":0,"href":"https:\/\/blogdobispo.com.br\/index.php?rest_route=\/wp\/v2\/posts\/3385\/revisions"}],"wp:attachment":[{"href":"https:\/\/blogdobispo.com.br\/index.php?rest_route=%2Fwp%2Fv2%2Fmedia&parent=3385"}],"wp:term":[{"taxonomy":"category","embeddable":true,"href":"https:\/\/blogdobispo.com.br\/index.php?rest_route=%2Fwp%2Fv2%2Fcategories&post=3385"},{"taxonomy":"post_tag","embeddable":true,"href":"https:\/\/blogdobispo.com.br\/index.php?rest_route=%2Fwp%2Fv2%2Ftags&post=3385"}],"curies":[{"name":"wp","href":"https:\/\/api.w.org\/{rel}","templated":true}]}}