{"id":3375,"date":"2024-05-08T02:30:57","date_gmt":"2024-05-08T02:30:57","guid":{"rendered":"https:\/\/blogdobispo.com.br\/?p=3375"},"modified":"2024-05-08T02:30:57","modified_gmt":"2024-05-08T02:30:57","slug":"projeto-que-estimula-doacoes-de-sangue-e-aprovado-na-camara-de-natal","status":"publish","type":"post","link":"https:\/\/blogdobispo.com.br\/?p=3375","title":{"rendered":"Projeto que estimula doa\u00e7\u00f5es de sangue \u00e9 aprovado na C\u00e2mara de Natal"},"content":{"rendered":"\n<figure class=\"wp-block-image foto-noticia\"><img data-recalc-dims=\"1\" decoding=\"async\" src=\"https:\/\/i0.wp.com\/www.cmnat.rn.gov.br\/_ups\/noticias\/2024\/05\/07\/a0055ec7f474ce7eca9198d224a78e8c.jpg?w=800&#038;ssl=1\" alt=\"\"\/><\/figure>\n\n\n\n<p>A C\u00e2mara Municipal de Natal aprovou na sess\u00e3o ordin\u00e1ria desta ter\u00e7a-feira (7), o Projeto de Lei n\u00ba 348\/2020, que incentiva a doa\u00e7\u00e3o de sangue. A mat\u00e9ria foi apreciada junto a outras sete.<\/p>\n\n\n\n<p>Pelo texto do vereador Robson Carvalho (Uni\u00e3o Brasil), faturas, notifica\u00e7\u00f5es e boletos emitidos pelos \u00f3rg\u00e3os municipais e empresas terceirizadas contratadas pela Prefeitura dever\u00e3o ter mensagens de incentivo \u00e0 doa\u00e7\u00e3o de sangue. &#8220;\u00c9 not\u00f3ria a necessidade de doa\u00e7\u00e3o de sangue e esse projeto estimula as pessoas a fazerem a doarem mais ou se tornarem doadores. Isso ajuda a abastecer os bancos de sangue salvando vidas&#8221;, disse o autor da proposta.<\/p>\n\n\n\n<p>Tamb\u00e9m foi aprovada em segunda discuss\u00e3o altera\u00e7\u00f5es \u00e0 Lei n\u00ba 356\/2012, que garante a distribui\u00e7\u00e3o de fraldas, compressas de gases est\u00e9reis e sondas uretrais est\u00e9reis e descart\u00e1veis para idosos e pessoas que necessitam. &#8220;A gente altera o limite de 90 unidades para que a quantidade seja de acordo com o laudo m\u00e9dico. Tamb\u00e9m retiramos a restri\u00e7\u00e3o de ser apenas para quem recebe um sal\u00e1rio m\u00ednimo, tornando universal para quem necessitar&#8221;. Explicou o autor das mudan\u00e7as, vereador T\u00e9rcio Tinoco (Uni\u00e3o Brasil).<\/p>\n\n\n\n<p>Outra mat\u00e9ria que recebeu o aval do Plen\u00e1rio \u00e9 de autoria do vereador Kleber Fernandes (REPUBLICANOS) e disciplina as opera\u00e7\u00f5es de carga e descarga para ve\u00edculos do tipo picape na cidade. Al\u00e9m disso, passou o PL n\u00ba 382\/2022, do vereador Rob\u00e9rio Paulino (PSOL), para a implanta\u00e7\u00e3o do Programa de Assist\u00eancia Psicopedag\u00f3gica Fono-Neuro na rede de ensino do munic\u00edpio. &#8220;A ideia \u00e9 ter esses especialistas para identificar em todas as crian\u00e7as as que t\u00eam problemas fono-neurais. Nem sempre os pais conseguem identificar esses problemas que interferem no aprendizado e na conviv\u00eancia&#8221;, declarou Rob\u00e9rio Paulino.<\/p>\n\n\n\n<p>Os vereadores aprovaram ainda a concess\u00e3o do T\u00edtulo de Cidadania Natalense ao senhor Bruno de Sousa Rodrigues.<\/p>\n","protected":false},"excerpt":{"rendered":"<p>A C\u00e2mara Municipal de Natal aprovou na sess\u00e3o ordin\u00e1ria desta ter\u00e7a-feira (7), o Projeto de Lei n\u00ba 348\/2020, que incentiva a doa\u00e7\u00e3o de sangue. A mat\u00e9ria foi apreciada junto a outras sete. Pelo texto do vereador Robson Carvalho (Uni\u00e3o Brasil), faturas, notifica\u00e7\u00f5es e boletos emitidos pelos \u00f3rg\u00e3os municipais e empresas terceirizadas contratadas pela Prefeitura dever\u00e3o [&hellip;]<\/p>\n","protected":false},"author":1,"featured_media":0,"comment_status":"open","ping_status":"open","sticky":false,"template":"","format":"standard","meta":{"cybocfi_hide_featured_image":"","_jetpack_memberships_contains_paid_content":false,"footnotes":""},"categories":[1],"tags":[],"class_list":["post-3375","post","type-post","status-publish","format-standard","hentry","category-diversos"],"yoast_head":"<!-- This site is optimized with the Yoast SEO plugin v25.6 - https:\/\/yoast.com\/wordpress\/plugins\/seo\/ -->\n<title>Projeto que estimula doa\u00e7\u00f5es de sangue \u00e9 aprovado na C\u00e2mara de Natal - Blog do Bispo<\/title>\n<meta name=\"robots\" content=\"index, follow, max-snippet:-1, max-image-preview:large, max-video-preview:-1\" \/>\n<link rel=\"canonical\" href=\"https:\/\/blogdobispo.com.br\/?p=3375\" \/>\n<meta property=\"og:locale\" content=\"pt_BR\" \/>\n<meta property=\"og:type\" content=\"article\" \/>\n<meta property=\"og:title\" content=\"Projeto que estimula doa\u00e7\u00f5es de sangue \u00e9 aprovado na C\u00e2mara de Natal - Blog do Bispo\" \/>\n<meta property=\"og:description\" content=\"A C\u00e2mara Municipal de Natal aprovou na sess\u00e3o ordin\u00e1ria desta ter\u00e7a-feira (7), o Projeto de Lei n\u00ba 348\/2020, que incentiva a doa\u00e7\u00e3o de sangue. A mat\u00e9ria foi apreciada junto a outras sete. Pelo texto do vereador Robson Carvalho (Uni\u00e3o Brasil), faturas, notifica\u00e7\u00f5es e boletos emitidos pelos \u00f3rg\u00e3os municipais e empresas terceirizadas contratadas pela Prefeitura dever\u00e3o [&hellip;]\" \/>\n<meta property=\"og:url\" content=\"https:\/\/blogdobispo.com.br\/?p=3375\" \/>\n<meta property=\"og:site_name\" content=\"Blog do Bispo\" \/>\n<meta property=\"article:published_time\" content=\"2024-05-08T02:30:57+00:00\" \/>\n<meta property=\"og:image\" content=\"https:\/\/www.cmnat.rn.gov.br\/_ups\/noticias\/2024\/05\/07\/a0055ec7f474ce7eca9198d224a78e8c.jpg\" \/>\n<meta name=\"author\" content=\"Jefferson Sterfeno\" \/>\n<meta name=\"twitter:card\" content=\"summary_large_image\" \/>\n<meta name=\"twitter:label1\" content=\"Escrito por\" \/>\n\t<meta name=\"twitter:data1\" content=\"Jefferson Sterfeno\" \/>\n\t<meta name=\"twitter:label2\" content=\"Est. tempo de leitura\" \/>\n\t<meta name=\"twitter:data2\" content=\"2 minutos\" \/>\n<script type=\"application\/ld+json\" class=\"yoast-schema-graph\">{\"@context\":\"https:\/\/schema.org\",\"@graph\":[{\"@type\":\"Article\",\"@id\":\"https:\/\/blogdobispo.com.br\/?p=3375#article\",\"isPartOf\":{\"@id\":\"https:\/\/blogdobispo.com.br\/?p=3375\"},\"author\":{\"name\":\"Jefferson Sterfeno\",\"@id\":\"https:\/\/blogdobispo.com.br\/#\/schema\/person\/e2209cc0e6cea5c5233d033e997b373f\"},\"headline\":\"Projeto que estimula doa\u00e7\u00f5es de sangue \u00e9 aprovado na C\u00e2mara de Natal\",\"datePublished\":\"2024-05-08T02:30:57+00:00\",\"mainEntityOfPage\":{\"@id\":\"https:\/\/blogdobispo.com.br\/?p=3375\"},\"wordCount\":338,\"commentCount\":0,\"publisher\":{\"@id\":\"https:\/\/blogdobispo.com.br\/#organization\"},\"image\":{\"@id\":\"https:\/\/blogdobispo.com.br\/?p=3375#primaryimage\"},\"thumbnailUrl\":\"https:\/\/www.cmnat.rn.gov.br\/_ups\/noticias\/2024\/05\/07\/a0055ec7f474ce7eca9198d224a78e8c.jpg\",\"articleSection\":[\"diversos\"],\"inLanguage\":\"pt-BR\",\"potentialAction\":[{\"@type\":\"CommentAction\",\"name\":\"Comment\",\"target\":[\"https:\/\/blogdobispo.com.br\/?p=3375#respond\"]}]},{\"@type\":\"WebPage\",\"@id\":\"https:\/\/blogdobispo.com.br\/?p=3375\",\"url\":\"https:\/\/blogdobispo.com.br\/?p=3375\",\"name\":\"Projeto que estimula doa\u00e7\u00f5es de sangue \u00e9 aprovado na C\u00e2mara de Natal - Blog do Bispo\",\"isPartOf\":{\"@id\":\"https:\/\/blogdobispo.com.br\/#website\"},\"primaryImageOfPage\":{\"@id\":\"https:\/\/blogdobispo.com.br\/?p=3375#primaryimage\"},\"image\":{\"@id\":\"https:\/\/blogdobispo.com.br\/?p=3375#primaryimage\"},\"thumbnailUrl\":\"https:\/\/www.cmnat.rn.gov.br\/_ups\/noticias\/2024\/05\/07\/a0055ec7f474ce7eca9198d224a78e8c.jpg\",\"datePublished\":\"2024-05-08T02:30:57+00:00\",\"breadcrumb\":{\"@id\":\"https:\/\/blogdobispo.com.br\/?p=3375#breadcrumb\"},\"inLanguage\":\"pt-BR\",\"potentialAction\":[{\"@type\":\"ReadAction\",\"target\":[\"https:\/\/blogdobispo.com.br\/?p=3375\"]}]},{\"@type\":\"ImageObject\",\"inLanguage\":\"pt-BR\",\"@id\":\"https:\/\/blogdobispo.com.br\/?p=3375#primaryimage\",\"url\":\"https:\/\/www.cmnat.rn.gov.br\/_ups\/noticias\/2024\/05\/07\/a0055ec7f474ce7eca9198d224a78e8c.jpg\",\"contentUrl\":\"https:\/\/www.cmnat.rn.gov.br\/_ups\/noticias\/2024\/05\/07\/a0055ec7f474ce7eca9198d224a78e8c.jpg\"},{\"@type\":\"BreadcrumbList\",\"@id\":\"https:\/\/blogdobispo.com.br\/?p=3375#breadcrumb\",\"itemListElement\":[{\"@type\":\"ListItem\",\"position\":1,\"name\":\"In\u00edcio\",\"item\":\"https:\/\/blogdobispo.com.br\/\"},{\"@type\":\"ListItem\",\"position\":2,\"name\":\"Projeto que estimula doa\u00e7\u00f5es de sangue \u00e9 aprovado na C\u00e2mara de Natal\"}]},{\"@type\":\"WebSite\",\"@id\":\"https:\/\/blogdobispo.com.br\/#website\",\"url\":\"https:\/\/blogdobispo.com.br\/\",\"name\":\"Blog do Bispo\",\"description\":\"Comprometido apenas com o leitor\",\"publisher\":{\"@id\":\"https:\/\/blogdobispo.com.br\/#organization\"},\"potentialAction\":[{\"@type\":\"SearchAction\",\"target\":{\"@type\":\"EntryPoint\",\"urlTemplate\":\"https:\/\/blogdobispo.com.br\/?s={search_term_string}\"},\"query-input\":{\"@type\":\"PropertyValueSpecification\",\"valueRequired\":true,\"valueName\":\"search_term_string\"}}],\"inLanguage\":\"pt-BR\"},{\"@type\":\"Organization\",\"@id\":\"https:\/\/blogdobispo.com.br\/#organization\",\"name\":\"Blog do Bispo\",\"url\":\"https:\/\/blogdobispo.com.br\/\",\"logo\":{\"@type\":\"ImageObject\",\"inLanguage\":\"pt-BR\",\"@id\":\"https:\/\/blogdobispo.com.br\/#\/schema\/logo\/image\/\",\"url\":\"http:\/\/blogdobispo.com.br\/wp-content\/uploads\/2023\/05\/cropped-headear.png\",\"contentUrl\":\"http:\/\/blogdobispo.com.br\/wp-content\/uploads\/2023\/05\/cropped-headear.png\",\"width\":1500,\"height\":399,\"caption\":\"Blog do Bispo\"},\"image\":{\"@id\":\"https:\/\/blogdobispo.com.br\/#\/schema\/logo\/image\/\"}},{\"@type\":\"Person\",\"@id\":\"https:\/\/blogdobispo.com.br\/#\/schema\/person\/e2209cc0e6cea5c5233d033e997b373f\",\"name\":\"Jefferson Sterfeno\",\"image\":{\"@type\":\"ImageObject\",\"inLanguage\":\"pt-BR\",\"@id\":\"https:\/\/blogdobispo.com.br\/#\/schema\/person\/image\/\",\"url\":\"https:\/\/secure.gravatar.com\/avatar\/0534e84764641168a677026b6d57a3f51dc7ac4db0b4f6186d9cb330d4ee1160?s=96&d=mm&r=g\",\"contentUrl\":\"https:\/\/secure.gravatar.com\/avatar\/0534e84764641168a677026b6d57a3f51dc7ac4db0b4f6186d9cb330d4ee1160?s=96&d=mm&r=g\",\"caption\":\"Jefferson Sterfeno\"},\"sameAs\":[\"http:\/\/blogdobispo.com.br\"],\"url\":\"https:\/\/blogdobispo.com.br\/?author=1\"}]}<\/script>\n<!-- \/ Yoast SEO plugin. -->","yoast_head_json":{"title":"Projeto que estimula doa\u00e7\u00f5es de sangue \u00e9 aprovado na C\u00e2mara de Natal - Blog do Bispo","robots":{"index":"index","follow":"follow","max-snippet":"max-snippet:-1","max-image-preview":"max-image-preview:large","max-video-preview":"max-video-preview:-1"},"canonical":"https:\/\/blogdobispo.com.br\/?p=3375","og_locale":"pt_BR","og_type":"article","og_title":"Projeto que estimula doa\u00e7\u00f5es de sangue \u00e9 aprovado na C\u00e2mara de Natal - Blog do Bispo","og_description":"A C\u00e2mara Municipal de Natal aprovou na sess\u00e3o ordin\u00e1ria desta ter\u00e7a-feira (7), o Projeto de Lei n\u00ba 348\/2020, que incentiva a doa\u00e7\u00e3o de sangue. A mat\u00e9ria foi apreciada junto a outras sete. Pelo texto do vereador Robson Carvalho (Uni\u00e3o Brasil), faturas, notifica\u00e7\u00f5es e boletos emitidos pelos \u00f3rg\u00e3os municipais e empresas terceirizadas contratadas pela Prefeitura dever\u00e3o [&hellip;]","og_url":"https:\/\/blogdobispo.com.br\/?p=3375","og_site_name":"Blog do Bispo","article_published_time":"2024-05-08T02:30:57+00:00","og_image":[{"url":"https:\/\/www.cmnat.rn.gov.br\/_ups\/noticias\/2024\/05\/07\/a0055ec7f474ce7eca9198d224a78e8c.jpg","type":"","width":"","height":""}],"author":"Jefferson Sterfeno","twitter_card":"summary_large_image","twitter_misc":{"Escrito por":"Jefferson Sterfeno","Est. tempo de leitura":"2 minutos"},"schema":{"@context":"https:\/\/schema.org","@graph":[{"@type":"Article","@id":"https:\/\/blogdobispo.com.br\/?p=3375#article","isPartOf":{"@id":"https:\/\/blogdobispo.com.br\/?p=3375"},"author":{"name":"Jefferson Sterfeno","@id":"https:\/\/blogdobispo.com.br\/#\/schema\/person\/e2209cc0e6cea5c5233d033e997b373f"},"headline":"Projeto que estimula doa\u00e7\u00f5es de sangue \u00e9 aprovado na C\u00e2mara de Natal","datePublished":"2024-05-08T02:30:57+00:00","mainEntityOfPage":{"@id":"https:\/\/blogdobispo.com.br\/?p=3375"},"wordCount":338,"commentCount":0,"publisher":{"@id":"https:\/\/blogdobispo.com.br\/#organization"},"image":{"@id":"https:\/\/blogdobispo.com.br\/?p=3375#primaryimage"},"thumbnailUrl":"https:\/\/www.cmnat.rn.gov.br\/_ups\/noticias\/2024\/05\/07\/a0055ec7f474ce7eca9198d224a78e8c.jpg","articleSection":["diversos"],"inLanguage":"pt-BR","potentialAction":[{"@type":"CommentAction","name":"Comment","target":["https:\/\/blogdobispo.com.br\/?p=3375#respond"]}]},{"@type":"WebPage","@id":"https:\/\/blogdobispo.com.br\/?p=3375","url":"https:\/\/blogdobispo.com.br\/?p=3375","name":"Projeto que estimula doa\u00e7\u00f5es de sangue \u00e9 aprovado na C\u00e2mara de Natal - Blog do Bispo","isPartOf":{"@id":"https:\/\/blogdobispo.com.br\/#website"},"primaryImageOfPage":{"@id":"https:\/\/blogdobispo.com.br\/?p=3375#primaryimage"},"image":{"@id":"https:\/\/blogdobispo.com.br\/?p=3375#primaryimage"},"thumbnailUrl":"https:\/\/www.cmnat.rn.gov.br\/_ups\/noticias\/2024\/05\/07\/a0055ec7f474ce7eca9198d224a78e8c.jpg","datePublished":"2024-05-08T02:30:57+00:00","breadcrumb":{"@id":"https:\/\/blogdobispo.com.br\/?p=3375#breadcrumb"},"inLanguage":"pt-BR","potentialAction":[{"@type":"ReadAction","target":["https:\/\/blogdobispo.com.br\/?p=3375"]}]},{"@type":"ImageObject","inLanguage":"pt-BR","@id":"https:\/\/blogdobispo.com.br\/?p=3375#primaryimage","url":"https:\/\/www.cmnat.rn.gov.br\/_ups\/noticias\/2024\/05\/07\/a0055ec7f474ce7eca9198d224a78e8c.jpg","contentUrl":"https:\/\/www.cmnat.rn.gov.br\/_ups\/noticias\/2024\/05\/07\/a0055ec7f474ce7eca9198d224a78e8c.jpg"},{"@type":"BreadcrumbList","@id":"https:\/\/blogdobispo.com.br\/?p=3375#breadcrumb","itemListElement":[{"@type":"ListItem","position":1,"name":"In\u00edcio","item":"https:\/\/blogdobispo.com.br\/"},{"@type":"ListItem","position":2,"name":"Projeto que estimula doa\u00e7\u00f5es de sangue \u00e9 aprovado na C\u00e2mara de Natal"}]},{"@type":"WebSite","@id":"https:\/\/blogdobispo.com.br\/#website","url":"https:\/\/blogdobispo.com.br\/","name":"Blog do Bispo","description":"Comprometido apenas com o leitor","publisher":{"@id":"https:\/\/blogdobispo.com.br\/#organization"},"potentialAction":[{"@type":"SearchAction","target":{"@type":"EntryPoint","urlTemplate":"https:\/\/blogdobispo.com.br\/?s={search_term_string}"},"query-input":{"@type":"PropertyValueSpecification","valueRequired":true,"valueName":"search_term_string"}}],"inLanguage":"pt-BR"},{"@type":"Organization","@id":"https:\/\/blogdobispo.com.br\/#organization","name":"Blog do Bispo","url":"https:\/\/blogdobispo.com.br\/","logo":{"@type":"ImageObject","inLanguage":"pt-BR","@id":"https:\/\/blogdobispo.com.br\/#\/schema\/logo\/image\/","url":"http:\/\/blogdobispo.com.br\/wp-content\/uploads\/2023\/05\/cropped-headear.png","contentUrl":"http:\/\/blogdobispo.com.br\/wp-content\/uploads\/2023\/05\/cropped-headear.png","width":1500,"height":399,"caption":"Blog do Bispo"},"image":{"@id":"https:\/\/blogdobispo.com.br\/#\/schema\/logo\/image\/"}},{"@type":"Person","@id":"https:\/\/blogdobispo.com.br\/#\/schema\/person\/e2209cc0e6cea5c5233d033e997b373f","name":"Jefferson Sterfeno","image":{"@type":"ImageObject","inLanguage":"pt-BR","@id":"https:\/\/blogdobispo.com.br\/#\/schema\/person\/image\/","url":"https:\/\/secure.gravatar.com\/avatar\/0534e84764641168a677026b6d57a3f51dc7ac4db0b4f6186d9cb330d4ee1160?s=96&d=mm&r=g","contentUrl":"https:\/\/secure.gravatar.com\/avatar\/0534e84764641168a677026b6d57a3f51dc7ac4db0b4f6186d9cb330d4ee1160?s=96&d=mm&r=g","caption":"Jefferson Sterfeno"},"sameAs":["http:\/\/blogdobispo.com.br"],"url":"https:\/\/blogdobispo.com.br\/?author=1"}]}},"featured_image_urls":{"full":"","thumbnail":"","medium":"","medium_large":"","large":"","1536x1536":"","2048x2048":""},"author_info":{"display_name":"Jefferson Sterfeno","author_link":"https:\/\/blogdobispo.com.br\/?author=1"},"category_info":"<a href=\"https:\/\/blogdobispo.com.br\/?cat=1\" rel=\"category\">diversos<\/a>","tag_info":"diversos","comment_count":"0","jetpack_featured_media_url":"","jetpack_sharing_enabled":true,"_links":{"self":[{"href":"https:\/\/blogdobispo.com.br\/index.php?rest_route=\/wp\/v2\/posts\/3375","targetHints":{"allow":["GET"]}}],"collection":[{"href":"https:\/\/blogdobispo.com.br\/index.php?rest_route=\/wp\/v2\/posts"}],"about":[{"href":"https:\/\/blogdobispo.com.br\/index.php?rest_route=\/wp\/v2\/types\/post"}],"author":[{"embeddable":true,"href":"https:\/\/blogdobispo.com.br\/index.php?rest_route=\/wp\/v2\/users\/1"}],"replies":[{"embeddable":true,"href":"https:\/\/blogdobispo.com.br\/index.php?rest_route=%2Fwp%2Fv2%2Fcomments&post=3375"}],"version-history":[{"count":0,"href":"https:\/\/blogdobispo.com.br\/index.php?rest_route=\/wp\/v2\/posts\/3375\/revisions"}],"wp:attachment":[{"href":"https:\/\/blogdobispo.com.br\/index.php?rest_route=%2Fwp%2Fv2%2Fmedia&parent=3375"}],"wp:term":[{"taxonomy":"category","embeddable":true,"href":"https:\/\/blogdobispo.com.br\/index.php?rest_route=%2Fwp%2Fv2%2Fcategories&post=3375"},{"taxonomy":"post_tag","embeddable":true,"href":"https:\/\/blogdobispo.com.br\/index.php?rest_route=%2Fwp%2Fv2%2Ftags&post=3375"}],"curies":[{"name":"wp","href":"https:\/\/api.w.org\/{rel}","templated":true}]}}