{"id":3372,"date":"2024-05-08T01:59:18","date_gmt":"2024-05-08T01:59:18","guid":{"rendered":"https:\/\/blogdobispo.com.br\/?p=3372"},"modified":"2024-05-08T04:06:57","modified_gmt":"2024-05-08T04:06:57","slug":"serie-disputa-nos-bairros-soledade-ii","status":"publish","type":"post","link":"https:\/\/blogdobispo.com.br\/?p=3372","title":{"rendered":"S\u00e9rie disputa nos bairros: Soledade II"},"content":{"rendered":"\n<p>Estamos de volta com mais uma mat\u00e9ria sobre as elei\u00e7\u00f5es nos bairros de Natal, e desta vez iremos contar como anda a disputa no Conjunto Soledade II, bairro Potengi. Por l\u00e1 teremos a repeti\u00e7\u00e3o da disputa de 2020, com os mais votados do bairro: Anderson Lopes, Geovane Peixoto e Daniel Arruda, sendo os dois primeiros eleitos e Daniel ficando na supl\u00eancia.<\/p>\n\n\n\n<p>Come\u00e7amos com Daniel Arruda que teve 1.956 votos e tentar\u00e1 pela quarta vez uma cadeira no legislativo. Dentista e dono de um provedor de internet, Daniel andou meio sumido nos \u00faltimos tr\u00eas anos, e reapareceu com v\u00eddeos denunciando quest\u00f5es estruturais do bairro. Ano passado quase assumiu a cadeira de vereador em uma articula\u00e7\u00e3o feita pelo seu breve aliado Geovane Peixoto que n\u00e3o se concretizou. Somente na pr\u00e9- campanha mudou tr\u00eas vezes de grupo pol\u00edtico, e acabou ficando no PSDB onde ser\u00e1 companheiro de chapa de seu antigo desafeto pessoal Anderson Lopes.<\/p>\n\n\n\n<p>Muita coisa mudou na vida de Anderson Lopes desde 2020 quando chegou \u00e0 C\u00e2mara em sua segunda elei\u00e7\u00e3o. Perdeu grande parte do seu grupo vitorioso, que migrou para M\u00e1rcio Gomes e Peixoto. Ter\u00e1 um grande desafio pela frente, pois disputar\u00e1 contra oponentes teoricamente com condi\u00e7\u00f5es financeiras mais favor\u00e1veis. Outro fator importante, \u00e9 que n\u00e3o poder\u00e1 usar seu discurso forte de oposi\u00e7\u00e3o ao sistema pol\u00edtico, que o elegeu em 2020. Durante o mandato, conseguiu a realiza\u00e7\u00e3o do seu projeto da Nova Felizardo Moura, antiga reivindica\u00e7\u00e3o dos moradores da Zona Norte. Destaca-se tamb\u00e9m a sua presen\u00e7a forte nas redes sociais, que poder\u00e1 alavancar seu capital pol\u00edtico.<\/p>\n\n\n\n<p>Geovane Peixoto \u00e9 o que teoricamente tem mais presen\u00e7a no Bairro e maior grupo, apesar da tarefa imensamente dif\u00edcil de seu partido. Ao contr\u00e1rio de Anderson, optou por n\u00e3o fazer grandes mudan\u00e7as em sua vida. O vereador conseguiu se aproximar do sistema governista municipal, e tem muitos espa\u00e7os na administra\u00e7\u00e3o, por\u00e9m nem tudo s\u00e3o flores, perdeu seu chefe de gabinete, mentor e vizinho de casa Tet\u00e9 Bento, reconhecido articulador pol\u00edtico e vers\u00e1til estrategista. Apesar disso, jura que j\u00e1 recuperou seu capital incluindo alguns antigos aliados de Anderson Lopes e amplia\u00e7\u00e3o de sua presen\u00e7a em diversas par\u00f3quias da Zona Norte.<\/p>\n\n\n\n<figure class=\"wp-block-image size-large\"><img data-recalc-dims=\"1\" fetchpriority=\"high\" decoding=\"async\" width=\"678\" height=\"452\" src=\"https:\/\/i0.wp.com\/blogdobispo.com.br\/wp-content\/uploads\/2024\/05\/img_7105-1.jpg?resize=678%2C452&#038;ssl=1\" alt=\"\" class=\"wp-image-3371\" srcset=\"https:\/\/i0.wp.com\/blogdobispo.com.br\/wp-content\/uploads\/2024\/05\/img_7105-1.jpg?w=678&amp;ssl=1 678w, https:\/\/i0.wp.com\/blogdobispo.com.br\/wp-content\/uploads\/2024\/05\/img_7105-1.jpg?resize=300%2C200&amp;ssl=1 300w\" sizes=\"(max-width: 678px) 100vw, 678px\" \/><\/figure>\n","protected":false},"excerpt":{"rendered":"<p>Estamos de volta com mais uma mat\u00e9ria sobre as elei\u00e7\u00f5es nos bairros de Natal, e desta vez iremos contar como anda a disputa no Conjunto Soledade II, bairro Potengi. Por l\u00e1 teremos a repeti\u00e7\u00e3o da disputa de 2020, com os mais votados do bairro: Anderson Lopes, Geovane Peixoto e Daniel Arruda, sendo os dois primeiros [&hellip;]<\/p>\n","protected":false},"author":1,"featured_media":0,"comment_status":"open","ping_status":"open","sticky":false,"template":"","format":"standard","meta":{"cybocfi_hide_featured_image":"","_jetpack_memberships_contains_paid_content":false,"footnotes":""},"categories":[1],"tags":[],"class_list":["post-3372","post","type-post","status-publish","format-standard","hentry","category-diversos"],"yoast_head":"<!-- This site is optimized with the Yoast SEO plugin v25.6 - https:\/\/yoast.com\/wordpress\/plugins\/seo\/ -->\n<title>S\u00e9rie disputa nos bairros: Soledade II - Blog do Bispo<\/title>\n<meta name=\"robots\" content=\"index, follow, max-snippet:-1, max-image-preview:large, max-video-preview:-1\" \/>\n<link rel=\"canonical\" href=\"https:\/\/blogdobispo.com.br\/?p=3372\" \/>\n<meta property=\"og:locale\" content=\"pt_BR\" \/>\n<meta property=\"og:type\" content=\"article\" \/>\n<meta property=\"og:title\" content=\"S\u00e9rie disputa nos bairros: Soledade II - Blog do Bispo\" \/>\n<meta property=\"og:description\" content=\"Estamos de volta com mais uma mat\u00e9ria sobre as elei\u00e7\u00f5es nos bairros de Natal, e desta vez iremos contar como anda a disputa no Conjunto Soledade II, bairro Potengi. Por l\u00e1 teremos a repeti\u00e7\u00e3o da disputa de 2020, com os mais votados do bairro: Anderson Lopes, Geovane Peixoto e Daniel Arruda, sendo os dois primeiros [&hellip;]\" \/>\n<meta property=\"og:url\" content=\"https:\/\/blogdobispo.com.br\/?p=3372\" \/>\n<meta property=\"og:site_name\" content=\"Blog do Bispo\" \/>\n<meta property=\"article:published_time\" content=\"2024-05-08T01:59:18+00:00\" \/>\n<meta property=\"article:modified_time\" content=\"2024-05-08T04:06:57+00:00\" \/>\n<meta property=\"og:image\" content=\"https:\/\/blogdobispo.com.br\/wp-content\/uploads\/2024\/05\/img_7105-1.jpg\" \/>\n<meta name=\"author\" content=\"Jefferson Sterfeno\" \/>\n<meta name=\"twitter:card\" content=\"summary_large_image\" \/>\n<meta name=\"twitter:label1\" content=\"Escrito por\" \/>\n\t<meta name=\"twitter:data1\" content=\"Jefferson Sterfeno\" \/>\n\t<meta name=\"twitter:label2\" content=\"Est. tempo de leitura\" \/>\n\t<meta name=\"twitter:data2\" content=\"2 minutos\" \/>\n<script type=\"application\/ld+json\" class=\"yoast-schema-graph\">{\"@context\":\"https:\/\/schema.org\",\"@graph\":[{\"@type\":\"Article\",\"@id\":\"https:\/\/blogdobispo.com.br\/?p=3372#article\",\"isPartOf\":{\"@id\":\"https:\/\/blogdobispo.com.br\/?p=3372\"},\"author\":{\"name\":\"Jefferson Sterfeno\",\"@id\":\"https:\/\/blogdobispo.com.br\/#\/schema\/person\/e2209cc0e6cea5c5233d033e997b373f\"},\"headline\":\"S\u00e9rie disputa nos bairros: Soledade II\",\"datePublished\":\"2024-05-08T01:59:18+00:00\",\"dateModified\":\"2024-05-08T04:06:57+00:00\",\"mainEntityOfPage\":{\"@id\":\"https:\/\/blogdobispo.com.br\/?p=3372\"},\"wordCount\":395,\"commentCount\":0,\"publisher\":{\"@id\":\"https:\/\/blogdobispo.com.br\/#organization\"},\"image\":{\"@id\":\"https:\/\/blogdobispo.com.br\/?p=3372#primaryimage\"},\"thumbnailUrl\":\"https:\/\/blogdobispo.com.br\/wp-content\/uploads\/2024\/05\/img_7105-1.jpg\",\"articleSection\":[\"diversos\"],\"inLanguage\":\"pt-BR\",\"potentialAction\":[{\"@type\":\"CommentAction\",\"name\":\"Comment\",\"target\":[\"https:\/\/blogdobispo.com.br\/?p=3372#respond\"]}]},{\"@type\":\"WebPage\",\"@id\":\"https:\/\/blogdobispo.com.br\/?p=3372\",\"url\":\"https:\/\/blogdobispo.com.br\/?p=3372\",\"name\":\"S\u00e9rie disputa nos bairros: Soledade II - Blog do Bispo\",\"isPartOf\":{\"@id\":\"https:\/\/blogdobispo.com.br\/#website\"},\"primaryImageOfPage\":{\"@id\":\"https:\/\/blogdobispo.com.br\/?p=3372#primaryimage\"},\"image\":{\"@id\":\"https:\/\/blogdobispo.com.br\/?p=3372#primaryimage\"},\"thumbnailUrl\":\"https:\/\/blogdobispo.com.br\/wp-content\/uploads\/2024\/05\/img_7105-1.jpg\",\"datePublished\":\"2024-05-08T01:59:18+00:00\",\"dateModified\":\"2024-05-08T04:06:57+00:00\",\"breadcrumb\":{\"@id\":\"https:\/\/blogdobispo.com.br\/?p=3372#breadcrumb\"},\"inLanguage\":\"pt-BR\",\"potentialAction\":[{\"@type\":\"ReadAction\",\"target\":[\"https:\/\/blogdobispo.com.br\/?p=3372\"]}]},{\"@type\":\"ImageObject\",\"inLanguage\":\"pt-BR\",\"@id\":\"https:\/\/blogdobispo.com.br\/?p=3372#primaryimage\",\"url\":\"https:\/\/blogdobispo.com.br\/wp-content\/uploads\/2024\/05\/img_7105-1.jpg\",\"contentUrl\":\"https:\/\/blogdobispo.com.br\/wp-content\/uploads\/2024\/05\/img_7105-1.jpg\"},{\"@type\":\"BreadcrumbList\",\"@id\":\"https:\/\/blogdobispo.com.br\/?p=3372#breadcrumb\",\"itemListElement\":[{\"@type\":\"ListItem\",\"position\":1,\"name\":\"In\u00edcio\",\"item\":\"https:\/\/blogdobispo.com.br\/\"},{\"@type\":\"ListItem\",\"position\":2,\"name\":\"S\u00e9rie disputa nos bairros: Soledade II\"}]},{\"@type\":\"WebSite\",\"@id\":\"https:\/\/blogdobispo.com.br\/#website\",\"url\":\"https:\/\/blogdobispo.com.br\/\",\"name\":\"Blog do Bispo\",\"description\":\"Comprometido apenas com o leitor\",\"publisher\":{\"@id\":\"https:\/\/blogdobispo.com.br\/#organization\"},\"potentialAction\":[{\"@type\":\"SearchAction\",\"target\":{\"@type\":\"EntryPoint\",\"urlTemplate\":\"https:\/\/blogdobispo.com.br\/?s={search_term_string}\"},\"query-input\":{\"@type\":\"PropertyValueSpecification\",\"valueRequired\":true,\"valueName\":\"search_term_string\"}}],\"inLanguage\":\"pt-BR\"},{\"@type\":\"Organization\",\"@id\":\"https:\/\/blogdobispo.com.br\/#organization\",\"name\":\"Blog do Bispo\",\"url\":\"https:\/\/blogdobispo.com.br\/\",\"logo\":{\"@type\":\"ImageObject\",\"inLanguage\":\"pt-BR\",\"@id\":\"https:\/\/blogdobispo.com.br\/#\/schema\/logo\/image\/\",\"url\":\"http:\/\/blogdobispo.com.br\/wp-content\/uploads\/2023\/05\/cropped-headear.png\",\"contentUrl\":\"http:\/\/blogdobispo.com.br\/wp-content\/uploads\/2023\/05\/cropped-headear.png\",\"width\":1500,\"height\":399,\"caption\":\"Blog do Bispo\"},\"image\":{\"@id\":\"https:\/\/blogdobispo.com.br\/#\/schema\/logo\/image\/\"}},{\"@type\":\"Person\",\"@id\":\"https:\/\/blogdobispo.com.br\/#\/schema\/person\/e2209cc0e6cea5c5233d033e997b373f\",\"name\":\"Jefferson Sterfeno\",\"image\":{\"@type\":\"ImageObject\",\"inLanguage\":\"pt-BR\",\"@id\":\"https:\/\/blogdobispo.com.br\/#\/schema\/person\/image\/\",\"url\":\"https:\/\/secure.gravatar.com\/avatar\/0534e84764641168a677026b6d57a3f51dc7ac4db0b4f6186d9cb330d4ee1160?s=96&d=mm&r=g\",\"contentUrl\":\"https:\/\/secure.gravatar.com\/avatar\/0534e84764641168a677026b6d57a3f51dc7ac4db0b4f6186d9cb330d4ee1160?s=96&d=mm&r=g\",\"caption\":\"Jefferson Sterfeno\"},\"sameAs\":[\"http:\/\/blogdobispo.com.br\"],\"url\":\"https:\/\/blogdobispo.com.br\/?author=1\"}]}<\/script>\n<!-- \/ Yoast SEO plugin. -->","yoast_head_json":{"title":"S\u00e9rie disputa nos bairros: Soledade II - Blog do Bispo","robots":{"index":"index","follow":"follow","max-snippet":"max-snippet:-1","max-image-preview":"max-image-preview:large","max-video-preview":"max-video-preview:-1"},"canonical":"https:\/\/blogdobispo.com.br\/?p=3372","og_locale":"pt_BR","og_type":"article","og_title":"S\u00e9rie disputa nos bairros: Soledade II - Blog do Bispo","og_description":"Estamos de volta com mais uma mat\u00e9ria sobre as elei\u00e7\u00f5es nos bairros de Natal, e desta vez iremos contar como anda a disputa no Conjunto Soledade II, bairro Potengi. Por l\u00e1 teremos a repeti\u00e7\u00e3o da disputa de 2020, com os mais votados do bairro: Anderson Lopes, Geovane Peixoto e Daniel Arruda, sendo os dois primeiros [&hellip;]","og_url":"https:\/\/blogdobispo.com.br\/?p=3372","og_site_name":"Blog do Bispo","article_published_time":"2024-05-08T01:59:18+00:00","article_modified_time":"2024-05-08T04:06:57+00:00","og_image":[{"url":"https:\/\/blogdobispo.com.br\/wp-content\/uploads\/2024\/05\/img_7105-1.jpg","type":"","width":"","height":""}],"author":"Jefferson Sterfeno","twitter_card":"summary_large_image","twitter_misc":{"Escrito por":"Jefferson Sterfeno","Est. tempo de leitura":"2 minutos"},"schema":{"@context":"https:\/\/schema.org","@graph":[{"@type":"Article","@id":"https:\/\/blogdobispo.com.br\/?p=3372#article","isPartOf":{"@id":"https:\/\/blogdobispo.com.br\/?p=3372"},"author":{"name":"Jefferson Sterfeno","@id":"https:\/\/blogdobispo.com.br\/#\/schema\/person\/e2209cc0e6cea5c5233d033e997b373f"},"headline":"S\u00e9rie disputa nos bairros: Soledade II","datePublished":"2024-05-08T01:59:18+00:00","dateModified":"2024-05-08T04:06:57+00:00","mainEntityOfPage":{"@id":"https:\/\/blogdobispo.com.br\/?p=3372"},"wordCount":395,"commentCount":0,"publisher":{"@id":"https:\/\/blogdobispo.com.br\/#organization"},"image":{"@id":"https:\/\/blogdobispo.com.br\/?p=3372#primaryimage"},"thumbnailUrl":"https:\/\/blogdobispo.com.br\/wp-content\/uploads\/2024\/05\/img_7105-1.jpg","articleSection":["diversos"],"inLanguage":"pt-BR","potentialAction":[{"@type":"CommentAction","name":"Comment","target":["https:\/\/blogdobispo.com.br\/?p=3372#respond"]}]},{"@type":"WebPage","@id":"https:\/\/blogdobispo.com.br\/?p=3372","url":"https:\/\/blogdobispo.com.br\/?p=3372","name":"S\u00e9rie disputa nos bairros: Soledade II - Blog do Bispo","isPartOf":{"@id":"https:\/\/blogdobispo.com.br\/#website"},"primaryImageOfPage":{"@id":"https:\/\/blogdobispo.com.br\/?p=3372#primaryimage"},"image":{"@id":"https:\/\/blogdobispo.com.br\/?p=3372#primaryimage"},"thumbnailUrl":"https:\/\/blogdobispo.com.br\/wp-content\/uploads\/2024\/05\/img_7105-1.jpg","datePublished":"2024-05-08T01:59:18+00:00","dateModified":"2024-05-08T04:06:57+00:00","breadcrumb":{"@id":"https:\/\/blogdobispo.com.br\/?p=3372#breadcrumb"},"inLanguage":"pt-BR","potentialAction":[{"@type":"ReadAction","target":["https:\/\/blogdobispo.com.br\/?p=3372"]}]},{"@type":"ImageObject","inLanguage":"pt-BR","@id":"https:\/\/blogdobispo.com.br\/?p=3372#primaryimage","url":"https:\/\/blogdobispo.com.br\/wp-content\/uploads\/2024\/05\/img_7105-1.jpg","contentUrl":"https:\/\/blogdobispo.com.br\/wp-content\/uploads\/2024\/05\/img_7105-1.jpg"},{"@type":"BreadcrumbList","@id":"https:\/\/blogdobispo.com.br\/?p=3372#breadcrumb","itemListElement":[{"@type":"ListItem","position":1,"name":"In\u00edcio","item":"https:\/\/blogdobispo.com.br\/"},{"@type":"ListItem","position":2,"name":"S\u00e9rie disputa nos bairros: Soledade II"}]},{"@type":"WebSite","@id":"https:\/\/blogdobispo.com.br\/#website","url":"https:\/\/blogdobispo.com.br\/","name":"Blog do Bispo","description":"Comprometido apenas com o leitor","publisher":{"@id":"https:\/\/blogdobispo.com.br\/#organization"},"potentialAction":[{"@type":"SearchAction","target":{"@type":"EntryPoint","urlTemplate":"https:\/\/blogdobispo.com.br\/?s={search_term_string}"},"query-input":{"@type":"PropertyValueSpecification","valueRequired":true,"valueName":"search_term_string"}}],"inLanguage":"pt-BR"},{"@type":"Organization","@id":"https:\/\/blogdobispo.com.br\/#organization","name":"Blog do Bispo","url":"https:\/\/blogdobispo.com.br\/","logo":{"@type":"ImageObject","inLanguage":"pt-BR","@id":"https:\/\/blogdobispo.com.br\/#\/schema\/logo\/image\/","url":"http:\/\/blogdobispo.com.br\/wp-content\/uploads\/2023\/05\/cropped-headear.png","contentUrl":"http:\/\/blogdobispo.com.br\/wp-content\/uploads\/2023\/05\/cropped-headear.png","width":1500,"height":399,"caption":"Blog do Bispo"},"image":{"@id":"https:\/\/blogdobispo.com.br\/#\/schema\/logo\/image\/"}},{"@type":"Person","@id":"https:\/\/blogdobispo.com.br\/#\/schema\/person\/e2209cc0e6cea5c5233d033e997b373f","name":"Jefferson Sterfeno","image":{"@type":"ImageObject","inLanguage":"pt-BR","@id":"https:\/\/blogdobispo.com.br\/#\/schema\/person\/image\/","url":"https:\/\/secure.gravatar.com\/avatar\/0534e84764641168a677026b6d57a3f51dc7ac4db0b4f6186d9cb330d4ee1160?s=96&d=mm&r=g","contentUrl":"https:\/\/secure.gravatar.com\/avatar\/0534e84764641168a677026b6d57a3f51dc7ac4db0b4f6186d9cb330d4ee1160?s=96&d=mm&r=g","caption":"Jefferson Sterfeno"},"sameAs":["http:\/\/blogdobispo.com.br"],"url":"https:\/\/blogdobispo.com.br\/?author=1"}]}},"featured_image_urls":{"full":"","thumbnail":"","medium":"","medium_large":"","large":"","1536x1536":"","2048x2048":""},"author_info":{"display_name":"Jefferson Sterfeno","author_link":"https:\/\/blogdobispo.com.br\/?author=1"},"category_info":"<a href=\"https:\/\/blogdobispo.com.br\/?cat=1\" rel=\"category\">diversos<\/a>","tag_info":"diversos","comment_count":"0","jetpack_featured_media_url":"","jetpack_sharing_enabled":true,"_links":{"self":[{"href":"https:\/\/blogdobispo.com.br\/index.php?rest_route=\/wp\/v2\/posts\/3372","targetHints":{"allow":["GET"]}}],"collection":[{"href":"https:\/\/blogdobispo.com.br\/index.php?rest_route=\/wp\/v2\/posts"}],"about":[{"href":"https:\/\/blogdobispo.com.br\/index.php?rest_route=\/wp\/v2\/types\/post"}],"author":[{"embeddable":true,"href":"https:\/\/blogdobispo.com.br\/index.php?rest_route=\/wp\/v2\/users\/1"}],"replies":[{"embeddable":true,"href":"https:\/\/blogdobispo.com.br\/index.php?rest_route=%2Fwp%2Fv2%2Fcomments&post=3372"}],"version-history":[{"count":10,"href":"https:\/\/blogdobispo.com.br\/index.php?rest_route=\/wp\/v2\/posts\/3372\/revisions"}],"predecessor-version":[{"id":3383,"href":"https:\/\/blogdobispo.com.br\/index.php?rest_route=\/wp\/v2\/posts\/3372\/revisions\/3383"}],"wp:attachment":[{"href":"https:\/\/blogdobispo.com.br\/index.php?rest_route=%2Fwp%2Fv2%2Fmedia&parent=3372"}],"wp:term":[{"taxonomy":"category","embeddable":true,"href":"https:\/\/blogdobispo.com.br\/index.php?rest_route=%2Fwp%2Fv2%2Fcategories&post=3372"},{"taxonomy":"post_tag","embeddable":true,"href":"https:\/\/blogdobispo.com.br\/index.php?rest_route=%2Fwp%2Fv2%2Ftags&post=3372"}],"curies":[{"name":"wp","href":"https:\/\/api.w.org\/{rel}","templated":true}]}}