{"id":3370,"date":"2024-05-07T22:57:40","date_gmt":"2024-05-07T22:57:40","guid":{"rendered":"https:\/\/blogdobispo.com.br\/?p=3370"},"modified":"2024-05-07T22:57:40","modified_gmt":"2024-05-07T22:57:40","slug":"acao-de-transformacao-lancamento-do-projeto-transformae-em-sao-goncalo-do-amarante","status":"publish","type":"post","link":"https:\/\/blogdobispo.com.br\/?p=3370","title":{"rendered":"A\u00e7\u00e3o de Transforma\u00e7\u00e3o: Lan\u00e7amento do Projeto &#8220;Transforma\u00ea&#8221; em S\u00e3o Gon\u00e7alo do Amarante"},"content":{"rendered":"\n<figure class=\"wp-block-image size-large\"><img data-recalc-dims=\"1\" fetchpriority=\"high\" decoding=\"async\" width=\"800\" height=\"534\" src=\"https:\/\/i0.wp.com\/blogdobispo.com.br\/wp-content\/uploads\/2024\/05\/49c48ae4-135b-42b2-a9ad-d7a7bb975e35-1-1024x683.jpg?resize=800%2C534&#038;ssl=1\" class=\"wp-image-3369\" srcset=\"https:\/\/i0.wp.com\/blogdobispo.com.br\/wp-content\/uploads\/2024\/05\/49c48ae4-135b-42b2-a9ad-d7a7bb975e35-1.jpg?resize=1024%2C683&amp;ssl=1 1024w, https:\/\/i0.wp.com\/blogdobispo.com.br\/wp-content\/uploads\/2024\/05\/49c48ae4-135b-42b2-a9ad-d7a7bb975e35-1.jpg?resize=300%2C200&amp;ssl=1 300w, https:\/\/i0.wp.com\/blogdobispo.com.br\/wp-content\/uploads\/2024\/05\/49c48ae4-135b-42b2-a9ad-d7a7bb975e35-1.jpg?resize=768%2C512&amp;ssl=1 768w, https:\/\/i0.wp.com\/blogdobispo.com.br\/wp-content\/uploads\/2024\/05\/49c48ae4-135b-42b2-a9ad-d7a7bb975e35-1.jpg?resize=1536%2C1024&amp;ssl=1 1536w, https:\/\/i0.wp.com\/blogdobispo.com.br\/wp-content\/uploads\/2024\/05\/49c48ae4-135b-42b2-a9ad-d7a7bb975e35-1.jpg?w=1599&amp;ssl=1 1599w\" sizes=\"(max-width: 800px) 100vw, 800px\" \/><\/figure>\n\n\n\n<p><\/p>\n\n\n\n<p>Na tarde desta Ter\u00e7a-feira (7), S\u00e3o Gon\u00e7alo do Amarante testemunhou o lan\u00e7amento do ambicioso Projeto &#8220;Transforma\u00ea&#8221;. Sob a lideran\u00e7a vision\u00e1ria do Secret\u00e1rio de Desenvolvimento e Turismo, Jader Torres, o evento marcou o in\u00edcio de uma jornada significativa rumo ao fortalecimento do empreendedorismo local.<\/p>\n\n\n\n<p>O Projeto &#8220;Transforma\u00ea&#8221; \u00e9 uma iniciativa inserida no abrangente programa Cidade Empreendedora do Sebrae, realizado em colabora\u00e7\u00e3o com a Prefeitura Municipal de S\u00e3o Gon\u00e7alo do Amarante. Destinado a indiv\u00edduos em situa\u00e7\u00e3o de vulnerabilidade social, acompanhados pelos Centros de Refer\u00eancia de Assist\u00eancia Social (CRAS), este programa tem como meta primordial estimular, capacitar e fomentar o empreendedorismo entre os habitantes locais.<\/p>\n\n\n\n<p>O foco do projeto recai sobre dois grupos espec\u00edficos da comunidade: os alunos que conclu\u00edram os cursos do Programa de Qualifica\u00e7\u00e3o Profissional Avan\u00e7a na Vida e os usu\u00e1rios da assist\u00eancia social que demonstram perfil empreendedor, j\u00e1 engajados em neg\u00f3cios informais. Essa abordagem se alinha perfeitamente com a miss\u00e3o de promover a inclus\u00e3o produtiva e impulsionar o desenvolvimento econ\u00f4mico sustent\u00e1vel da regi\u00e3o.<\/p>\n\n\n\n<p>Em suas palavras inspiradoras durante o lan\u00e7amento, o Secret\u00e1rio Jader Torres expressou sua convic\u00e7\u00e3o na capacidade transformadora do empreendedorismo, enfatizando o potencial de cada indiv\u00edduo para criar oportunidades e superar desafios. Ele reiterou o compromisso da administra\u00e7\u00e3o municipal em fornecer suporte integral aos participantes do Projeto &#8220;Transforma\u00ea&#8221;, assegurando que recebam n\u00e3o apenas capacita\u00e7\u00e3o t\u00e9cnica, mas tamb\u00e9m orienta\u00e7\u00e3o e incentivo para alcan\u00e7ar seus objetivos empresariais.<\/p>\n\n\n\n<p>Com o lan\u00e7amento do Projeto &#8220;Transforma\u00ea&#8221;, S\u00e3o Gon\u00e7alo do Amarante trilha um caminho promissor rumo \u00e0 constru\u00e7\u00e3o de uma comunidade mais resiliente, din\u00e2mica e empreendedora. Este \u00e9 apenas o come\u00e7o de uma jornada que promete n\u00e3o apenas transformar vidas, mas tamb\u00e9m impulsionar o progresso socioecon\u00f4mico de toda a regi\u00e3o.<\/p>\n","protected":false},"excerpt":{"rendered":"<p>Na tarde desta Ter\u00e7a-feira (7), S\u00e3o Gon\u00e7alo do Amarante testemunhou o lan\u00e7amento do ambicioso Projeto &#8220;Transforma\u00ea&#8221;. Sob a lideran\u00e7a vision\u00e1ria do Secret\u00e1rio de Desenvolvimento e Turismo, Jader Torres, o evento marcou o in\u00edcio de uma jornada significativa rumo ao fortalecimento do empreendedorismo local. O Projeto &#8220;Transforma\u00ea&#8221; \u00e9 uma iniciativa inserida no abrangente programa Cidade Empreendedora [&hellip;]<\/p>\n","protected":false},"author":1,"featured_media":0,"comment_status":"open","ping_status":"open","sticky":false,"template":"","format":"standard","meta":{"cybocfi_hide_featured_image":"","_jetpack_memberships_contains_paid_content":false,"footnotes":""},"categories":[1],"tags":[],"class_list":["post-3370","post","type-post","status-publish","format-standard","hentry","category-diversos"],"yoast_head":"<!-- This site is optimized with the Yoast SEO plugin v25.6 - https:\/\/yoast.com\/wordpress\/plugins\/seo\/ -->\n<title>A\u00e7\u00e3o de Transforma\u00e7\u00e3o: Lan\u00e7amento do Projeto &quot;Transforma\u00ea&quot; em S\u00e3o Gon\u00e7alo do Amarante - Blog do Bispo<\/title>\n<meta name=\"robots\" content=\"index, follow, max-snippet:-1, max-image-preview:large, max-video-preview:-1\" \/>\n<link rel=\"canonical\" href=\"https:\/\/blogdobispo.com.br\/?p=3370\" \/>\n<meta property=\"og:locale\" content=\"pt_BR\" \/>\n<meta property=\"og:type\" content=\"article\" \/>\n<meta property=\"og:title\" content=\"A\u00e7\u00e3o de Transforma\u00e7\u00e3o: Lan\u00e7amento do Projeto &quot;Transforma\u00ea&quot; em S\u00e3o Gon\u00e7alo do Amarante - Blog do Bispo\" \/>\n<meta property=\"og:description\" content=\"Na tarde desta Ter\u00e7a-feira (7), S\u00e3o Gon\u00e7alo do Amarante testemunhou o lan\u00e7amento do ambicioso Projeto &#8220;Transforma\u00ea&#8221;. Sob a lideran\u00e7a vision\u00e1ria do Secret\u00e1rio de Desenvolvimento e Turismo, Jader Torres, o evento marcou o in\u00edcio de uma jornada significativa rumo ao fortalecimento do empreendedorismo local. O Projeto &#8220;Transforma\u00ea&#8221; \u00e9 uma iniciativa inserida no abrangente programa Cidade Empreendedora [&hellip;]\" \/>\n<meta property=\"og:url\" content=\"https:\/\/blogdobispo.com.br\/?p=3370\" \/>\n<meta property=\"og:site_name\" content=\"Blog do Bispo\" \/>\n<meta property=\"article:published_time\" content=\"2024-05-07T22:57:40+00:00\" \/>\n<meta property=\"og:image\" content=\"https:\/\/blogdobispo.com.br\/wp-content\/uploads\/2024\/05\/49c48ae4-135b-42b2-a9ad-d7a7bb975e35-1-1024x683.jpg\" \/>\n<meta name=\"author\" content=\"Jefferson Sterfeno\" \/>\n<meta name=\"twitter:card\" content=\"summary_large_image\" \/>\n<meta name=\"twitter:label1\" content=\"Escrito por\" \/>\n\t<meta name=\"twitter:data1\" content=\"Jefferson Sterfeno\" \/>\n\t<meta name=\"twitter:label2\" content=\"Est. tempo de leitura\" \/>\n\t<meta name=\"twitter:data2\" content=\"2 minutos\" \/>\n<script type=\"application\/ld+json\" class=\"yoast-schema-graph\">{\"@context\":\"https:\/\/schema.org\",\"@graph\":[{\"@type\":\"Article\",\"@id\":\"https:\/\/blogdobispo.com.br\/?p=3370#article\",\"isPartOf\":{\"@id\":\"https:\/\/blogdobispo.com.br\/?p=3370\"},\"author\":{\"name\":\"Jefferson Sterfeno\",\"@id\":\"https:\/\/blogdobispo.com.br\/#\/schema\/person\/e2209cc0e6cea5c5233d033e997b373f\"},\"headline\":\"A\u00e7\u00e3o de Transforma\u00e7\u00e3o: Lan\u00e7amento do Projeto &#8220;Transforma\u00ea&#8221; em S\u00e3o Gon\u00e7alo do Amarante\",\"datePublished\":\"2024-05-07T22:57:40+00:00\",\"mainEntityOfPage\":{\"@id\":\"https:\/\/blogdobispo.com.br\/?p=3370\"},\"wordCount\":337,\"commentCount\":0,\"publisher\":{\"@id\":\"https:\/\/blogdobispo.com.br\/#organization\"},\"image\":{\"@id\":\"https:\/\/blogdobispo.com.br\/?p=3370#primaryimage\"},\"thumbnailUrl\":\"https:\/\/blogdobispo.com.br\/wp-content\/uploads\/2024\/05\/49c48ae4-135b-42b2-a9ad-d7a7bb975e35-1-1024x683.jpg\",\"articleSection\":[\"diversos\"],\"inLanguage\":\"pt-BR\",\"potentialAction\":[{\"@type\":\"CommentAction\",\"name\":\"Comment\",\"target\":[\"https:\/\/blogdobispo.com.br\/?p=3370#respond\"]}]},{\"@type\":\"WebPage\",\"@id\":\"https:\/\/blogdobispo.com.br\/?p=3370\",\"url\":\"https:\/\/blogdobispo.com.br\/?p=3370\",\"name\":\"A\u00e7\u00e3o de Transforma\u00e7\u00e3o: Lan\u00e7amento do Projeto \\\"Transforma\u00ea\\\" em S\u00e3o Gon\u00e7alo do Amarante - Blog do Bispo\",\"isPartOf\":{\"@id\":\"https:\/\/blogdobispo.com.br\/#website\"},\"primaryImageOfPage\":{\"@id\":\"https:\/\/blogdobispo.com.br\/?p=3370#primaryimage\"},\"image\":{\"@id\":\"https:\/\/blogdobispo.com.br\/?p=3370#primaryimage\"},\"thumbnailUrl\":\"https:\/\/blogdobispo.com.br\/wp-content\/uploads\/2024\/05\/49c48ae4-135b-42b2-a9ad-d7a7bb975e35-1-1024x683.jpg\",\"datePublished\":\"2024-05-07T22:57:40+00:00\",\"breadcrumb\":{\"@id\":\"https:\/\/blogdobispo.com.br\/?p=3370#breadcrumb\"},\"inLanguage\":\"pt-BR\",\"potentialAction\":[{\"@type\":\"ReadAction\",\"target\":[\"https:\/\/blogdobispo.com.br\/?p=3370\"]}]},{\"@type\":\"ImageObject\",\"inLanguage\":\"pt-BR\",\"@id\":\"https:\/\/blogdobispo.com.br\/?p=3370#primaryimage\",\"url\":\"https:\/\/blogdobispo.com.br\/wp-content\/uploads\/2024\/05\/49c48ae4-135b-42b2-a9ad-d7a7bb975e35-1-1024x683.jpg\",\"contentUrl\":\"https:\/\/blogdobispo.com.br\/wp-content\/uploads\/2024\/05\/49c48ae4-135b-42b2-a9ad-d7a7bb975e35-1-1024x683.jpg\"},{\"@type\":\"BreadcrumbList\",\"@id\":\"https:\/\/blogdobispo.com.br\/?p=3370#breadcrumb\",\"itemListElement\":[{\"@type\":\"ListItem\",\"position\":1,\"name\":\"In\u00edcio\",\"item\":\"https:\/\/blogdobispo.com.br\/\"},{\"@type\":\"ListItem\",\"position\":2,\"name\":\"A\u00e7\u00e3o de Transforma\u00e7\u00e3o: Lan\u00e7amento do Projeto &#8220;Transforma\u00ea&#8221; em S\u00e3o Gon\u00e7alo do Amarante\"}]},{\"@type\":\"WebSite\",\"@id\":\"https:\/\/blogdobispo.com.br\/#website\",\"url\":\"https:\/\/blogdobispo.com.br\/\",\"name\":\"Blog do Bispo\",\"description\":\"Comprometido apenas com o leitor\",\"publisher\":{\"@id\":\"https:\/\/blogdobispo.com.br\/#organization\"},\"potentialAction\":[{\"@type\":\"SearchAction\",\"target\":{\"@type\":\"EntryPoint\",\"urlTemplate\":\"https:\/\/blogdobispo.com.br\/?s={search_term_string}\"},\"query-input\":{\"@type\":\"PropertyValueSpecification\",\"valueRequired\":true,\"valueName\":\"search_term_string\"}}],\"inLanguage\":\"pt-BR\"},{\"@type\":\"Organization\",\"@id\":\"https:\/\/blogdobispo.com.br\/#organization\",\"name\":\"Blog do Bispo\",\"url\":\"https:\/\/blogdobispo.com.br\/\",\"logo\":{\"@type\":\"ImageObject\",\"inLanguage\":\"pt-BR\",\"@id\":\"https:\/\/blogdobispo.com.br\/#\/schema\/logo\/image\/\",\"url\":\"http:\/\/blogdobispo.com.br\/wp-content\/uploads\/2023\/05\/cropped-headear.png\",\"contentUrl\":\"http:\/\/blogdobispo.com.br\/wp-content\/uploads\/2023\/05\/cropped-headear.png\",\"width\":1500,\"height\":399,\"caption\":\"Blog do Bispo\"},\"image\":{\"@id\":\"https:\/\/blogdobispo.com.br\/#\/schema\/logo\/image\/\"}},{\"@type\":\"Person\",\"@id\":\"https:\/\/blogdobispo.com.br\/#\/schema\/person\/e2209cc0e6cea5c5233d033e997b373f\",\"name\":\"Jefferson Sterfeno\",\"image\":{\"@type\":\"ImageObject\",\"inLanguage\":\"pt-BR\",\"@id\":\"https:\/\/blogdobispo.com.br\/#\/schema\/person\/image\/\",\"url\":\"https:\/\/secure.gravatar.com\/avatar\/0534e84764641168a677026b6d57a3f51dc7ac4db0b4f6186d9cb330d4ee1160?s=96&d=mm&r=g\",\"contentUrl\":\"https:\/\/secure.gravatar.com\/avatar\/0534e84764641168a677026b6d57a3f51dc7ac4db0b4f6186d9cb330d4ee1160?s=96&d=mm&r=g\",\"caption\":\"Jefferson Sterfeno\"},\"sameAs\":[\"http:\/\/blogdobispo.com.br\"],\"url\":\"https:\/\/blogdobispo.com.br\/?author=1\"}]}<\/script>\n<!-- \/ Yoast SEO plugin. -->","yoast_head_json":{"title":"A\u00e7\u00e3o de Transforma\u00e7\u00e3o: Lan\u00e7amento do Projeto \"Transforma\u00ea\" em S\u00e3o Gon\u00e7alo do Amarante - Blog do Bispo","robots":{"index":"index","follow":"follow","max-snippet":"max-snippet:-1","max-image-preview":"max-image-preview:large","max-video-preview":"max-video-preview:-1"},"canonical":"https:\/\/blogdobispo.com.br\/?p=3370","og_locale":"pt_BR","og_type":"article","og_title":"A\u00e7\u00e3o de Transforma\u00e7\u00e3o: Lan\u00e7amento do Projeto \"Transforma\u00ea\" em S\u00e3o Gon\u00e7alo do Amarante - Blog do Bispo","og_description":"Na tarde desta Ter\u00e7a-feira (7), S\u00e3o Gon\u00e7alo do Amarante testemunhou o lan\u00e7amento do ambicioso Projeto &#8220;Transforma\u00ea&#8221;. Sob a lideran\u00e7a vision\u00e1ria do Secret\u00e1rio de Desenvolvimento e Turismo, Jader Torres, o evento marcou o in\u00edcio de uma jornada significativa rumo ao fortalecimento do empreendedorismo local. O Projeto &#8220;Transforma\u00ea&#8221; \u00e9 uma iniciativa inserida no abrangente programa Cidade Empreendedora [&hellip;]","og_url":"https:\/\/blogdobispo.com.br\/?p=3370","og_site_name":"Blog do Bispo","article_published_time":"2024-05-07T22:57:40+00:00","og_image":[{"url":"https:\/\/blogdobispo.com.br\/wp-content\/uploads\/2024\/05\/49c48ae4-135b-42b2-a9ad-d7a7bb975e35-1-1024x683.jpg","type":"","width":"","height":""}],"author":"Jefferson Sterfeno","twitter_card":"summary_large_image","twitter_misc":{"Escrito por":"Jefferson Sterfeno","Est. tempo de leitura":"2 minutos"},"schema":{"@context":"https:\/\/schema.org","@graph":[{"@type":"Article","@id":"https:\/\/blogdobispo.com.br\/?p=3370#article","isPartOf":{"@id":"https:\/\/blogdobispo.com.br\/?p=3370"},"author":{"name":"Jefferson Sterfeno","@id":"https:\/\/blogdobispo.com.br\/#\/schema\/person\/e2209cc0e6cea5c5233d033e997b373f"},"headline":"A\u00e7\u00e3o de Transforma\u00e7\u00e3o: Lan\u00e7amento do Projeto &#8220;Transforma\u00ea&#8221; em S\u00e3o Gon\u00e7alo do Amarante","datePublished":"2024-05-07T22:57:40+00:00","mainEntityOfPage":{"@id":"https:\/\/blogdobispo.com.br\/?p=3370"},"wordCount":337,"commentCount":0,"publisher":{"@id":"https:\/\/blogdobispo.com.br\/#organization"},"image":{"@id":"https:\/\/blogdobispo.com.br\/?p=3370#primaryimage"},"thumbnailUrl":"https:\/\/blogdobispo.com.br\/wp-content\/uploads\/2024\/05\/49c48ae4-135b-42b2-a9ad-d7a7bb975e35-1-1024x683.jpg","articleSection":["diversos"],"inLanguage":"pt-BR","potentialAction":[{"@type":"CommentAction","name":"Comment","target":["https:\/\/blogdobispo.com.br\/?p=3370#respond"]}]},{"@type":"WebPage","@id":"https:\/\/blogdobispo.com.br\/?p=3370","url":"https:\/\/blogdobispo.com.br\/?p=3370","name":"A\u00e7\u00e3o de Transforma\u00e7\u00e3o: Lan\u00e7amento do Projeto \"Transforma\u00ea\" em S\u00e3o Gon\u00e7alo do Amarante - Blog do Bispo","isPartOf":{"@id":"https:\/\/blogdobispo.com.br\/#website"},"primaryImageOfPage":{"@id":"https:\/\/blogdobispo.com.br\/?p=3370#primaryimage"},"image":{"@id":"https:\/\/blogdobispo.com.br\/?p=3370#primaryimage"},"thumbnailUrl":"https:\/\/blogdobispo.com.br\/wp-content\/uploads\/2024\/05\/49c48ae4-135b-42b2-a9ad-d7a7bb975e35-1-1024x683.jpg","datePublished":"2024-05-07T22:57:40+00:00","breadcrumb":{"@id":"https:\/\/blogdobispo.com.br\/?p=3370#breadcrumb"},"inLanguage":"pt-BR","potentialAction":[{"@type":"ReadAction","target":["https:\/\/blogdobispo.com.br\/?p=3370"]}]},{"@type":"ImageObject","inLanguage":"pt-BR","@id":"https:\/\/blogdobispo.com.br\/?p=3370#primaryimage","url":"https:\/\/blogdobispo.com.br\/wp-content\/uploads\/2024\/05\/49c48ae4-135b-42b2-a9ad-d7a7bb975e35-1-1024x683.jpg","contentUrl":"https:\/\/blogdobispo.com.br\/wp-content\/uploads\/2024\/05\/49c48ae4-135b-42b2-a9ad-d7a7bb975e35-1-1024x683.jpg"},{"@type":"BreadcrumbList","@id":"https:\/\/blogdobispo.com.br\/?p=3370#breadcrumb","itemListElement":[{"@type":"ListItem","position":1,"name":"In\u00edcio","item":"https:\/\/blogdobispo.com.br\/"},{"@type":"ListItem","position":2,"name":"A\u00e7\u00e3o de Transforma\u00e7\u00e3o: Lan\u00e7amento do Projeto &#8220;Transforma\u00ea&#8221; em S\u00e3o Gon\u00e7alo do Amarante"}]},{"@type":"WebSite","@id":"https:\/\/blogdobispo.com.br\/#website","url":"https:\/\/blogdobispo.com.br\/","name":"Blog do Bispo","description":"Comprometido apenas com o leitor","publisher":{"@id":"https:\/\/blogdobispo.com.br\/#organization"},"potentialAction":[{"@type":"SearchAction","target":{"@type":"EntryPoint","urlTemplate":"https:\/\/blogdobispo.com.br\/?s={search_term_string}"},"query-input":{"@type":"PropertyValueSpecification","valueRequired":true,"valueName":"search_term_string"}}],"inLanguage":"pt-BR"},{"@type":"Organization","@id":"https:\/\/blogdobispo.com.br\/#organization","name":"Blog do Bispo","url":"https:\/\/blogdobispo.com.br\/","logo":{"@type":"ImageObject","inLanguage":"pt-BR","@id":"https:\/\/blogdobispo.com.br\/#\/schema\/logo\/image\/","url":"http:\/\/blogdobispo.com.br\/wp-content\/uploads\/2023\/05\/cropped-headear.png","contentUrl":"http:\/\/blogdobispo.com.br\/wp-content\/uploads\/2023\/05\/cropped-headear.png","width":1500,"height":399,"caption":"Blog do Bispo"},"image":{"@id":"https:\/\/blogdobispo.com.br\/#\/schema\/logo\/image\/"}},{"@type":"Person","@id":"https:\/\/blogdobispo.com.br\/#\/schema\/person\/e2209cc0e6cea5c5233d033e997b373f","name":"Jefferson Sterfeno","image":{"@type":"ImageObject","inLanguage":"pt-BR","@id":"https:\/\/blogdobispo.com.br\/#\/schema\/person\/image\/","url":"https:\/\/secure.gravatar.com\/avatar\/0534e84764641168a677026b6d57a3f51dc7ac4db0b4f6186d9cb330d4ee1160?s=96&d=mm&r=g","contentUrl":"https:\/\/secure.gravatar.com\/avatar\/0534e84764641168a677026b6d57a3f51dc7ac4db0b4f6186d9cb330d4ee1160?s=96&d=mm&r=g","caption":"Jefferson Sterfeno"},"sameAs":["http:\/\/blogdobispo.com.br"],"url":"https:\/\/blogdobispo.com.br\/?author=1"}]}},"featured_image_urls":{"full":"","thumbnail":"","medium":"","medium_large":"","large":"","1536x1536":"","2048x2048":""},"author_info":{"display_name":"Jefferson Sterfeno","author_link":"https:\/\/blogdobispo.com.br\/?author=1"},"category_info":"<a href=\"https:\/\/blogdobispo.com.br\/?cat=1\" rel=\"category\">diversos<\/a>","tag_info":"diversos","comment_count":"0","jetpack_featured_media_url":"","jetpack_sharing_enabled":true,"_links":{"self":[{"href":"https:\/\/blogdobispo.com.br\/index.php?rest_route=\/wp\/v2\/posts\/3370","targetHints":{"allow":["GET"]}}],"collection":[{"href":"https:\/\/blogdobispo.com.br\/index.php?rest_route=\/wp\/v2\/posts"}],"about":[{"href":"https:\/\/blogdobispo.com.br\/index.php?rest_route=\/wp\/v2\/types\/post"}],"author":[{"embeddable":true,"href":"https:\/\/blogdobispo.com.br\/index.php?rest_route=\/wp\/v2\/users\/1"}],"replies":[{"embeddable":true,"href":"https:\/\/blogdobispo.com.br\/index.php?rest_route=%2Fwp%2Fv2%2Fcomments&post=3370"}],"version-history":[{"count":0,"href":"https:\/\/blogdobispo.com.br\/index.php?rest_route=\/wp\/v2\/posts\/3370\/revisions"}],"wp:attachment":[{"href":"https:\/\/blogdobispo.com.br\/index.php?rest_route=%2Fwp%2Fv2%2Fmedia&parent=3370"}],"wp:term":[{"taxonomy":"category","embeddable":true,"href":"https:\/\/blogdobispo.com.br\/index.php?rest_route=%2Fwp%2Fv2%2Fcategories&post=3370"},{"taxonomy":"post_tag","embeddable":true,"href":"https:\/\/blogdobispo.com.br\/index.php?rest_route=%2Fwp%2Fv2%2Ftags&post=3370"}],"curies":[{"name":"wp","href":"https:\/\/api.w.org\/{rel}","templated":true}]}}