{"id":3364,"date":"2024-05-07T14:37:49","date_gmt":"2024-05-07T14:37:49","guid":{"rendered":"https:\/\/blogdobispo.com.br\/?p=3364"},"modified":"2024-05-07T14:37:49","modified_gmt":"2024-05-07T14:37:49","slug":"desperte-seus-sentidos-ellas-em-movimento-realiza-mais-uma-edicao-com-a-mentora-de-negocios-rafaela-sales","status":"publish","type":"post","link":"https:\/\/blogdobispo.com.br\/?p=3364","title":{"rendered":"Desperte Seus Sentidos: Ellas em Movimento realiza mais uma Edi\u00e7\u00e3o com a Mentora de Neg\u00f3cios, Rafaela Sales"},"content":{"rendered":"\n<figure class=\"wp-block-image size-large\"><img data-recalc-dims=\"1\" fetchpriority=\"high\" decoding=\"async\" width=\"800\" height=\"1000\" src=\"https:\/\/i0.wp.com\/blogdobispo.com.br\/wp-content\/uploads\/2024\/05\/38836810-78ea-4159-a338-248e67fd3e31-1-819x1024.jpg?resize=800%2C1000&#038;ssl=1\" class=\"wp-image-3363\" srcset=\"https:\/\/i0.wp.com\/blogdobispo.com.br\/wp-content\/uploads\/2024\/05\/38836810-78ea-4159-a338-248e67fd3e31-1.jpg?resize=819%2C1024&amp;ssl=1 819w, https:\/\/i0.wp.com\/blogdobispo.com.br\/wp-content\/uploads\/2024\/05\/38836810-78ea-4159-a338-248e67fd3e31-1.jpg?resize=240%2C300&amp;ssl=1 240w, https:\/\/i0.wp.com\/blogdobispo.com.br\/wp-content\/uploads\/2024\/05\/38836810-78ea-4159-a338-248e67fd3e31-1.jpg?resize=768%2C960&amp;ssl=1 768w, https:\/\/i0.wp.com\/blogdobispo.com.br\/wp-content\/uploads\/2024\/05\/38836810-78ea-4159-a338-248e67fd3e31-1.jpg?resize=1024%2C1280&amp;ssl=1 1024w, https:\/\/i0.wp.com\/blogdobispo.com.br\/wp-content\/uploads\/2024\/05\/38836810-78ea-4159-a338-248e67fd3e31-1.jpg?w=1080&amp;ssl=1 1080w\" sizes=\"(max-width: 800px) 100vw, 800px\" \/><\/figure>\n\n\n\n<p><\/p>\n\n\n\n<p><em>Evento promove a import\u00e2ncia da gest\u00e3o emocional no mundo empresarial e oferece experi\u00eancias \u00fanicas para o desenvolvimento pessoal e profissional.<\/em><\/p>\n\n\n\n<p>O Ellas em Movimentos, em parceria com renomadas personalidades e empresas, apresenta mais uma edi\u00e7\u00e3o imperd\u00edvel sob o tema &#8220;Desperte Seus Sentidos&#8221;. Marcado para acontecer na pr\u00f3xima ter\u00e7a-feira, dia 7 de maio, a partir das 17h30, o evento ter\u00e1 lugar no Effo Restaurante, localizado na Av. Amintas Barros.<\/p>\n\n\n\n<p>Em um mundo empresarial complexo, onde as emo\u00e7\u00f5es desempenham um papel crucial, a edi\u00e7\u00e3o especial do Ellas em Movimento traz \u00e0 tona a import\u00e2ncia de saber gerir sentimentos e emo\u00e7\u00f5es no ambiente de neg\u00f3cios. Com a participa\u00e7\u00e3o da renomada Mentora e Empres\u00e1ria Rafaela Sales, os participantes ser\u00e3o guiados atrav\u00e9s de estrat\u00e9gias e insights sobre como navegar com sucesso atrav\u00e9s das complexidades emocionais no mundo dos neg\u00f3cios.<\/p>\n\n\n\n<p>Al\u00e9m disso, o evento contar\u00e1 com a presen\u00e7a do Dr. Vinicius Ribeiro, m\u00e9dico dermatologista, que ir\u00e1 oferecer uma breve palestra sobre os cuidados com a pele e como incorporar uma rotina de cuidados especiais para o dia a dia, proporcionando um toque especial para a vida cotidiana.<\/p>\n\n\n\n<p>A experi\u00eancia gastron\u00f4mica tamb\u00e9m ser\u00e1 destaque, com a presen\u00e7a da empresa Baob\u00e1 Vino, oferecendo degusta\u00e7\u00f5es exclusivas e compartilhando insights sobre empreendedorismo no setor, aliado a gastronomia muito bem elaborada e j\u00e1 reconhecida do Restaurante Eff\u00f3, palco do evento.<\/p>\n\n\n\n<p>O projeto Ellas em Movimento, idealizado pela especialista em Networking e Neg\u00f3cios, D\u00e9bora de Castro, e pela jornalista Suzy Noronha, tem como objetivo promover o empoderamento feminino, incentivando mulheres a conquistarem seus espa\u00e7os, superarem preconceitos e realizarem seus sonhos.<\/p>\n\n\n\n<p>Com uma programa\u00e7\u00e3o cuidadosamente elaborada para ativar e agu\u00e7ar todos os sentidos, o Ellas em Movimento oferece uma experi\u00eancia completa e emocionante, com especialistas de renome prontos para guiar as participantes em uma jornada de autodescoberta e crescimento pessoal e profissional.<\/p>\n\n\n\n<p><em>As inscri\u00e7\u00f5es para o evento est\u00e3o abertas e podem ser realizadas atrav\u00e9s do link:<\/em> https:\/\/www.sympla.com.br\/evento\/ellas-em-movimento\/2449801<\/p>\n\n\n\n<p><em>Acesse agora o Instagram do \u2018Ellas em Movimento\u2019:<\/em> @ellasemmovimento | https:\/\/www.instagram.com\/ellasemmovimento<\/p>\n","protected":false},"excerpt":{"rendered":"<p>Evento promove a import\u00e2ncia da gest\u00e3o emocional no mundo empresarial e oferece experi\u00eancias \u00fanicas para o desenvolvimento pessoal e profissional. O Ellas em Movimentos, em parceria com renomadas personalidades e empresas, apresenta mais uma edi\u00e7\u00e3o imperd\u00edvel sob o tema &#8220;Desperte Seus Sentidos&#8221;. Marcado para acontecer na pr\u00f3xima ter\u00e7a-feira, dia 7 de maio, a partir das [&hellip;]<\/p>\n","protected":false},"author":1,"featured_media":0,"comment_status":"open","ping_status":"open","sticky":false,"template":"","format":"standard","meta":{"cybocfi_hide_featured_image":"","_jetpack_memberships_contains_paid_content":false,"footnotes":""},"categories":[1],"tags":[],"class_list":["post-3364","post","type-post","status-publish","format-standard","hentry","category-diversos"],"yoast_head":"<!-- This site is optimized with the Yoast SEO plugin v25.6 - https:\/\/yoast.com\/wordpress\/plugins\/seo\/ -->\n<title>Desperte Seus Sentidos: Ellas em Movimento realiza mais uma Edi\u00e7\u00e3o com a Mentora de Neg\u00f3cios, Rafaela Sales - Blog do Bispo<\/title>\n<meta name=\"robots\" content=\"index, follow, max-snippet:-1, max-image-preview:large, max-video-preview:-1\" \/>\n<link rel=\"canonical\" href=\"https:\/\/blogdobispo.com.br\/?p=3364\" \/>\n<meta property=\"og:locale\" content=\"pt_BR\" \/>\n<meta property=\"og:type\" content=\"article\" \/>\n<meta property=\"og:title\" content=\"Desperte Seus Sentidos: Ellas em Movimento realiza mais uma Edi\u00e7\u00e3o com a Mentora de Neg\u00f3cios, Rafaela Sales - Blog do Bispo\" \/>\n<meta property=\"og:description\" content=\"Evento promove a import\u00e2ncia da gest\u00e3o emocional no mundo empresarial e oferece experi\u00eancias \u00fanicas para o desenvolvimento pessoal e profissional. O Ellas em Movimentos, em parceria com renomadas personalidades e empresas, apresenta mais uma edi\u00e7\u00e3o imperd\u00edvel sob o tema &#8220;Desperte Seus Sentidos&#8221;. Marcado para acontecer na pr\u00f3xima ter\u00e7a-feira, dia 7 de maio, a partir das [&hellip;]\" \/>\n<meta property=\"og:url\" content=\"https:\/\/blogdobispo.com.br\/?p=3364\" \/>\n<meta property=\"og:site_name\" content=\"Blog do Bispo\" \/>\n<meta property=\"article:published_time\" content=\"2024-05-07T14:37:49+00:00\" \/>\n<meta property=\"og:image\" content=\"https:\/\/blogdobispo.com.br\/wp-content\/uploads\/2024\/05\/38836810-78ea-4159-a338-248e67fd3e31-1-819x1024.jpg\" \/>\n<meta name=\"author\" content=\"Jefferson Sterfeno\" \/>\n<meta name=\"twitter:card\" content=\"summary_large_image\" \/>\n<meta name=\"twitter:label1\" content=\"Escrito por\" \/>\n\t<meta name=\"twitter:data1\" content=\"Jefferson Sterfeno\" \/>\n\t<meta name=\"twitter:label2\" content=\"Est. tempo de leitura\" \/>\n\t<meta name=\"twitter:data2\" content=\"2 minutos\" \/>\n<script type=\"application\/ld+json\" class=\"yoast-schema-graph\">{\"@context\":\"https:\/\/schema.org\",\"@graph\":[{\"@type\":\"Article\",\"@id\":\"https:\/\/blogdobispo.com.br\/?p=3364#article\",\"isPartOf\":{\"@id\":\"https:\/\/blogdobispo.com.br\/?p=3364\"},\"author\":{\"name\":\"Jefferson Sterfeno\",\"@id\":\"https:\/\/blogdobispo.com.br\/#\/schema\/person\/e2209cc0e6cea5c5233d033e997b373f\"},\"headline\":\"Desperte Seus Sentidos: Ellas em Movimento realiza mais uma Edi\u00e7\u00e3o com a Mentora de Neg\u00f3cios, Rafaela Sales\",\"datePublished\":\"2024-05-07T14:37:49+00:00\",\"mainEntityOfPage\":{\"@id\":\"https:\/\/blogdobispo.com.br\/?p=3364\"},\"wordCount\":387,\"commentCount\":0,\"publisher\":{\"@id\":\"https:\/\/blogdobispo.com.br\/#organization\"},\"image\":{\"@id\":\"https:\/\/blogdobispo.com.br\/?p=3364#primaryimage\"},\"thumbnailUrl\":\"https:\/\/blogdobispo.com.br\/wp-content\/uploads\/2024\/05\/38836810-78ea-4159-a338-248e67fd3e31-1-819x1024.jpg\",\"articleSection\":[\"diversos\"],\"inLanguage\":\"pt-BR\",\"potentialAction\":[{\"@type\":\"CommentAction\",\"name\":\"Comment\",\"target\":[\"https:\/\/blogdobispo.com.br\/?p=3364#respond\"]}]},{\"@type\":\"WebPage\",\"@id\":\"https:\/\/blogdobispo.com.br\/?p=3364\",\"url\":\"https:\/\/blogdobispo.com.br\/?p=3364\",\"name\":\"Desperte Seus Sentidos: Ellas em Movimento realiza mais uma Edi\u00e7\u00e3o com a Mentora de Neg\u00f3cios, Rafaela Sales - Blog do Bispo\",\"isPartOf\":{\"@id\":\"https:\/\/blogdobispo.com.br\/#website\"},\"primaryImageOfPage\":{\"@id\":\"https:\/\/blogdobispo.com.br\/?p=3364#primaryimage\"},\"image\":{\"@id\":\"https:\/\/blogdobispo.com.br\/?p=3364#primaryimage\"},\"thumbnailUrl\":\"https:\/\/blogdobispo.com.br\/wp-content\/uploads\/2024\/05\/38836810-78ea-4159-a338-248e67fd3e31-1-819x1024.jpg\",\"datePublished\":\"2024-05-07T14:37:49+00:00\",\"breadcrumb\":{\"@id\":\"https:\/\/blogdobispo.com.br\/?p=3364#breadcrumb\"},\"inLanguage\":\"pt-BR\",\"potentialAction\":[{\"@type\":\"ReadAction\",\"target\":[\"https:\/\/blogdobispo.com.br\/?p=3364\"]}]},{\"@type\":\"ImageObject\",\"inLanguage\":\"pt-BR\",\"@id\":\"https:\/\/blogdobispo.com.br\/?p=3364#primaryimage\",\"url\":\"https:\/\/blogdobispo.com.br\/wp-content\/uploads\/2024\/05\/38836810-78ea-4159-a338-248e67fd3e31-1-819x1024.jpg\",\"contentUrl\":\"https:\/\/blogdobispo.com.br\/wp-content\/uploads\/2024\/05\/38836810-78ea-4159-a338-248e67fd3e31-1-819x1024.jpg\"},{\"@type\":\"BreadcrumbList\",\"@id\":\"https:\/\/blogdobispo.com.br\/?p=3364#breadcrumb\",\"itemListElement\":[{\"@type\":\"ListItem\",\"position\":1,\"name\":\"In\u00edcio\",\"item\":\"https:\/\/blogdobispo.com.br\/\"},{\"@type\":\"ListItem\",\"position\":2,\"name\":\"Desperte Seus Sentidos: Ellas em Movimento realiza mais uma Edi\u00e7\u00e3o com a Mentora de Neg\u00f3cios, Rafaela Sales\"}]},{\"@type\":\"WebSite\",\"@id\":\"https:\/\/blogdobispo.com.br\/#website\",\"url\":\"https:\/\/blogdobispo.com.br\/\",\"name\":\"Blog do Bispo\",\"description\":\"Comprometido apenas com o leitor\",\"publisher\":{\"@id\":\"https:\/\/blogdobispo.com.br\/#organization\"},\"potentialAction\":[{\"@type\":\"SearchAction\",\"target\":{\"@type\":\"EntryPoint\",\"urlTemplate\":\"https:\/\/blogdobispo.com.br\/?s={search_term_string}\"},\"query-input\":{\"@type\":\"PropertyValueSpecification\",\"valueRequired\":true,\"valueName\":\"search_term_string\"}}],\"inLanguage\":\"pt-BR\"},{\"@type\":\"Organization\",\"@id\":\"https:\/\/blogdobispo.com.br\/#organization\",\"name\":\"Blog do Bispo\",\"url\":\"https:\/\/blogdobispo.com.br\/\",\"logo\":{\"@type\":\"ImageObject\",\"inLanguage\":\"pt-BR\",\"@id\":\"https:\/\/blogdobispo.com.br\/#\/schema\/logo\/image\/\",\"url\":\"http:\/\/blogdobispo.com.br\/wp-content\/uploads\/2023\/05\/cropped-headear.png\",\"contentUrl\":\"http:\/\/blogdobispo.com.br\/wp-content\/uploads\/2023\/05\/cropped-headear.png\",\"width\":1500,\"height\":399,\"caption\":\"Blog do Bispo\"},\"image\":{\"@id\":\"https:\/\/blogdobispo.com.br\/#\/schema\/logo\/image\/\"}},{\"@type\":\"Person\",\"@id\":\"https:\/\/blogdobispo.com.br\/#\/schema\/person\/e2209cc0e6cea5c5233d033e997b373f\",\"name\":\"Jefferson Sterfeno\",\"image\":{\"@type\":\"ImageObject\",\"inLanguage\":\"pt-BR\",\"@id\":\"https:\/\/blogdobispo.com.br\/#\/schema\/person\/image\/\",\"url\":\"https:\/\/secure.gravatar.com\/avatar\/0534e84764641168a677026b6d57a3f51dc7ac4db0b4f6186d9cb330d4ee1160?s=96&d=mm&r=g\",\"contentUrl\":\"https:\/\/secure.gravatar.com\/avatar\/0534e84764641168a677026b6d57a3f51dc7ac4db0b4f6186d9cb330d4ee1160?s=96&d=mm&r=g\",\"caption\":\"Jefferson Sterfeno\"},\"sameAs\":[\"http:\/\/blogdobispo.com.br\"],\"url\":\"https:\/\/blogdobispo.com.br\/?author=1\"}]}<\/script>\n<!-- \/ Yoast SEO plugin. -->","yoast_head_json":{"title":"Desperte Seus Sentidos: Ellas em Movimento realiza mais uma Edi\u00e7\u00e3o com a Mentora de Neg\u00f3cios, Rafaela Sales - Blog do Bispo","robots":{"index":"index","follow":"follow","max-snippet":"max-snippet:-1","max-image-preview":"max-image-preview:large","max-video-preview":"max-video-preview:-1"},"canonical":"https:\/\/blogdobispo.com.br\/?p=3364","og_locale":"pt_BR","og_type":"article","og_title":"Desperte Seus Sentidos: Ellas em Movimento realiza mais uma Edi\u00e7\u00e3o com a Mentora de Neg\u00f3cios, Rafaela Sales - Blog do Bispo","og_description":"Evento promove a import\u00e2ncia da gest\u00e3o emocional no mundo empresarial e oferece experi\u00eancias \u00fanicas para o desenvolvimento pessoal e profissional. O Ellas em Movimentos, em parceria com renomadas personalidades e empresas, apresenta mais uma edi\u00e7\u00e3o imperd\u00edvel sob o tema &#8220;Desperte Seus Sentidos&#8221;. Marcado para acontecer na pr\u00f3xima ter\u00e7a-feira, dia 7 de maio, a partir das [&hellip;]","og_url":"https:\/\/blogdobispo.com.br\/?p=3364","og_site_name":"Blog do Bispo","article_published_time":"2024-05-07T14:37:49+00:00","og_image":[{"url":"https:\/\/blogdobispo.com.br\/wp-content\/uploads\/2024\/05\/38836810-78ea-4159-a338-248e67fd3e31-1-819x1024.jpg","type":"","width":"","height":""}],"author":"Jefferson Sterfeno","twitter_card":"summary_large_image","twitter_misc":{"Escrito por":"Jefferson Sterfeno","Est. tempo de leitura":"2 minutos"},"schema":{"@context":"https:\/\/schema.org","@graph":[{"@type":"Article","@id":"https:\/\/blogdobispo.com.br\/?p=3364#article","isPartOf":{"@id":"https:\/\/blogdobispo.com.br\/?p=3364"},"author":{"name":"Jefferson Sterfeno","@id":"https:\/\/blogdobispo.com.br\/#\/schema\/person\/e2209cc0e6cea5c5233d033e997b373f"},"headline":"Desperte Seus Sentidos: Ellas em Movimento realiza mais uma Edi\u00e7\u00e3o com a Mentora de Neg\u00f3cios, Rafaela Sales","datePublished":"2024-05-07T14:37:49+00:00","mainEntityOfPage":{"@id":"https:\/\/blogdobispo.com.br\/?p=3364"},"wordCount":387,"commentCount":0,"publisher":{"@id":"https:\/\/blogdobispo.com.br\/#organization"},"image":{"@id":"https:\/\/blogdobispo.com.br\/?p=3364#primaryimage"},"thumbnailUrl":"https:\/\/blogdobispo.com.br\/wp-content\/uploads\/2024\/05\/38836810-78ea-4159-a338-248e67fd3e31-1-819x1024.jpg","articleSection":["diversos"],"inLanguage":"pt-BR","potentialAction":[{"@type":"CommentAction","name":"Comment","target":["https:\/\/blogdobispo.com.br\/?p=3364#respond"]}]},{"@type":"WebPage","@id":"https:\/\/blogdobispo.com.br\/?p=3364","url":"https:\/\/blogdobispo.com.br\/?p=3364","name":"Desperte Seus Sentidos: Ellas em Movimento realiza mais uma Edi\u00e7\u00e3o com a Mentora de Neg\u00f3cios, Rafaela Sales - Blog do Bispo","isPartOf":{"@id":"https:\/\/blogdobispo.com.br\/#website"},"primaryImageOfPage":{"@id":"https:\/\/blogdobispo.com.br\/?p=3364#primaryimage"},"image":{"@id":"https:\/\/blogdobispo.com.br\/?p=3364#primaryimage"},"thumbnailUrl":"https:\/\/blogdobispo.com.br\/wp-content\/uploads\/2024\/05\/38836810-78ea-4159-a338-248e67fd3e31-1-819x1024.jpg","datePublished":"2024-05-07T14:37:49+00:00","breadcrumb":{"@id":"https:\/\/blogdobispo.com.br\/?p=3364#breadcrumb"},"inLanguage":"pt-BR","potentialAction":[{"@type":"ReadAction","target":["https:\/\/blogdobispo.com.br\/?p=3364"]}]},{"@type":"ImageObject","inLanguage":"pt-BR","@id":"https:\/\/blogdobispo.com.br\/?p=3364#primaryimage","url":"https:\/\/blogdobispo.com.br\/wp-content\/uploads\/2024\/05\/38836810-78ea-4159-a338-248e67fd3e31-1-819x1024.jpg","contentUrl":"https:\/\/blogdobispo.com.br\/wp-content\/uploads\/2024\/05\/38836810-78ea-4159-a338-248e67fd3e31-1-819x1024.jpg"},{"@type":"BreadcrumbList","@id":"https:\/\/blogdobispo.com.br\/?p=3364#breadcrumb","itemListElement":[{"@type":"ListItem","position":1,"name":"In\u00edcio","item":"https:\/\/blogdobispo.com.br\/"},{"@type":"ListItem","position":2,"name":"Desperte Seus Sentidos: Ellas em Movimento realiza mais uma Edi\u00e7\u00e3o com a Mentora de Neg\u00f3cios, Rafaela Sales"}]},{"@type":"WebSite","@id":"https:\/\/blogdobispo.com.br\/#website","url":"https:\/\/blogdobispo.com.br\/","name":"Blog do Bispo","description":"Comprometido apenas com o leitor","publisher":{"@id":"https:\/\/blogdobispo.com.br\/#organization"},"potentialAction":[{"@type":"SearchAction","target":{"@type":"EntryPoint","urlTemplate":"https:\/\/blogdobispo.com.br\/?s={search_term_string}"},"query-input":{"@type":"PropertyValueSpecification","valueRequired":true,"valueName":"search_term_string"}}],"inLanguage":"pt-BR"},{"@type":"Organization","@id":"https:\/\/blogdobispo.com.br\/#organization","name":"Blog do Bispo","url":"https:\/\/blogdobispo.com.br\/","logo":{"@type":"ImageObject","inLanguage":"pt-BR","@id":"https:\/\/blogdobispo.com.br\/#\/schema\/logo\/image\/","url":"http:\/\/blogdobispo.com.br\/wp-content\/uploads\/2023\/05\/cropped-headear.png","contentUrl":"http:\/\/blogdobispo.com.br\/wp-content\/uploads\/2023\/05\/cropped-headear.png","width":1500,"height":399,"caption":"Blog do Bispo"},"image":{"@id":"https:\/\/blogdobispo.com.br\/#\/schema\/logo\/image\/"}},{"@type":"Person","@id":"https:\/\/blogdobispo.com.br\/#\/schema\/person\/e2209cc0e6cea5c5233d033e997b373f","name":"Jefferson Sterfeno","image":{"@type":"ImageObject","inLanguage":"pt-BR","@id":"https:\/\/blogdobispo.com.br\/#\/schema\/person\/image\/","url":"https:\/\/secure.gravatar.com\/avatar\/0534e84764641168a677026b6d57a3f51dc7ac4db0b4f6186d9cb330d4ee1160?s=96&d=mm&r=g","contentUrl":"https:\/\/secure.gravatar.com\/avatar\/0534e84764641168a677026b6d57a3f51dc7ac4db0b4f6186d9cb330d4ee1160?s=96&d=mm&r=g","caption":"Jefferson Sterfeno"},"sameAs":["http:\/\/blogdobispo.com.br"],"url":"https:\/\/blogdobispo.com.br\/?author=1"}]}},"featured_image_urls":{"full":"","thumbnail":"","medium":"","medium_large":"","large":"","1536x1536":"","2048x2048":""},"author_info":{"display_name":"Jefferson Sterfeno","author_link":"https:\/\/blogdobispo.com.br\/?author=1"},"category_info":"<a href=\"https:\/\/blogdobispo.com.br\/?cat=1\" rel=\"category\">diversos<\/a>","tag_info":"diversos","comment_count":"0","jetpack_featured_media_url":"","jetpack_sharing_enabled":true,"_links":{"self":[{"href":"https:\/\/blogdobispo.com.br\/index.php?rest_route=\/wp\/v2\/posts\/3364","targetHints":{"allow":["GET"]}}],"collection":[{"href":"https:\/\/blogdobispo.com.br\/index.php?rest_route=\/wp\/v2\/posts"}],"about":[{"href":"https:\/\/blogdobispo.com.br\/index.php?rest_route=\/wp\/v2\/types\/post"}],"author":[{"embeddable":true,"href":"https:\/\/blogdobispo.com.br\/index.php?rest_route=\/wp\/v2\/users\/1"}],"replies":[{"embeddable":true,"href":"https:\/\/blogdobispo.com.br\/index.php?rest_route=%2Fwp%2Fv2%2Fcomments&post=3364"}],"version-history":[{"count":0,"href":"https:\/\/blogdobispo.com.br\/index.php?rest_route=\/wp\/v2\/posts\/3364\/revisions"}],"wp:attachment":[{"href":"https:\/\/blogdobispo.com.br\/index.php?rest_route=%2Fwp%2Fv2%2Fmedia&parent=3364"}],"wp:term":[{"taxonomy":"category","embeddable":true,"href":"https:\/\/blogdobispo.com.br\/index.php?rest_route=%2Fwp%2Fv2%2Fcategories&post=3364"},{"taxonomy":"post_tag","embeddable":true,"href":"https:\/\/blogdobispo.com.br\/index.php?rest_route=%2Fwp%2Fv2%2Ftags&post=3364"}],"curies":[{"name":"wp","href":"https:\/\/api.w.org\/{rel}","templated":true}]}}