{"id":3344,"date":"2024-05-03T16:41:57","date_gmt":"2024-05-03T16:41:57","guid":{"rendered":"https:\/\/blogdobispo.com.br\/?p=3344"},"modified":"2024-05-03T16:41:57","modified_gmt":"2024-05-03T16:41:57","slug":"sao-goncalo-do-amarante-ganhara-05-areninhas-de-fut7-a-primeira-ja-comecou-a-ser-construida-no-bairro-golandim","status":"publish","type":"post","link":"https:\/\/blogdobispo.com.br\/?p=3344","title":{"rendered":"S\u00e3o Gon\u00e7alo do Amarante ganhar\u00e1 05 areninhas de FUT7, a primeira j\u00e1 come\u00e7ou a ser constru\u00edda no Bairro Golandim"},"content":{"rendered":"\n<figure class=\"wp-block-image size-large\"><img data-recalc-dims=\"1\" fetchpriority=\"high\" decoding=\"async\" width=\"800\" height=\"533\" src=\"https:\/\/i0.wp.com\/blogdobispo.com.br\/wp-content\/uploads\/2024\/05\/25c25ca6-8541-4d50-b13b-1dbe3d4db7ff-1-1024x682.jpg?resize=800%2C533&#038;ssl=1\" class=\"wp-image-3343\" srcset=\"https:\/\/i0.wp.com\/blogdobispo.com.br\/wp-content\/uploads\/2024\/05\/25c25ca6-8541-4d50-b13b-1dbe3d4db7ff-1.jpg?resize=1024%2C682&amp;ssl=1 1024w, https:\/\/i0.wp.com\/blogdobispo.com.br\/wp-content\/uploads\/2024\/05\/25c25ca6-8541-4d50-b13b-1dbe3d4db7ff-1.jpg?resize=300%2C200&amp;ssl=1 300w, https:\/\/i0.wp.com\/blogdobispo.com.br\/wp-content\/uploads\/2024\/05\/25c25ca6-8541-4d50-b13b-1dbe3d4db7ff-1.jpg?resize=768%2C512&amp;ssl=1 768w, https:\/\/i0.wp.com\/blogdobispo.com.br\/wp-content\/uploads\/2024\/05\/25c25ca6-8541-4d50-b13b-1dbe3d4db7ff-1.jpg?resize=1536%2C1023&amp;ssl=1 1536w, https:\/\/i0.wp.com\/blogdobispo.com.br\/wp-content\/uploads\/2024\/05\/25c25ca6-8541-4d50-b13b-1dbe3d4db7ff-1.jpg?w=1600&amp;ssl=1 1600w\" sizes=\"(max-width: 800px) 100vw, 800px\" \/><\/figure>\n\n\n\n<p><\/p>\n\n\n\n<p>Nesta quinta-feira, 02 de maio, o bairro Golandim foi palco de um momento especial para os amantes do esporte. O prefeito Eraldo Paiva assinou a Ordem de Servi\u00e7o para a constru\u00e7\u00e3o de uma incr\u00edvel Arena Esportiva dedicada ao Fut-7.<\/p>\n\n\n\n<p>Essa Arena, a primeira de cinco que ser\u00e3o erguidas na cidade, ser\u00e1 um lugar fant\u00e1stico para a pr\u00e1tica esportiva. Equipada com grama sint\u00e9tica, ilumina\u00e7\u00e3o em LED, telas de prote\u00e7\u00e3o, banheiros e vesti\u00e1rios, ela promete ser um espa\u00e7o de qualidade para todos os desportistas.<\/p>\n\n\n\n<p>Essas Arenas ser\u00e3o as primeiras do tipo constru\u00eddas com recursos p\u00fablicos em S\u00e3o Gon\u00e7alo do Amarante. Cada uma delas ter\u00e1 um custo aproximado de 500 mil reais, e a verba vem de uma emenda parlamentar do ex-senador Jean Paul Prates. A Prefeitura, sob a lideran\u00e7a do prefeito Eraldo Paiva, tamb\u00e9m est\u00e1 contribuindo para tornar esse sonho realidade.<\/p>\n\n\n\n<p>&#8220;Estou muito feliz em anunciar que S\u00e3o Gon\u00e7alo do Amarante ganhar\u00e1 05 areninhas de FUT7, e \u00e9 com grande entusiasmo que damos in\u00edcio \u00e0 constru\u00e7\u00e3o da primeira delas aqui no Bairro Golandim. Essas novas arenas n\u00e3o apenas proporcionar\u00e3o espa\u00e7os de qualidade para a pr\u00e1tica esportiva, mas tamb\u00e9m contribuir\u00e3o para o desenvolvimento e bem-estar de nossa comunidade. Estamos comprometidos em fortalecer o esporte em nossa cidade, e essa \u00e9 apenas uma das muitas iniciativas que estamos implementando para alcan\u00e7ar esse objetivo.&#8221;, disse o Prefeito Eraldo.<\/p>\n\n\n\n<p>Com essa iniciativa, o esporte em S\u00e3o Gon\u00e7alo est\u00e1 recebendo um grande impulso. \u00c9 uma prova do compromisso da gest\u00e3o do prefeito Eraldo Paiva em fortalecer a infraestrutura esportiva da cidade. E isso \u00e9 algo que todos podem celebrar.<\/p>\n","protected":false},"excerpt":{"rendered":"<p>Nesta quinta-feira, 02 de maio, o bairro Golandim foi palco de um momento especial para os amantes do esporte. O prefeito Eraldo Paiva assinou a Ordem de Servi\u00e7o para a constru\u00e7\u00e3o de uma incr\u00edvel Arena Esportiva dedicada ao Fut-7. Essa Arena, a primeira de cinco que ser\u00e3o erguidas na cidade, ser\u00e1 um lugar fant\u00e1stico para [&hellip;]<\/p>\n","protected":false},"author":1,"featured_media":0,"comment_status":"open","ping_status":"open","sticky":false,"template":"","format":"standard","meta":{"cybocfi_hide_featured_image":"","_jetpack_memberships_contains_paid_content":false,"footnotes":""},"categories":[1],"tags":[],"class_list":["post-3344","post","type-post","status-publish","format-standard","hentry","category-diversos"],"yoast_head":"<!-- This site is optimized with the Yoast SEO plugin v25.6 - https:\/\/yoast.com\/wordpress\/plugins\/seo\/ -->\n<title>S\u00e3o Gon\u00e7alo do Amarante ganhar\u00e1 05 areninhas de FUT7, a primeira j\u00e1 come\u00e7ou a ser constru\u00edda no Bairro Golandim - Blog do Bispo<\/title>\n<meta name=\"robots\" content=\"index, follow, max-snippet:-1, max-image-preview:large, max-video-preview:-1\" \/>\n<link rel=\"canonical\" href=\"https:\/\/blogdobispo.com.br\/?p=3344\" \/>\n<meta property=\"og:locale\" content=\"pt_BR\" \/>\n<meta property=\"og:type\" content=\"article\" \/>\n<meta property=\"og:title\" content=\"S\u00e3o Gon\u00e7alo do Amarante ganhar\u00e1 05 areninhas de FUT7, a primeira j\u00e1 come\u00e7ou a ser constru\u00edda no Bairro Golandim - Blog do Bispo\" \/>\n<meta property=\"og:description\" content=\"Nesta quinta-feira, 02 de maio, o bairro Golandim foi palco de um momento especial para os amantes do esporte. O prefeito Eraldo Paiva assinou a Ordem de Servi\u00e7o para a constru\u00e7\u00e3o de uma incr\u00edvel Arena Esportiva dedicada ao Fut-7. Essa Arena, a primeira de cinco que ser\u00e3o erguidas na cidade, ser\u00e1 um lugar fant\u00e1stico para [&hellip;]\" \/>\n<meta property=\"og:url\" content=\"https:\/\/blogdobispo.com.br\/?p=3344\" \/>\n<meta property=\"og:site_name\" content=\"Blog do Bispo\" \/>\n<meta property=\"article:published_time\" content=\"2024-05-03T16:41:57+00:00\" \/>\n<meta property=\"og:image\" content=\"https:\/\/blogdobispo.com.br\/wp-content\/uploads\/2024\/05\/25c25ca6-8541-4d50-b13b-1dbe3d4db7ff-1-1024x682.jpg\" \/>\n<meta name=\"author\" content=\"Jefferson Sterfeno\" \/>\n<meta name=\"twitter:card\" content=\"summary_large_image\" \/>\n<meta name=\"twitter:label1\" content=\"Escrito por\" \/>\n\t<meta name=\"twitter:data1\" content=\"Jefferson Sterfeno\" \/>\n\t<meta name=\"twitter:label2\" content=\"Est. tempo de leitura\" \/>\n\t<meta name=\"twitter:data2\" content=\"1 minuto\" \/>\n<script type=\"application\/ld+json\" class=\"yoast-schema-graph\">{\"@context\":\"https:\/\/schema.org\",\"@graph\":[{\"@type\":\"Article\",\"@id\":\"https:\/\/blogdobispo.com.br\/?p=3344#article\",\"isPartOf\":{\"@id\":\"https:\/\/blogdobispo.com.br\/?p=3344\"},\"author\":{\"name\":\"Jefferson Sterfeno\",\"@id\":\"https:\/\/blogdobispo.com.br\/#\/schema\/person\/e2209cc0e6cea5c5233d033e997b373f\"},\"headline\":\"S\u00e3o Gon\u00e7alo do Amarante ganhar\u00e1 05 areninhas de FUT7, a primeira j\u00e1 come\u00e7ou a ser constru\u00edda no Bairro Golandim\",\"datePublished\":\"2024-05-03T16:41:57+00:00\",\"mainEntityOfPage\":{\"@id\":\"https:\/\/blogdobispo.com.br\/?p=3344\"},\"wordCount\":308,\"commentCount\":0,\"publisher\":{\"@id\":\"https:\/\/blogdobispo.com.br\/#organization\"},\"image\":{\"@id\":\"https:\/\/blogdobispo.com.br\/?p=3344#primaryimage\"},\"thumbnailUrl\":\"https:\/\/blogdobispo.com.br\/wp-content\/uploads\/2024\/05\/25c25ca6-8541-4d50-b13b-1dbe3d4db7ff-1-1024x682.jpg\",\"articleSection\":[\"diversos\"],\"inLanguage\":\"pt-BR\",\"potentialAction\":[{\"@type\":\"CommentAction\",\"name\":\"Comment\",\"target\":[\"https:\/\/blogdobispo.com.br\/?p=3344#respond\"]}]},{\"@type\":\"WebPage\",\"@id\":\"https:\/\/blogdobispo.com.br\/?p=3344\",\"url\":\"https:\/\/blogdobispo.com.br\/?p=3344\",\"name\":\"S\u00e3o Gon\u00e7alo do Amarante ganhar\u00e1 05 areninhas de FUT7, a primeira j\u00e1 come\u00e7ou a ser constru\u00edda no Bairro Golandim - Blog do Bispo\",\"isPartOf\":{\"@id\":\"https:\/\/blogdobispo.com.br\/#website\"},\"primaryImageOfPage\":{\"@id\":\"https:\/\/blogdobispo.com.br\/?p=3344#primaryimage\"},\"image\":{\"@id\":\"https:\/\/blogdobispo.com.br\/?p=3344#primaryimage\"},\"thumbnailUrl\":\"https:\/\/blogdobispo.com.br\/wp-content\/uploads\/2024\/05\/25c25ca6-8541-4d50-b13b-1dbe3d4db7ff-1-1024x682.jpg\",\"datePublished\":\"2024-05-03T16:41:57+00:00\",\"breadcrumb\":{\"@id\":\"https:\/\/blogdobispo.com.br\/?p=3344#breadcrumb\"},\"inLanguage\":\"pt-BR\",\"potentialAction\":[{\"@type\":\"ReadAction\",\"target\":[\"https:\/\/blogdobispo.com.br\/?p=3344\"]}]},{\"@type\":\"ImageObject\",\"inLanguage\":\"pt-BR\",\"@id\":\"https:\/\/blogdobispo.com.br\/?p=3344#primaryimage\",\"url\":\"https:\/\/blogdobispo.com.br\/wp-content\/uploads\/2024\/05\/25c25ca6-8541-4d50-b13b-1dbe3d4db7ff-1-1024x682.jpg\",\"contentUrl\":\"https:\/\/blogdobispo.com.br\/wp-content\/uploads\/2024\/05\/25c25ca6-8541-4d50-b13b-1dbe3d4db7ff-1-1024x682.jpg\"},{\"@type\":\"BreadcrumbList\",\"@id\":\"https:\/\/blogdobispo.com.br\/?p=3344#breadcrumb\",\"itemListElement\":[{\"@type\":\"ListItem\",\"position\":1,\"name\":\"In\u00edcio\",\"item\":\"https:\/\/blogdobispo.com.br\/\"},{\"@type\":\"ListItem\",\"position\":2,\"name\":\"S\u00e3o Gon\u00e7alo do Amarante ganhar\u00e1 05 areninhas de FUT7, a primeira j\u00e1 come\u00e7ou a ser constru\u00edda no Bairro Golandim\"}]},{\"@type\":\"WebSite\",\"@id\":\"https:\/\/blogdobispo.com.br\/#website\",\"url\":\"https:\/\/blogdobispo.com.br\/\",\"name\":\"Blog do Bispo\",\"description\":\"Comprometido apenas com o leitor\",\"publisher\":{\"@id\":\"https:\/\/blogdobispo.com.br\/#organization\"},\"potentialAction\":[{\"@type\":\"SearchAction\",\"target\":{\"@type\":\"EntryPoint\",\"urlTemplate\":\"https:\/\/blogdobispo.com.br\/?s={search_term_string}\"},\"query-input\":{\"@type\":\"PropertyValueSpecification\",\"valueRequired\":true,\"valueName\":\"search_term_string\"}}],\"inLanguage\":\"pt-BR\"},{\"@type\":\"Organization\",\"@id\":\"https:\/\/blogdobispo.com.br\/#organization\",\"name\":\"Blog do Bispo\",\"url\":\"https:\/\/blogdobispo.com.br\/\",\"logo\":{\"@type\":\"ImageObject\",\"inLanguage\":\"pt-BR\",\"@id\":\"https:\/\/blogdobispo.com.br\/#\/schema\/logo\/image\/\",\"url\":\"http:\/\/blogdobispo.com.br\/wp-content\/uploads\/2023\/05\/cropped-headear.png\",\"contentUrl\":\"http:\/\/blogdobispo.com.br\/wp-content\/uploads\/2023\/05\/cropped-headear.png\",\"width\":1500,\"height\":399,\"caption\":\"Blog do Bispo\"},\"image\":{\"@id\":\"https:\/\/blogdobispo.com.br\/#\/schema\/logo\/image\/\"}},{\"@type\":\"Person\",\"@id\":\"https:\/\/blogdobispo.com.br\/#\/schema\/person\/e2209cc0e6cea5c5233d033e997b373f\",\"name\":\"Jefferson Sterfeno\",\"image\":{\"@type\":\"ImageObject\",\"inLanguage\":\"pt-BR\",\"@id\":\"https:\/\/blogdobispo.com.br\/#\/schema\/person\/image\/\",\"url\":\"https:\/\/secure.gravatar.com\/avatar\/0534e84764641168a677026b6d57a3f51dc7ac4db0b4f6186d9cb330d4ee1160?s=96&d=mm&r=g\",\"contentUrl\":\"https:\/\/secure.gravatar.com\/avatar\/0534e84764641168a677026b6d57a3f51dc7ac4db0b4f6186d9cb330d4ee1160?s=96&d=mm&r=g\",\"caption\":\"Jefferson Sterfeno\"},\"sameAs\":[\"http:\/\/blogdobispo.com.br\"],\"url\":\"https:\/\/blogdobispo.com.br\/?author=1\"}]}<\/script>\n<!-- \/ Yoast SEO plugin. -->","yoast_head_json":{"title":"S\u00e3o Gon\u00e7alo do Amarante ganhar\u00e1 05 areninhas de FUT7, a primeira j\u00e1 come\u00e7ou a ser constru\u00edda no Bairro Golandim - Blog do Bispo","robots":{"index":"index","follow":"follow","max-snippet":"max-snippet:-1","max-image-preview":"max-image-preview:large","max-video-preview":"max-video-preview:-1"},"canonical":"https:\/\/blogdobispo.com.br\/?p=3344","og_locale":"pt_BR","og_type":"article","og_title":"S\u00e3o Gon\u00e7alo do Amarante ganhar\u00e1 05 areninhas de FUT7, a primeira j\u00e1 come\u00e7ou a ser constru\u00edda no Bairro Golandim - Blog do Bispo","og_description":"Nesta quinta-feira, 02 de maio, o bairro Golandim foi palco de um momento especial para os amantes do esporte. O prefeito Eraldo Paiva assinou a Ordem de Servi\u00e7o para a constru\u00e7\u00e3o de uma incr\u00edvel Arena Esportiva dedicada ao Fut-7. Essa Arena, a primeira de cinco que ser\u00e3o erguidas na cidade, ser\u00e1 um lugar fant\u00e1stico para [&hellip;]","og_url":"https:\/\/blogdobispo.com.br\/?p=3344","og_site_name":"Blog do Bispo","article_published_time":"2024-05-03T16:41:57+00:00","og_image":[{"url":"https:\/\/blogdobispo.com.br\/wp-content\/uploads\/2024\/05\/25c25ca6-8541-4d50-b13b-1dbe3d4db7ff-1-1024x682.jpg","type":"","width":"","height":""}],"author":"Jefferson Sterfeno","twitter_card":"summary_large_image","twitter_misc":{"Escrito por":"Jefferson Sterfeno","Est. tempo de leitura":"1 minuto"},"schema":{"@context":"https:\/\/schema.org","@graph":[{"@type":"Article","@id":"https:\/\/blogdobispo.com.br\/?p=3344#article","isPartOf":{"@id":"https:\/\/blogdobispo.com.br\/?p=3344"},"author":{"name":"Jefferson Sterfeno","@id":"https:\/\/blogdobispo.com.br\/#\/schema\/person\/e2209cc0e6cea5c5233d033e997b373f"},"headline":"S\u00e3o Gon\u00e7alo do Amarante ganhar\u00e1 05 areninhas de FUT7, a primeira j\u00e1 come\u00e7ou a ser constru\u00edda no Bairro Golandim","datePublished":"2024-05-03T16:41:57+00:00","mainEntityOfPage":{"@id":"https:\/\/blogdobispo.com.br\/?p=3344"},"wordCount":308,"commentCount":0,"publisher":{"@id":"https:\/\/blogdobispo.com.br\/#organization"},"image":{"@id":"https:\/\/blogdobispo.com.br\/?p=3344#primaryimage"},"thumbnailUrl":"https:\/\/blogdobispo.com.br\/wp-content\/uploads\/2024\/05\/25c25ca6-8541-4d50-b13b-1dbe3d4db7ff-1-1024x682.jpg","articleSection":["diversos"],"inLanguage":"pt-BR","potentialAction":[{"@type":"CommentAction","name":"Comment","target":["https:\/\/blogdobispo.com.br\/?p=3344#respond"]}]},{"@type":"WebPage","@id":"https:\/\/blogdobispo.com.br\/?p=3344","url":"https:\/\/blogdobispo.com.br\/?p=3344","name":"S\u00e3o Gon\u00e7alo do Amarante ganhar\u00e1 05 areninhas de FUT7, a primeira j\u00e1 come\u00e7ou a ser constru\u00edda no Bairro Golandim - Blog do Bispo","isPartOf":{"@id":"https:\/\/blogdobispo.com.br\/#website"},"primaryImageOfPage":{"@id":"https:\/\/blogdobispo.com.br\/?p=3344#primaryimage"},"image":{"@id":"https:\/\/blogdobispo.com.br\/?p=3344#primaryimage"},"thumbnailUrl":"https:\/\/blogdobispo.com.br\/wp-content\/uploads\/2024\/05\/25c25ca6-8541-4d50-b13b-1dbe3d4db7ff-1-1024x682.jpg","datePublished":"2024-05-03T16:41:57+00:00","breadcrumb":{"@id":"https:\/\/blogdobispo.com.br\/?p=3344#breadcrumb"},"inLanguage":"pt-BR","potentialAction":[{"@type":"ReadAction","target":["https:\/\/blogdobispo.com.br\/?p=3344"]}]},{"@type":"ImageObject","inLanguage":"pt-BR","@id":"https:\/\/blogdobispo.com.br\/?p=3344#primaryimage","url":"https:\/\/blogdobispo.com.br\/wp-content\/uploads\/2024\/05\/25c25ca6-8541-4d50-b13b-1dbe3d4db7ff-1-1024x682.jpg","contentUrl":"https:\/\/blogdobispo.com.br\/wp-content\/uploads\/2024\/05\/25c25ca6-8541-4d50-b13b-1dbe3d4db7ff-1-1024x682.jpg"},{"@type":"BreadcrumbList","@id":"https:\/\/blogdobispo.com.br\/?p=3344#breadcrumb","itemListElement":[{"@type":"ListItem","position":1,"name":"In\u00edcio","item":"https:\/\/blogdobispo.com.br\/"},{"@type":"ListItem","position":2,"name":"S\u00e3o Gon\u00e7alo do Amarante ganhar\u00e1 05 areninhas de FUT7, a primeira j\u00e1 come\u00e7ou a ser constru\u00edda no Bairro Golandim"}]},{"@type":"WebSite","@id":"https:\/\/blogdobispo.com.br\/#website","url":"https:\/\/blogdobispo.com.br\/","name":"Blog do Bispo","description":"Comprometido apenas com o leitor","publisher":{"@id":"https:\/\/blogdobispo.com.br\/#organization"},"potentialAction":[{"@type":"SearchAction","target":{"@type":"EntryPoint","urlTemplate":"https:\/\/blogdobispo.com.br\/?s={search_term_string}"},"query-input":{"@type":"PropertyValueSpecification","valueRequired":true,"valueName":"search_term_string"}}],"inLanguage":"pt-BR"},{"@type":"Organization","@id":"https:\/\/blogdobispo.com.br\/#organization","name":"Blog do Bispo","url":"https:\/\/blogdobispo.com.br\/","logo":{"@type":"ImageObject","inLanguage":"pt-BR","@id":"https:\/\/blogdobispo.com.br\/#\/schema\/logo\/image\/","url":"http:\/\/blogdobispo.com.br\/wp-content\/uploads\/2023\/05\/cropped-headear.png","contentUrl":"http:\/\/blogdobispo.com.br\/wp-content\/uploads\/2023\/05\/cropped-headear.png","width":1500,"height":399,"caption":"Blog do Bispo"},"image":{"@id":"https:\/\/blogdobispo.com.br\/#\/schema\/logo\/image\/"}},{"@type":"Person","@id":"https:\/\/blogdobispo.com.br\/#\/schema\/person\/e2209cc0e6cea5c5233d033e997b373f","name":"Jefferson Sterfeno","image":{"@type":"ImageObject","inLanguage":"pt-BR","@id":"https:\/\/blogdobispo.com.br\/#\/schema\/person\/image\/","url":"https:\/\/secure.gravatar.com\/avatar\/0534e84764641168a677026b6d57a3f51dc7ac4db0b4f6186d9cb330d4ee1160?s=96&d=mm&r=g","contentUrl":"https:\/\/secure.gravatar.com\/avatar\/0534e84764641168a677026b6d57a3f51dc7ac4db0b4f6186d9cb330d4ee1160?s=96&d=mm&r=g","caption":"Jefferson Sterfeno"},"sameAs":["http:\/\/blogdobispo.com.br"],"url":"https:\/\/blogdobispo.com.br\/?author=1"}]}},"featured_image_urls":{"full":"","thumbnail":"","medium":"","medium_large":"","large":"","1536x1536":"","2048x2048":""},"author_info":{"display_name":"Jefferson Sterfeno","author_link":"https:\/\/blogdobispo.com.br\/?author=1"},"category_info":"<a href=\"https:\/\/blogdobispo.com.br\/?cat=1\" rel=\"category\">diversos<\/a>","tag_info":"diversos","comment_count":"0","jetpack_featured_media_url":"","jetpack_sharing_enabled":true,"_links":{"self":[{"href":"https:\/\/blogdobispo.com.br\/index.php?rest_route=\/wp\/v2\/posts\/3344","targetHints":{"allow":["GET"]}}],"collection":[{"href":"https:\/\/blogdobispo.com.br\/index.php?rest_route=\/wp\/v2\/posts"}],"about":[{"href":"https:\/\/blogdobispo.com.br\/index.php?rest_route=\/wp\/v2\/types\/post"}],"author":[{"embeddable":true,"href":"https:\/\/blogdobispo.com.br\/index.php?rest_route=\/wp\/v2\/users\/1"}],"replies":[{"embeddable":true,"href":"https:\/\/blogdobispo.com.br\/index.php?rest_route=%2Fwp%2Fv2%2Fcomments&post=3344"}],"version-history":[{"count":0,"href":"https:\/\/blogdobispo.com.br\/index.php?rest_route=\/wp\/v2\/posts\/3344\/revisions"}],"wp:attachment":[{"href":"https:\/\/blogdobispo.com.br\/index.php?rest_route=%2Fwp%2Fv2%2Fmedia&parent=3344"}],"wp:term":[{"taxonomy":"category","embeddable":true,"href":"https:\/\/blogdobispo.com.br\/index.php?rest_route=%2Fwp%2Fv2%2Fcategories&post=3344"},{"taxonomy":"post_tag","embeddable":true,"href":"https:\/\/blogdobispo.com.br\/index.php?rest_route=%2Fwp%2Fv2%2Ftags&post=3344"}],"curies":[{"name":"wp","href":"https:\/\/api.w.org\/{rel}","templated":true}]}}