{"id":3328,"date":"2024-04-30T22:38:03","date_gmt":"2024-04-30T22:38:03","guid":{"rendered":"https:\/\/blogdobispo.com.br\/?p=3328"},"modified":"2024-04-30T22:38:03","modified_gmt":"2024-04-30T22:38:03","slug":"pesquisa-agorasei-para-vereador-luiz-almir-milklei-leite-anderson-lopes-e-herberth-sena-lideram-disputa-pela-camara-municipal","status":"publish","type":"post","link":"https:\/\/blogdobispo.com.br\/?p=3328","title":{"rendered":"Pesquisa AgoraSei para vereador: Luiz Almir, Milklei Leite, Anderson Lopes e Herberth Sena lideram disputa pela C\u00e2mara Municipal"},"content":{"rendered":"\n<p>O Instituto AgoraSei atrav\u00e9s da 96 Natal, tamb\u00e9m divulgou a pesquisa espont\u00e2nea para a disputa pela C\u00e2mara de Natal.<\/p>\n\n\n\n<figure class=\"wp-block-image size-large\"><img data-recalc-dims=\"1\" fetchpriority=\"high\" decoding=\"async\" width=\"683\" height=\"449\" src=\"https:\/\/i0.wp.com\/blogdobispo.com.br\/wp-content\/uploads\/2024\/04\/img_6945-1.jpg?resize=683%2C449&#038;ssl=1\" class=\"wp-image-3327\" srcset=\"https:\/\/i0.wp.com\/blogdobispo.com.br\/wp-content\/uploads\/2024\/04\/img_6945-1.jpg?w=683&amp;ssl=1 683w, https:\/\/i0.wp.com\/blogdobispo.com.br\/wp-content\/uploads\/2024\/04\/img_6945-1.jpg?resize=300%2C197&amp;ssl=1 300w\" sizes=\"(max-width: 683px) 100vw, 683px\" \/><\/figure>\n\n\n\n<p><strong>Confira os nomes:<\/strong><\/p>\n\n\n\n<p>Candidato do PT 2,1%<\/p>\n\n\n\n<p>Luiz Almir 1,1%<\/p>\n\n\n\n<p>Milklei Leite 1,0%<\/p>\n\n\n\n<p>Anderson Lopes 0,9%<\/p>\n\n\n\n<p>Herberth Sena 0,9%<\/p>\n\n\n\n<p>Julia Arruda 0,8%<\/p>\n\n\n\n<p>Kelps Lima 0,8%<\/p>\n\n\n\n<p>Camila Araujo 0,7%<\/p>\n\n\n\n<p>Herberth Sena 0,6%<\/p>\n\n\n\n<p>Wendel Lagartixa 0,6%<\/p>\n\n\n\n<p>Henrique Mosquito 0,5%<\/p>\n\n\n\n<p>Nina Souza 0,5%<\/p>\n\n\n\n<p>Paulo Enfermeiro 0,5%<\/p>\n\n\n\n<p>Preto Aquino 0,5%<\/p>\n\n\n\n<p>Acassia Cristina 0,4%<\/p>\n\n\n\n<p>Aline Juliete 0,4%<\/p>\n\n\n\n<p>Aroldo Alves 0,4%<\/p>\n\n\n\n<p>C\u00e9sar de Ad\u00e3o Eridan 0,4%<\/p>\n\n\n\n<p>Freitas J\u00fanior 0,4%<\/p>\n\n\n\n<p>Marcio Gomes 0,4%<\/p>\n\n\n\n<p>Mineiro 0,4%<\/p>\n\n\n\n<p>Paulinho Freire 0,4%<\/p>\n\n\n\n<p>Subtenente Eliabe 0,4%<\/p>\n\n\n\n<p>Adriana Val\u00e9ria 0,3%<\/p>\n\n\n\n<p>Antonio Sobrinho 0,3%<\/p>\n\n\n\n<p>Cabo Gon\u00e7alves 0,3%<\/p>\n\n\n\n<p>Carlos Eduardo 0,3%<\/p>\n\n\n\n<p>Coronel Azevedo 0,3%<\/p>\n\n\n\n<p>Daniel Arruda 0,3%<\/p>\n\n\n\n<p>Eribaldo Medeiros 0,3%<\/p>\n\n\n\n<p>Eriko J\u00e1come 0,3%<\/p>\n\n\n\n<p>Felipe Alves 0,3%<\/p>\n\n\n\n<p>Itanildo Reis 0,3%<\/p>\n\n\n\n<p>Jo\u00e3o do Vale 0,3%<\/p>\n\n\n\n<p>Kleber Fernandes 0,3%<\/p>\n\n\n\n<p>Luciano Budu 0,3%<\/p>\n\n\n\n<p>Luciano Nascimento 0,3%<\/p>\n\n\n\n<p>Margarete R\u00e9gia 0,3%<\/p>\n\n\n\n<p>Max Serr\u00e3o 0,3%<\/p>\n\n\n\n<p>Peixoto 0,3%<\/p>\n\n\n\n<p>Professor Jailson Pontes 0,3%<\/p>\n\n\n\n<p>Raimundo Jorge 0,3%<\/p>\n\n\n\n<p>Raniere Barbosa 0,3%<\/p>\n\n\n\n<p>T\u00e9rcio Tin\u00f4co 0,3%<\/p>\n\n\n\n<p>Adeilton da Gel\u00e9ia 0,1%<\/p>\n\n\n\n<p>Adelma F\u00e9lix 0,1%<\/p>\n\n\n\n<p>Adri Cardoso 0,1%<\/p>\n\n\n\n<p>Adriana Patriota 0,1%<\/p>\n\n\n\n<p>Adriano Marcos 0,1%<\/p>\n\n\n\n<p>Afr\u00e2nio Miranda 0,1%<\/p>\n\n\n\n<p>Aldo Clemente 0,1%<\/p>\n\n\n\n<p>\u00c1lvaro Dias 0,1%<\/p>\n\n\n\n<p>Anibal 0,1%<\/p>\n\n\n\n<p>Arthur Dutra 0,1%<\/p>\n\n\n\n<p>Astrogildo 0,1%<\/p>\n\n\n\n<p>Bispo Francisco 0,1%<\/p>\n\n\n\n<p>Brenno Queiroga 0,1%<\/p>\n\n\n\n<p>Breno Minora 0,1%<\/p>\n\n\n\n<p>Bruno Rodrigues 0,1%<\/p>\n\n\n\n<p>Carlos Alexandre 0,1%<\/p>\n\n\n\n<p>Carlos Santos 0,1%<\/p>\n\n\n\n<p>Celia Costa 0,1%<\/p>\n\n\n\n<p>Coronel Silva Junior 0,1%<\/p>\n\n\n\n<p>Cristina Gari 0,1%<\/p>\n\n\n\n<p>Daniel Rendall 0,1%<\/p>\n\n\n\n<p>Daniel Santiago 0,1%<\/p>\n\n\n\n<p>Daniel Valen\u00e7a 0,1%<\/p>\n\n\n\n<p>Davi Ribeiro 0,1%<\/p>\n\n\n\n<p>Dickson J\u00fanior 0,1%<\/p>\n\n\n\n<p>Dr George 0,1%<\/p>\n\n\n\n<p>Emanoel do Ca\u00e7\u00e3o 0,1%<\/p>\n\n\n\n<p>Emerson 0,1%<\/p>\n\n\n\n<p>Ewerton Binha 0,1%<\/p>\n\n\n\n<p>Fausto Calixto 0,1%<\/p>\n\n\n\n<p>Francisco Dias 0,1%<\/p>\n\n\n\n<p>Frida 0,1%<\/p>\n\n\n\n<p>Geomar Maia 0,1%<\/p>\n\n\n\n<p>Gilza Cobradora Amiga 0,1%<\/p>\n\n\n\n<p>Hermes 0,1%<\/p>\n\n\n\n<p>Irama Barbosa 0,1%<\/p>\n\n\n\n<p>Irapo\u00e3 N\u00f3brega 0,1%<\/p>\n\n\n\n<p>Jo\u00e3o Batista 0,1%<\/p>\n\n\n\n<p>Kennedy Diniz 0,1%<\/p>\n\n\n\n<p>Klaus 0,1%<\/p>\n\n\n\n<p>Leila Maia 0,1%<\/p>\n\n\n\n<p>Marcos Freire 0,1%<\/p>\n\n\n\n<p>Nat\u00e1lia 0,1%<\/p>\n\n\n\n<p>Natan 0,1%<\/p>\n\n\n\n<p>Nivaldo Bacurau 0,1%<\/p>\n\n\n\n<p>Pastor Max Serrano 0,1%<\/p>\n\n\n\n<p>Professor Itamar 0,1%<\/p>\n\n\n\n<p>Professor M\u00e1rio S\u00e9rgio 0,1%<\/p>\n\n\n\n<p>Rafael Motta 0,1%<\/p>\n\n\n\n<p>Renan Pegado 0,1%<\/p>\n\n\n\n<p>Rob\u00e9rio Paulino 0,1%<\/p>\n\n\n\n<p>Rog\u00e9rio Anacleto 0,1%<\/p>\n\n\n\n<p>Sebasti\u00e3o Silva 0,1%<\/p>\n\n\n\n<p>Sargento Nepomuceno 0,1%<\/p>\n\n\n\n<p>Silvio Dantas 0,1%<\/p>\n\n\n\n<p>Thabata 0,1%<\/p>\n\n\n\n<p>Vilma Batista a Nova Guerreira 0,1%<\/p>\n\n\n\n<p>Wellington Bernardo 0,1%<\/p>\n\n\n\n<p><em>Nenhum\/Branco\/Nulo 15,3%<\/em><\/p>\n\n\n\n<p><em>Sem opini\u00e3o\/N\u00e3o respondeu 57,5%<\/em><\/p>\n\n\n\n<p><em>TOTAL 100,0%<\/em><\/p>\n\n\n\n<p><strong>Sobre a pesquisa<\/strong><\/p>\n\n\n\n<p>A pesquisa foi realizada nos dias 23, 24 e 25 de abril passado e ouviu 800 eleitores de 16 anos&nbsp;de idade e acima, em todas as zonas do munic\u00edpio do Natal. O intervalo de confian\u00e7a estimado&nbsp;\u00e9 de 95% e a margem de erro m\u00e1xima estimada \u00e9 de 3.4 pontos percentuais, para mais ou para&nbsp;menos sobre os resultados totais da amostra. Est\u00e1 registrada no TSE com a identifica\u00e7\u00e3o RN03936\/2024.&nbsp;<\/p>\n","protected":false},"excerpt":{"rendered":"<p>O Instituto AgoraSei atrav\u00e9s da 96 Natal, tamb\u00e9m divulgou a pesquisa espont\u00e2nea para a disputa pela C\u00e2mara de Natal. Confira os nomes: Candidato do PT 2,1% Luiz Almir 1,1% Milklei Leite 1,0% Anderson Lopes 0,9% Herberth Sena 0,9% Julia Arruda 0,8% Kelps Lima 0,8% Camila Araujo 0,7% Herberth Sena 0,6% Wendel Lagartixa 0,6% Henrique Mosquito [&hellip;]<\/p>\n","protected":false},"author":1,"featured_media":0,"comment_status":"open","ping_status":"open","sticky":false,"template":"","format":"standard","meta":{"cybocfi_hide_featured_image":"","_jetpack_memberships_contains_paid_content":false,"footnotes":""},"categories":[1],"tags":[],"class_list":["post-3328","post","type-post","status-publish","format-standard","hentry","category-diversos"],"yoast_head":"<!-- This site is optimized with the Yoast SEO plugin v25.6 - https:\/\/yoast.com\/wordpress\/plugins\/seo\/ -->\n<title>Pesquisa AgoraSei para vereador: Luiz Almir, Milklei Leite, Anderson Lopes e Herberth Sena lideram disputa pela C\u00e2mara Municipal - Blog do Bispo<\/title>\n<meta name=\"robots\" content=\"index, follow, max-snippet:-1, max-image-preview:large, max-video-preview:-1\" \/>\n<link rel=\"canonical\" href=\"https:\/\/blogdobispo.com.br\/?p=3328\" \/>\n<meta property=\"og:locale\" content=\"pt_BR\" \/>\n<meta property=\"og:type\" content=\"article\" \/>\n<meta property=\"og:title\" content=\"Pesquisa AgoraSei para vereador: Luiz Almir, Milklei Leite, Anderson Lopes e Herberth Sena lideram disputa pela C\u00e2mara Municipal - Blog do Bispo\" \/>\n<meta property=\"og:description\" content=\"O Instituto AgoraSei atrav\u00e9s da 96 Natal, tamb\u00e9m divulgou a pesquisa espont\u00e2nea para a disputa pela C\u00e2mara de Natal. Confira os nomes: Candidato do PT 2,1% Luiz Almir 1,1% Milklei Leite 1,0% Anderson Lopes 0,9% Herberth Sena 0,9% Julia Arruda 0,8% Kelps Lima 0,8% Camila Araujo 0,7% Herberth Sena 0,6% Wendel Lagartixa 0,6% Henrique Mosquito [&hellip;]\" \/>\n<meta property=\"og:url\" content=\"https:\/\/blogdobispo.com.br\/?p=3328\" \/>\n<meta property=\"og:site_name\" content=\"Blog do Bispo\" \/>\n<meta property=\"article:published_time\" content=\"2024-04-30T22:38:03+00:00\" \/>\n<meta property=\"og:image\" content=\"https:\/\/blogdobispo.com.br\/wp-content\/uploads\/2024\/04\/img_6945-1.jpg\" \/>\n<meta name=\"author\" content=\"Jefferson Sterfeno\" \/>\n<meta name=\"twitter:card\" content=\"summary_large_image\" \/>\n<meta name=\"twitter:label1\" content=\"Escrito por\" \/>\n\t<meta name=\"twitter:data1\" content=\"Jefferson Sterfeno\" \/>\n\t<meta name=\"twitter:label2\" content=\"Est. tempo de leitura\" \/>\n\t<meta name=\"twitter:data2\" content=\"2 minutos\" \/>\n<script type=\"application\/ld+json\" class=\"yoast-schema-graph\">{\"@context\":\"https:\/\/schema.org\",\"@graph\":[{\"@type\":\"Article\",\"@id\":\"https:\/\/blogdobispo.com.br\/?p=3328#article\",\"isPartOf\":{\"@id\":\"https:\/\/blogdobispo.com.br\/?p=3328\"},\"author\":{\"name\":\"Jefferson Sterfeno\",\"@id\":\"https:\/\/blogdobispo.com.br\/#\/schema\/person\/e2209cc0e6cea5c5233d033e997b373f\"},\"headline\":\"Pesquisa AgoraSei para vereador: Luiz Almir, Milklei Leite, Anderson Lopes e Herberth Sena lideram disputa pela C\u00e2mara Municipal\",\"datePublished\":\"2024-04-30T22:38:03+00:00\",\"mainEntityOfPage\":{\"@id\":\"https:\/\/blogdobispo.com.br\/?p=3328\"},\"wordCount\":359,\"commentCount\":1,\"publisher\":{\"@id\":\"https:\/\/blogdobispo.com.br\/#organization\"},\"image\":{\"@id\":\"https:\/\/blogdobispo.com.br\/?p=3328#primaryimage\"},\"thumbnailUrl\":\"https:\/\/blogdobispo.com.br\/wp-content\/uploads\/2024\/04\/img_6945-1.jpg\",\"articleSection\":[\"diversos\"],\"inLanguage\":\"pt-BR\",\"potentialAction\":[{\"@type\":\"CommentAction\",\"name\":\"Comment\",\"target\":[\"https:\/\/blogdobispo.com.br\/?p=3328#respond\"]}]},{\"@type\":\"WebPage\",\"@id\":\"https:\/\/blogdobispo.com.br\/?p=3328\",\"url\":\"https:\/\/blogdobispo.com.br\/?p=3328\",\"name\":\"Pesquisa AgoraSei para vereador: Luiz Almir, Milklei Leite, Anderson Lopes e Herberth Sena lideram disputa pela C\u00e2mara Municipal - Blog do Bispo\",\"isPartOf\":{\"@id\":\"https:\/\/blogdobispo.com.br\/#website\"},\"primaryImageOfPage\":{\"@id\":\"https:\/\/blogdobispo.com.br\/?p=3328#primaryimage\"},\"image\":{\"@id\":\"https:\/\/blogdobispo.com.br\/?p=3328#primaryimage\"},\"thumbnailUrl\":\"https:\/\/blogdobispo.com.br\/wp-content\/uploads\/2024\/04\/img_6945-1.jpg\",\"datePublished\":\"2024-04-30T22:38:03+00:00\",\"breadcrumb\":{\"@id\":\"https:\/\/blogdobispo.com.br\/?p=3328#breadcrumb\"},\"inLanguage\":\"pt-BR\",\"potentialAction\":[{\"@type\":\"ReadAction\",\"target\":[\"https:\/\/blogdobispo.com.br\/?p=3328\"]}]},{\"@type\":\"ImageObject\",\"inLanguage\":\"pt-BR\",\"@id\":\"https:\/\/blogdobispo.com.br\/?p=3328#primaryimage\",\"url\":\"https:\/\/blogdobispo.com.br\/wp-content\/uploads\/2024\/04\/img_6945-1.jpg\",\"contentUrl\":\"https:\/\/blogdobispo.com.br\/wp-content\/uploads\/2024\/04\/img_6945-1.jpg\"},{\"@type\":\"BreadcrumbList\",\"@id\":\"https:\/\/blogdobispo.com.br\/?p=3328#breadcrumb\",\"itemListElement\":[{\"@type\":\"ListItem\",\"position\":1,\"name\":\"In\u00edcio\",\"item\":\"https:\/\/blogdobispo.com.br\/\"},{\"@type\":\"ListItem\",\"position\":2,\"name\":\"Pesquisa AgoraSei para vereador: Luiz Almir, Milklei Leite, Anderson Lopes e Herberth Sena lideram disputa pela C\u00e2mara Municipal\"}]},{\"@type\":\"WebSite\",\"@id\":\"https:\/\/blogdobispo.com.br\/#website\",\"url\":\"https:\/\/blogdobispo.com.br\/\",\"name\":\"Blog do Bispo\",\"description\":\"Comprometido apenas com o leitor\",\"publisher\":{\"@id\":\"https:\/\/blogdobispo.com.br\/#organization\"},\"potentialAction\":[{\"@type\":\"SearchAction\",\"target\":{\"@type\":\"EntryPoint\",\"urlTemplate\":\"https:\/\/blogdobispo.com.br\/?s={search_term_string}\"},\"query-input\":{\"@type\":\"PropertyValueSpecification\",\"valueRequired\":true,\"valueName\":\"search_term_string\"}}],\"inLanguage\":\"pt-BR\"},{\"@type\":\"Organization\",\"@id\":\"https:\/\/blogdobispo.com.br\/#organization\",\"name\":\"Blog do Bispo\",\"url\":\"https:\/\/blogdobispo.com.br\/\",\"logo\":{\"@type\":\"ImageObject\",\"inLanguage\":\"pt-BR\",\"@id\":\"https:\/\/blogdobispo.com.br\/#\/schema\/logo\/image\/\",\"url\":\"http:\/\/blogdobispo.com.br\/wp-content\/uploads\/2023\/05\/cropped-headear.png\",\"contentUrl\":\"http:\/\/blogdobispo.com.br\/wp-content\/uploads\/2023\/05\/cropped-headear.png\",\"width\":1500,\"height\":399,\"caption\":\"Blog do Bispo\"},\"image\":{\"@id\":\"https:\/\/blogdobispo.com.br\/#\/schema\/logo\/image\/\"}},{\"@type\":\"Person\",\"@id\":\"https:\/\/blogdobispo.com.br\/#\/schema\/person\/e2209cc0e6cea5c5233d033e997b373f\",\"name\":\"Jefferson Sterfeno\",\"image\":{\"@type\":\"ImageObject\",\"inLanguage\":\"pt-BR\",\"@id\":\"https:\/\/blogdobispo.com.br\/#\/schema\/person\/image\/\",\"url\":\"https:\/\/secure.gravatar.com\/avatar\/0534e84764641168a677026b6d57a3f51dc7ac4db0b4f6186d9cb330d4ee1160?s=96&d=mm&r=g\",\"contentUrl\":\"https:\/\/secure.gravatar.com\/avatar\/0534e84764641168a677026b6d57a3f51dc7ac4db0b4f6186d9cb330d4ee1160?s=96&d=mm&r=g\",\"caption\":\"Jefferson Sterfeno\"},\"sameAs\":[\"http:\/\/blogdobispo.com.br\"],\"url\":\"https:\/\/blogdobispo.com.br\/?author=1\"}]}<\/script>\n<!-- \/ Yoast SEO plugin. -->","yoast_head_json":{"title":"Pesquisa AgoraSei para vereador: Luiz Almir, Milklei Leite, Anderson Lopes e Herberth Sena lideram disputa pela C\u00e2mara Municipal - Blog do Bispo","robots":{"index":"index","follow":"follow","max-snippet":"max-snippet:-1","max-image-preview":"max-image-preview:large","max-video-preview":"max-video-preview:-1"},"canonical":"https:\/\/blogdobispo.com.br\/?p=3328","og_locale":"pt_BR","og_type":"article","og_title":"Pesquisa AgoraSei para vereador: Luiz Almir, Milklei Leite, Anderson Lopes e Herberth Sena lideram disputa pela C\u00e2mara Municipal - Blog do Bispo","og_description":"O Instituto AgoraSei atrav\u00e9s da 96 Natal, tamb\u00e9m divulgou a pesquisa espont\u00e2nea para a disputa pela C\u00e2mara de Natal. Confira os nomes: Candidato do PT 2,1% Luiz Almir 1,1% Milklei Leite 1,0% Anderson Lopes 0,9% Herberth Sena 0,9% Julia Arruda 0,8% Kelps Lima 0,8% Camila Araujo 0,7% Herberth Sena 0,6% Wendel Lagartixa 0,6% Henrique Mosquito [&hellip;]","og_url":"https:\/\/blogdobispo.com.br\/?p=3328","og_site_name":"Blog do Bispo","article_published_time":"2024-04-30T22:38:03+00:00","og_image":[{"url":"https:\/\/blogdobispo.com.br\/wp-content\/uploads\/2024\/04\/img_6945-1.jpg","type":"","width":"","height":""}],"author":"Jefferson Sterfeno","twitter_card":"summary_large_image","twitter_misc":{"Escrito por":"Jefferson Sterfeno","Est. tempo de leitura":"2 minutos"},"schema":{"@context":"https:\/\/schema.org","@graph":[{"@type":"Article","@id":"https:\/\/blogdobispo.com.br\/?p=3328#article","isPartOf":{"@id":"https:\/\/blogdobispo.com.br\/?p=3328"},"author":{"name":"Jefferson Sterfeno","@id":"https:\/\/blogdobispo.com.br\/#\/schema\/person\/e2209cc0e6cea5c5233d033e997b373f"},"headline":"Pesquisa AgoraSei para vereador: Luiz Almir, Milklei Leite, Anderson Lopes e Herberth Sena lideram disputa pela C\u00e2mara Municipal","datePublished":"2024-04-30T22:38:03+00:00","mainEntityOfPage":{"@id":"https:\/\/blogdobispo.com.br\/?p=3328"},"wordCount":359,"commentCount":1,"publisher":{"@id":"https:\/\/blogdobispo.com.br\/#organization"},"image":{"@id":"https:\/\/blogdobispo.com.br\/?p=3328#primaryimage"},"thumbnailUrl":"https:\/\/blogdobispo.com.br\/wp-content\/uploads\/2024\/04\/img_6945-1.jpg","articleSection":["diversos"],"inLanguage":"pt-BR","potentialAction":[{"@type":"CommentAction","name":"Comment","target":["https:\/\/blogdobispo.com.br\/?p=3328#respond"]}]},{"@type":"WebPage","@id":"https:\/\/blogdobispo.com.br\/?p=3328","url":"https:\/\/blogdobispo.com.br\/?p=3328","name":"Pesquisa AgoraSei para vereador: Luiz Almir, Milklei Leite, Anderson Lopes e Herberth Sena lideram disputa pela C\u00e2mara Municipal - Blog do Bispo","isPartOf":{"@id":"https:\/\/blogdobispo.com.br\/#website"},"primaryImageOfPage":{"@id":"https:\/\/blogdobispo.com.br\/?p=3328#primaryimage"},"image":{"@id":"https:\/\/blogdobispo.com.br\/?p=3328#primaryimage"},"thumbnailUrl":"https:\/\/blogdobispo.com.br\/wp-content\/uploads\/2024\/04\/img_6945-1.jpg","datePublished":"2024-04-30T22:38:03+00:00","breadcrumb":{"@id":"https:\/\/blogdobispo.com.br\/?p=3328#breadcrumb"},"inLanguage":"pt-BR","potentialAction":[{"@type":"ReadAction","target":["https:\/\/blogdobispo.com.br\/?p=3328"]}]},{"@type":"ImageObject","inLanguage":"pt-BR","@id":"https:\/\/blogdobispo.com.br\/?p=3328#primaryimage","url":"https:\/\/blogdobispo.com.br\/wp-content\/uploads\/2024\/04\/img_6945-1.jpg","contentUrl":"https:\/\/blogdobispo.com.br\/wp-content\/uploads\/2024\/04\/img_6945-1.jpg"},{"@type":"BreadcrumbList","@id":"https:\/\/blogdobispo.com.br\/?p=3328#breadcrumb","itemListElement":[{"@type":"ListItem","position":1,"name":"In\u00edcio","item":"https:\/\/blogdobispo.com.br\/"},{"@type":"ListItem","position":2,"name":"Pesquisa AgoraSei para vereador: Luiz Almir, Milklei Leite, Anderson Lopes e Herberth Sena lideram disputa pela C\u00e2mara Municipal"}]},{"@type":"WebSite","@id":"https:\/\/blogdobispo.com.br\/#website","url":"https:\/\/blogdobispo.com.br\/","name":"Blog do Bispo","description":"Comprometido apenas com o leitor","publisher":{"@id":"https:\/\/blogdobispo.com.br\/#organization"},"potentialAction":[{"@type":"SearchAction","target":{"@type":"EntryPoint","urlTemplate":"https:\/\/blogdobispo.com.br\/?s={search_term_string}"},"query-input":{"@type":"PropertyValueSpecification","valueRequired":true,"valueName":"search_term_string"}}],"inLanguage":"pt-BR"},{"@type":"Organization","@id":"https:\/\/blogdobispo.com.br\/#organization","name":"Blog do Bispo","url":"https:\/\/blogdobispo.com.br\/","logo":{"@type":"ImageObject","inLanguage":"pt-BR","@id":"https:\/\/blogdobispo.com.br\/#\/schema\/logo\/image\/","url":"http:\/\/blogdobispo.com.br\/wp-content\/uploads\/2023\/05\/cropped-headear.png","contentUrl":"http:\/\/blogdobispo.com.br\/wp-content\/uploads\/2023\/05\/cropped-headear.png","width":1500,"height":399,"caption":"Blog do Bispo"},"image":{"@id":"https:\/\/blogdobispo.com.br\/#\/schema\/logo\/image\/"}},{"@type":"Person","@id":"https:\/\/blogdobispo.com.br\/#\/schema\/person\/e2209cc0e6cea5c5233d033e997b373f","name":"Jefferson Sterfeno","image":{"@type":"ImageObject","inLanguage":"pt-BR","@id":"https:\/\/blogdobispo.com.br\/#\/schema\/person\/image\/","url":"https:\/\/secure.gravatar.com\/avatar\/0534e84764641168a677026b6d57a3f51dc7ac4db0b4f6186d9cb330d4ee1160?s=96&d=mm&r=g","contentUrl":"https:\/\/secure.gravatar.com\/avatar\/0534e84764641168a677026b6d57a3f51dc7ac4db0b4f6186d9cb330d4ee1160?s=96&d=mm&r=g","caption":"Jefferson Sterfeno"},"sameAs":["http:\/\/blogdobispo.com.br"],"url":"https:\/\/blogdobispo.com.br\/?author=1"}]}},"featured_image_urls":{"full":"","thumbnail":"","medium":"","medium_large":"","large":"","1536x1536":"","2048x2048":""},"author_info":{"display_name":"Jefferson Sterfeno","author_link":"https:\/\/blogdobispo.com.br\/?author=1"},"category_info":"<a href=\"https:\/\/blogdobispo.com.br\/?cat=1\" rel=\"category\">diversos<\/a>","tag_info":"diversos","comment_count":"1","jetpack_featured_media_url":"","jetpack_sharing_enabled":true,"_links":{"self":[{"href":"https:\/\/blogdobispo.com.br\/index.php?rest_route=\/wp\/v2\/posts\/3328","targetHints":{"allow":["GET"]}}],"collection":[{"href":"https:\/\/blogdobispo.com.br\/index.php?rest_route=\/wp\/v2\/posts"}],"about":[{"href":"https:\/\/blogdobispo.com.br\/index.php?rest_route=\/wp\/v2\/types\/post"}],"author":[{"embeddable":true,"href":"https:\/\/blogdobispo.com.br\/index.php?rest_route=\/wp\/v2\/users\/1"}],"replies":[{"embeddable":true,"href":"https:\/\/blogdobispo.com.br\/index.php?rest_route=%2Fwp%2Fv2%2Fcomments&post=3328"}],"version-history":[{"count":0,"href":"https:\/\/blogdobispo.com.br\/index.php?rest_route=\/wp\/v2\/posts\/3328\/revisions"}],"wp:attachment":[{"href":"https:\/\/blogdobispo.com.br\/index.php?rest_route=%2Fwp%2Fv2%2Fmedia&parent=3328"}],"wp:term":[{"taxonomy":"category","embeddable":true,"href":"https:\/\/blogdobispo.com.br\/index.php?rest_route=%2Fwp%2Fv2%2Fcategories&post=3328"},{"taxonomy":"post_tag","embeddable":true,"href":"https:\/\/blogdobispo.com.br\/index.php?rest_route=%2Fwp%2Fv2%2Ftags&post=3328"}],"curies":[{"name":"wp","href":"https:\/\/api.w.org\/{rel}","templated":true}]}}