{"id":3326,"date":"2024-04-30T22:35:43","date_gmt":"2024-04-30T22:35:43","guid":{"rendered":"https:\/\/blogdobispo.com.br\/?p=3326"},"modified":"2024-04-30T22:35:43","modified_gmt":"2024-04-30T22:35:43","slug":"prefeito-de-natal-assina-ordem-de-servico-de-novo-lote-de-ruas-do-programa-asfalto-novo","status":"publish","type":"post","link":"https:\/\/blogdobispo.com.br\/?p=3326","title":{"rendered":"Prefeito de Natal assina ordem de servi\u00e7o de novo lote de ruas do&nbsp;programa Asfalto Novo&nbsp;"},"content":{"rendered":"\n<figure class=\"wp-block-image size-large\"><img data-recalc-dims=\"1\" fetchpriority=\"high\" decoding=\"async\" width=\"800\" height=\"533\" src=\"https:\/\/i0.wp.com\/blogdobispo.com.br\/wp-content\/uploads\/2024\/04\/ordem-de-servico-para-recapeamento-de-cinco-ruas-na-zona-leste-foto-alex-regis-1024x682.jpg?resize=800%2C533&#038;ssl=1\" class=\"wp-image-3325\" srcset=\"https:\/\/i0.wp.com\/blogdobispo.com.br\/wp-content\/uploads\/2024\/04\/ordem-de-servico-para-recapeamento-de-cinco-ruas-na-zona-leste-foto-alex-regis.jpg?resize=1024%2C682&amp;ssl=1 1024w, https:\/\/i0.wp.com\/blogdobispo.com.br\/wp-content\/uploads\/2024\/04\/ordem-de-servico-para-recapeamento-de-cinco-ruas-na-zona-leste-foto-alex-regis.jpg?resize=300%2C200&amp;ssl=1 300w, https:\/\/i0.wp.com\/blogdobispo.com.br\/wp-content\/uploads\/2024\/04\/ordem-de-servico-para-recapeamento-de-cinco-ruas-na-zona-leste-foto-alex-regis.jpg?resize=768%2C512&amp;ssl=1 768w, https:\/\/i0.wp.com\/blogdobispo.com.br\/wp-content\/uploads\/2024\/04\/ordem-de-servico-para-recapeamento-de-cinco-ruas-na-zona-leste-foto-alex-regis.jpg?resize=1536%2C1023&amp;ssl=1 1536w, https:\/\/i0.wp.com\/blogdobispo.com.br\/wp-content\/uploads\/2024\/04\/ordem-de-servico-para-recapeamento-de-cinco-ruas-na-zona-leste-foto-alex-regis.jpg?w=1600&amp;ssl=1 1600w\" sizes=\"(max-width: 800px) 100vw, 800px\" \/><\/figure>\n\n\n\n<p><\/p>\n\n\n\n<p>Os benef\u00edcios do programa Asfalto Novo multiplicam-se por todas as&nbsp;regi\u00f5es administrativas de Natal, melhorando a malha vi\u00e1ria da cidade e&nbsp;a vida do natalense. O programa levado a efeito pela Prefeitura, por&nbsp;meio da Secretaria Municipal de Infraestrutura (Seinfra), est\u00e1 dando, por&nbsp;exemplo, uma nova fei\u00e7\u00e3o \u00e0 zona Leste com a recupera\u00e7\u00e3o e&nbsp;recapeamento asf\u00e1ltico da regi\u00e3o mais antiga da capital. &nbsp;<\/p>\n\n\n\n<p>Na manh\u00e3 desta segunda-feira (29), o prefeito \u00c1lvaro Dias assinou uma&nbsp;nova ordem de servi\u00e7o para obras de capeamento asf\u00e1ltico nas ruas&nbsp;Professor Fontes Galv\u00e3o, Fabr\u00edcio Pedroza, Cl\u00e1udio Machado, Manoel&nbsp;Machado e Joaquim Fabr\u00edcio, totalizando um investimento superior a&nbsp;R$ 1,3 milh\u00e3o. &nbsp;<\/p>\n\n\n\n<p>O valor se soma aos R$ 4 milh\u00f5es j\u00e1 autorizados pelo chefe do executivo&nbsp;municipal na zona Leste. Na \u00faltima sexta-feira (26), \u00c1lvaro Dias assinou&nbsp;outra ordem de servi\u00e7o para a\u00e7\u00f5es de recupera\u00e7\u00e3o asf\u00e1ltica nas avenidas&nbsp;Campos Sales, Floriano Peixoto e na rua Miramar, nas Rocas. Todas as&nbsp;vias s\u00e3o concentradoras de grande fluxo de ve\u00edculos.&nbsp;<\/p>\n\n\n\n<p>No entendimento do prefeito, as obras facilitar\u00e3o o tr\u00e1fego, dar\u00e3o mais&nbsp;conforto aos motoristas e valorizar\u00e3o os im\u00f3veis. \u201cCom as obras que&nbsp;ser\u00e3o executadas, o bairro de Petr\u00f3polis ter\u00e1 avan\u00e7os importantes,&nbsp;notadamente o Largo do Atheneu, que j\u00e1 vem recebendo investimentos&nbsp;da Prefeitura. \u00c9 uma regi\u00e3o que tem crescido bastante e se depender da&nbsp;nossa gest\u00e3o crescer\u00e1 ainda mais. O Largo do Atheneu, por exemplo,&nbsp;sofria de problemas cr\u00f4nicos e estamos com obras no local para&nbsp;resolvermos os alagamentos com drenagem. E depois vamos pavimentar&nbsp;a via lateral do hist\u00f3rico Col\u00e9gio do Atheneu\u201d, assinalou \u00c1lvaro Dias.&nbsp;<\/p>\n\n\n\n<p>O prefeito tamb\u00e9m chamou a aten\u00e7\u00e3o para obras j\u00e1 conclu\u00eddas na cidade,&nbsp;como a revitaliza\u00e7\u00e3o do Gin\u00e1sio N\u00e9lio Dias, as vias Felizardo Moura,&nbsp;Jaguarari e S\u00e3o Jos\u00e9, al\u00e9m das pra\u00e7as C\u00edvica, Gentil Ferreira, Candel\u00e1ria,&nbsp;das Flores, Parque das Mangueiras e o Parque Ecol\u00f3gico de Capim Macio,&nbsp;entre outras interven\u00e7\u00f5es:&nbsp;<\/p>\n\n\n\n<p>\u201cS\u00e3o mudan\u00e7as inexor\u00e1veis na cidade que o programa Asfalto Novo est\u00e1&nbsp;proporcionando. Obras que est\u00e3o solucionando problemas cr\u00f4nicos. Cito,&nbsp;<\/p>\n\n\n\n<hr class=\"wp-block-separator has-alpha-channel-opacity\"\/>\n\n\n\n<p>2 \/ 2<\/p>\n\n\n\n<p>ainda, o Complexo Tur\u00edstico da Redinha, enrocamento da Via&nbsp;Costeira\/Praia de Ponta Negra e a constru\u00e7\u00e3o do Hospital Municipal de&nbsp;Natal. Soma-se a esse pacote de obras a revitaliza\u00e7\u00e3o da orla urbana de&nbsp;Natal, que far\u00e1 com que a nossa orla das praias centrais seja uma das&nbsp;mais bonitas do Brasil. Muitos recursos est\u00e3o sendo investidos na cidade.&nbsp;T\u00ednhamos um atraso de mais de 15 anos pelo antigo Plano Diretor, que&nbsp;engessava o crescimento da cidade. Estou muito satisfeito com todo o&nbsp;avan\u00e7o e a moderniza\u00e7\u00e3o da capital dos potiguares\u201d. &nbsp;&nbsp;<br \/>&nbsp;<br \/>Antenado com pensamento do prefeito, o secret\u00e1rio de Infraestrutura,&nbsp;Carlson Gomes, enalteceu a atual gest\u00e3o municipal e a ousadia de \u00c1lvaro&nbsp;Dias pela implementa\u00e7\u00e3o do programa Asfalto Novo. \u201cO bairro de&nbsp;Petr\u00f3polis tem uma aten\u00e7\u00e3o especial do prefeito. A gest\u00e3o est\u00e1&nbsp;modernizando a regi\u00e3o do Largo do Atheneu, fazendo drenagem,&nbsp;recapeando a \u00e1rea e construindo cal\u00e7adas, que melhorar\u00e3o a vida da&nbsp;popula\u00e7\u00e3o e do fluxo de ve\u00edculos no local. O total de obras nas quatro&nbsp;regi\u00f5es administrativas da capital ultrapassa o total de 100 vias&nbsp;beneficiadas com capeamento e recapeamento asf\u00e1ltico. Ainda temos&nbsp;muito a fazer at\u00e9 o final da gest\u00e3o\u201d, pontuou Carlson Gomes. &nbsp;<\/p>\n\n\n\n<p><br>Participaram, ainda, da solenidade o vereador Nivaldo Bacurau,&nbsp;representando a C\u00e2mara Municipal do Natal; secret\u00e1rio municipal de&nbsp;Governo, Johan Xavier; secret\u00e1rio de Comunica\u00e7\u00e3o Social, Heverton de&nbsp;Freitas; secret\u00e1ria de Administra\u00e7\u00e3o, Adamires Fran\u00e7a; secret\u00e1ria de&nbsp;Planejamento, Joanna Guerra, al\u00e9m do representante da Potiguar&nbsp;Construtora, Jo\u00e3o Gabriel Arantes; assessores e servidores municipais. &nbsp;&nbsp;<\/p>\n","protected":false},"excerpt":{"rendered":"<p>Os benef\u00edcios do programa Asfalto Novo multiplicam-se por todas as&nbsp;regi\u00f5es administrativas de Natal, melhorando a malha vi\u00e1ria da cidade e&nbsp;a vida do natalense. O programa levado a efeito pela Prefeitura, por&nbsp;meio da Secretaria Municipal de Infraestrutura (Seinfra), est\u00e1 dando, por&nbsp;exemplo, uma nova fei\u00e7\u00e3o \u00e0 zona Leste com a recupera\u00e7\u00e3o e&nbsp;recapeamento asf\u00e1ltico da regi\u00e3o mais antiga [&hellip;]<\/p>\n","protected":false},"author":1,"featured_media":0,"comment_status":"open","ping_status":"open","sticky":false,"template":"","format":"standard","meta":{"cybocfi_hide_featured_image":"","_jetpack_memberships_contains_paid_content":false,"footnotes":""},"categories":[1],"tags":[],"class_list":["post-3326","post","type-post","status-publish","format-standard","hentry","category-diversos"],"yoast_head":"<!-- This site is optimized with the Yoast SEO plugin v25.6 - https:\/\/yoast.com\/wordpress\/plugins\/seo\/ -->\n<title>Prefeito de Natal assina ordem de servi\u00e7o de novo lote de ruas do&nbsp;programa Asfalto Novo&nbsp; - Blog do Bispo<\/title>\n<meta name=\"robots\" content=\"index, follow, max-snippet:-1, max-image-preview:large, max-video-preview:-1\" \/>\n<link rel=\"canonical\" href=\"https:\/\/blogdobispo.com.br\/?p=3326\" \/>\n<meta property=\"og:locale\" content=\"pt_BR\" \/>\n<meta property=\"og:type\" content=\"article\" \/>\n<meta property=\"og:title\" content=\"Prefeito de Natal assina ordem de servi\u00e7o de novo lote de ruas do&nbsp;programa Asfalto Novo&nbsp; - Blog do Bispo\" \/>\n<meta property=\"og:description\" content=\"Os benef\u00edcios do programa Asfalto Novo multiplicam-se por todas as&nbsp;regi\u00f5es administrativas de Natal, melhorando a malha vi\u00e1ria da cidade e&nbsp;a vida do natalense. O programa levado a efeito pela Prefeitura, por&nbsp;meio da Secretaria Municipal de Infraestrutura (Seinfra), est\u00e1 dando, por&nbsp;exemplo, uma nova fei\u00e7\u00e3o \u00e0 zona Leste com a recupera\u00e7\u00e3o e&nbsp;recapeamento asf\u00e1ltico da regi\u00e3o mais antiga [&hellip;]\" \/>\n<meta property=\"og:url\" content=\"https:\/\/blogdobispo.com.br\/?p=3326\" \/>\n<meta property=\"og:site_name\" content=\"Blog do Bispo\" \/>\n<meta property=\"article:published_time\" content=\"2024-04-30T22:35:43+00:00\" \/>\n<meta property=\"og:image\" content=\"https:\/\/blogdobispo.com.br\/wp-content\/uploads\/2024\/04\/ordem-de-servico-para-recapeamento-de-cinco-ruas-na-zona-leste-foto-alex-regis-1024x682.jpg\" \/>\n<meta name=\"author\" content=\"Jefferson Sterfeno\" \/>\n<meta name=\"twitter:card\" content=\"summary_large_image\" \/>\n<meta name=\"twitter:label1\" content=\"Escrito por\" \/>\n\t<meta name=\"twitter:data1\" content=\"Jefferson Sterfeno\" \/>\n\t<meta name=\"twitter:label2\" content=\"Est. tempo de leitura\" \/>\n\t<meta name=\"twitter:data2\" content=\"4 minutos\" \/>\n<script type=\"application\/ld+json\" class=\"yoast-schema-graph\">{\"@context\":\"https:\/\/schema.org\",\"@graph\":[{\"@type\":\"Article\",\"@id\":\"https:\/\/blogdobispo.com.br\/?p=3326#article\",\"isPartOf\":{\"@id\":\"https:\/\/blogdobispo.com.br\/?p=3326\"},\"author\":{\"name\":\"Jefferson Sterfeno\",\"@id\":\"https:\/\/blogdobispo.com.br\/#\/schema\/person\/e2209cc0e6cea5c5233d033e997b373f\"},\"headline\":\"Prefeito de Natal assina ordem de servi\u00e7o de novo lote de ruas do&nbsp;programa Asfalto Novo&nbsp;\",\"datePublished\":\"2024-04-30T22:35:43+00:00\",\"mainEntityOfPage\":{\"@id\":\"https:\/\/blogdobispo.com.br\/?p=3326\"},\"wordCount\":722,\"commentCount\":0,\"publisher\":{\"@id\":\"https:\/\/blogdobispo.com.br\/#organization\"},\"image\":{\"@id\":\"https:\/\/blogdobispo.com.br\/?p=3326#primaryimage\"},\"thumbnailUrl\":\"https:\/\/blogdobispo.com.br\/wp-content\/uploads\/2024\/04\/ordem-de-servico-para-recapeamento-de-cinco-ruas-na-zona-leste-foto-alex-regis-1024x682.jpg\",\"articleSection\":[\"diversos\"],\"inLanguage\":\"pt-BR\",\"potentialAction\":[{\"@type\":\"CommentAction\",\"name\":\"Comment\",\"target\":[\"https:\/\/blogdobispo.com.br\/?p=3326#respond\"]}]},{\"@type\":\"WebPage\",\"@id\":\"https:\/\/blogdobispo.com.br\/?p=3326\",\"url\":\"https:\/\/blogdobispo.com.br\/?p=3326\",\"name\":\"Prefeito de Natal assina ordem de servi\u00e7o de novo lote de ruas do&nbsp;programa Asfalto Novo&nbsp; - Blog do Bispo\",\"isPartOf\":{\"@id\":\"https:\/\/blogdobispo.com.br\/#website\"},\"primaryImageOfPage\":{\"@id\":\"https:\/\/blogdobispo.com.br\/?p=3326#primaryimage\"},\"image\":{\"@id\":\"https:\/\/blogdobispo.com.br\/?p=3326#primaryimage\"},\"thumbnailUrl\":\"https:\/\/blogdobispo.com.br\/wp-content\/uploads\/2024\/04\/ordem-de-servico-para-recapeamento-de-cinco-ruas-na-zona-leste-foto-alex-regis-1024x682.jpg\",\"datePublished\":\"2024-04-30T22:35:43+00:00\",\"breadcrumb\":{\"@id\":\"https:\/\/blogdobispo.com.br\/?p=3326#breadcrumb\"},\"inLanguage\":\"pt-BR\",\"potentialAction\":[{\"@type\":\"ReadAction\",\"target\":[\"https:\/\/blogdobispo.com.br\/?p=3326\"]}]},{\"@type\":\"ImageObject\",\"inLanguage\":\"pt-BR\",\"@id\":\"https:\/\/blogdobispo.com.br\/?p=3326#primaryimage\",\"url\":\"https:\/\/blogdobispo.com.br\/wp-content\/uploads\/2024\/04\/ordem-de-servico-para-recapeamento-de-cinco-ruas-na-zona-leste-foto-alex-regis-1024x682.jpg\",\"contentUrl\":\"https:\/\/blogdobispo.com.br\/wp-content\/uploads\/2024\/04\/ordem-de-servico-para-recapeamento-de-cinco-ruas-na-zona-leste-foto-alex-regis-1024x682.jpg\"},{\"@type\":\"BreadcrumbList\",\"@id\":\"https:\/\/blogdobispo.com.br\/?p=3326#breadcrumb\",\"itemListElement\":[{\"@type\":\"ListItem\",\"position\":1,\"name\":\"In\u00edcio\",\"item\":\"https:\/\/blogdobispo.com.br\/\"},{\"@type\":\"ListItem\",\"position\":2,\"name\":\"Prefeito de Natal assina ordem de servi\u00e7o de novo lote de ruas do&nbsp;programa Asfalto Novo&nbsp;\"}]},{\"@type\":\"WebSite\",\"@id\":\"https:\/\/blogdobispo.com.br\/#website\",\"url\":\"https:\/\/blogdobispo.com.br\/\",\"name\":\"Blog do Bispo\",\"description\":\"Comprometido apenas com o leitor\",\"publisher\":{\"@id\":\"https:\/\/blogdobispo.com.br\/#organization\"},\"potentialAction\":[{\"@type\":\"SearchAction\",\"target\":{\"@type\":\"EntryPoint\",\"urlTemplate\":\"https:\/\/blogdobispo.com.br\/?s={search_term_string}\"},\"query-input\":{\"@type\":\"PropertyValueSpecification\",\"valueRequired\":true,\"valueName\":\"search_term_string\"}}],\"inLanguage\":\"pt-BR\"},{\"@type\":\"Organization\",\"@id\":\"https:\/\/blogdobispo.com.br\/#organization\",\"name\":\"Blog do Bispo\",\"url\":\"https:\/\/blogdobispo.com.br\/\",\"logo\":{\"@type\":\"ImageObject\",\"inLanguage\":\"pt-BR\",\"@id\":\"https:\/\/blogdobispo.com.br\/#\/schema\/logo\/image\/\",\"url\":\"http:\/\/blogdobispo.com.br\/wp-content\/uploads\/2023\/05\/cropped-headear.png\",\"contentUrl\":\"http:\/\/blogdobispo.com.br\/wp-content\/uploads\/2023\/05\/cropped-headear.png\",\"width\":1500,\"height\":399,\"caption\":\"Blog do Bispo\"},\"image\":{\"@id\":\"https:\/\/blogdobispo.com.br\/#\/schema\/logo\/image\/\"}},{\"@type\":\"Person\",\"@id\":\"https:\/\/blogdobispo.com.br\/#\/schema\/person\/e2209cc0e6cea5c5233d033e997b373f\",\"name\":\"Jefferson Sterfeno\",\"image\":{\"@type\":\"ImageObject\",\"inLanguage\":\"pt-BR\",\"@id\":\"https:\/\/blogdobispo.com.br\/#\/schema\/person\/image\/\",\"url\":\"https:\/\/secure.gravatar.com\/avatar\/0534e84764641168a677026b6d57a3f51dc7ac4db0b4f6186d9cb330d4ee1160?s=96&d=mm&r=g\",\"contentUrl\":\"https:\/\/secure.gravatar.com\/avatar\/0534e84764641168a677026b6d57a3f51dc7ac4db0b4f6186d9cb330d4ee1160?s=96&d=mm&r=g\",\"caption\":\"Jefferson Sterfeno\"},\"sameAs\":[\"http:\/\/blogdobispo.com.br\"],\"url\":\"https:\/\/blogdobispo.com.br\/?author=1\"}]}<\/script>\n<!-- \/ Yoast SEO plugin. -->","yoast_head_json":{"title":"Prefeito de Natal assina ordem de servi\u00e7o de novo lote de ruas do&nbsp;programa Asfalto Novo&nbsp; - Blog do Bispo","robots":{"index":"index","follow":"follow","max-snippet":"max-snippet:-1","max-image-preview":"max-image-preview:large","max-video-preview":"max-video-preview:-1"},"canonical":"https:\/\/blogdobispo.com.br\/?p=3326","og_locale":"pt_BR","og_type":"article","og_title":"Prefeito de Natal assina ordem de servi\u00e7o de novo lote de ruas do&nbsp;programa Asfalto Novo&nbsp; - Blog do Bispo","og_description":"Os benef\u00edcios do programa Asfalto Novo multiplicam-se por todas as&nbsp;regi\u00f5es administrativas de Natal, melhorando a malha vi\u00e1ria da cidade e&nbsp;a vida do natalense. O programa levado a efeito pela Prefeitura, por&nbsp;meio da Secretaria Municipal de Infraestrutura (Seinfra), est\u00e1 dando, por&nbsp;exemplo, uma nova fei\u00e7\u00e3o \u00e0 zona Leste com a recupera\u00e7\u00e3o e&nbsp;recapeamento asf\u00e1ltico da regi\u00e3o mais antiga [&hellip;]","og_url":"https:\/\/blogdobispo.com.br\/?p=3326","og_site_name":"Blog do Bispo","article_published_time":"2024-04-30T22:35:43+00:00","og_image":[{"url":"https:\/\/blogdobispo.com.br\/wp-content\/uploads\/2024\/04\/ordem-de-servico-para-recapeamento-de-cinco-ruas-na-zona-leste-foto-alex-regis-1024x682.jpg","type":"","width":"","height":""}],"author":"Jefferson Sterfeno","twitter_card":"summary_large_image","twitter_misc":{"Escrito por":"Jefferson Sterfeno","Est. tempo de leitura":"4 minutos"},"schema":{"@context":"https:\/\/schema.org","@graph":[{"@type":"Article","@id":"https:\/\/blogdobispo.com.br\/?p=3326#article","isPartOf":{"@id":"https:\/\/blogdobispo.com.br\/?p=3326"},"author":{"name":"Jefferson Sterfeno","@id":"https:\/\/blogdobispo.com.br\/#\/schema\/person\/e2209cc0e6cea5c5233d033e997b373f"},"headline":"Prefeito de Natal assina ordem de servi\u00e7o de novo lote de ruas do&nbsp;programa Asfalto Novo&nbsp;","datePublished":"2024-04-30T22:35:43+00:00","mainEntityOfPage":{"@id":"https:\/\/blogdobispo.com.br\/?p=3326"},"wordCount":722,"commentCount":0,"publisher":{"@id":"https:\/\/blogdobispo.com.br\/#organization"},"image":{"@id":"https:\/\/blogdobispo.com.br\/?p=3326#primaryimage"},"thumbnailUrl":"https:\/\/blogdobispo.com.br\/wp-content\/uploads\/2024\/04\/ordem-de-servico-para-recapeamento-de-cinco-ruas-na-zona-leste-foto-alex-regis-1024x682.jpg","articleSection":["diversos"],"inLanguage":"pt-BR","potentialAction":[{"@type":"CommentAction","name":"Comment","target":["https:\/\/blogdobispo.com.br\/?p=3326#respond"]}]},{"@type":"WebPage","@id":"https:\/\/blogdobispo.com.br\/?p=3326","url":"https:\/\/blogdobispo.com.br\/?p=3326","name":"Prefeito de Natal assina ordem de servi\u00e7o de novo lote de ruas do&nbsp;programa Asfalto Novo&nbsp; - Blog do Bispo","isPartOf":{"@id":"https:\/\/blogdobispo.com.br\/#website"},"primaryImageOfPage":{"@id":"https:\/\/blogdobispo.com.br\/?p=3326#primaryimage"},"image":{"@id":"https:\/\/blogdobispo.com.br\/?p=3326#primaryimage"},"thumbnailUrl":"https:\/\/blogdobispo.com.br\/wp-content\/uploads\/2024\/04\/ordem-de-servico-para-recapeamento-de-cinco-ruas-na-zona-leste-foto-alex-regis-1024x682.jpg","datePublished":"2024-04-30T22:35:43+00:00","breadcrumb":{"@id":"https:\/\/blogdobispo.com.br\/?p=3326#breadcrumb"},"inLanguage":"pt-BR","potentialAction":[{"@type":"ReadAction","target":["https:\/\/blogdobispo.com.br\/?p=3326"]}]},{"@type":"ImageObject","inLanguage":"pt-BR","@id":"https:\/\/blogdobispo.com.br\/?p=3326#primaryimage","url":"https:\/\/blogdobispo.com.br\/wp-content\/uploads\/2024\/04\/ordem-de-servico-para-recapeamento-de-cinco-ruas-na-zona-leste-foto-alex-regis-1024x682.jpg","contentUrl":"https:\/\/blogdobispo.com.br\/wp-content\/uploads\/2024\/04\/ordem-de-servico-para-recapeamento-de-cinco-ruas-na-zona-leste-foto-alex-regis-1024x682.jpg"},{"@type":"BreadcrumbList","@id":"https:\/\/blogdobispo.com.br\/?p=3326#breadcrumb","itemListElement":[{"@type":"ListItem","position":1,"name":"In\u00edcio","item":"https:\/\/blogdobispo.com.br\/"},{"@type":"ListItem","position":2,"name":"Prefeito de Natal assina ordem de servi\u00e7o de novo lote de ruas do&nbsp;programa Asfalto Novo&nbsp;"}]},{"@type":"WebSite","@id":"https:\/\/blogdobispo.com.br\/#website","url":"https:\/\/blogdobispo.com.br\/","name":"Blog do Bispo","description":"Comprometido apenas com o leitor","publisher":{"@id":"https:\/\/blogdobispo.com.br\/#organization"},"potentialAction":[{"@type":"SearchAction","target":{"@type":"EntryPoint","urlTemplate":"https:\/\/blogdobispo.com.br\/?s={search_term_string}"},"query-input":{"@type":"PropertyValueSpecification","valueRequired":true,"valueName":"search_term_string"}}],"inLanguage":"pt-BR"},{"@type":"Organization","@id":"https:\/\/blogdobispo.com.br\/#organization","name":"Blog do Bispo","url":"https:\/\/blogdobispo.com.br\/","logo":{"@type":"ImageObject","inLanguage":"pt-BR","@id":"https:\/\/blogdobispo.com.br\/#\/schema\/logo\/image\/","url":"http:\/\/blogdobispo.com.br\/wp-content\/uploads\/2023\/05\/cropped-headear.png","contentUrl":"http:\/\/blogdobispo.com.br\/wp-content\/uploads\/2023\/05\/cropped-headear.png","width":1500,"height":399,"caption":"Blog do Bispo"},"image":{"@id":"https:\/\/blogdobispo.com.br\/#\/schema\/logo\/image\/"}},{"@type":"Person","@id":"https:\/\/blogdobispo.com.br\/#\/schema\/person\/e2209cc0e6cea5c5233d033e997b373f","name":"Jefferson Sterfeno","image":{"@type":"ImageObject","inLanguage":"pt-BR","@id":"https:\/\/blogdobispo.com.br\/#\/schema\/person\/image\/","url":"https:\/\/secure.gravatar.com\/avatar\/0534e84764641168a677026b6d57a3f51dc7ac4db0b4f6186d9cb330d4ee1160?s=96&d=mm&r=g","contentUrl":"https:\/\/secure.gravatar.com\/avatar\/0534e84764641168a677026b6d57a3f51dc7ac4db0b4f6186d9cb330d4ee1160?s=96&d=mm&r=g","caption":"Jefferson Sterfeno"},"sameAs":["http:\/\/blogdobispo.com.br"],"url":"https:\/\/blogdobispo.com.br\/?author=1"}]}},"featured_image_urls":{"full":"","thumbnail":"","medium":"","medium_large":"","large":"","1536x1536":"","2048x2048":""},"author_info":{"display_name":"Jefferson Sterfeno","author_link":"https:\/\/blogdobispo.com.br\/?author=1"},"category_info":"<a href=\"https:\/\/blogdobispo.com.br\/?cat=1\" rel=\"category\">diversos<\/a>","tag_info":"diversos","comment_count":"0","jetpack_featured_media_url":"","jetpack_sharing_enabled":true,"_links":{"self":[{"href":"https:\/\/blogdobispo.com.br\/index.php?rest_route=\/wp\/v2\/posts\/3326","targetHints":{"allow":["GET"]}}],"collection":[{"href":"https:\/\/blogdobispo.com.br\/index.php?rest_route=\/wp\/v2\/posts"}],"about":[{"href":"https:\/\/blogdobispo.com.br\/index.php?rest_route=\/wp\/v2\/types\/post"}],"author":[{"embeddable":true,"href":"https:\/\/blogdobispo.com.br\/index.php?rest_route=\/wp\/v2\/users\/1"}],"replies":[{"embeddable":true,"href":"https:\/\/blogdobispo.com.br\/index.php?rest_route=%2Fwp%2Fv2%2Fcomments&post=3326"}],"version-history":[{"count":0,"href":"https:\/\/blogdobispo.com.br\/index.php?rest_route=\/wp\/v2\/posts\/3326\/revisions"}],"wp:attachment":[{"href":"https:\/\/blogdobispo.com.br\/index.php?rest_route=%2Fwp%2Fv2%2Fmedia&parent=3326"}],"wp:term":[{"taxonomy":"category","embeddable":true,"href":"https:\/\/blogdobispo.com.br\/index.php?rest_route=%2Fwp%2Fv2%2Fcategories&post=3326"},{"taxonomy":"post_tag","embeddable":true,"href":"https:\/\/blogdobispo.com.br\/index.php?rest_route=%2Fwp%2Fv2%2Ftags&post=3326"}],"curies":[{"name":"wp","href":"https:\/\/api.w.org\/{rel}","templated":true}]}}