{"id":3321,"date":"2024-04-30T22:20:57","date_gmt":"2024-04-30T22:20:57","guid":{"rendered":"https:\/\/blogdobispo.com.br\/?p=3321"},"modified":"2024-04-30T22:20:57","modified_gmt":"2024-04-30T22:20:57","slug":"aroldo-alves-e-camila-araujo-sao-citados-em-pesquisa-liderada-por-carlos-eduardo-para-prefeito","status":"publish","type":"post","link":"https:\/\/blogdobispo.com.br\/?p=3321","title":{"rendered":"Aroldo Alves e Camila Ara\u00fajo s\u00e3o citados em pesquisa liderada por Carlos Eduardo para prefeito"},"content":{"rendered":"\n<p>Pesquisa realizada pelo Instituto Agorasei, em parceria com a R\u00e1dio 96 FM, mostra Carlos&nbsp;Eduardo liderando para prefeito na quest\u00e3o espont\u00e2nea, quando n\u00e3o s\u00e3o oferecidos nomes&nbsp;aos entrevistados.<\/p>\n\n\n\n<p>De acordo com os n\u00fameros do Agorasei, 10,6% dos entrevistados dizem que votam pelo&nbsp;retorno do ex-prefeito \u00e0 Prefeitura do Natal.<\/p>\n\n\n\n<p>Apesar de n\u00e3o concorrer \u00e0 reelei\u00e7\u00e3o, 9,1% dos entrevistados citaram \u00c1lvaro Dias, atual&nbsp;prefeito. Na sequ\u00eancia, aparecem Nat\u00e1lia Bonavides, com 6,3%; Paulinho Freire, com 1,4%;&nbsp;Rafael Motta, com 0,3% e Wendell Lagartixa, tamb\u00e9m com 0,3%.&nbsp;<\/p>\n\n\n\n<p>Ainda foram citados Adelmo Batista, Aroldo Alves, Brisa, Camila Ara\u00fajo, Ednaldo Faustino,&nbsp;F\u00e1tima Bezerra e Joana Guerra, todos com 0,1% de inten\u00e7\u00e3o de voto.&nbsp;<\/p>\n\n\n\n<p>Os entrevistados que afirmam votar em branco ou nulo s\u00e3o 15%, enquanto aqueles sem opini\u00e3o ou que n\u00e3o responderam totalizam 56,3%.&nbsp;<\/p>\n\n\n\n<p><strong>Sobre a pesquisa<\/strong><\/p>\n\n\n\n<p>A pesquisa foi realizada nos dias 23, 24 e 25 de abril passado e ouviu 800 eleitores de 16 anos&nbsp;de idade e acima, em todas as zonas do munic\u00edpio do Natal. O intervalo de confian\u00e7a estimado&nbsp;\u00e9 de 95% e a margem de erro m\u00e1xima estimada \u00e9 de 3.4 pontos percentuais, para mais ou para&nbsp;menos sobre os resultados totais da amostra. Est\u00e1 registrada no TSE com a identifica\u00e7\u00e3o RN03936\/2024.&nbsp;<\/p>\n\n\n\n<figure class=\"wp-block-image size-large\"><img data-recalc-dims=\"1\" fetchpriority=\"high\" decoding=\"async\" width=\"518\" height=\"309\" src=\"https:\/\/i0.wp.com\/blogdobispo.com.br\/wp-content\/uploads\/2024\/04\/img_6943-1.jpg?resize=518%2C309&#038;ssl=1\" class=\"wp-image-3320\" srcset=\"https:\/\/i0.wp.com\/blogdobispo.com.br\/wp-content\/uploads\/2024\/04\/img_6943-1.jpg?w=518&amp;ssl=1 518w, https:\/\/i0.wp.com\/blogdobispo.com.br\/wp-content\/uploads\/2024\/04\/img_6943-1.jpg?resize=300%2C179&amp;ssl=1 300w\" sizes=\"(max-width: 518px) 100vw, 518px\" \/><\/figure>\n","protected":false},"excerpt":{"rendered":"<p>Pesquisa realizada pelo Instituto Agorasei, em parceria com a R\u00e1dio 96 FM, mostra Carlos&nbsp;Eduardo liderando para prefeito na quest\u00e3o espont\u00e2nea, quando n\u00e3o s\u00e3o oferecidos nomes&nbsp;aos entrevistados. De acordo com os n\u00fameros do Agorasei, 10,6% dos entrevistados dizem que votam pelo&nbsp;retorno do ex-prefeito \u00e0 Prefeitura do Natal. Apesar de n\u00e3o concorrer \u00e0 reelei\u00e7\u00e3o, 9,1% dos entrevistados [&hellip;]<\/p>\n","protected":false},"author":1,"featured_media":0,"comment_status":"open","ping_status":"open","sticky":false,"template":"","format":"standard","meta":{"cybocfi_hide_featured_image":"","_jetpack_memberships_contains_paid_content":false,"footnotes":""},"categories":[1],"tags":[],"class_list":["post-3321","post","type-post","status-publish","format-standard","hentry","category-diversos"],"yoast_head":"<!-- This site is optimized with the Yoast SEO plugin v25.6 - https:\/\/yoast.com\/wordpress\/plugins\/seo\/ -->\n<title>Aroldo Alves e Camila Ara\u00fajo s\u00e3o citados em pesquisa liderada por Carlos Eduardo para prefeito - Blog do Bispo<\/title>\n<meta name=\"robots\" content=\"index, follow, max-snippet:-1, max-image-preview:large, max-video-preview:-1\" \/>\n<link rel=\"canonical\" href=\"https:\/\/blogdobispo.com.br\/?p=3321\" \/>\n<meta property=\"og:locale\" content=\"pt_BR\" \/>\n<meta property=\"og:type\" content=\"article\" \/>\n<meta property=\"og:title\" content=\"Aroldo Alves e Camila Ara\u00fajo s\u00e3o citados em pesquisa liderada por Carlos Eduardo para prefeito - Blog do Bispo\" \/>\n<meta property=\"og:description\" content=\"Pesquisa realizada pelo Instituto Agorasei, em parceria com a R\u00e1dio 96 FM, mostra Carlos&nbsp;Eduardo liderando para prefeito na quest\u00e3o espont\u00e2nea, quando n\u00e3o s\u00e3o oferecidos nomes&nbsp;aos entrevistados. De acordo com os n\u00fameros do Agorasei, 10,6% dos entrevistados dizem que votam pelo&nbsp;retorno do ex-prefeito \u00e0 Prefeitura do Natal. Apesar de n\u00e3o concorrer \u00e0 reelei\u00e7\u00e3o, 9,1% dos entrevistados [&hellip;]\" \/>\n<meta property=\"og:url\" content=\"https:\/\/blogdobispo.com.br\/?p=3321\" \/>\n<meta property=\"og:site_name\" content=\"Blog do Bispo\" \/>\n<meta property=\"article:published_time\" content=\"2024-04-30T22:20:57+00:00\" \/>\n<meta property=\"og:image\" content=\"https:\/\/blogdobispo.com.br\/wp-content\/uploads\/2024\/04\/img_6943-1.jpg\" \/>\n<meta name=\"author\" content=\"Jefferson Sterfeno\" \/>\n<meta name=\"twitter:card\" content=\"summary_large_image\" \/>\n<meta name=\"twitter:label1\" content=\"Escrito por\" \/>\n\t<meta name=\"twitter:data1\" content=\"Jefferson Sterfeno\" \/>\n\t<meta name=\"twitter:label2\" content=\"Est. tempo de leitura\" \/>\n\t<meta name=\"twitter:data2\" content=\"1 minuto\" \/>\n<script type=\"application\/ld+json\" class=\"yoast-schema-graph\">{\"@context\":\"https:\/\/schema.org\",\"@graph\":[{\"@type\":\"Article\",\"@id\":\"https:\/\/blogdobispo.com.br\/?p=3321#article\",\"isPartOf\":{\"@id\":\"https:\/\/blogdobispo.com.br\/?p=3321\"},\"author\":{\"name\":\"Jefferson Sterfeno\",\"@id\":\"https:\/\/blogdobispo.com.br\/#\/schema\/person\/e2209cc0e6cea5c5233d033e997b373f\"},\"headline\":\"Aroldo Alves e Camila Ara\u00fajo s\u00e3o citados em pesquisa liderada por Carlos Eduardo para prefeito\",\"datePublished\":\"2024-04-30T22:20:57+00:00\",\"mainEntityOfPage\":{\"@id\":\"https:\/\/blogdobispo.com.br\/?p=3321\"},\"wordCount\":233,\"commentCount\":0,\"publisher\":{\"@id\":\"https:\/\/blogdobispo.com.br\/#organization\"},\"image\":{\"@id\":\"https:\/\/blogdobispo.com.br\/?p=3321#primaryimage\"},\"thumbnailUrl\":\"https:\/\/blogdobispo.com.br\/wp-content\/uploads\/2024\/04\/img_6943-1.jpg\",\"articleSection\":[\"diversos\"],\"inLanguage\":\"pt-BR\",\"potentialAction\":[{\"@type\":\"CommentAction\",\"name\":\"Comment\",\"target\":[\"https:\/\/blogdobispo.com.br\/?p=3321#respond\"]}]},{\"@type\":\"WebPage\",\"@id\":\"https:\/\/blogdobispo.com.br\/?p=3321\",\"url\":\"https:\/\/blogdobispo.com.br\/?p=3321\",\"name\":\"Aroldo Alves e Camila Ara\u00fajo s\u00e3o citados em pesquisa liderada por Carlos Eduardo para prefeito - Blog do Bispo\",\"isPartOf\":{\"@id\":\"https:\/\/blogdobispo.com.br\/#website\"},\"primaryImageOfPage\":{\"@id\":\"https:\/\/blogdobispo.com.br\/?p=3321#primaryimage\"},\"image\":{\"@id\":\"https:\/\/blogdobispo.com.br\/?p=3321#primaryimage\"},\"thumbnailUrl\":\"https:\/\/blogdobispo.com.br\/wp-content\/uploads\/2024\/04\/img_6943-1.jpg\",\"datePublished\":\"2024-04-30T22:20:57+00:00\",\"breadcrumb\":{\"@id\":\"https:\/\/blogdobispo.com.br\/?p=3321#breadcrumb\"},\"inLanguage\":\"pt-BR\",\"potentialAction\":[{\"@type\":\"ReadAction\",\"target\":[\"https:\/\/blogdobispo.com.br\/?p=3321\"]}]},{\"@type\":\"ImageObject\",\"inLanguage\":\"pt-BR\",\"@id\":\"https:\/\/blogdobispo.com.br\/?p=3321#primaryimage\",\"url\":\"https:\/\/blogdobispo.com.br\/wp-content\/uploads\/2024\/04\/img_6943-1.jpg\",\"contentUrl\":\"https:\/\/blogdobispo.com.br\/wp-content\/uploads\/2024\/04\/img_6943-1.jpg\"},{\"@type\":\"BreadcrumbList\",\"@id\":\"https:\/\/blogdobispo.com.br\/?p=3321#breadcrumb\",\"itemListElement\":[{\"@type\":\"ListItem\",\"position\":1,\"name\":\"In\u00edcio\",\"item\":\"https:\/\/blogdobispo.com.br\/\"},{\"@type\":\"ListItem\",\"position\":2,\"name\":\"Aroldo Alves e Camila Ara\u00fajo s\u00e3o citados em pesquisa liderada por Carlos Eduardo para prefeito\"}]},{\"@type\":\"WebSite\",\"@id\":\"https:\/\/blogdobispo.com.br\/#website\",\"url\":\"https:\/\/blogdobispo.com.br\/\",\"name\":\"Blog do Bispo\",\"description\":\"Comprometido apenas com o leitor\",\"publisher\":{\"@id\":\"https:\/\/blogdobispo.com.br\/#organization\"},\"potentialAction\":[{\"@type\":\"SearchAction\",\"target\":{\"@type\":\"EntryPoint\",\"urlTemplate\":\"https:\/\/blogdobispo.com.br\/?s={search_term_string}\"},\"query-input\":{\"@type\":\"PropertyValueSpecification\",\"valueRequired\":true,\"valueName\":\"search_term_string\"}}],\"inLanguage\":\"pt-BR\"},{\"@type\":\"Organization\",\"@id\":\"https:\/\/blogdobispo.com.br\/#organization\",\"name\":\"Blog do Bispo\",\"url\":\"https:\/\/blogdobispo.com.br\/\",\"logo\":{\"@type\":\"ImageObject\",\"inLanguage\":\"pt-BR\",\"@id\":\"https:\/\/blogdobispo.com.br\/#\/schema\/logo\/image\/\",\"url\":\"http:\/\/blogdobispo.com.br\/wp-content\/uploads\/2023\/05\/cropped-headear.png\",\"contentUrl\":\"http:\/\/blogdobispo.com.br\/wp-content\/uploads\/2023\/05\/cropped-headear.png\",\"width\":1500,\"height\":399,\"caption\":\"Blog do Bispo\"},\"image\":{\"@id\":\"https:\/\/blogdobispo.com.br\/#\/schema\/logo\/image\/\"}},{\"@type\":\"Person\",\"@id\":\"https:\/\/blogdobispo.com.br\/#\/schema\/person\/e2209cc0e6cea5c5233d033e997b373f\",\"name\":\"Jefferson Sterfeno\",\"image\":{\"@type\":\"ImageObject\",\"inLanguage\":\"pt-BR\",\"@id\":\"https:\/\/blogdobispo.com.br\/#\/schema\/person\/image\/\",\"url\":\"https:\/\/secure.gravatar.com\/avatar\/0534e84764641168a677026b6d57a3f51dc7ac4db0b4f6186d9cb330d4ee1160?s=96&d=mm&r=g\",\"contentUrl\":\"https:\/\/secure.gravatar.com\/avatar\/0534e84764641168a677026b6d57a3f51dc7ac4db0b4f6186d9cb330d4ee1160?s=96&d=mm&r=g\",\"caption\":\"Jefferson Sterfeno\"},\"sameAs\":[\"http:\/\/blogdobispo.com.br\"],\"url\":\"https:\/\/blogdobispo.com.br\/?author=1\"}]}<\/script>\n<!-- \/ Yoast SEO plugin. -->","yoast_head_json":{"title":"Aroldo Alves e Camila Ara\u00fajo s\u00e3o citados em pesquisa liderada por Carlos Eduardo para prefeito - Blog do Bispo","robots":{"index":"index","follow":"follow","max-snippet":"max-snippet:-1","max-image-preview":"max-image-preview:large","max-video-preview":"max-video-preview:-1"},"canonical":"https:\/\/blogdobispo.com.br\/?p=3321","og_locale":"pt_BR","og_type":"article","og_title":"Aroldo Alves e Camila Ara\u00fajo s\u00e3o citados em pesquisa liderada por Carlos Eduardo para prefeito - Blog do Bispo","og_description":"Pesquisa realizada pelo Instituto Agorasei, em parceria com a R\u00e1dio 96 FM, mostra Carlos&nbsp;Eduardo liderando para prefeito na quest\u00e3o espont\u00e2nea, quando n\u00e3o s\u00e3o oferecidos nomes&nbsp;aos entrevistados. De acordo com os n\u00fameros do Agorasei, 10,6% dos entrevistados dizem que votam pelo&nbsp;retorno do ex-prefeito \u00e0 Prefeitura do Natal. Apesar de n\u00e3o concorrer \u00e0 reelei\u00e7\u00e3o, 9,1% dos entrevistados [&hellip;]","og_url":"https:\/\/blogdobispo.com.br\/?p=3321","og_site_name":"Blog do Bispo","article_published_time":"2024-04-30T22:20:57+00:00","og_image":[{"url":"https:\/\/blogdobispo.com.br\/wp-content\/uploads\/2024\/04\/img_6943-1.jpg","type":"","width":"","height":""}],"author":"Jefferson Sterfeno","twitter_card":"summary_large_image","twitter_misc":{"Escrito por":"Jefferson Sterfeno","Est. tempo de leitura":"1 minuto"},"schema":{"@context":"https:\/\/schema.org","@graph":[{"@type":"Article","@id":"https:\/\/blogdobispo.com.br\/?p=3321#article","isPartOf":{"@id":"https:\/\/blogdobispo.com.br\/?p=3321"},"author":{"name":"Jefferson Sterfeno","@id":"https:\/\/blogdobispo.com.br\/#\/schema\/person\/e2209cc0e6cea5c5233d033e997b373f"},"headline":"Aroldo Alves e Camila Ara\u00fajo s\u00e3o citados em pesquisa liderada por Carlos Eduardo para prefeito","datePublished":"2024-04-30T22:20:57+00:00","mainEntityOfPage":{"@id":"https:\/\/blogdobispo.com.br\/?p=3321"},"wordCount":233,"commentCount":0,"publisher":{"@id":"https:\/\/blogdobispo.com.br\/#organization"},"image":{"@id":"https:\/\/blogdobispo.com.br\/?p=3321#primaryimage"},"thumbnailUrl":"https:\/\/blogdobispo.com.br\/wp-content\/uploads\/2024\/04\/img_6943-1.jpg","articleSection":["diversos"],"inLanguage":"pt-BR","potentialAction":[{"@type":"CommentAction","name":"Comment","target":["https:\/\/blogdobispo.com.br\/?p=3321#respond"]}]},{"@type":"WebPage","@id":"https:\/\/blogdobispo.com.br\/?p=3321","url":"https:\/\/blogdobispo.com.br\/?p=3321","name":"Aroldo Alves e Camila Ara\u00fajo s\u00e3o citados em pesquisa liderada por Carlos Eduardo para prefeito - Blog do Bispo","isPartOf":{"@id":"https:\/\/blogdobispo.com.br\/#website"},"primaryImageOfPage":{"@id":"https:\/\/blogdobispo.com.br\/?p=3321#primaryimage"},"image":{"@id":"https:\/\/blogdobispo.com.br\/?p=3321#primaryimage"},"thumbnailUrl":"https:\/\/blogdobispo.com.br\/wp-content\/uploads\/2024\/04\/img_6943-1.jpg","datePublished":"2024-04-30T22:20:57+00:00","breadcrumb":{"@id":"https:\/\/blogdobispo.com.br\/?p=3321#breadcrumb"},"inLanguage":"pt-BR","potentialAction":[{"@type":"ReadAction","target":["https:\/\/blogdobispo.com.br\/?p=3321"]}]},{"@type":"ImageObject","inLanguage":"pt-BR","@id":"https:\/\/blogdobispo.com.br\/?p=3321#primaryimage","url":"https:\/\/blogdobispo.com.br\/wp-content\/uploads\/2024\/04\/img_6943-1.jpg","contentUrl":"https:\/\/blogdobispo.com.br\/wp-content\/uploads\/2024\/04\/img_6943-1.jpg"},{"@type":"BreadcrumbList","@id":"https:\/\/blogdobispo.com.br\/?p=3321#breadcrumb","itemListElement":[{"@type":"ListItem","position":1,"name":"In\u00edcio","item":"https:\/\/blogdobispo.com.br\/"},{"@type":"ListItem","position":2,"name":"Aroldo Alves e Camila Ara\u00fajo s\u00e3o citados em pesquisa liderada por Carlos Eduardo para prefeito"}]},{"@type":"WebSite","@id":"https:\/\/blogdobispo.com.br\/#website","url":"https:\/\/blogdobispo.com.br\/","name":"Blog do Bispo","description":"Comprometido apenas com o leitor","publisher":{"@id":"https:\/\/blogdobispo.com.br\/#organization"},"potentialAction":[{"@type":"SearchAction","target":{"@type":"EntryPoint","urlTemplate":"https:\/\/blogdobispo.com.br\/?s={search_term_string}"},"query-input":{"@type":"PropertyValueSpecification","valueRequired":true,"valueName":"search_term_string"}}],"inLanguage":"pt-BR"},{"@type":"Organization","@id":"https:\/\/blogdobispo.com.br\/#organization","name":"Blog do Bispo","url":"https:\/\/blogdobispo.com.br\/","logo":{"@type":"ImageObject","inLanguage":"pt-BR","@id":"https:\/\/blogdobispo.com.br\/#\/schema\/logo\/image\/","url":"http:\/\/blogdobispo.com.br\/wp-content\/uploads\/2023\/05\/cropped-headear.png","contentUrl":"http:\/\/blogdobispo.com.br\/wp-content\/uploads\/2023\/05\/cropped-headear.png","width":1500,"height":399,"caption":"Blog do Bispo"},"image":{"@id":"https:\/\/blogdobispo.com.br\/#\/schema\/logo\/image\/"}},{"@type":"Person","@id":"https:\/\/blogdobispo.com.br\/#\/schema\/person\/e2209cc0e6cea5c5233d033e997b373f","name":"Jefferson Sterfeno","image":{"@type":"ImageObject","inLanguage":"pt-BR","@id":"https:\/\/blogdobispo.com.br\/#\/schema\/person\/image\/","url":"https:\/\/secure.gravatar.com\/avatar\/0534e84764641168a677026b6d57a3f51dc7ac4db0b4f6186d9cb330d4ee1160?s=96&d=mm&r=g","contentUrl":"https:\/\/secure.gravatar.com\/avatar\/0534e84764641168a677026b6d57a3f51dc7ac4db0b4f6186d9cb330d4ee1160?s=96&d=mm&r=g","caption":"Jefferson Sterfeno"},"sameAs":["http:\/\/blogdobispo.com.br"],"url":"https:\/\/blogdobispo.com.br\/?author=1"}]}},"featured_image_urls":{"full":"","thumbnail":"","medium":"","medium_large":"","large":"","1536x1536":"","2048x2048":""},"author_info":{"display_name":"Jefferson Sterfeno","author_link":"https:\/\/blogdobispo.com.br\/?author=1"},"category_info":"<a href=\"https:\/\/blogdobispo.com.br\/?cat=1\" rel=\"category\">diversos<\/a>","tag_info":"diversos","comment_count":"0","jetpack_featured_media_url":"","jetpack_sharing_enabled":true,"_links":{"self":[{"href":"https:\/\/blogdobispo.com.br\/index.php?rest_route=\/wp\/v2\/posts\/3321","targetHints":{"allow":["GET"]}}],"collection":[{"href":"https:\/\/blogdobispo.com.br\/index.php?rest_route=\/wp\/v2\/posts"}],"about":[{"href":"https:\/\/blogdobispo.com.br\/index.php?rest_route=\/wp\/v2\/types\/post"}],"author":[{"embeddable":true,"href":"https:\/\/blogdobispo.com.br\/index.php?rest_route=\/wp\/v2\/users\/1"}],"replies":[{"embeddable":true,"href":"https:\/\/blogdobispo.com.br\/index.php?rest_route=%2Fwp%2Fv2%2Fcomments&post=3321"}],"version-history":[{"count":0,"href":"https:\/\/blogdobispo.com.br\/index.php?rest_route=\/wp\/v2\/posts\/3321\/revisions"}],"wp:attachment":[{"href":"https:\/\/blogdobispo.com.br\/index.php?rest_route=%2Fwp%2Fv2%2Fmedia&parent=3321"}],"wp:term":[{"taxonomy":"category","embeddable":true,"href":"https:\/\/blogdobispo.com.br\/index.php?rest_route=%2Fwp%2Fv2%2Fcategories&post=3321"},{"taxonomy":"post_tag","embeddable":true,"href":"https:\/\/blogdobispo.com.br\/index.php?rest_route=%2Fwp%2Fv2%2Ftags&post=3321"}],"curies":[{"name":"wp","href":"https:\/\/api.w.org\/{rel}","templated":true}]}}