{"id":3317,"date":"2024-04-29T15:59:50","date_gmt":"2024-04-29T15:59:50","guid":{"rendered":"https:\/\/blogdobispo.com.br\/?p=3317"},"modified":"2024-04-29T15:59:50","modified_gmt":"2024-04-29T15:59:50","slug":"prefeitura-de-sao-goncalo-inicia-entrega-do-novo-fardamento-escolar-as-escolas-do-municipio","status":"publish","type":"post","link":"https:\/\/blogdobispo.com.br\/?p=3317","title":{"rendered":"Prefeitura de S\u00e3o Gon\u00e7alo inicia entrega do novo fardamento escolar \u00e0s escolas do munic\u00edpio"},"content":{"rendered":"\n<figure class=\"wp-block-image size-large\"><img data-recalc-dims=\"1\" fetchpriority=\"high\" decoding=\"async\" width=\"800\" height=\"533\" src=\"https:\/\/i0.wp.com\/blogdobispo.com.br\/wp-content\/uploads\/2024\/04\/4178ae26-6586-409f-9eb3-831ea6c838c0-1-1024x682.jpg?resize=800%2C533&#038;ssl=1\" class=\"wp-image-3316\" srcset=\"https:\/\/i0.wp.com\/blogdobispo.com.br\/wp-content\/uploads\/2024\/04\/4178ae26-6586-409f-9eb3-831ea6c838c0-1.jpg?resize=1024%2C682&amp;ssl=1 1024w, https:\/\/i0.wp.com\/blogdobispo.com.br\/wp-content\/uploads\/2024\/04\/4178ae26-6586-409f-9eb3-831ea6c838c0-1.jpg?resize=300%2C200&amp;ssl=1 300w, https:\/\/i0.wp.com\/blogdobispo.com.br\/wp-content\/uploads\/2024\/04\/4178ae26-6586-409f-9eb3-831ea6c838c0-1.jpg?resize=768%2C512&amp;ssl=1 768w, https:\/\/i0.wp.com\/blogdobispo.com.br\/wp-content\/uploads\/2024\/04\/4178ae26-6586-409f-9eb3-831ea6c838c0-1.jpg?resize=1536%2C1023&amp;ssl=1 1536w, https:\/\/i0.wp.com\/blogdobispo.com.br\/wp-content\/uploads\/2024\/04\/4178ae26-6586-409f-9eb3-831ea6c838c0-1.jpg?w=1600&amp;ssl=1 1600w\" sizes=\"(max-width: 800px) 100vw, 800px\" \/><\/figure>\n\n\n\n<p><\/p>\n\n\n\n<p>Nesta segunda-feira (29), a Prefeitura Municipal de S\u00e3o Gon\u00e7alo do Amarante deu in\u00edcio a entrega do novo fardamento escolar paras as institui\u00e7\u00f5es de ensino do munic\u00edpio. Hoje, em cerim\u00f4nia na Creche Municipal Professoa Aida dos Santos Concei\u00e7\u00e3o, o prefeito Eraldo Paiva entregou o fardamento as escolas do bairro de Jardim Lola.<\/p>\n\n\n\n<p>Com tr\u00eas op\u00e7\u00f5es de uniformes &#8211; regata, camisa e camisa polo &#8211; distribu\u00eddos de acordo com a s\u00e9rie em que est\u00e3o matriculados, o novo fardamento representa um compromisso tang\u00edvel com o bem-estar e a igualdade entre os estudantes. Al\u00e9m disso, para os alunos da educa\u00e7\u00e3o infantil at\u00e9 o 6\u00b0 ano, a inclus\u00e3o de shorts e t\u00eanis visa garantir conforto durante as atividades escolares, refor\u00e7ando o compromisso com a qualidade do ambiente educacional.<br \/>A a\u00e7\u00e3o visa proporcionar aos alunos um s\u00edmbolo de identidade, conforto e dignidade durante suas jornadas educacionais.<\/p>\n\n\n\n<p>O Prefeito Eraldo expressou a import\u00e2ncia dessas iniciativas, ressaltando o valor pessoal e social do acesso \u00e0 educa\u00e7\u00e3o e ao fardamento escolar: &#8220;Uma das coisas mais importantes para a nossa gest\u00e3o \u00e9 poder proporcionar dignidade para a popula\u00e7\u00e3o. O acesso \u00e0 educa\u00e7\u00e3o e ao fardamento escolar possibilita isso. Quem estudou em escola p\u00fablica como eu, sabe a import\u00e2ncia disso, sabe a alegria que \u00e9 ter farda pra usar e escola boa pra estudar&#8221;.<\/p>\n\n\n\n<p>Ao longo da semana, a Prefeitura realizar\u00e1 a entrega dos fardamentos aos gestores das escolas municipais. Estes organizar\u00e3o a entrega a todos os alunos das escolas. Na rede municipal de ensino, s\u00e3o aproximadamente 14 mil alunos e alunas matriculados.<\/p>\n\n\n\n<p>A Secret\u00e1ria de Educa\u00e7\u00e3o, Marluce de Paula, destacou o amplo escopo de investimentos em educa\u00e7\u00e3o promovidos pela Prefeitura, afirmando o compromisso com uma educa\u00e7\u00e3o transformadora em S\u00e3o Gon\u00e7alo: &#8220;Estamos realizando uma s\u00e9rie de investimentos e a\u00e7\u00f5es conjuntas que visam oferecer uma educa\u00e7\u00e3o transformadora em S\u00e3o Gon\u00e7alo. S\u00e3o reformas, amplia\u00e7\u00f5es, constru\u00e7\u00e3o de novas escolas, fardamento novo e garantia de merenda para todos os alunos. Essa \u00e9 a nossa responsabilidade, cuidar das nossas crian\u00e7as e jovens garantindo educa\u00e7\u00e3o de qualidade&#8221;.<\/p>\n\n\n\n<p>Al\u00e9m da entrega do fardamento escolar, a Prefeitura Municipal de S\u00e3o Gon\u00e7alo do Amarante tem em curso uma s\u00e9rie de investimentos em infraestrutura educacional. Mais de 10 escolas passaram por obras de reforma e amplia\u00e7\u00e3o, modernizando suas instala\u00e7\u00f5es e ampliando sua capacidade. Adicionalmente, uma nova unidade est\u00e1 em constru\u00e7\u00e3o, e todos os reparos necess\u00e1rios foram realizados antes do in\u00edcio do ano letivo, assegurando um ambiente seguro e de qualidade para os alunos.<\/p>\n","protected":false},"excerpt":{"rendered":"<p>Nesta segunda-feira (29), a Prefeitura Municipal de S\u00e3o Gon\u00e7alo do Amarante deu in\u00edcio a entrega do novo fardamento escolar paras as institui\u00e7\u00f5es de ensino do munic\u00edpio. Hoje, em cerim\u00f4nia na Creche Municipal Professoa Aida dos Santos Concei\u00e7\u00e3o, o prefeito Eraldo Paiva entregou o fardamento as escolas do bairro de Jardim Lola. Com tr\u00eas op\u00e7\u00f5es de [&hellip;]<\/p>\n","protected":false},"author":1,"featured_media":0,"comment_status":"open","ping_status":"open","sticky":false,"template":"","format":"standard","meta":{"cybocfi_hide_featured_image":"","_jetpack_memberships_contains_paid_content":false,"footnotes":""},"categories":[1],"tags":[],"class_list":["post-3317","post","type-post","status-publish","format-standard","hentry","category-diversos"],"yoast_head":"<!-- This site is optimized with the Yoast SEO plugin v25.6 - https:\/\/yoast.com\/wordpress\/plugins\/seo\/ -->\n<title>Prefeitura de S\u00e3o Gon\u00e7alo inicia entrega do novo fardamento escolar \u00e0s escolas do munic\u00edpio - Blog do Bispo<\/title>\n<meta name=\"robots\" content=\"index, follow, max-snippet:-1, max-image-preview:large, max-video-preview:-1\" \/>\n<link rel=\"canonical\" href=\"https:\/\/blogdobispo.com.br\/?p=3317\" \/>\n<meta property=\"og:locale\" content=\"pt_BR\" \/>\n<meta property=\"og:type\" content=\"article\" \/>\n<meta property=\"og:title\" content=\"Prefeitura de S\u00e3o Gon\u00e7alo inicia entrega do novo fardamento escolar \u00e0s escolas do munic\u00edpio - Blog do Bispo\" \/>\n<meta property=\"og:description\" content=\"Nesta segunda-feira (29), a Prefeitura Municipal de S\u00e3o Gon\u00e7alo do Amarante deu in\u00edcio a entrega do novo fardamento escolar paras as institui\u00e7\u00f5es de ensino do munic\u00edpio. Hoje, em cerim\u00f4nia na Creche Municipal Professoa Aida dos Santos Concei\u00e7\u00e3o, o prefeito Eraldo Paiva entregou o fardamento as escolas do bairro de Jardim Lola. Com tr\u00eas op\u00e7\u00f5es de [&hellip;]\" \/>\n<meta property=\"og:url\" content=\"https:\/\/blogdobispo.com.br\/?p=3317\" \/>\n<meta property=\"og:site_name\" content=\"Blog do Bispo\" \/>\n<meta property=\"article:published_time\" content=\"2024-04-29T15:59:50+00:00\" \/>\n<meta property=\"og:image\" content=\"https:\/\/blogdobispo.com.br\/wp-content\/uploads\/2024\/04\/4178ae26-6586-409f-9eb3-831ea6c838c0-1-1024x682.jpg\" \/>\n<meta name=\"author\" content=\"Jefferson Sterfeno\" \/>\n<meta name=\"twitter:card\" content=\"summary_large_image\" \/>\n<meta name=\"twitter:label1\" content=\"Escrito por\" \/>\n\t<meta name=\"twitter:data1\" content=\"Jefferson Sterfeno\" \/>\n\t<meta name=\"twitter:label2\" content=\"Est. tempo de leitura\" \/>\n\t<meta name=\"twitter:data2\" content=\"2 minutos\" \/>\n<script type=\"application\/ld+json\" class=\"yoast-schema-graph\">{\"@context\":\"https:\/\/schema.org\",\"@graph\":[{\"@type\":\"Article\",\"@id\":\"https:\/\/blogdobispo.com.br\/?p=3317#article\",\"isPartOf\":{\"@id\":\"https:\/\/blogdobispo.com.br\/?p=3317\"},\"author\":{\"name\":\"Jefferson Sterfeno\",\"@id\":\"https:\/\/blogdobispo.com.br\/#\/schema\/person\/e2209cc0e6cea5c5233d033e997b373f\"},\"headline\":\"Prefeitura de S\u00e3o Gon\u00e7alo inicia entrega do novo fardamento escolar \u00e0s escolas do munic\u00edpio\",\"datePublished\":\"2024-04-29T15:59:50+00:00\",\"mainEntityOfPage\":{\"@id\":\"https:\/\/blogdobispo.com.br\/?p=3317\"},\"wordCount\":464,\"commentCount\":0,\"publisher\":{\"@id\":\"https:\/\/blogdobispo.com.br\/#organization\"},\"image\":{\"@id\":\"https:\/\/blogdobispo.com.br\/?p=3317#primaryimage\"},\"thumbnailUrl\":\"https:\/\/blogdobispo.com.br\/wp-content\/uploads\/2024\/04\/4178ae26-6586-409f-9eb3-831ea6c838c0-1-1024x682.jpg\",\"articleSection\":[\"diversos\"],\"inLanguage\":\"pt-BR\",\"potentialAction\":[{\"@type\":\"CommentAction\",\"name\":\"Comment\",\"target\":[\"https:\/\/blogdobispo.com.br\/?p=3317#respond\"]}]},{\"@type\":\"WebPage\",\"@id\":\"https:\/\/blogdobispo.com.br\/?p=3317\",\"url\":\"https:\/\/blogdobispo.com.br\/?p=3317\",\"name\":\"Prefeitura de S\u00e3o Gon\u00e7alo inicia entrega do novo fardamento escolar \u00e0s escolas do munic\u00edpio - Blog do Bispo\",\"isPartOf\":{\"@id\":\"https:\/\/blogdobispo.com.br\/#website\"},\"primaryImageOfPage\":{\"@id\":\"https:\/\/blogdobispo.com.br\/?p=3317#primaryimage\"},\"image\":{\"@id\":\"https:\/\/blogdobispo.com.br\/?p=3317#primaryimage\"},\"thumbnailUrl\":\"https:\/\/blogdobispo.com.br\/wp-content\/uploads\/2024\/04\/4178ae26-6586-409f-9eb3-831ea6c838c0-1-1024x682.jpg\",\"datePublished\":\"2024-04-29T15:59:50+00:00\",\"breadcrumb\":{\"@id\":\"https:\/\/blogdobispo.com.br\/?p=3317#breadcrumb\"},\"inLanguage\":\"pt-BR\",\"potentialAction\":[{\"@type\":\"ReadAction\",\"target\":[\"https:\/\/blogdobispo.com.br\/?p=3317\"]}]},{\"@type\":\"ImageObject\",\"inLanguage\":\"pt-BR\",\"@id\":\"https:\/\/blogdobispo.com.br\/?p=3317#primaryimage\",\"url\":\"https:\/\/blogdobispo.com.br\/wp-content\/uploads\/2024\/04\/4178ae26-6586-409f-9eb3-831ea6c838c0-1-1024x682.jpg\",\"contentUrl\":\"https:\/\/blogdobispo.com.br\/wp-content\/uploads\/2024\/04\/4178ae26-6586-409f-9eb3-831ea6c838c0-1-1024x682.jpg\"},{\"@type\":\"BreadcrumbList\",\"@id\":\"https:\/\/blogdobispo.com.br\/?p=3317#breadcrumb\",\"itemListElement\":[{\"@type\":\"ListItem\",\"position\":1,\"name\":\"In\u00edcio\",\"item\":\"https:\/\/blogdobispo.com.br\/\"},{\"@type\":\"ListItem\",\"position\":2,\"name\":\"Prefeitura de S\u00e3o Gon\u00e7alo inicia entrega do novo fardamento escolar \u00e0s escolas do munic\u00edpio\"}]},{\"@type\":\"WebSite\",\"@id\":\"https:\/\/blogdobispo.com.br\/#website\",\"url\":\"https:\/\/blogdobispo.com.br\/\",\"name\":\"Blog do Bispo\",\"description\":\"Comprometido apenas com o leitor\",\"publisher\":{\"@id\":\"https:\/\/blogdobispo.com.br\/#organization\"},\"potentialAction\":[{\"@type\":\"SearchAction\",\"target\":{\"@type\":\"EntryPoint\",\"urlTemplate\":\"https:\/\/blogdobispo.com.br\/?s={search_term_string}\"},\"query-input\":{\"@type\":\"PropertyValueSpecification\",\"valueRequired\":true,\"valueName\":\"search_term_string\"}}],\"inLanguage\":\"pt-BR\"},{\"@type\":\"Organization\",\"@id\":\"https:\/\/blogdobispo.com.br\/#organization\",\"name\":\"Blog do Bispo\",\"url\":\"https:\/\/blogdobispo.com.br\/\",\"logo\":{\"@type\":\"ImageObject\",\"inLanguage\":\"pt-BR\",\"@id\":\"https:\/\/blogdobispo.com.br\/#\/schema\/logo\/image\/\",\"url\":\"http:\/\/blogdobispo.com.br\/wp-content\/uploads\/2023\/05\/cropped-headear.png\",\"contentUrl\":\"http:\/\/blogdobispo.com.br\/wp-content\/uploads\/2023\/05\/cropped-headear.png\",\"width\":1500,\"height\":399,\"caption\":\"Blog do Bispo\"},\"image\":{\"@id\":\"https:\/\/blogdobispo.com.br\/#\/schema\/logo\/image\/\"}},{\"@type\":\"Person\",\"@id\":\"https:\/\/blogdobispo.com.br\/#\/schema\/person\/e2209cc0e6cea5c5233d033e997b373f\",\"name\":\"Jefferson Sterfeno\",\"image\":{\"@type\":\"ImageObject\",\"inLanguage\":\"pt-BR\",\"@id\":\"https:\/\/blogdobispo.com.br\/#\/schema\/person\/image\/\",\"url\":\"https:\/\/secure.gravatar.com\/avatar\/0534e84764641168a677026b6d57a3f51dc7ac4db0b4f6186d9cb330d4ee1160?s=96&d=mm&r=g\",\"contentUrl\":\"https:\/\/secure.gravatar.com\/avatar\/0534e84764641168a677026b6d57a3f51dc7ac4db0b4f6186d9cb330d4ee1160?s=96&d=mm&r=g\",\"caption\":\"Jefferson Sterfeno\"},\"sameAs\":[\"http:\/\/blogdobispo.com.br\"],\"url\":\"https:\/\/blogdobispo.com.br\/?author=1\"}]}<\/script>\n<!-- \/ Yoast SEO plugin. -->","yoast_head_json":{"title":"Prefeitura de S\u00e3o Gon\u00e7alo inicia entrega do novo fardamento escolar \u00e0s escolas do munic\u00edpio - Blog do Bispo","robots":{"index":"index","follow":"follow","max-snippet":"max-snippet:-1","max-image-preview":"max-image-preview:large","max-video-preview":"max-video-preview:-1"},"canonical":"https:\/\/blogdobispo.com.br\/?p=3317","og_locale":"pt_BR","og_type":"article","og_title":"Prefeitura de S\u00e3o Gon\u00e7alo inicia entrega do novo fardamento escolar \u00e0s escolas do munic\u00edpio - Blog do Bispo","og_description":"Nesta segunda-feira (29), a Prefeitura Municipal de S\u00e3o Gon\u00e7alo do Amarante deu in\u00edcio a entrega do novo fardamento escolar paras as institui\u00e7\u00f5es de ensino do munic\u00edpio. Hoje, em cerim\u00f4nia na Creche Municipal Professoa Aida dos Santos Concei\u00e7\u00e3o, o prefeito Eraldo Paiva entregou o fardamento as escolas do bairro de Jardim Lola. Com tr\u00eas op\u00e7\u00f5es de [&hellip;]","og_url":"https:\/\/blogdobispo.com.br\/?p=3317","og_site_name":"Blog do Bispo","article_published_time":"2024-04-29T15:59:50+00:00","og_image":[{"url":"https:\/\/blogdobispo.com.br\/wp-content\/uploads\/2024\/04\/4178ae26-6586-409f-9eb3-831ea6c838c0-1-1024x682.jpg","type":"","width":"","height":""}],"author":"Jefferson Sterfeno","twitter_card":"summary_large_image","twitter_misc":{"Escrito por":"Jefferson Sterfeno","Est. tempo de leitura":"2 minutos"},"schema":{"@context":"https:\/\/schema.org","@graph":[{"@type":"Article","@id":"https:\/\/blogdobispo.com.br\/?p=3317#article","isPartOf":{"@id":"https:\/\/blogdobispo.com.br\/?p=3317"},"author":{"name":"Jefferson Sterfeno","@id":"https:\/\/blogdobispo.com.br\/#\/schema\/person\/e2209cc0e6cea5c5233d033e997b373f"},"headline":"Prefeitura de S\u00e3o Gon\u00e7alo inicia entrega do novo fardamento escolar \u00e0s escolas do munic\u00edpio","datePublished":"2024-04-29T15:59:50+00:00","mainEntityOfPage":{"@id":"https:\/\/blogdobispo.com.br\/?p=3317"},"wordCount":464,"commentCount":0,"publisher":{"@id":"https:\/\/blogdobispo.com.br\/#organization"},"image":{"@id":"https:\/\/blogdobispo.com.br\/?p=3317#primaryimage"},"thumbnailUrl":"https:\/\/blogdobispo.com.br\/wp-content\/uploads\/2024\/04\/4178ae26-6586-409f-9eb3-831ea6c838c0-1-1024x682.jpg","articleSection":["diversos"],"inLanguage":"pt-BR","potentialAction":[{"@type":"CommentAction","name":"Comment","target":["https:\/\/blogdobispo.com.br\/?p=3317#respond"]}]},{"@type":"WebPage","@id":"https:\/\/blogdobispo.com.br\/?p=3317","url":"https:\/\/blogdobispo.com.br\/?p=3317","name":"Prefeitura de S\u00e3o Gon\u00e7alo inicia entrega do novo fardamento escolar \u00e0s escolas do munic\u00edpio - Blog do Bispo","isPartOf":{"@id":"https:\/\/blogdobispo.com.br\/#website"},"primaryImageOfPage":{"@id":"https:\/\/blogdobispo.com.br\/?p=3317#primaryimage"},"image":{"@id":"https:\/\/blogdobispo.com.br\/?p=3317#primaryimage"},"thumbnailUrl":"https:\/\/blogdobispo.com.br\/wp-content\/uploads\/2024\/04\/4178ae26-6586-409f-9eb3-831ea6c838c0-1-1024x682.jpg","datePublished":"2024-04-29T15:59:50+00:00","breadcrumb":{"@id":"https:\/\/blogdobispo.com.br\/?p=3317#breadcrumb"},"inLanguage":"pt-BR","potentialAction":[{"@type":"ReadAction","target":["https:\/\/blogdobispo.com.br\/?p=3317"]}]},{"@type":"ImageObject","inLanguage":"pt-BR","@id":"https:\/\/blogdobispo.com.br\/?p=3317#primaryimage","url":"https:\/\/blogdobispo.com.br\/wp-content\/uploads\/2024\/04\/4178ae26-6586-409f-9eb3-831ea6c838c0-1-1024x682.jpg","contentUrl":"https:\/\/blogdobispo.com.br\/wp-content\/uploads\/2024\/04\/4178ae26-6586-409f-9eb3-831ea6c838c0-1-1024x682.jpg"},{"@type":"BreadcrumbList","@id":"https:\/\/blogdobispo.com.br\/?p=3317#breadcrumb","itemListElement":[{"@type":"ListItem","position":1,"name":"In\u00edcio","item":"https:\/\/blogdobispo.com.br\/"},{"@type":"ListItem","position":2,"name":"Prefeitura de S\u00e3o Gon\u00e7alo inicia entrega do novo fardamento escolar \u00e0s escolas do munic\u00edpio"}]},{"@type":"WebSite","@id":"https:\/\/blogdobispo.com.br\/#website","url":"https:\/\/blogdobispo.com.br\/","name":"Blog do Bispo","description":"Comprometido apenas com o leitor","publisher":{"@id":"https:\/\/blogdobispo.com.br\/#organization"},"potentialAction":[{"@type":"SearchAction","target":{"@type":"EntryPoint","urlTemplate":"https:\/\/blogdobispo.com.br\/?s={search_term_string}"},"query-input":{"@type":"PropertyValueSpecification","valueRequired":true,"valueName":"search_term_string"}}],"inLanguage":"pt-BR"},{"@type":"Organization","@id":"https:\/\/blogdobispo.com.br\/#organization","name":"Blog do Bispo","url":"https:\/\/blogdobispo.com.br\/","logo":{"@type":"ImageObject","inLanguage":"pt-BR","@id":"https:\/\/blogdobispo.com.br\/#\/schema\/logo\/image\/","url":"http:\/\/blogdobispo.com.br\/wp-content\/uploads\/2023\/05\/cropped-headear.png","contentUrl":"http:\/\/blogdobispo.com.br\/wp-content\/uploads\/2023\/05\/cropped-headear.png","width":1500,"height":399,"caption":"Blog do Bispo"},"image":{"@id":"https:\/\/blogdobispo.com.br\/#\/schema\/logo\/image\/"}},{"@type":"Person","@id":"https:\/\/blogdobispo.com.br\/#\/schema\/person\/e2209cc0e6cea5c5233d033e997b373f","name":"Jefferson Sterfeno","image":{"@type":"ImageObject","inLanguage":"pt-BR","@id":"https:\/\/blogdobispo.com.br\/#\/schema\/person\/image\/","url":"https:\/\/secure.gravatar.com\/avatar\/0534e84764641168a677026b6d57a3f51dc7ac4db0b4f6186d9cb330d4ee1160?s=96&d=mm&r=g","contentUrl":"https:\/\/secure.gravatar.com\/avatar\/0534e84764641168a677026b6d57a3f51dc7ac4db0b4f6186d9cb330d4ee1160?s=96&d=mm&r=g","caption":"Jefferson Sterfeno"},"sameAs":["http:\/\/blogdobispo.com.br"],"url":"https:\/\/blogdobispo.com.br\/?author=1"}]}},"featured_image_urls":{"full":"","thumbnail":"","medium":"","medium_large":"","large":"","1536x1536":"","2048x2048":""},"author_info":{"display_name":"Jefferson Sterfeno","author_link":"https:\/\/blogdobispo.com.br\/?author=1"},"category_info":"<a href=\"https:\/\/blogdobispo.com.br\/?cat=1\" rel=\"category\">diversos<\/a>","tag_info":"diversos","comment_count":"0","jetpack_featured_media_url":"","jetpack_sharing_enabled":true,"_links":{"self":[{"href":"https:\/\/blogdobispo.com.br\/index.php?rest_route=\/wp\/v2\/posts\/3317","targetHints":{"allow":["GET"]}}],"collection":[{"href":"https:\/\/blogdobispo.com.br\/index.php?rest_route=\/wp\/v2\/posts"}],"about":[{"href":"https:\/\/blogdobispo.com.br\/index.php?rest_route=\/wp\/v2\/types\/post"}],"author":[{"embeddable":true,"href":"https:\/\/blogdobispo.com.br\/index.php?rest_route=\/wp\/v2\/users\/1"}],"replies":[{"embeddable":true,"href":"https:\/\/blogdobispo.com.br\/index.php?rest_route=%2Fwp%2Fv2%2Fcomments&post=3317"}],"version-history":[{"count":0,"href":"https:\/\/blogdobispo.com.br\/index.php?rest_route=\/wp\/v2\/posts\/3317\/revisions"}],"wp:attachment":[{"href":"https:\/\/blogdobispo.com.br\/index.php?rest_route=%2Fwp%2Fv2%2Fmedia&parent=3317"}],"wp:term":[{"taxonomy":"category","embeddable":true,"href":"https:\/\/blogdobispo.com.br\/index.php?rest_route=%2Fwp%2Fv2%2Fcategories&post=3317"},{"taxonomy":"post_tag","embeddable":true,"href":"https:\/\/blogdobispo.com.br\/index.php?rest_route=%2Fwp%2Fv2%2Ftags&post=3317"}],"curies":[{"name":"wp","href":"https:\/\/api.w.org\/{rel}","templated":true}]}}