{"id":3313,"date":"2024-04-28T16:30:42","date_gmt":"2024-04-28T16:30:42","guid":{"rendered":"https:\/\/blogdobispo.com.br\/?p=3313"},"modified":"2024-04-28T16:30:42","modified_gmt":"2024-04-28T16:30:42","slug":"camara-de-natal-faz-lancamento-da-semana-municipal-do-seguro","status":"publish","type":"post","link":"https:\/\/blogdobispo.com.br\/?p=3313","title":{"rendered":"C\u00e2mara de Natal faz lan\u00e7amento da Semana Municipal do Seguro"},"content":{"rendered":"\n<figure class=\"wp-block-image size-large\"><img data-recalc-dims=\"1\" fetchpriority=\"high\" decoding=\"async\" width=\"800\" height=\"413\" src=\"https:\/\/i0.wp.com\/blogdobispo.com.br\/wp-content\/uploads\/2024\/04\/img_6927-1-1024x528.png?resize=800%2C413&#038;ssl=1\" class=\"wp-image-3312\" srcset=\"https:\/\/i0.wp.com\/blogdobispo.com.br\/wp-content\/uploads\/2024\/04\/img_6927-1.png?resize=1024%2C528&amp;ssl=1 1024w, https:\/\/i0.wp.com\/blogdobispo.com.br\/wp-content\/uploads\/2024\/04\/img_6927-1.png?resize=300%2C155&amp;ssl=1 300w, https:\/\/i0.wp.com\/blogdobispo.com.br\/wp-content\/uploads\/2024\/04\/img_6927-1.png?resize=768%2C396&amp;ssl=1 768w, https:\/\/i0.wp.com\/blogdobispo.com.br\/wp-content\/uploads\/2024\/04\/img_6927-1.png?resize=1536%2C792&amp;ssl=1 1536w, https:\/\/i0.wp.com\/blogdobispo.com.br\/wp-content\/uploads\/2024\/04\/img_6927-1.png?w=1600&amp;ssl=1 1600w\" sizes=\"(max-width: 800px) 100vw, 800px\" \/><\/figure>\n\n\n\n<p><br>A partir de 2024, anualmente, sempre na primeira semana outubro, em Natal ser\u00e1 realizada a Semana Municipal do Seguro, institu\u00edda pela lei ordin\u00e1ria n\u00ba 7.643, de 19 de janeiro deste ano, fruto de um projeto de lei de autoria do vereador Klaus Ara\u00fajo, tamb\u00e9m propositor da sess\u00e3o solene realizada no plen\u00e1rio \u00c9rico Hackradt, nessa quinta-feira (25), para o lan\u00e7amento do evento que entrou para o calend\u00e1rio oficial da capital potiguar.<br>&nbsp;<br>Estimular a preserva\u00e7\u00e3o e prote\u00e7\u00e3o do patrim\u00f4nio e\/ou da sa\u00fade, bem como sua constru\u00e7\u00e3o, atrav\u00e9s de previd\u00eancias complementares e seguros \u00e9 uma tend\u00eancia. Natal, ent\u00e3o \u00e9 vanguardista, quando cria uma semana para difundir e disseminar a cultura securit\u00e1ria e de gest\u00e3o de riscos, estimular a cria\u00e7\u00e3o e a divulga\u00e7\u00e3o de pol\u00edticas p\u00fablicas que promovam maior confiabilidade e qualidade dos servi\u00e7os prestados ao consumidor, bem como a valoriza\u00e7\u00e3o do profissional corretor de seguros\u201d, afirmou o vereador Klaus Ara\u00fajo.<br>&nbsp;<br>O parlamentar conta que a Semana Municipal do Seguro foi idealizada pela corretora Ana Alice Cardoso que trouxe a ideia a ele. \u201cSeguro n\u00e3o \u00e9 apenas um produto financeiro. \u00c9 um instrumento essencial de prote\u00e7\u00e3o e seguran\u00e7a para todos. Essa lei \u00e9 um marco muito importante em favor dos consumidores e da sua prote\u00e7\u00e3o\u201d, festejou Cardoso.<br>&nbsp;<br>A iniciativa tamb\u00e9m foi comemorada e elogiada pelo presidente do Sindicato dos Corretores de Seguros, de Capitaliza\u00e7\u00e3o, de Previd\u00eancia Privada e Sa\u00fade do Estado do Rio Grande do Norte (SINCOR RN), Jaques Andrade; pelo presidente do Sindicato da Seguradoras Norte e Nordeste (Sindsegnne), Ronaldo Dalcin, e pelo representante da Federa\u00e7\u00e3o Nacional dos Corretores de Seguros Privados e de Resseguros, de Capitaliza\u00e7\u00e3o, de Previd\u00eancia Privada, das Empresas Corretoras de Seguros e de Resseguros (FENACOR), Marcus Arruda. Todos presentes \u00e0 sess\u00e3o solene na CMN, durante a qual o diretor do Procon Natal, Carlos Fialho, representou o prefeito de Natal, \u00c1lvaro Dias.<br>&nbsp;<br>\u201cEssa conquista far\u00e1 com que tenhamos a\u00e7\u00f5es da Prefeitura, do mercado segurador e todo o ecossistema voltado para a conscientiza\u00e7\u00e3o da popula\u00e7\u00e3o sobre o quanto o seguro \u00e9 uma importante ferramenta de equil\u00edbrio financeiro &#8220;, acredita Jaques Andrade. \u201cA cria\u00e7\u00e3o da Semana Municipal do Seguro em Natal ser\u00e1 uma importante ferramenta para solu\u00e7\u00f5es securit\u00e1rias, gera\u00e7\u00e3o de empregos e recolhimento de impostos, demonstrando a import\u00e2ncia do setor para a economia e para a sociedade\u201d, comentou Ronaldo Dalcin.<\/p>\n","protected":false},"excerpt":{"rendered":"<p>A partir de 2024, anualmente, sempre na primeira semana outubro, em Natal ser\u00e1 realizada a Semana Municipal do Seguro, institu\u00edda pela lei ordin\u00e1ria n\u00ba 7.643, de 19 de janeiro deste ano, fruto de um projeto de lei de autoria do vereador Klaus Ara\u00fajo, tamb\u00e9m propositor da sess\u00e3o solene realizada no plen\u00e1rio \u00c9rico Hackradt, nessa quinta-feira [&hellip;]<\/p>\n","protected":false},"author":1,"featured_media":0,"comment_status":"open","ping_status":"open","sticky":false,"template":"","format":"standard","meta":{"cybocfi_hide_featured_image":"","_jetpack_memberships_contains_paid_content":false,"footnotes":""},"categories":[1],"tags":[],"class_list":["post-3313","post","type-post","status-publish","format-standard","hentry","category-diversos"],"yoast_head":"<!-- This site is optimized with the Yoast SEO plugin v25.6 - https:\/\/yoast.com\/wordpress\/plugins\/seo\/ -->\n<title>C\u00e2mara de Natal faz lan\u00e7amento da Semana Municipal do Seguro - Blog do Bispo<\/title>\n<meta name=\"robots\" content=\"index, follow, max-snippet:-1, max-image-preview:large, max-video-preview:-1\" \/>\n<link rel=\"canonical\" href=\"https:\/\/blogdobispo.com.br\/?p=3313\" \/>\n<meta property=\"og:locale\" content=\"pt_BR\" \/>\n<meta property=\"og:type\" content=\"article\" \/>\n<meta property=\"og:title\" content=\"C\u00e2mara de Natal faz lan\u00e7amento da Semana Municipal do Seguro - Blog do Bispo\" \/>\n<meta property=\"og:description\" content=\"A partir de 2024, anualmente, sempre na primeira semana outubro, em Natal ser\u00e1 realizada a Semana Municipal do Seguro, institu\u00edda pela lei ordin\u00e1ria n\u00ba 7.643, de 19 de janeiro deste ano, fruto de um projeto de lei de autoria do vereador Klaus Ara\u00fajo, tamb\u00e9m propositor da sess\u00e3o solene realizada no plen\u00e1rio \u00c9rico Hackradt, nessa quinta-feira [&hellip;]\" \/>\n<meta property=\"og:url\" content=\"https:\/\/blogdobispo.com.br\/?p=3313\" \/>\n<meta property=\"og:site_name\" content=\"Blog do Bispo\" \/>\n<meta property=\"article:published_time\" content=\"2024-04-28T16:30:42+00:00\" \/>\n<meta property=\"og:image\" content=\"https:\/\/blogdobispo.com.br\/wp-content\/uploads\/2024\/04\/img_6927-1-1024x528.png\" \/>\n<meta name=\"author\" content=\"Jefferson Sterfeno\" \/>\n<meta name=\"twitter:card\" content=\"summary_large_image\" \/>\n<meta name=\"twitter:label1\" content=\"Escrito por\" \/>\n\t<meta name=\"twitter:data1\" content=\"Jefferson Sterfeno\" \/>\n\t<meta name=\"twitter:label2\" content=\"Est. tempo de leitura\" \/>\n\t<meta name=\"twitter:data2\" content=\"2 minutos\" \/>\n<script type=\"application\/ld+json\" class=\"yoast-schema-graph\">{\"@context\":\"https:\/\/schema.org\",\"@graph\":[{\"@type\":\"Article\",\"@id\":\"https:\/\/blogdobispo.com.br\/?p=3313#article\",\"isPartOf\":{\"@id\":\"https:\/\/blogdobispo.com.br\/?p=3313\"},\"author\":{\"name\":\"Jefferson Sterfeno\",\"@id\":\"https:\/\/blogdobispo.com.br\/#\/schema\/person\/e2209cc0e6cea5c5233d033e997b373f\"},\"headline\":\"C\u00e2mara de Natal faz lan\u00e7amento da Semana Municipal do Seguro\",\"datePublished\":\"2024-04-28T16:30:42+00:00\",\"mainEntityOfPage\":{\"@id\":\"https:\/\/blogdobispo.com.br\/?p=3313\"},\"wordCount\":430,\"commentCount\":0,\"publisher\":{\"@id\":\"https:\/\/blogdobispo.com.br\/#organization\"},\"image\":{\"@id\":\"https:\/\/blogdobispo.com.br\/?p=3313#primaryimage\"},\"thumbnailUrl\":\"https:\/\/blogdobispo.com.br\/wp-content\/uploads\/2024\/04\/img_6927-1-1024x528.png\",\"articleSection\":[\"diversos\"],\"inLanguage\":\"pt-BR\",\"potentialAction\":[{\"@type\":\"CommentAction\",\"name\":\"Comment\",\"target\":[\"https:\/\/blogdobispo.com.br\/?p=3313#respond\"]}]},{\"@type\":\"WebPage\",\"@id\":\"https:\/\/blogdobispo.com.br\/?p=3313\",\"url\":\"https:\/\/blogdobispo.com.br\/?p=3313\",\"name\":\"C\u00e2mara de Natal faz lan\u00e7amento da Semana Municipal do Seguro - Blog do Bispo\",\"isPartOf\":{\"@id\":\"https:\/\/blogdobispo.com.br\/#website\"},\"primaryImageOfPage\":{\"@id\":\"https:\/\/blogdobispo.com.br\/?p=3313#primaryimage\"},\"image\":{\"@id\":\"https:\/\/blogdobispo.com.br\/?p=3313#primaryimage\"},\"thumbnailUrl\":\"https:\/\/blogdobispo.com.br\/wp-content\/uploads\/2024\/04\/img_6927-1-1024x528.png\",\"datePublished\":\"2024-04-28T16:30:42+00:00\",\"breadcrumb\":{\"@id\":\"https:\/\/blogdobispo.com.br\/?p=3313#breadcrumb\"},\"inLanguage\":\"pt-BR\",\"potentialAction\":[{\"@type\":\"ReadAction\",\"target\":[\"https:\/\/blogdobispo.com.br\/?p=3313\"]}]},{\"@type\":\"ImageObject\",\"inLanguage\":\"pt-BR\",\"@id\":\"https:\/\/blogdobispo.com.br\/?p=3313#primaryimage\",\"url\":\"https:\/\/blogdobispo.com.br\/wp-content\/uploads\/2024\/04\/img_6927-1-1024x528.png\",\"contentUrl\":\"https:\/\/blogdobispo.com.br\/wp-content\/uploads\/2024\/04\/img_6927-1-1024x528.png\"},{\"@type\":\"BreadcrumbList\",\"@id\":\"https:\/\/blogdobispo.com.br\/?p=3313#breadcrumb\",\"itemListElement\":[{\"@type\":\"ListItem\",\"position\":1,\"name\":\"In\u00edcio\",\"item\":\"https:\/\/blogdobispo.com.br\/\"},{\"@type\":\"ListItem\",\"position\":2,\"name\":\"C\u00e2mara de Natal faz lan\u00e7amento da Semana Municipal do Seguro\"}]},{\"@type\":\"WebSite\",\"@id\":\"https:\/\/blogdobispo.com.br\/#website\",\"url\":\"https:\/\/blogdobispo.com.br\/\",\"name\":\"Blog do Bispo\",\"description\":\"Comprometido apenas com o leitor\",\"publisher\":{\"@id\":\"https:\/\/blogdobispo.com.br\/#organization\"},\"potentialAction\":[{\"@type\":\"SearchAction\",\"target\":{\"@type\":\"EntryPoint\",\"urlTemplate\":\"https:\/\/blogdobispo.com.br\/?s={search_term_string}\"},\"query-input\":{\"@type\":\"PropertyValueSpecification\",\"valueRequired\":true,\"valueName\":\"search_term_string\"}}],\"inLanguage\":\"pt-BR\"},{\"@type\":\"Organization\",\"@id\":\"https:\/\/blogdobispo.com.br\/#organization\",\"name\":\"Blog do Bispo\",\"url\":\"https:\/\/blogdobispo.com.br\/\",\"logo\":{\"@type\":\"ImageObject\",\"inLanguage\":\"pt-BR\",\"@id\":\"https:\/\/blogdobispo.com.br\/#\/schema\/logo\/image\/\",\"url\":\"http:\/\/blogdobispo.com.br\/wp-content\/uploads\/2023\/05\/cropped-headear.png\",\"contentUrl\":\"http:\/\/blogdobispo.com.br\/wp-content\/uploads\/2023\/05\/cropped-headear.png\",\"width\":1500,\"height\":399,\"caption\":\"Blog do Bispo\"},\"image\":{\"@id\":\"https:\/\/blogdobispo.com.br\/#\/schema\/logo\/image\/\"}},{\"@type\":\"Person\",\"@id\":\"https:\/\/blogdobispo.com.br\/#\/schema\/person\/e2209cc0e6cea5c5233d033e997b373f\",\"name\":\"Jefferson Sterfeno\",\"image\":{\"@type\":\"ImageObject\",\"inLanguage\":\"pt-BR\",\"@id\":\"https:\/\/blogdobispo.com.br\/#\/schema\/person\/image\/\",\"url\":\"https:\/\/secure.gravatar.com\/avatar\/0534e84764641168a677026b6d57a3f51dc7ac4db0b4f6186d9cb330d4ee1160?s=96&d=mm&r=g\",\"contentUrl\":\"https:\/\/secure.gravatar.com\/avatar\/0534e84764641168a677026b6d57a3f51dc7ac4db0b4f6186d9cb330d4ee1160?s=96&d=mm&r=g\",\"caption\":\"Jefferson Sterfeno\"},\"sameAs\":[\"http:\/\/blogdobispo.com.br\"],\"url\":\"https:\/\/blogdobispo.com.br\/?author=1\"}]}<\/script>\n<!-- \/ Yoast SEO plugin. -->","yoast_head_json":{"title":"C\u00e2mara de Natal faz lan\u00e7amento da Semana Municipal do Seguro - Blog do Bispo","robots":{"index":"index","follow":"follow","max-snippet":"max-snippet:-1","max-image-preview":"max-image-preview:large","max-video-preview":"max-video-preview:-1"},"canonical":"https:\/\/blogdobispo.com.br\/?p=3313","og_locale":"pt_BR","og_type":"article","og_title":"C\u00e2mara de Natal faz lan\u00e7amento da Semana Municipal do Seguro - Blog do Bispo","og_description":"A partir de 2024, anualmente, sempre na primeira semana outubro, em Natal ser\u00e1 realizada a Semana Municipal do Seguro, institu\u00edda pela lei ordin\u00e1ria n\u00ba 7.643, de 19 de janeiro deste ano, fruto de um projeto de lei de autoria do vereador Klaus Ara\u00fajo, tamb\u00e9m propositor da sess\u00e3o solene realizada no plen\u00e1rio \u00c9rico Hackradt, nessa quinta-feira [&hellip;]","og_url":"https:\/\/blogdobispo.com.br\/?p=3313","og_site_name":"Blog do Bispo","article_published_time":"2024-04-28T16:30:42+00:00","og_image":[{"url":"https:\/\/blogdobispo.com.br\/wp-content\/uploads\/2024\/04\/img_6927-1-1024x528.png","type":"","width":"","height":""}],"author":"Jefferson Sterfeno","twitter_card":"summary_large_image","twitter_misc":{"Escrito por":"Jefferson Sterfeno","Est. tempo de leitura":"2 minutos"},"schema":{"@context":"https:\/\/schema.org","@graph":[{"@type":"Article","@id":"https:\/\/blogdobispo.com.br\/?p=3313#article","isPartOf":{"@id":"https:\/\/blogdobispo.com.br\/?p=3313"},"author":{"name":"Jefferson Sterfeno","@id":"https:\/\/blogdobispo.com.br\/#\/schema\/person\/e2209cc0e6cea5c5233d033e997b373f"},"headline":"C\u00e2mara de Natal faz lan\u00e7amento da Semana Municipal do Seguro","datePublished":"2024-04-28T16:30:42+00:00","mainEntityOfPage":{"@id":"https:\/\/blogdobispo.com.br\/?p=3313"},"wordCount":430,"commentCount":0,"publisher":{"@id":"https:\/\/blogdobispo.com.br\/#organization"},"image":{"@id":"https:\/\/blogdobispo.com.br\/?p=3313#primaryimage"},"thumbnailUrl":"https:\/\/blogdobispo.com.br\/wp-content\/uploads\/2024\/04\/img_6927-1-1024x528.png","articleSection":["diversos"],"inLanguage":"pt-BR","potentialAction":[{"@type":"CommentAction","name":"Comment","target":["https:\/\/blogdobispo.com.br\/?p=3313#respond"]}]},{"@type":"WebPage","@id":"https:\/\/blogdobispo.com.br\/?p=3313","url":"https:\/\/blogdobispo.com.br\/?p=3313","name":"C\u00e2mara de Natal faz lan\u00e7amento da Semana Municipal do Seguro - Blog do Bispo","isPartOf":{"@id":"https:\/\/blogdobispo.com.br\/#website"},"primaryImageOfPage":{"@id":"https:\/\/blogdobispo.com.br\/?p=3313#primaryimage"},"image":{"@id":"https:\/\/blogdobispo.com.br\/?p=3313#primaryimage"},"thumbnailUrl":"https:\/\/blogdobispo.com.br\/wp-content\/uploads\/2024\/04\/img_6927-1-1024x528.png","datePublished":"2024-04-28T16:30:42+00:00","breadcrumb":{"@id":"https:\/\/blogdobispo.com.br\/?p=3313#breadcrumb"},"inLanguage":"pt-BR","potentialAction":[{"@type":"ReadAction","target":["https:\/\/blogdobispo.com.br\/?p=3313"]}]},{"@type":"ImageObject","inLanguage":"pt-BR","@id":"https:\/\/blogdobispo.com.br\/?p=3313#primaryimage","url":"https:\/\/blogdobispo.com.br\/wp-content\/uploads\/2024\/04\/img_6927-1-1024x528.png","contentUrl":"https:\/\/blogdobispo.com.br\/wp-content\/uploads\/2024\/04\/img_6927-1-1024x528.png"},{"@type":"BreadcrumbList","@id":"https:\/\/blogdobispo.com.br\/?p=3313#breadcrumb","itemListElement":[{"@type":"ListItem","position":1,"name":"In\u00edcio","item":"https:\/\/blogdobispo.com.br\/"},{"@type":"ListItem","position":2,"name":"C\u00e2mara de Natal faz lan\u00e7amento da Semana Municipal do Seguro"}]},{"@type":"WebSite","@id":"https:\/\/blogdobispo.com.br\/#website","url":"https:\/\/blogdobispo.com.br\/","name":"Blog do Bispo","description":"Comprometido apenas com o leitor","publisher":{"@id":"https:\/\/blogdobispo.com.br\/#organization"},"potentialAction":[{"@type":"SearchAction","target":{"@type":"EntryPoint","urlTemplate":"https:\/\/blogdobispo.com.br\/?s={search_term_string}"},"query-input":{"@type":"PropertyValueSpecification","valueRequired":true,"valueName":"search_term_string"}}],"inLanguage":"pt-BR"},{"@type":"Organization","@id":"https:\/\/blogdobispo.com.br\/#organization","name":"Blog do Bispo","url":"https:\/\/blogdobispo.com.br\/","logo":{"@type":"ImageObject","inLanguage":"pt-BR","@id":"https:\/\/blogdobispo.com.br\/#\/schema\/logo\/image\/","url":"http:\/\/blogdobispo.com.br\/wp-content\/uploads\/2023\/05\/cropped-headear.png","contentUrl":"http:\/\/blogdobispo.com.br\/wp-content\/uploads\/2023\/05\/cropped-headear.png","width":1500,"height":399,"caption":"Blog do Bispo"},"image":{"@id":"https:\/\/blogdobispo.com.br\/#\/schema\/logo\/image\/"}},{"@type":"Person","@id":"https:\/\/blogdobispo.com.br\/#\/schema\/person\/e2209cc0e6cea5c5233d033e997b373f","name":"Jefferson Sterfeno","image":{"@type":"ImageObject","inLanguage":"pt-BR","@id":"https:\/\/blogdobispo.com.br\/#\/schema\/person\/image\/","url":"https:\/\/secure.gravatar.com\/avatar\/0534e84764641168a677026b6d57a3f51dc7ac4db0b4f6186d9cb330d4ee1160?s=96&d=mm&r=g","contentUrl":"https:\/\/secure.gravatar.com\/avatar\/0534e84764641168a677026b6d57a3f51dc7ac4db0b4f6186d9cb330d4ee1160?s=96&d=mm&r=g","caption":"Jefferson Sterfeno"},"sameAs":["http:\/\/blogdobispo.com.br"],"url":"https:\/\/blogdobispo.com.br\/?author=1"}]}},"featured_image_urls":{"full":"","thumbnail":"","medium":"","medium_large":"","large":"","1536x1536":"","2048x2048":""},"author_info":{"display_name":"Jefferson Sterfeno","author_link":"https:\/\/blogdobispo.com.br\/?author=1"},"category_info":"<a href=\"https:\/\/blogdobispo.com.br\/?cat=1\" rel=\"category\">diversos<\/a>","tag_info":"diversos","comment_count":"0","jetpack_featured_media_url":"","jetpack_sharing_enabled":true,"_links":{"self":[{"href":"https:\/\/blogdobispo.com.br\/index.php?rest_route=\/wp\/v2\/posts\/3313","targetHints":{"allow":["GET"]}}],"collection":[{"href":"https:\/\/blogdobispo.com.br\/index.php?rest_route=\/wp\/v2\/posts"}],"about":[{"href":"https:\/\/blogdobispo.com.br\/index.php?rest_route=\/wp\/v2\/types\/post"}],"author":[{"embeddable":true,"href":"https:\/\/blogdobispo.com.br\/index.php?rest_route=\/wp\/v2\/users\/1"}],"replies":[{"embeddable":true,"href":"https:\/\/blogdobispo.com.br\/index.php?rest_route=%2Fwp%2Fv2%2Fcomments&post=3313"}],"version-history":[{"count":0,"href":"https:\/\/blogdobispo.com.br\/index.php?rest_route=\/wp\/v2\/posts\/3313\/revisions"}],"wp:attachment":[{"href":"https:\/\/blogdobispo.com.br\/index.php?rest_route=%2Fwp%2Fv2%2Fmedia&parent=3313"}],"wp:term":[{"taxonomy":"category","embeddable":true,"href":"https:\/\/blogdobispo.com.br\/index.php?rest_route=%2Fwp%2Fv2%2Fcategories&post=3313"},{"taxonomy":"post_tag","embeddable":true,"href":"https:\/\/blogdobispo.com.br\/index.php?rest_route=%2Fwp%2Fv2%2Ftags&post=3313"}],"curies":[{"name":"wp","href":"https:\/\/api.w.org\/{rel}","templated":true}]}}