{"id":3309,"date":"2024-04-27T18:25:53","date_gmt":"2024-04-27T18:25:53","guid":{"rendered":"https:\/\/blogdobispo.com.br\/?p=3309"},"modified":"2024-04-27T18:27:55","modified_gmt":"2024-04-27T18:27:55","slug":"vereador-peixoto-pronto-para-as-eleicoes-2","status":"publish","type":"post","link":"https:\/\/blogdobispo.com.br\/?p=3309","title":{"rendered":"Vereador Peixoto pronto para as elei\u00e7\u00f5es"},"content":{"rendered":"\n<figure class=\"wp-block-image size-large\"><img data-recalc-dims=\"1\" fetchpriority=\"high\" decoding=\"async\" width=\"631\" height=\"923\" src=\"https:\/\/i0.wp.com\/blogdobispo.com.br\/wp-content\/uploads\/2024\/04\/2eac481e-fe28-42ed-8c95-f62e3706102a-1-1.jpg?resize=631%2C923&#038;ssl=1\" alt=\"\" class=\"wp-image-3308\" srcset=\"https:\/\/i0.wp.com\/blogdobispo.com.br\/wp-content\/uploads\/2024\/04\/2eac481e-fe28-42ed-8c95-f62e3706102a-1-1.jpg?w=631&amp;ssl=1 631w, https:\/\/i0.wp.com\/blogdobispo.com.br\/wp-content\/uploads\/2024\/04\/2eac481e-fe28-42ed-8c95-f62e3706102a-1-1.jpg?resize=205%2C300&amp;ssl=1 205w\" sizes=\"(max-width: 631px) 100vw, 631px\" \/><\/figure>\n\n\n\n<p>Nas \u00faltimas semanas, este editor tem mantido di\u00e1logo com diversos Vereadores para tratar da sucess\u00e3o municipal, sempre na inten\u00e7\u00e3o de repassar aos leitores do blog as not\u00edcias mais quentes das movimenta\u00e7\u00f5es pol\u00edticas na Capital.<\/p>\n\n\n\n<p>Em conversa com o Vereador Peixoto na manh\u00e3 de hoje, 27, ele reafirmou seu compromisso com o Prefeito \u00c1lvaro Dias e com o Deputado Estadual Adjuto Dias, e confirmou que est\u00e1 pronto para ir para a frente de batalha \u2013 as elei\u00e7\u00f5es.<\/p>\n\n\n\n<p>&#8220;Estou pronto, preparado e querendo&#8221; disse o Vereador Geovani Peixoto em tom entusiasmado, afirmando que aguarda a decis\u00e3o do Chefe do Executivo Municipal sobre a sucess\u00e3o majorit\u00e1ria.<\/p>\n\n\n\n<p>&#8220;Minha rela\u00e7\u00e3o com o Prefeito \u00c1lvaro \u00e9 de total harmonia e confian\u00e7a, e tenho certeza de que ele vai escolher o que for melhor para Natal. Para onde o Prefeito \u00c1lvaro for, eu vou, eu estarei ao seu lado e acompanharei seu candidato&#8221;, arrematou o Vereador.<\/p>\n\n\n\n<p>Geovane Peixoto \u00e9 pr\u00e9-candidato \u00e0 reelei\u00e7\u00e3o pelo Partido Republicanos, legenda comandada pelo Prefeito \u00c1lvaro Dias no Rio Grande do Norte, e portanto reafirma a total sintonia entre os dois.<\/p>\n","protected":false},"excerpt":{"rendered":"<p>Nas \u00faltimas semanas, este editor tem mantido di\u00e1logo com diversos Vereadores para tratar da sucess\u00e3o municipal, sempre na inten\u00e7\u00e3o de repassar aos leitores do blog as not\u00edcias mais quentes das movimenta\u00e7\u00f5es pol\u00edticas na Capital. Em conversa com o Vereador Peixoto na manh\u00e3 de hoje, 27, ele reafirmou seu compromisso com o Prefeito \u00c1lvaro Dias e [&hellip;]<\/p>\n","protected":false},"author":1,"featured_media":0,"comment_status":"open","ping_status":"open","sticky":false,"template":"","format":"standard","meta":{"cybocfi_hide_featured_image":"","_jetpack_memberships_contains_paid_content":false,"footnotes":""},"categories":[1],"tags":[],"class_list":["post-3309","post","type-post","status-publish","format-standard","hentry","category-diversos"],"yoast_head":"<!-- This site is optimized with the Yoast SEO plugin v25.6 - https:\/\/yoast.com\/wordpress\/plugins\/seo\/ -->\n<title>Vereador Peixoto pronto para as elei\u00e7\u00f5es - Blog do Bispo<\/title>\n<meta name=\"robots\" content=\"index, follow, max-snippet:-1, max-image-preview:large, max-video-preview:-1\" \/>\n<link rel=\"canonical\" href=\"https:\/\/blogdobispo.com.br\/?p=3309\" \/>\n<meta property=\"og:locale\" content=\"pt_BR\" \/>\n<meta property=\"og:type\" content=\"article\" \/>\n<meta property=\"og:title\" content=\"Vereador Peixoto pronto para as elei\u00e7\u00f5es - Blog do Bispo\" \/>\n<meta property=\"og:description\" content=\"Nas \u00faltimas semanas, este editor tem mantido di\u00e1logo com diversos Vereadores para tratar da sucess\u00e3o municipal, sempre na inten\u00e7\u00e3o de repassar aos leitores do blog as not\u00edcias mais quentes das movimenta\u00e7\u00f5es pol\u00edticas na Capital. Em conversa com o Vereador Peixoto na manh\u00e3 de hoje, 27, ele reafirmou seu compromisso com o Prefeito \u00c1lvaro Dias e [&hellip;]\" \/>\n<meta property=\"og:url\" content=\"https:\/\/blogdobispo.com.br\/?p=3309\" \/>\n<meta property=\"og:site_name\" content=\"Blog do Bispo\" \/>\n<meta property=\"article:published_time\" content=\"2024-04-27T18:25:53+00:00\" \/>\n<meta property=\"article:modified_time\" content=\"2024-04-27T18:27:55+00:00\" \/>\n<meta property=\"og:image\" content=\"https:\/\/blogdobispo.com.br\/wp-content\/uploads\/2024\/04\/2eac481e-fe28-42ed-8c95-f62e3706102a-1-1.jpg\" \/>\n<meta name=\"author\" content=\"Jefferson Sterfeno\" \/>\n<meta name=\"twitter:card\" content=\"summary_large_image\" \/>\n<meta name=\"twitter:label1\" content=\"Escrito por\" \/>\n\t<meta name=\"twitter:data1\" content=\"Jefferson Sterfeno\" \/>\n\t<meta name=\"twitter:label2\" content=\"Est. tempo de leitura\" \/>\n\t<meta name=\"twitter:data2\" content=\"1 minuto\" \/>\n<script type=\"application\/ld+json\" class=\"yoast-schema-graph\">{\"@context\":\"https:\/\/schema.org\",\"@graph\":[{\"@type\":\"Article\",\"@id\":\"https:\/\/blogdobispo.com.br\/?p=3309#article\",\"isPartOf\":{\"@id\":\"https:\/\/blogdobispo.com.br\/?p=3309\"},\"author\":{\"name\":\"Jefferson Sterfeno\",\"@id\":\"https:\/\/blogdobispo.com.br\/#\/schema\/person\/e2209cc0e6cea5c5233d033e997b373f\"},\"headline\":\"Vereador Peixoto pronto para as elei\u00e7\u00f5es\",\"datePublished\":\"2024-04-27T18:25:53+00:00\",\"dateModified\":\"2024-04-27T18:27:55+00:00\",\"mainEntityOfPage\":{\"@id\":\"https:\/\/blogdobispo.com.br\/?p=3309\"},\"wordCount\":194,\"commentCount\":0,\"publisher\":{\"@id\":\"https:\/\/blogdobispo.com.br\/#organization\"},\"image\":{\"@id\":\"https:\/\/blogdobispo.com.br\/?p=3309#primaryimage\"},\"thumbnailUrl\":\"https:\/\/blogdobispo.com.br\/wp-content\/uploads\/2024\/04\/2eac481e-fe28-42ed-8c95-f62e3706102a-1-1.jpg\",\"articleSection\":[\"diversos\"],\"inLanguage\":\"pt-BR\",\"potentialAction\":[{\"@type\":\"CommentAction\",\"name\":\"Comment\",\"target\":[\"https:\/\/blogdobispo.com.br\/?p=3309#respond\"]}]},{\"@type\":\"WebPage\",\"@id\":\"https:\/\/blogdobispo.com.br\/?p=3309\",\"url\":\"https:\/\/blogdobispo.com.br\/?p=3309\",\"name\":\"Vereador Peixoto pronto para as elei\u00e7\u00f5es - Blog do Bispo\",\"isPartOf\":{\"@id\":\"https:\/\/blogdobispo.com.br\/#website\"},\"primaryImageOfPage\":{\"@id\":\"https:\/\/blogdobispo.com.br\/?p=3309#primaryimage\"},\"image\":{\"@id\":\"https:\/\/blogdobispo.com.br\/?p=3309#primaryimage\"},\"thumbnailUrl\":\"https:\/\/blogdobispo.com.br\/wp-content\/uploads\/2024\/04\/2eac481e-fe28-42ed-8c95-f62e3706102a-1-1.jpg\",\"datePublished\":\"2024-04-27T18:25:53+00:00\",\"dateModified\":\"2024-04-27T18:27:55+00:00\",\"breadcrumb\":{\"@id\":\"https:\/\/blogdobispo.com.br\/?p=3309#breadcrumb\"},\"inLanguage\":\"pt-BR\",\"potentialAction\":[{\"@type\":\"ReadAction\",\"target\":[\"https:\/\/blogdobispo.com.br\/?p=3309\"]}]},{\"@type\":\"ImageObject\",\"inLanguage\":\"pt-BR\",\"@id\":\"https:\/\/blogdobispo.com.br\/?p=3309#primaryimage\",\"url\":\"https:\/\/blogdobispo.com.br\/wp-content\/uploads\/2024\/04\/2eac481e-fe28-42ed-8c95-f62e3706102a-1-1.jpg\",\"contentUrl\":\"https:\/\/blogdobispo.com.br\/wp-content\/uploads\/2024\/04\/2eac481e-fe28-42ed-8c95-f62e3706102a-1-1.jpg\"},{\"@type\":\"BreadcrumbList\",\"@id\":\"https:\/\/blogdobispo.com.br\/?p=3309#breadcrumb\",\"itemListElement\":[{\"@type\":\"ListItem\",\"position\":1,\"name\":\"In\u00edcio\",\"item\":\"https:\/\/blogdobispo.com.br\/\"},{\"@type\":\"ListItem\",\"position\":2,\"name\":\"Vereador Peixoto pronto para as elei\u00e7\u00f5es\"}]},{\"@type\":\"WebSite\",\"@id\":\"https:\/\/blogdobispo.com.br\/#website\",\"url\":\"https:\/\/blogdobispo.com.br\/\",\"name\":\"Blog do Bispo\",\"description\":\"Comprometido apenas com o leitor\",\"publisher\":{\"@id\":\"https:\/\/blogdobispo.com.br\/#organization\"},\"potentialAction\":[{\"@type\":\"SearchAction\",\"target\":{\"@type\":\"EntryPoint\",\"urlTemplate\":\"https:\/\/blogdobispo.com.br\/?s={search_term_string}\"},\"query-input\":{\"@type\":\"PropertyValueSpecification\",\"valueRequired\":true,\"valueName\":\"search_term_string\"}}],\"inLanguage\":\"pt-BR\"},{\"@type\":\"Organization\",\"@id\":\"https:\/\/blogdobispo.com.br\/#organization\",\"name\":\"Blog do Bispo\",\"url\":\"https:\/\/blogdobispo.com.br\/\",\"logo\":{\"@type\":\"ImageObject\",\"inLanguage\":\"pt-BR\",\"@id\":\"https:\/\/blogdobispo.com.br\/#\/schema\/logo\/image\/\",\"url\":\"http:\/\/blogdobispo.com.br\/wp-content\/uploads\/2023\/05\/cropped-headear.png\",\"contentUrl\":\"http:\/\/blogdobispo.com.br\/wp-content\/uploads\/2023\/05\/cropped-headear.png\",\"width\":1500,\"height\":399,\"caption\":\"Blog do Bispo\"},\"image\":{\"@id\":\"https:\/\/blogdobispo.com.br\/#\/schema\/logo\/image\/\"}},{\"@type\":\"Person\",\"@id\":\"https:\/\/blogdobispo.com.br\/#\/schema\/person\/e2209cc0e6cea5c5233d033e997b373f\",\"name\":\"Jefferson Sterfeno\",\"image\":{\"@type\":\"ImageObject\",\"inLanguage\":\"pt-BR\",\"@id\":\"https:\/\/blogdobispo.com.br\/#\/schema\/person\/image\/\",\"url\":\"https:\/\/secure.gravatar.com\/avatar\/0534e84764641168a677026b6d57a3f51dc7ac4db0b4f6186d9cb330d4ee1160?s=96&d=mm&r=g\",\"contentUrl\":\"https:\/\/secure.gravatar.com\/avatar\/0534e84764641168a677026b6d57a3f51dc7ac4db0b4f6186d9cb330d4ee1160?s=96&d=mm&r=g\",\"caption\":\"Jefferson Sterfeno\"},\"sameAs\":[\"http:\/\/blogdobispo.com.br\"],\"url\":\"https:\/\/blogdobispo.com.br\/?author=1\"}]}<\/script>\n<!-- \/ Yoast SEO plugin. -->","yoast_head_json":{"title":"Vereador Peixoto pronto para as elei\u00e7\u00f5es - Blog do Bispo","robots":{"index":"index","follow":"follow","max-snippet":"max-snippet:-1","max-image-preview":"max-image-preview:large","max-video-preview":"max-video-preview:-1"},"canonical":"https:\/\/blogdobispo.com.br\/?p=3309","og_locale":"pt_BR","og_type":"article","og_title":"Vereador Peixoto pronto para as elei\u00e7\u00f5es - Blog do Bispo","og_description":"Nas \u00faltimas semanas, este editor tem mantido di\u00e1logo com diversos Vereadores para tratar da sucess\u00e3o municipal, sempre na inten\u00e7\u00e3o de repassar aos leitores do blog as not\u00edcias mais quentes das movimenta\u00e7\u00f5es pol\u00edticas na Capital. Em conversa com o Vereador Peixoto na manh\u00e3 de hoje, 27, ele reafirmou seu compromisso com o Prefeito \u00c1lvaro Dias e [&hellip;]","og_url":"https:\/\/blogdobispo.com.br\/?p=3309","og_site_name":"Blog do Bispo","article_published_time":"2024-04-27T18:25:53+00:00","article_modified_time":"2024-04-27T18:27:55+00:00","og_image":[{"url":"https:\/\/blogdobispo.com.br\/wp-content\/uploads\/2024\/04\/2eac481e-fe28-42ed-8c95-f62e3706102a-1-1.jpg","type":"","width":"","height":""}],"author":"Jefferson Sterfeno","twitter_card":"summary_large_image","twitter_misc":{"Escrito por":"Jefferson Sterfeno","Est. tempo de leitura":"1 minuto"},"schema":{"@context":"https:\/\/schema.org","@graph":[{"@type":"Article","@id":"https:\/\/blogdobispo.com.br\/?p=3309#article","isPartOf":{"@id":"https:\/\/blogdobispo.com.br\/?p=3309"},"author":{"name":"Jefferson Sterfeno","@id":"https:\/\/blogdobispo.com.br\/#\/schema\/person\/e2209cc0e6cea5c5233d033e997b373f"},"headline":"Vereador Peixoto pronto para as elei\u00e7\u00f5es","datePublished":"2024-04-27T18:25:53+00:00","dateModified":"2024-04-27T18:27:55+00:00","mainEntityOfPage":{"@id":"https:\/\/blogdobispo.com.br\/?p=3309"},"wordCount":194,"commentCount":0,"publisher":{"@id":"https:\/\/blogdobispo.com.br\/#organization"},"image":{"@id":"https:\/\/blogdobispo.com.br\/?p=3309#primaryimage"},"thumbnailUrl":"https:\/\/blogdobispo.com.br\/wp-content\/uploads\/2024\/04\/2eac481e-fe28-42ed-8c95-f62e3706102a-1-1.jpg","articleSection":["diversos"],"inLanguage":"pt-BR","potentialAction":[{"@type":"CommentAction","name":"Comment","target":["https:\/\/blogdobispo.com.br\/?p=3309#respond"]}]},{"@type":"WebPage","@id":"https:\/\/blogdobispo.com.br\/?p=3309","url":"https:\/\/blogdobispo.com.br\/?p=3309","name":"Vereador Peixoto pronto para as elei\u00e7\u00f5es - Blog do Bispo","isPartOf":{"@id":"https:\/\/blogdobispo.com.br\/#website"},"primaryImageOfPage":{"@id":"https:\/\/blogdobispo.com.br\/?p=3309#primaryimage"},"image":{"@id":"https:\/\/blogdobispo.com.br\/?p=3309#primaryimage"},"thumbnailUrl":"https:\/\/blogdobispo.com.br\/wp-content\/uploads\/2024\/04\/2eac481e-fe28-42ed-8c95-f62e3706102a-1-1.jpg","datePublished":"2024-04-27T18:25:53+00:00","dateModified":"2024-04-27T18:27:55+00:00","breadcrumb":{"@id":"https:\/\/blogdobispo.com.br\/?p=3309#breadcrumb"},"inLanguage":"pt-BR","potentialAction":[{"@type":"ReadAction","target":["https:\/\/blogdobispo.com.br\/?p=3309"]}]},{"@type":"ImageObject","inLanguage":"pt-BR","@id":"https:\/\/blogdobispo.com.br\/?p=3309#primaryimage","url":"https:\/\/blogdobispo.com.br\/wp-content\/uploads\/2024\/04\/2eac481e-fe28-42ed-8c95-f62e3706102a-1-1.jpg","contentUrl":"https:\/\/blogdobispo.com.br\/wp-content\/uploads\/2024\/04\/2eac481e-fe28-42ed-8c95-f62e3706102a-1-1.jpg"},{"@type":"BreadcrumbList","@id":"https:\/\/blogdobispo.com.br\/?p=3309#breadcrumb","itemListElement":[{"@type":"ListItem","position":1,"name":"In\u00edcio","item":"https:\/\/blogdobispo.com.br\/"},{"@type":"ListItem","position":2,"name":"Vereador Peixoto pronto para as elei\u00e7\u00f5es"}]},{"@type":"WebSite","@id":"https:\/\/blogdobispo.com.br\/#website","url":"https:\/\/blogdobispo.com.br\/","name":"Blog do Bispo","description":"Comprometido apenas com o leitor","publisher":{"@id":"https:\/\/blogdobispo.com.br\/#organization"},"potentialAction":[{"@type":"SearchAction","target":{"@type":"EntryPoint","urlTemplate":"https:\/\/blogdobispo.com.br\/?s={search_term_string}"},"query-input":{"@type":"PropertyValueSpecification","valueRequired":true,"valueName":"search_term_string"}}],"inLanguage":"pt-BR"},{"@type":"Organization","@id":"https:\/\/blogdobispo.com.br\/#organization","name":"Blog do Bispo","url":"https:\/\/blogdobispo.com.br\/","logo":{"@type":"ImageObject","inLanguage":"pt-BR","@id":"https:\/\/blogdobispo.com.br\/#\/schema\/logo\/image\/","url":"http:\/\/blogdobispo.com.br\/wp-content\/uploads\/2023\/05\/cropped-headear.png","contentUrl":"http:\/\/blogdobispo.com.br\/wp-content\/uploads\/2023\/05\/cropped-headear.png","width":1500,"height":399,"caption":"Blog do Bispo"},"image":{"@id":"https:\/\/blogdobispo.com.br\/#\/schema\/logo\/image\/"}},{"@type":"Person","@id":"https:\/\/blogdobispo.com.br\/#\/schema\/person\/e2209cc0e6cea5c5233d033e997b373f","name":"Jefferson Sterfeno","image":{"@type":"ImageObject","inLanguage":"pt-BR","@id":"https:\/\/blogdobispo.com.br\/#\/schema\/person\/image\/","url":"https:\/\/secure.gravatar.com\/avatar\/0534e84764641168a677026b6d57a3f51dc7ac4db0b4f6186d9cb330d4ee1160?s=96&d=mm&r=g","contentUrl":"https:\/\/secure.gravatar.com\/avatar\/0534e84764641168a677026b6d57a3f51dc7ac4db0b4f6186d9cb330d4ee1160?s=96&d=mm&r=g","caption":"Jefferson Sterfeno"},"sameAs":["http:\/\/blogdobispo.com.br"],"url":"https:\/\/blogdobispo.com.br\/?author=1"}]}},"featured_image_urls":{"full":"","thumbnail":"","medium":"","medium_large":"","large":"","1536x1536":"","2048x2048":""},"author_info":{"display_name":"Jefferson Sterfeno","author_link":"https:\/\/blogdobispo.com.br\/?author=1"},"category_info":"<a href=\"https:\/\/blogdobispo.com.br\/?cat=1\" rel=\"category\">diversos<\/a>","tag_info":"diversos","comment_count":"0","jetpack_featured_media_url":"","jetpack_sharing_enabled":true,"_links":{"self":[{"href":"https:\/\/blogdobispo.com.br\/index.php?rest_route=\/wp\/v2\/posts\/3309","targetHints":{"allow":["GET"]}}],"collection":[{"href":"https:\/\/blogdobispo.com.br\/index.php?rest_route=\/wp\/v2\/posts"}],"about":[{"href":"https:\/\/blogdobispo.com.br\/index.php?rest_route=\/wp\/v2\/types\/post"}],"author":[{"embeddable":true,"href":"https:\/\/blogdobispo.com.br\/index.php?rest_route=\/wp\/v2\/users\/1"}],"replies":[{"embeddable":true,"href":"https:\/\/blogdobispo.com.br\/index.php?rest_route=%2Fwp%2Fv2%2Fcomments&post=3309"}],"version-history":[{"count":1,"href":"https:\/\/blogdobispo.com.br\/index.php?rest_route=\/wp\/v2\/posts\/3309\/revisions"}],"predecessor-version":[{"id":3310,"href":"https:\/\/blogdobispo.com.br\/index.php?rest_route=\/wp\/v2\/posts\/3309\/revisions\/3310"}],"wp:attachment":[{"href":"https:\/\/blogdobispo.com.br\/index.php?rest_route=%2Fwp%2Fv2%2Fmedia&parent=3309"}],"wp:term":[{"taxonomy":"category","embeddable":true,"href":"https:\/\/blogdobispo.com.br\/index.php?rest_route=%2Fwp%2Fv2%2Fcategories&post=3309"},{"taxonomy":"post_tag","embeddable":true,"href":"https:\/\/blogdobispo.com.br\/index.php?rest_route=%2Fwp%2Fv2%2Ftags&post=3309"}],"curies":[{"name":"wp","href":"https:\/\/api.w.org\/{rel}","templated":true}]}}