{"id":3292,"date":"2024-04-26T02:27:27","date_gmt":"2024-04-26T02:27:27","guid":{"rendered":"https:\/\/blogdobispo.com.br\/?p=3292"},"modified":"2024-04-26T02:27:27","modified_gmt":"2024-04-26T02:27:27","slug":"audiencia-publica-na-camara-de-natal-debate-formas-de-combater-o-bullying-e-o-cyberbullying","status":"publish","type":"post","link":"https:\/\/blogdobispo.com.br\/?p=3292","title":{"rendered":"Audi\u00eancia p\u00fablica na C\u00e2mara de Natal debate formas de combater o bullying e o cyberbullying"},"content":{"rendered":"\n<figure class=\"wp-block-image\"><img data-recalc-dims=\"1\" decoding=\"async\" src=\"https:\/\/i0.wp.com\/www.cmnat.rn.gov.br\/_ups\/noticias\/2024\/04\/25\/30c46a7c6d4d6f2e5644076b6e8c1c96.jpeg?w=800&#038;ssl=1\" alt=\"\"\/><\/figure>\n\n\n\n<p>O bullying \u00e9 um termo da l\u00edngua inglesa que se refere a todas as formas de atitudes com o objetivo de intimidar ou agredir outra pessoa. J\u00e1 o cyberbullying \u00e9 praticado por meio de ferramentas tecnol\u00f3gicas. Os dois assuntos e suas consequ\u00eancias foram discutidos em audi\u00eancia p\u00fablica, nesta quinte-feira (25), pela Frente Parlamentar em Defesa dos Direitos da Crian\u00e7a e do Adolescente da C\u00e2mara Municipal de Natal. Mediado pela vereadora J\u00falia Arruda (PCdoB), o debate contou com a participa\u00e7\u00e3o de especialistas que apontaram a necessidade de a\u00e7\u00f5es concretas de preven\u00e7\u00e3o e combate a esse tipo de viol\u00eancia.<\/p>\n\n\n\n<p>A vereadora J\u00falia Arruda ressaltou que 7 de abril marca o Dia Mundial de Consci\u00eancia contra o Bullying e que a \u00faltima semana do m\u00eas constitui a Semana Municipal de Combate \u00e0 Desinforma\u00e7\u00e3o das Not\u00edcias Falsas, as fake news. &#8220;Este assunto merece mais aten\u00e7\u00e3o dos poderes p\u00fablicos no sentido de efetivar as legisla\u00e7\u00f5es que j\u00e1 foram aprovadas. Precisamos nos preparar para que as pr\u00f3ximas gera\u00e7\u00f5es e essa atual n\u00e3o cometam bullying, que desencadeia diversos transtornos, inclusive destr\u00f3i fam\u00edlias. Faz-se necess\u00e1rio, tamb\u00e9m, campanhas permanentes nas escolas para sensibilizar a juventude&#8221;.<\/p>\n\n\n\n<p>D\u00e9bora Sampaio, psic\u00f3loga especialista em depend\u00eancia tecnol\u00f3gica, disse que a sociedade n\u00e3o pode perder de vista que existe uma gera\u00e7\u00e3o completamente digital e que os educadores ainda n\u00e3o possuem conhecimentos suficientes para lidar com isso porque as gera\u00e7\u00f5es passadas n\u00e3o viveram nada semelhante. &#8220;A pandemia agravou ainda mais este contexto, pois criou as condi\u00e7\u00f5es para que a tecnologia pudesse dominar o cotidiano. Ent\u00e3o hoje a gente tem crian\u00e7as e adolescentes que vivem, se relacionam, se comunicam, estudam, brincam, se agridem dentro do mundo virtual. E, infelizmente, pais, m\u00e3es, av\u00f3s e demais familiares n\u00e3o conseguem acompanhar este fen\u00f4meno&#8221;, explicou ela, acrescentando:&nbsp;<\/p>\n\n\n\n<p>&#8220;O mais importante a fazer \u00e9 dialogar. Essa pauta tem que estar presente todos os dias, todas as horas, em todos os momentos. A gente precisa n\u00e3o s\u00f3 falar, mas ouvir os nossos filhos, conhecer a viv\u00eancia deles no mundo virtual. Da mesma forma que a gente chega para o nosso filho e pergunta: Como foi a aula hoje? Voc\u00ea conversou com quem? Voc\u00ea brincou com quem? Voc\u00ea fez o qu\u00ea? Sobre o mundo virtual tem que existir o mesmo cuidado: Voc\u00ea tem conversado com quem? Voc\u00ea tem pesquisado o qu\u00ea? Tem que ter cuidado com o celular. Se \u00e9 para assistir e interagir, que seja num local que toda fam\u00edlia tenha acesso, como televis\u00e3o ou computador na sala. E evitar os fones de ouvido, pois quando eles est\u00e3o com os fones a gente n\u00e3o tem como saber quais conte\u00fados est\u00e3o consumindo&#8221;.<\/p>\n\n\n\n<p>Luciana Lucena, advogada atuante no direito digital na prote\u00e7\u00e3o das crian\u00e7as e dos adolescentes, informou que a pena para quem pratica bullying \u00e9 reclus\u00e3o ou multa, a depender da gravidade do crime cometido. &#8220;Sempre \u00e9 bom lembrar que crian\u00e7a adolescente n\u00e3o comete crime, apenas ato infracional, que \u00e9 regido pelo Estatuto da Crian\u00e7a e do Adolescente. O C\u00f3digo Penal prev\u00ea crime para autores de bullying maiores de 18 anos. O menor que pratica o bullying ou o cyberbullying pode ser processado, sendo que este processo \u00e9 encaminhado para a Vara da Inf\u00e2ncia e da Juventude aplicar uma medida definida pelo juiz&#8221;.<\/p>\n\n\n\n<p><strong>Entenda sobre Bullying e Cyberbullying<\/strong><\/p>\n\n\n\n<p><strong>Bullying<\/strong>&nbsp;\u2013 Uma a\u00e7\u00e3o de viol\u00eancia repetida praticada por um agressor ou um grupo deles, com inten\u00e7\u00e3o de causar mal a uma ou mais v\u00edtimas, sem nenhuma motiva\u00e7\u00e3o aparente. Esse comportamento&nbsp;causa dano e humilha\u00e7\u00e3o a quem sofre, e \u00e9 uma das formas de viol\u00eancia que mais cresce no mundo.&nbsp;Pode acontecer em qualquer contexto social, como escolas, universidades, fam\u00edlias, entre vizinhos e em locais de trabalho.<\/p>\n\n\n\n<p><strong>Cyberbullying<\/strong>&nbsp;&#8211; Forma virtual do Bullying que se caracteriza por usar a internet, em m\u00eddias sociais, para a agress\u00e3o. Consegue ser mais violento, pois segue a v\u00edtima para al\u00e9m das paredes de casa, da escola e do trabalho. Mesmo no conforto do lar, a pessoa pode ser alvo de mensagens constrangedoras e amea\u00e7as nas plataformas digitais.<\/p>\n\n\n\n<p><strong><em>Texto: Junior Martins&nbsp;<br>Fotos: Elp\u00eddio J\u00fanior<\/em><\/strong><\/p>\n","protected":false},"excerpt":{"rendered":"<p>O bullying \u00e9 um termo da l\u00edngua inglesa que se refere a todas as formas de atitudes com o objetivo de intimidar ou agredir outra pessoa. J\u00e1 o cyberbullying \u00e9 praticado por meio de ferramentas tecnol\u00f3gicas. Os dois assuntos e suas consequ\u00eancias foram discutidos em audi\u00eancia p\u00fablica, nesta quinte-feira (25), pela Frente Parlamentar em Defesa [&hellip;]<\/p>\n","protected":false},"author":1,"featured_media":0,"comment_status":"open","ping_status":"open","sticky":false,"template":"","format":"standard","meta":{"cybocfi_hide_featured_image":"","_jetpack_memberships_contains_paid_content":false,"footnotes":""},"categories":[1],"tags":[],"class_list":["post-3292","post","type-post","status-publish","format-standard","hentry","category-diversos"],"yoast_head":"<!-- This site is optimized with the Yoast SEO plugin v25.6 - https:\/\/yoast.com\/wordpress\/plugins\/seo\/ -->\n<title>Audi\u00eancia p\u00fablica na C\u00e2mara de Natal debate formas de combater o bullying e o cyberbullying - Blog do Bispo<\/title>\n<meta name=\"robots\" content=\"index, follow, max-snippet:-1, max-image-preview:large, max-video-preview:-1\" \/>\n<link rel=\"canonical\" href=\"https:\/\/blogdobispo.com.br\/?p=3292\" \/>\n<meta property=\"og:locale\" content=\"pt_BR\" \/>\n<meta property=\"og:type\" content=\"article\" \/>\n<meta property=\"og:title\" content=\"Audi\u00eancia p\u00fablica na C\u00e2mara de Natal debate formas de combater o bullying e o cyberbullying - Blog do Bispo\" \/>\n<meta property=\"og:description\" content=\"O bullying \u00e9 um termo da l\u00edngua inglesa que se refere a todas as formas de atitudes com o objetivo de intimidar ou agredir outra pessoa. J\u00e1 o cyberbullying \u00e9 praticado por meio de ferramentas tecnol\u00f3gicas. Os dois assuntos e suas consequ\u00eancias foram discutidos em audi\u00eancia p\u00fablica, nesta quinte-feira (25), pela Frente Parlamentar em Defesa [&hellip;]\" \/>\n<meta property=\"og:url\" content=\"https:\/\/blogdobispo.com.br\/?p=3292\" \/>\n<meta property=\"og:site_name\" content=\"Blog do Bispo\" \/>\n<meta property=\"article:published_time\" content=\"2024-04-26T02:27:27+00:00\" \/>\n<meta property=\"og:image\" content=\"https:\/\/www.cmnat.rn.gov.br\/_ups\/noticias\/2024\/04\/25\/30c46a7c6d4d6f2e5644076b6e8c1c96.jpeg\" \/>\n<meta name=\"author\" content=\"Jefferson Sterfeno\" \/>\n<meta name=\"twitter:card\" content=\"summary_large_image\" \/>\n<meta name=\"twitter:label1\" content=\"Escrito por\" \/>\n\t<meta name=\"twitter:data1\" content=\"Jefferson Sterfeno\" \/>\n\t<meta name=\"twitter:label2\" content=\"Est. tempo de leitura\" \/>\n\t<meta name=\"twitter:data2\" content=\"4 minutos\" \/>\n<script type=\"application\/ld+json\" class=\"yoast-schema-graph\">{\"@context\":\"https:\/\/schema.org\",\"@graph\":[{\"@type\":\"Article\",\"@id\":\"https:\/\/blogdobispo.com.br\/?p=3292#article\",\"isPartOf\":{\"@id\":\"https:\/\/blogdobispo.com.br\/?p=3292\"},\"author\":{\"name\":\"Jefferson Sterfeno\",\"@id\":\"https:\/\/blogdobispo.com.br\/#\/schema\/person\/e2209cc0e6cea5c5233d033e997b373f\"},\"headline\":\"Audi\u00eancia p\u00fablica na C\u00e2mara de Natal debate formas de combater o bullying e o cyberbullying\",\"datePublished\":\"2024-04-26T02:27:27+00:00\",\"mainEntityOfPage\":{\"@id\":\"https:\/\/blogdobispo.com.br\/?p=3292\"},\"wordCount\":747,\"commentCount\":0,\"publisher\":{\"@id\":\"https:\/\/blogdobispo.com.br\/#organization\"},\"image\":{\"@id\":\"https:\/\/blogdobispo.com.br\/?p=3292#primaryimage\"},\"thumbnailUrl\":\"https:\/\/www.cmnat.rn.gov.br\/_ups\/noticias\/2024\/04\/25\/30c46a7c6d4d6f2e5644076b6e8c1c96.jpeg\",\"articleSection\":[\"diversos\"],\"inLanguage\":\"pt-BR\",\"potentialAction\":[{\"@type\":\"CommentAction\",\"name\":\"Comment\",\"target\":[\"https:\/\/blogdobispo.com.br\/?p=3292#respond\"]}]},{\"@type\":\"WebPage\",\"@id\":\"https:\/\/blogdobispo.com.br\/?p=3292\",\"url\":\"https:\/\/blogdobispo.com.br\/?p=3292\",\"name\":\"Audi\u00eancia p\u00fablica na C\u00e2mara de Natal debate formas de combater o bullying e o cyberbullying - Blog do Bispo\",\"isPartOf\":{\"@id\":\"https:\/\/blogdobispo.com.br\/#website\"},\"primaryImageOfPage\":{\"@id\":\"https:\/\/blogdobispo.com.br\/?p=3292#primaryimage\"},\"image\":{\"@id\":\"https:\/\/blogdobispo.com.br\/?p=3292#primaryimage\"},\"thumbnailUrl\":\"https:\/\/www.cmnat.rn.gov.br\/_ups\/noticias\/2024\/04\/25\/30c46a7c6d4d6f2e5644076b6e8c1c96.jpeg\",\"datePublished\":\"2024-04-26T02:27:27+00:00\",\"breadcrumb\":{\"@id\":\"https:\/\/blogdobispo.com.br\/?p=3292#breadcrumb\"},\"inLanguage\":\"pt-BR\",\"potentialAction\":[{\"@type\":\"ReadAction\",\"target\":[\"https:\/\/blogdobispo.com.br\/?p=3292\"]}]},{\"@type\":\"ImageObject\",\"inLanguage\":\"pt-BR\",\"@id\":\"https:\/\/blogdobispo.com.br\/?p=3292#primaryimage\",\"url\":\"https:\/\/www.cmnat.rn.gov.br\/_ups\/noticias\/2024\/04\/25\/30c46a7c6d4d6f2e5644076b6e8c1c96.jpeg\",\"contentUrl\":\"https:\/\/www.cmnat.rn.gov.br\/_ups\/noticias\/2024\/04\/25\/30c46a7c6d4d6f2e5644076b6e8c1c96.jpeg\"},{\"@type\":\"BreadcrumbList\",\"@id\":\"https:\/\/blogdobispo.com.br\/?p=3292#breadcrumb\",\"itemListElement\":[{\"@type\":\"ListItem\",\"position\":1,\"name\":\"In\u00edcio\",\"item\":\"https:\/\/blogdobispo.com.br\/\"},{\"@type\":\"ListItem\",\"position\":2,\"name\":\"Audi\u00eancia p\u00fablica na C\u00e2mara de Natal debate formas de combater o bullying e o cyberbullying\"}]},{\"@type\":\"WebSite\",\"@id\":\"https:\/\/blogdobispo.com.br\/#website\",\"url\":\"https:\/\/blogdobispo.com.br\/\",\"name\":\"Blog do Bispo\",\"description\":\"Comprometido apenas com o leitor\",\"publisher\":{\"@id\":\"https:\/\/blogdobispo.com.br\/#organization\"},\"potentialAction\":[{\"@type\":\"SearchAction\",\"target\":{\"@type\":\"EntryPoint\",\"urlTemplate\":\"https:\/\/blogdobispo.com.br\/?s={search_term_string}\"},\"query-input\":{\"@type\":\"PropertyValueSpecification\",\"valueRequired\":true,\"valueName\":\"search_term_string\"}}],\"inLanguage\":\"pt-BR\"},{\"@type\":\"Organization\",\"@id\":\"https:\/\/blogdobispo.com.br\/#organization\",\"name\":\"Blog do Bispo\",\"url\":\"https:\/\/blogdobispo.com.br\/\",\"logo\":{\"@type\":\"ImageObject\",\"inLanguage\":\"pt-BR\",\"@id\":\"https:\/\/blogdobispo.com.br\/#\/schema\/logo\/image\/\",\"url\":\"http:\/\/blogdobispo.com.br\/wp-content\/uploads\/2023\/05\/cropped-headear.png\",\"contentUrl\":\"http:\/\/blogdobispo.com.br\/wp-content\/uploads\/2023\/05\/cropped-headear.png\",\"width\":1500,\"height\":399,\"caption\":\"Blog do Bispo\"},\"image\":{\"@id\":\"https:\/\/blogdobispo.com.br\/#\/schema\/logo\/image\/\"}},{\"@type\":\"Person\",\"@id\":\"https:\/\/blogdobispo.com.br\/#\/schema\/person\/e2209cc0e6cea5c5233d033e997b373f\",\"name\":\"Jefferson Sterfeno\",\"image\":{\"@type\":\"ImageObject\",\"inLanguage\":\"pt-BR\",\"@id\":\"https:\/\/blogdobispo.com.br\/#\/schema\/person\/image\/\",\"url\":\"https:\/\/secure.gravatar.com\/avatar\/0534e84764641168a677026b6d57a3f51dc7ac4db0b4f6186d9cb330d4ee1160?s=96&d=mm&r=g\",\"contentUrl\":\"https:\/\/secure.gravatar.com\/avatar\/0534e84764641168a677026b6d57a3f51dc7ac4db0b4f6186d9cb330d4ee1160?s=96&d=mm&r=g\",\"caption\":\"Jefferson Sterfeno\"},\"sameAs\":[\"http:\/\/blogdobispo.com.br\"],\"url\":\"https:\/\/blogdobispo.com.br\/?author=1\"}]}<\/script>\n<!-- \/ Yoast SEO plugin. -->","yoast_head_json":{"title":"Audi\u00eancia p\u00fablica na C\u00e2mara de Natal debate formas de combater o bullying e o cyberbullying - Blog do Bispo","robots":{"index":"index","follow":"follow","max-snippet":"max-snippet:-1","max-image-preview":"max-image-preview:large","max-video-preview":"max-video-preview:-1"},"canonical":"https:\/\/blogdobispo.com.br\/?p=3292","og_locale":"pt_BR","og_type":"article","og_title":"Audi\u00eancia p\u00fablica na C\u00e2mara de Natal debate formas de combater o bullying e o cyberbullying - Blog do Bispo","og_description":"O bullying \u00e9 um termo da l\u00edngua inglesa que se refere a todas as formas de atitudes com o objetivo de intimidar ou agredir outra pessoa. J\u00e1 o cyberbullying \u00e9 praticado por meio de ferramentas tecnol\u00f3gicas. Os dois assuntos e suas consequ\u00eancias foram discutidos em audi\u00eancia p\u00fablica, nesta quinte-feira (25), pela Frente Parlamentar em Defesa [&hellip;]","og_url":"https:\/\/blogdobispo.com.br\/?p=3292","og_site_name":"Blog do Bispo","article_published_time":"2024-04-26T02:27:27+00:00","og_image":[{"url":"https:\/\/www.cmnat.rn.gov.br\/_ups\/noticias\/2024\/04\/25\/30c46a7c6d4d6f2e5644076b6e8c1c96.jpeg","type":"","width":"","height":""}],"author":"Jefferson Sterfeno","twitter_card":"summary_large_image","twitter_misc":{"Escrito por":"Jefferson Sterfeno","Est. tempo de leitura":"4 minutos"},"schema":{"@context":"https:\/\/schema.org","@graph":[{"@type":"Article","@id":"https:\/\/blogdobispo.com.br\/?p=3292#article","isPartOf":{"@id":"https:\/\/blogdobispo.com.br\/?p=3292"},"author":{"name":"Jefferson Sterfeno","@id":"https:\/\/blogdobispo.com.br\/#\/schema\/person\/e2209cc0e6cea5c5233d033e997b373f"},"headline":"Audi\u00eancia p\u00fablica na C\u00e2mara de Natal debate formas de combater o bullying e o cyberbullying","datePublished":"2024-04-26T02:27:27+00:00","mainEntityOfPage":{"@id":"https:\/\/blogdobispo.com.br\/?p=3292"},"wordCount":747,"commentCount":0,"publisher":{"@id":"https:\/\/blogdobispo.com.br\/#organization"},"image":{"@id":"https:\/\/blogdobispo.com.br\/?p=3292#primaryimage"},"thumbnailUrl":"https:\/\/www.cmnat.rn.gov.br\/_ups\/noticias\/2024\/04\/25\/30c46a7c6d4d6f2e5644076b6e8c1c96.jpeg","articleSection":["diversos"],"inLanguage":"pt-BR","potentialAction":[{"@type":"CommentAction","name":"Comment","target":["https:\/\/blogdobispo.com.br\/?p=3292#respond"]}]},{"@type":"WebPage","@id":"https:\/\/blogdobispo.com.br\/?p=3292","url":"https:\/\/blogdobispo.com.br\/?p=3292","name":"Audi\u00eancia p\u00fablica na C\u00e2mara de Natal debate formas de combater o bullying e o cyberbullying - Blog do Bispo","isPartOf":{"@id":"https:\/\/blogdobispo.com.br\/#website"},"primaryImageOfPage":{"@id":"https:\/\/blogdobispo.com.br\/?p=3292#primaryimage"},"image":{"@id":"https:\/\/blogdobispo.com.br\/?p=3292#primaryimage"},"thumbnailUrl":"https:\/\/www.cmnat.rn.gov.br\/_ups\/noticias\/2024\/04\/25\/30c46a7c6d4d6f2e5644076b6e8c1c96.jpeg","datePublished":"2024-04-26T02:27:27+00:00","breadcrumb":{"@id":"https:\/\/blogdobispo.com.br\/?p=3292#breadcrumb"},"inLanguage":"pt-BR","potentialAction":[{"@type":"ReadAction","target":["https:\/\/blogdobispo.com.br\/?p=3292"]}]},{"@type":"ImageObject","inLanguage":"pt-BR","@id":"https:\/\/blogdobispo.com.br\/?p=3292#primaryimage","url":"https:\/\/www.cmnat.rn.gov.br\/_ups\/noticias\/2024\/04\/25\/30c46a7c6d4d6f2e5644076b6e8c1c96.jpeg","contentUrl":"https:\/\/www.cmnat.rn.gov.br\/_ups\/noticias\/2024\/04\/25\/30c46a7c6d4d6f2e5644076b6e8c1c96.jpeg"},{"@type":"BreadcrumbList","@id":"https:\/\/blogdobispo.com.br\/?p=3292#breadcrumb","itemListElement":[{"@type":"ListItem","position":1,"name":"In\u00edcio","item":"https:\/\/blogdobispo.com.br\/"},{"@type":"ListItem","position":2,"name":"Audi\u00eancia p\u00fablica na C\u00e2mara de Natal debate formas de combater o bullying e o cyberbullying"}]},{"@type":"WebSite","@id":"https:\/\/blogdobispo.com.br\/#website","url":"https:\/\/blogdobispo.com.br\/","name":"Blog do Bispo","description":"Comprometido apenas com o leitor","publisher":{"@id":"https:\/\/blogdobispo.com.br\/#organization"},"potentialAction":[{"@type":"SearchAction","target":{"@type":"EntryPoint","urlTemplate":"https:\/\/blogdobispo.com.br\/?s={search_term_string}"},"query-input":{"@type":"PropertyValueSpecification","valueRequired":true,"valueName":"search_term_string"}}],"inLanguage":"pt-BR"},{"@type":"Organization","@id":"https:\/\/blogdobispo.com.br\/#organization","name":"Blog do Bispo","url":"https:\/\/blogdobispo.com.br\/","logo":{"@type":"ImageObject","inLanguage":"pt-BR","@id":"https:\/\/blogdobispo.com.br\/#\/schema\/logo\/image\/","url":"http:\/\/blogdobispo.com.br\/wp-content\/uploads\/2023\/05\/cropped-headear.png","contentUrl":"http:\/\/blogdobispo.com.br\/wp-content\/uploads\/2023\/05\/cropped-headear.png","width":1500,"height":399,"caption":"Blog do Bispo"},"image":{"@id":"https:\/\/blogdobispo.com.br\/#\/schema\/logo\/image\/"}},{"@type":"Person","@id":"https:\/\/blogdobispo.com.br\/#\/schema\/person\/e2209cc0e6cea5c5233d033e997b373f","name":"Jefferson Sterfeno","image":{"@type":"ImageObject","inLanguage":"pt-BR","@id":"https:\/\/blogdobispo.com.br\/#\/schema\/person\/image\/","url":"https:\/\/secure.gravatar.com\/avatar\/0534e84764641168a677026b6d57a3f51dc7ac4db0b4f6186d9cb330d4ee1160?s=96&d=mm&r=g","contentUrl":"https:\/\/secure.gravatar.com\/avatar\/0534e84764641168a677026b6d57a3f51dc7ac4db0b4f6186d9cb330d4ee1160?s=96&d=mm&r=g","caption":"Jefferson Sterfeno"},"sameAs":["http:\/\/blogdobispo.com.br"],"url":"https:\/\/blogdobispo.com.br\/?author=1"}]}},"featured_image_urls":{"full":"","thumbnail":"","medium":"","medium_large":"","large":"","1536x1536":"","2048x2048":""},"author_info":{"display_name":"Jefferson Sterfeno","author_link":"https:\/\/blogdobispo.com.br\/?author=1"},"category_info":"<a href=\"https:\/\/blogdobispo.com.br\/?cat=1\" rel=\"category\">diversos<\/a>","tag_info":"diversos","comment_count":"0","jetpack_featured_media_url":"","jetpack_sharing_enabled":true,"_links":{"self":[{"href":"https:\/\/blogdobispo.com.br\/index.php?rest_route=\/wp\/v2\/posts\/3292","targetHints":{"allow":["GET"]}}],"collection":[{"href":"https:\/\/blogdobispo.com.br\/index.php?rest_route=\/wp\/v2\/posts"}],"about":[{"href":"https:\/\/blogdobispo.com.br\/index.php?rest_route=\/wp\/v2\/types\/post"}],"author":[{"embeddable":true,"href":"https:\/\/blogdobispo.com.br\/index.php?rest_route=\/wp\/v2\/users\/1"}],"replies":[{"embeddable":true,"href":"https:\/\/blogdobispo.com.br\/index.php?rest_route=%2Fwp%2Fv2%2Fcomments&post=3292"}],"version-history":[{"count":0,"href":"https:\/\/blogdobispo.com.br\/index.php?rest_route=\/wp\/v2\/posts\/3292\/revisions"}],"wp:attachment":[{"href":"https:\/\/blogdobispo.com.br\/index.php?rest_route=%2Fwp%2Fv2%2Fmedia&parent=3292"}],"wp:term":[{"taxonomy":"category","embeddable":true,"href":"https:\/\/blogdobispo.com.br\/index.php?rest_route=%2Fwp%2Fv2%2Fcategories&post=3292"},{"taxonomy":"post_tag","embeddable":true,"href":"https:\/\/blogdobispo.com.br\/index.php?rest_route=%2Fwp%2Fv2%2Ftags&post=3292"}],"curies":[{"name":"wp","href":"https:\/\/api.w.org\/{rel}","templated":true}]}}