{"id":3291,"date":"2024-04-25T20:37:07","date_gmt":"2024-04-25T20:37:07","guid":{"rendered":"https:\/\/blogdobispo.com.br\/?p=3291"},"modified":"2024-04-25T20:37:07","modified_gmt":"2024-04-25T20:37:07","slug":"prefeito-alvaro-dias-acompanha-avanco-nos-servicos-de-construcao-do-hospital-municipal-de-natal","status":"publish","type":"post","link":"https:\/\/blogdobispo.com.br\/?p=3291","title":{"rendered":"Prefeito \u00c1lvaro Dias acompanha avan\u00e7o nos&nbsp;servi\u00e7os de constru\u00e7\u00e3o do Hospital Municipal de Natal"},"content":{"rendered":"\n<figure class=\"wp-block-image size-large\"><img data-recalc-dims=\"1\" fetchpriority=\"high\" decoding=\"async\" width=\"800\" height=\"533\" src=\"https:\/\/i0.wp.com\/blogdobispo.com.br\/wp-content\/uploads\/2024\/04\/visita-as-obras-do-hospital-municipal-foto-joana-lima-1024x682.jpg?resize=800%2C533&#038;ssl=1\" class=\"wp-image-3290\" srcset=\"https:\/\/i0.wp.com\/blogdobispo.com.br\/wp-content\/uploads\/2024\/04\/visita-as-obras-do-hospital-municipal-foto-joana-lima.jpg?resize=1024%2C682&amp;ssl=1 1024w, https:\/\/i0.wp.com\/blogdobispo.com.br\/wp-content\/uploads\/2024\/04\/visita-as-obras-do-hospital-municipal-foto-joana-lima.jpg?resize=300%2C200&amp;ssl=1 300w, https:\/\/i0.wp.com\/blogdobispo.com.br\/wp-content\/uploads\/2024\/04\/visita-as-obras-do-hospital-municipal-foto-joana-lima.jpg?resize=768%2C512&amp;ssl=1 768w, https:\/\/i0.wp.com\/blogdobispo.com.br\/wp-content\/uploads\/2024\/04\/visita-as-obras-do-hospital-municipal-foto-joana-lima.jpg?w=1280&amp;ssl=1 1280w\" sizes=\"(max-width: 800px) 100vw, 800px\" \/><\/figure>\n\n\n\n<p><strong>&nbsp;<\/strong><\/p>\n\n\n\n<p>As obras do Hospital Municipal de Natal est\u00e3o avan\u00e7ando a cada dia e o&nbsp;projeto, que representa o maior investimento na \u00e1rea da sa\u00fade da hist\u00f3ria da&nbsp;cidade, vai se materializando para ser entregue a popula\u00e7\u00e3o. O prefeito de&nbsp;Natal, \u00c1lvaro Dias, visitou o local na tarde desta ter\u00e7a-feira (23) ao lado do&nbsp;secret\u00e1rio municipal de Sa\u00fade, Ad\u00edlson Boldo, para acompanhar o andamento&nbsp;dos servi\u00e7os. A obra est\u00e1 dividida em etapas, que acontecem paralelamente. &nbsp;<\/p>\n\n\n\n<p>A primeira parte da obra \u00e9 a que est\u00e1 mais avan\u00e7ada. S\u00e3o dois pavimentos&nbsp;onde ser\u00e3o instalados leitos de enfermaria e UTIs. A chamada pelos t\u00e9cnicos&nbsp;ala intermedi\u00e1ria tamb\u00e9m j\u00e1 iniciou as funda\u00e7\u00f5es. Al\u00e9m dos leitos para&nbsp;internamento, o complexo hospitalar quando estiver conclu\u00eddo contar\u00e1 com&nbsp;centro de diagn\u00f3stico de imagens e laborat\u00f3rio de an\u00e1lises cl\u00ednicas. &nbsp;<\/p>\n\n\n\n<p>\u201cEssa \u00e9 uma obra de larga import\u00e2ncia para a cidade. Estamos falando de um&nbsp;complexo hospitalar que vai oferecer um servi\u00e7o de excel\u00eancia amplo e com&nbsp;v\u00e1rias especialidades aos usu\u00e1rios do sistema de sa\u00fade da rede p\u00fablica&nbsp;municipal. Como cidad\u00e3o, prefeito e m\u00e9dico, estou realizado, pois estamos&nbsp;vivenciando um momento hist\u00f3rico com a emin\u00eancia de entregar o hospital\u201d,&nbsp;disse o prefeito \u00c1lvaro Dias.&nbsp;<\/p>\n\n\n\n<p>O hospital ir\u00e1 concentrar boa parte dos servi\u00e7os prestados hoje em unidades&nbsp;que funcionam em pr\u00e9dios alugados e est\u00e1 sendo erguido na avenida Omar&nbsp;O\u2019Grady, no bairro Pitimbu, em frente \u00e0 Unidade de Pronto Atendimento (UPA)&nbsp;de Cidade Sat\u00e9lite. &nbsp;&nbsp;<\/p>\n\n\n\n<p>Dentro do bloco log\u00edstico, est\u00e3o contemplados setores como almoxarifado,&nbsp;CAF (Central de Abastecimento Farmac\u00eautico), farm\u00e1cia central, cozinha,&nbsp;lact\u00e1rio\/enteral, refeit\u00f3rio, Central de Material e Esteriliza\u00e7\u00e3o. Al\u00e9m disso, a&nbsp;primeira etapa abranger\u00e1 a \u00e1rea administrativa e disponibilizar\u00e1 vesti\u00e1rios,&nbsp;sanit\u00e1rios e alojamentos para os funcion\u00e1rios.&nbsp;<\/p>\n\n\n\n<p>Quando estiver finalizado, o Hospital Municipal vai contemplar diversas&nbsp;especialidades, dentre elas ginecologia, obstetr\u00edcia, atendimento neonatal,&nbsp;Centro Cir\u00fargico e de Diagn\u00f3stico. Na totalidade, ser\u00e3o 266 leitos de&nbsp;interna\u00e7\u00e3o, sendo 40 de UTIs divididos entre UTI adulta geral (20), neonatal&nbsp;(10) e pedi\u00e1trica (10), al\u00e9m de leitos espec\u00edficos classificados como PPP \u2013 para&nbsp;pacientes de pr\u00e9-parto, parto e p\u00f3s-parto (10). &nbsp;<\/p>\n\n\n\n<hr class=\"wp-block-separator has-alpha-channel-opacity\"\/>\n\n\n\n<p>2 \/ 2<\/p>\n\n\n\n<p>As linhas de aten\u00e7\u00e3o planejadas para o hospital preveem atendimentos&nbsp;referenciados a pacientes adultos cl\u00ednicos para interna\u00e7\u00e3o hospitalar e&nbsp;cir\u00fargicos para cirurgias programadas (eletivas), al\u00e9m de atendimento de&nbsp;urg\u00eancia 24h em ginecologia e obstetr\u00edcia de risco habitual e alto risco.&nbsp;<\/p>\n","protected":false},"excerpt":{"rendered":"<p>&nbsp; As obras do Hospital Municipal de Natal est\u00e3o avan\u00e7ando a cada dia e o&nbsp;projeto, que representa o maior investimento na \u00e1rea da sa\u00fade da hist\u00f3ria da&nbsp;cidade, vai se materializando para ser entregue a popula\u00e7\u00e3o. O prefeito de&nbsp;Natal, \u00c1lvaro Dias, visitou o local na tarde desta ter\u00e7a-feira (23) ao lado do&nbsp;secret\u00e1rio municipal de Sa\u00fade, Ad\u00edlson [&hellip;]<\/p>\n","protected":false},"author":1,"featured_media":0,"comment_status":"open","ping_status":"open","sticky":false,"template":"","format":"standard","meta":{"cybocfi_hide_featured_image":"","_jetpack_memberships_contains_paid_content":false,"footnotes":""},"categories":[1],"tags":[],"class_list":["post-3291","post","type-post","status-publish","format-standard","hentry","category-diversos"],"yoast_head":"<!-- This site is optimized with the Yoast SEO plugin v25.6 - https:\/\/yoast.com\/wordpress\/plugins\/seo\/ -->\n<title>Prefeito \u00c1lvaro Dias acompanha avan\u00e7o nos&nbsp;servi\u00e7os de constru\u00e7\u00e3o do Hospital Municipal de Natal - Blog do Bispo<\/title>\n<meta name=\"robots\" content=\"index, follow, max-snippet:-1, max-image-preview:large, max-video-preview:-1\" \/>\n<link rel=\"canonical\" href=\"https:\/\/blogdobispo.com.br\/?p=3291\" \/>\n<meta property=\"og:locale\" content=\"pt_BR\" \/>\n<meta property=\"og:type\" content=\"article\" \/>\n<meta property=\"og:title\" content=\"Prefeito \u00c1lvaro Dias acompanha avan\u00e7o nos&nbsp;servi\u00e7os de constru\u00e7\u00e3o do Hospital Municipal de Natal - Blog do Bispo\" \/>\n<meta property=\"og:description\" content=\"&nbsp; As obras do Hospital Municipal de Natal est\u00e3o avan\u00e7ando a cada dia e o&nbsp;projeto, que representa o maior investimento na \u00e1rea da sa\u00fade da hist\u00f3ria da&nbsp;cidade, vai se materializando para ser entregue a popula\u00e7\u00e3o. O prefeito de&nbsp;Natal, \u00c1lvaro Dias, visitou o local na tarde desta ter\u00e7a-feira (23) ao lado do&nbsp;secret\u00e1rio municipal de Sa\u00fade, Ad\u00edlson [&hellip;]\" \/>\n<meta property=\"og:url\" content=\"https:\/\/blogdobispo.com.br\/?p=3291\" \/>\n<meta property=\"og:site_name\" content=\"Blog do Bispo\" \/>\n<meta property=\"article:published_time\" content=\"2024-04-25T20:37:07+00:00\" \/>\n<meta property=\"og:image\" content=\"https:\/\/blogdobispo.com.br\/wp-content\/uploads\/2024\/04\/visita-as-obras-do-hospital-municipal-foto-joana-lima-1024x682.jpg\" \/>\n<meta name=\"author\" content=\"Jefferson Sterfeno\" \/>\n<meta name=\"twitter:card\" content=\"summary_large_image\" \/>\n<meta name=\"twitter:label1\" content=\"Escrito por\" \/>\n\t<meta name=\"twitter:data1\" content=\"Jefferson Sterfeno\" \/>\n\t<meta name=\"twitter:label2\" content=\"Est. tempo de leitura\" \/>\n\t<meta name=\"twitter:data2\" content=\"2 minutos\" \/>\n<script type=\"application\/ld+json\" class=\"yoast-schema-graph\">{\"@context\":\"https:\/\/schema.org\",\"@graph\":[{\"@type\":\"Article\",\"@id\":\"https:\/\/blogdobispo.com.br\/?p=3291#article\",\"isPartOf\":{\"@id\":\"https:\/\/blogdobispo.com.br\/?p=3291\"},\"author\":{\"name\":\"Jefferson Sterfeno\",\"@id\":\"https:\/\/blogdobispo.com.br\/#\/schema\/person\/e2209cc0e6cea5c5233d033e997b373f\"},\"headline\":\"Prefeito \u00c1lvaro Dias acompanha avan\u00e7o nos&nbsp;servi\u00e7os de constru\u00e7\u00e3o do Hospital Municipal de Natal\",\"datePublished\":\"2024-04-25T20:37:07+00:00\",\"mainEntityOfPage\":{\"@id\":\"https:\/\/blogdobispo.com.br\/?p=3291\"},\"wordCount\":485,\"commentCount\":0,\"publisher\":{\"@id\":\"https:\/\/blogdobispo.com.br\/#organization\"},\"image\":{\"@id\":\"https:\/\/blogdobispo.com.br\/?p=3291#primaryimage\"},\"thumbnailUrl\":\"https:\/\/blogdobispo.com.br\/wp-content\/uploads\/2024\/04\/visita-as-obras-do-hospital-municipal-foto-joana-lima-1024x682.jpg\",\"articleSection\":[\"diversos\"],\"inLanguage\":\"pt-BR\",\"potentialAction\":[{\"@type\":\"CommentAction\",\"name\":\"Comment\",\"target\":[\"https:\/\/blogdobispo.com.br\/?p=3291#respond\"]}]},{\"@type\":\"WebPage\",\"@id\":\"https:\/\/blogdobispo.com.br\/?p=3291\",\"url\":\"https:\/\/blogdobispo.com.br\/?p=3291\",\"name\":\"Prefeito \u00c1lvaro Dias acompanha avan\u00e7o nos&nbsp;servi\u00e7os de constru\u00e7\u00e3o do Hospital Municipal de Natal - Blog do Bispo\",\"isPartOf\":{\"@id\":\"https:\/\/blogdobispo.com.br\/#website\"},\"primaryImageOfPage\":{\"@id\":\"https:\/\/blogdobispo.com.br\/?p=3291#primaryimage\"},\"image\":{\"@id\":\"https:\/\/blogdobispo.com.br\/?p=3291#primaryimage\"},\"thumbnailUrl\":\"https:\/\/blogdobispo.com.br\/wp-content\/uploads\/2024\/04\/visita-as-obras-do-hospital-municipal-foto-joana-lima-1024x682.jpg\",\"datePublished\":\"2024-04-25T20:37:07+00:00\",\"breadcrumb\":{\"@id\":\"https:\/\/blogdobispo.com.br\/?p=3291#breadcrumb\"},\"inLanguage\":\"pt-BR\",\"potentialAction\":[{\"@type\":\"ReadAction\",\"target\":[\"https:\/\/blogdobispo.com.br\/?p=3291\"]}]},{\"@type\":\"ImageObject\",\"inLanguage\":\"pt-BR\",\"@id\":\"https:\/\/blogdobispo.com.br\/?p=3291#primaryimage\",\"url\":\"https:\/\/blogdobispo.com.br\/wp-content\/uploads\/2024\/04\/visita-as-obras-do-hospital-municipal-foto-joana-lima-1024x682.jpg\",\"contentUrl\":\"https:\/\/blogdobispo.com.br\/wp-content\/uploads\/2024\/04\/visita-as-obras-do-hospital-municipal-foto-joana-lima-1024x682.jpg\"},{\"@type\":\"BreadcrumbList\",\"@id\":\"https:\/\/blogdobispo.com.br\/?p=3291#breadcrumb\",\"itemListElement\":[{\"@type\":\"ListItem\",\"position\":1,\"name\":\"In\u00edcio\",\"item\":\"https:\/\/blogdobispo.com.br\/\"},{\"@type\":\"ListItem\",\"position\":2,\"name\":\"Prefeito \u00c1lvaro Dias acompanha avan\u00e7o nos&nbsp;servi\u00e7os de constru\u00e7\u00e3o do Hospital Municipal de Natal\"}]},{\"@type\":\"WebSite\",\"@id\":\"https:\/\/blogdobispo.com.br\/#website\",\"url\":\"https:\/\/blogdobispo.com.br\/\",\"name\":\"Blog do Bispo\",\"description\":\"Comprometido apenas com o leitor\",\"publisher\":{\"@id\":\"https:\/\/blogdobispo.com.br\/#organization\"},\"potentialAction\":[{\"@type\":\"SearchAction\",\"target\":{\"@type\":\"EntryPoint\",\"urlTemplate\":\"https:\/\/blogdobispo.com.br\/?s={search_term_string}\"},\"query-input\":{\"@type\":\"PropertyValueSpecification\",\"valueRequired\":true,\"valueName\":\"search_term_string\"}}],\"inLanguage\":\"pt-BR\"},{\"@type\":\"Organization\",\"@id\":\"https:\/\/blogdobispo.com.br\/#organization\",\"name\":\"Blog do Bispo\",\"url\":\"https:\/\/blogdobispo.com.br\/\",\"logo\":{\"@type\":\"ImageObject\",\"inLanguage\":\"pt-BR\",\"@id\":\"https:\/\/blogdobispo.com.br\/#\/schema\/logo\/image\/\",\"url\":\"http:\/\/blogdobispo.com.br\/wp-content\/uploads\/2023\/05\/cropped-headear.png\",\"contentUrl\":\"http:\/\/blogdobispo.com.br\/wp-content\/uploads\/2023\/05\/cropped-headear.png\",\"width\":1500,\"height\":399,\"caption\":\"Blog do Bispo\"},\"image\":{\"@id\":\"https:\/\/blogdobispo.com.br\/#\/schema\/logo\/image\/\"}},{\"@type\":\"Person\",\"@id\":\"https:\/\/blogdobispo.com.br\/#\/schema\/person\/e2209cc0e6cea5c5233d033e997b373f\",\"name\":\"Jefferson Sterfeno\",\"image\":{\"@type\":\"ImageObject\",\"inLanguage\":\"pt-BR\",\"@id\":\"https:\/\/blogdobispo.com.br\/#\/schema\/person\/image\/\",\"url\":\"https:\/\/secure.gravatar.com\/avatar\/0534e84764641168a677026b6d57a3f51dc7ac4db0b4f6186d9cb330d4ee1160?s=96&d=mm&r=g\",\"contentUrl\":\"https:\/\/secure.gravatar.com\/avatar\/0534e84764641168a677026b6d57a3f51dc7ac4db0b4f6186d9cb330d4ee1160?s=96&d=mm&r=g\",\"caption\":\"Jefferson Sterfeno\"},\"sameAs\":[\"http:\/\/blogdobispo.com.br\"],\"url\":\"https:\/\/blogdobispo.com.br\/?author=1\"}]}<\/script>\n<!-- \/ Yoast SEO plugin. -->","yoast_head_json":{"title":"Prefeito \u00c1lvaro Dias acompanha avan\u00e7o nos&nbsp;servi\u00e7os de constru\u00e7\u00e3o do Hospital Municipal de Natal - Blog do Bispo","robots":{"index":"index","follow":"follow","max-snippet":"max-snippet:-1","max-image-preview":"max-image-preview:large","max-video-preview":"max-video-preview:-1"},"canonical":"https:\/\/blogdobispo.com.br\/?p=3291","og_locale":"pt_BR","og_type":"article","og_title":"Prefeito \u00c1lvaro Dias acompanha avan\u00e7o nos&nbsp;servi\u00e7os de constru\u00e7\u00e3o do Hospital Municipal de Natal - Blog do Bispo","og_description":"&nbsp; As obras do Hospital Municipal de Natal est\u00e3o avan\u00e7ando a cada dia e o&nbsp;projeto, que representa o maior investimento na \u00e1rea da sa\u00fade da hist\u00f3ria da&nbsp;cidade, vai se materializando para ser entregue a popula\u00e7\u00e3o. O prefeito de&nbsp;Natal, \u00c1lvaro Dias, visitou o local na tarde desta ter\u00e7a-feira (23) ao lado do&nbsp;secret\u00e1rio municipal de Sa\u00fade, Ad\u00edlson [&hellip;]","og_url":"https:\/\/blogdobispo.com.br\/?p=3291","og_site_name":"Blog do Bispo","article_published_time":"2024-04-25T20:37:07+00:00","og_image":[{"url":"https:\/\/blogdobispo.com.br\/wp-content\/uploads\/2024\/04\/visita-as-obras-do-hospital-municipal-foto-joana-lima-1024x682.jpg","type":"","width":"","height":""}],"author":"Jefferson Sterfeno","twitter_card":"summary_large_image","twitter_misc":{"Escrito por":"Jefferson Sterfeno","Est. tempo de leitura":"2 minutos"},"schema":{"@context":"https:\/\/schema.org","@graph":[{"@type":"Article","@id":"https:\/\/blogdobispo.com.br\/?p=3291#article","isPartOf":{"@id":"https:\/\/blogdobispo.com.br\/?p=3291"},"author":{"name":"Jefferson Sterfeno","@id":"https:\/\/blogdobispo.com.br\/#\/schema\/person\/e2209cc0e6cea5c5233d033e997b373f"},"headline":"Prefeito \u00c1lvaro Dias acompanha avan\u00e7o nos&nbsp;servi\u00e7os de constru\u00e7\u00e3o do Hospital Municipal de Natal","datePublished":"2024-04-25T20:37:07+00:00","mainEntityOfPage":{"@id":"https:\/\/blogdobispo.com.br\/?p=3291"},"wordCount":485,"commentCount":0,"publisher":{"@id":"https:\/\/blogdobispo.com.br\/#organization"},"image":{"@id":"https:\/\/blogdobispo.com.br\/?p=3291#primaryimage"},"thumbnailUrl":"https:\/\/blogdobispo.com.br\/wp-content\/uploads\/2024\/04\/visita-as-obras-do-hospital-municipal-foto-joana-lima-1024x682.jpg","articleSection":["diversos"],"inLanguage":"pt-BR","potentialAction":[{"@type":"CommentAction","name":"Comment","target":["https:\/\/blogdobispo.com.br\/?p=3291#respond"]}]},{"@type":"WebPage","@id":"https:\/\/blogdobispo.com.br\/?p=3291","url":"https:\/\/blogdobispo.com.br\/?p=3291","name":"Prefeito \u00c1lvaro Dias acompanha avan\u00e7o nos&nbsp;servi\u00e7os de constru\u00e7\u00e3o do Hospital Municipal de Natal - Blog do Bispo","isPartOf":{"@id":"https:\/\/blogdobispo.com.br\/#website"},"primaryImageOfPage":{"@id":"https:\/\/blogdobispo.com.br\/?p=3291#primaryimage"},"image":{"@id":"https:\/\/blogdobispo.com.br\/?p=3291#primaryimage"},"thumbnailUrl":"https:\/\/blogdobispo.com.br\/wp-content\/uploads\/2024\/04\/visita-as-obras-do-hospital-municipal-foto-joana-lima-1024x682.jpg","datePublished":"2024-04-25T20:37:07+00:00","breadcrumb":{"@id":"https:\/\/blogdobispo.com.br\/?p=3291#breadcrumb"},"inLanguage":"pt-BR","potentialAction":[{"@type":"ReadAction","target":["https:\/\/blogdobispo.com.br\/?p=3291"]}]},{"@type":"ImageObject","inLanguage":"pt-BR","@id":"https:\/\/blogdobispo.com.br\/?p=3291#primaryimage","url":"https:\/\/blogdobispo.com.br\/wp-content\/uploads\/2024\/04\/visita-as-obras-do-hospital-municipal-foto-joana-lima-1024x682.jpg","contentUrl":"https:\/\/blogdobispo.com.br\/wp-content\/uploads\/2024\/04\/visita-as-obras-do-hospital-municipal-foto-joana-lima-1024x682.jpg"},{"@type":"BreadcrumbList","@id":"https:\/\/blogdobispo.com.br\/?p=3291#breadcrumb","itemListElement":[{"@type":"ListItem","position":1,"name":"In\u00edcio","item":"https:\/\/blogdobispo.com.br\/"},{"@type":"ListItem","position":2,"name":"Prefeito \u00c1lvaro Dias acompanha avan\u00e7o nos&nbsp;servi\u00e7os de constru\u00e7\u00e3o do Hospital Municipal de Natal"}]},{"@type":"WebSite","@id":"https:\/\/blogdobispo.com.br\/#website","url":"https:\/\/blogdobispo.com.br\/","name":"Blog do Bispo","description":"Comprometido apenas com o leitor","publisher":{"@id":"https:\/\/blogdobispo.com.br\/#organization"},"potentialAction":[{"@type":"SearchAction","target":{"@type":"EntryPoint","urlTemplate":"https:\/\/blogdobispo.com.br\/?s={search_term_string}"},"query-input":{"@type":"PropertyValueSpecification","valueRequired":true,"valueName":"search_term_string"}}],"inLanguage":"pt-BR"},{"@type":"Organization","@id":"https:\/\/blogdobispo.com.br\/#organization","name":"Blog do Bispo","url":"https:\/\/blogdobispo.com.br\/","logo":{"@type":"ImageObject","inLanguage":"pt-BR","@id":"https:\/\/blogdobispo.com.br\/#\/schema\/logo\/image\/","url":"http:\/\/blogdobispo.com.br\/wp-content\/uploads\/2023\/05\/cropped-headear.png","contentUrl":"http:\/\/blogdobispo.com.br\/wp-content\/uploads\/2023\/05\/cropped-headear.png","width":1500,"height":399,"caption":"Blog do Bispo"},"image":{"@id":"https:\/\/blogdobispo.com.br\/#\/schema\/logo\/image\/"}},{"@type":"Person","@id":"https:\/\/blogdobispo.com.br\/#\/schema\/person\/e2209cc0e6cea5c5233d033e997b373f","name":"Jefferson Sterfeno","image":{"@type":"ImageObject","inLanguage":"pt-BR","@id":"https:\/\/blogdobispo.com.br\/#\/schema\/person\/image\/","url":"https:\/\/secure.gravatar.com\/avatar\/0534e84764641168a677026b6d57a3f51dc7ac4db0b4f6186d9cb330d4ee1160?s=96&d=mm&r=g","contentUrl":"https:\/\/secure.gravatar.com\/avatar\/0534e84764641168a677026b6d57a3f51dc7ac4db0b4f6186d9cb330d4ee1160?s=96&d=mm&r=g","caption":"Jefferson Sterfeno"},"sameAs":["http:\/\/blogdobispo.com.br"],"url":"https:\/\/blogdobispo.com.br\/?author=1"}]}},"featured_image_urls":{"full":"","thumbnail":"","medium":"","medium_large":"","large":"","1536x1536":"","2048x2048":""},"author_info":{"display_name":"Jefferson Sterfeno","author_link":"https:\/\/blogdobispo.com.br\/?author=1"},"category_info":"<a href=\"https:\/\/blogdobispo.com.br\/?cat=1\" rel=\"category\">diversos<\/a>","tag_info":"diversos","comment_count":"0","jetpack_featured_media_url":"","jetpack_sharing_enabled":true,"_links":{"self":[{"href":"https:\/\/blogdobispo.com.br\/index.php?rest_route=\/wp\/v2\/posts\/3291","targetHints":{"allow":["GET"]}}],"collection":[{"href":"https:\/\/blogdobispo.com.br\/index.php?rest_route=\/wp\/v2\/posts"}],"about":[{"href":"https:\/\/blogdobispo.com.br\/index.php?rest_route=\/wp\/v2\/types\/post"}],"author":[{"embeddable":true,"href":"https:\/\/blogdobispo.com.br\/index.php?rest_route=\/wp\/v2\/users\/1"}],"replies":[{"embeddable":true,"href":"https:\/\/blogdobispo.com.br\/index.php?rest_route=%2Fwp%2Fv2%2Fcomments&post=3291"}],"version-history":[{"count":0,"href":"https:\/\/blogdobispo.com.br\/index.php?rest_route=\/wp\/v2\/posts\/3291\/revisions"}],"wp:attachment":[{"href":"https:\/\/blogdobispo.com.br\/index.php?rest_route=%2Fwp%2Fv2%2Fmedia&parent=3291"}],"wp:term":[{"taxonomy":"category","embeddable":true,"href":"https:\/\/blogdobispo.com.br\/index.php?rest_route=%2Fwp%2Fv2%2Fcategories&post=3291"},{"taxonomy":"post_tag","embeddable":true,"href":"https:\/\/blogdobispo.com.br\/index.php?rest_route=%2Fwp%2Fv2%2Ftags&post=3291"}],"curies":[{"name":"wp","href":"https:\/\/api.w.org\/{rel}","templated":true}]}}