{"id":3289,"date":"2024-04-25T04:30:36","date_gmt":"2024-04-25T04:30:36","guid":{"rendered":"https:\/\/blogdobispo.com.br\/?p=3289"},"modified":"2024-04-25T04:30:36","modified_gmt":"2024-04-25T04:30:36","slug":"prefeito-eraldo-discute-avancos-do-projeto-de-novos-480-apartamentos-minha-casa-minha-vida-junto-a-caixa-em-recife","status":"publish","type":"post","link":"https:\/\/blogdobispo.com.br\/?p=3289","title":{"rendered":"Prefeito Eraldo discute avan\u00e7os do projeto de novos 480 apartamentos &#8220;Minha Casa Minha Vida&#8221; junto \u00e0 Caixa, em Recife"},"content":{"rendered":"\n<figure class=\"wp-block-image size-large\"><img data-recalc-dims=\"1\" fetchpriority=\"high\" decoding=\"async\" width=\"800\" height=\"533\" src=\"https:\/\/i0.wp.com\/blogdobispo.com.br\/wp-content\/uploads\/2024\/04\/6ce2cad4-c753-401e-a3c1-84eabf1443a5-1-1-1024x682.jpg?resize=800%2C533&#038;ssl=1\" class=\"wp-image-3288\" srcset=\"https:\/\/i0.wp.com\/blogdobispo.com.br\/wp-content\/uploads\/2024\/04\/6ce2cad4-c753-401e-a3c1-84eabf1443a5-1-1.jpg?resize=1024%2C682&amp;ssl=1 1024w, https:\/\/i0.wp.com\/blogdobispo.com.br\/wp-content\/uploads\/2024\/04\/6ce2cad4-c753-401e-a3c1-84eabf1443a5-1-1.jpg?resize=300%2C200&amp;ssl=1 300w, https:\/\/i0.wp.com\/blogdobispo.com.br\/wp-content\/uploads\/2024\/04\/6ce2cad4-c753-401e-a3c1-84eabf1443a5-1-1.jpg?resize=768%2C512&amp;ssl=1 768w, https:\/\/i0.wp.com\/blogdobispo.com.br\/wp-content\/uploads\/2024\/04\/6ce2cad4-c753-401e-a3c1-84eabf1443a5-1-1.jpg?resize=1536%2C1023&amp;ssl=1 1536w, https:\/\/i0.wp.com\/blogdobispo.com.br\/wp-content\/uploads\/2024\/04\/6ce2cad4-c753-401e-a3c1-84eabf1443a5-1-1.jpg?w=1600&amp;ssl=1 1600w\" sizes=\"(max-width: 800px) 100vw, 800px\" \/><\/figure>\n\n\n\n<p><\/p>\n\n\n\n<p>O prefeito de S\u00e3o Gon\u00e7alo do Amarante, Eraldo Paiva, acompanhado por autoridades municipais e representantes da construtora 2MS, participou de uma reuni\u00e3o na Centralizadora Regional de Habita\u00e7\u00e3o (CIHAR), sede da Caixa Econ\u00f4mica em Recife &#8211; PE. O encontro teve como foco discutir o andamento do projeto &#8220;Minha Casa Minha Vida&#8221;, no qual S\u00e3o Gon\u00e7alo do Amarante foi agraciada com a inclus\u00e3o de 480 novas unidades habitacionais.<\/p>\n\n\n\n<p>Durante a reuni\u00e3o, o projeto arquitet\u00f4nico foi apresentado e j\u00e1 recebeu a aprova\u00e7\u00e3o inicial da Caixa Econ\u00f4mica, seguindo agora para as pr\u00f3ximas etapas de an\u00e1lise dos projetos complementares. A construtora 2MS protocolou os projetos para avalia\u00e7\u00e3o da Caixa, visando obter o laudo definitivo para posterior encaminhamento ao Minist\u00e9rio das Cidades, visando a contrata\u00e7\u00e3o.<\/p>\n\n\n\n<p>O prefeito Eraldo Paiva expressou sua satisfa\u00e7\u00e3o com o avan\u00e7o do projeto. &#8220;Esse \u00e9 um passo significativo para garantir moradia digna para nossos cidad\u00e3os. Estamos ansiosos pelo andamento desse projeto que vai oferecer condi\u00e7\u00f5es de vida melhores para todos. O projeto &#8216;Minha Casa Minha Vida&#8217; \u00e9 uma realiza\u00e7\u00e3o importante nesse sentido.&#8221;<\/p>\n\n\n\n<p>Participaram da reuni\u00e3o Jader Torres, Secret\u00e1rio de Desenvolvimento Econ\u00f4mico e Turismo, Rita do Carmo, Secret\u00e1ria de Infraestrutura, Nat\u00e1lia Albuquerque, Secretaria de Habita\u00e7\u00e3o e Jos\u00e9 Bernardino, representante da construtora 2MS, al\u00e9m de executivos da Caixa Econ\u00f4mica Federal.<\/p>\n\n\n\n<p>S\u00e3o Gon\u00e7alo do Amarante foi contemplada com 480 novos apartamentos atrav\u00e9s do Programa \u2018Minha Casa Minha Vida\u2019, do Governo Federal. Al\u00e9m da constru\u00e7\u00e3o desses apartamentos novos, tamb\u00e9m tem sido feitas articula\u00e7\u00f5es entre o Prefeito Eraldo e a Caixa, para destravar a entrega de outros 600 apartamentos nos condom\u00ednios do Ruy Pereira.<\/p>\n","protected":false},"excerpt":{"rendered":"<p>O prefeito de S\u00e3o Gon\u00e7alo do Amarante, Eraldo Paiva, acompanhado por autoridades municipais e representantes da construtora 2MS, participou de uma reuni\u00e3o na Centralizadora Regional de Habita\u00e7\u00e3o (CIHAR), sede da Caixa Econ\u00f4mica em Recife &#8211; PE. O encontro teve como foco discutir o andamento do projeto &#8220;Minha Casa Minha Vida&#8221;, no qual S\u00e3o Gon\u00e7alo do [&hellip;]<\/p>\n","protected":false},"author":1,"featured_media":0,"comment_status":"open","ping_status":"open","sticky":false,"template":"","format":"standard","meta":{"cybocfi_hide_featured_image":"","_jetpack_memberships_contains_paid_content":false,"footnotes":""},"categories":[1],"tags":[],"class_list":["post-3289","post","type-post","status-publish","format-standard","hentry","category-diversos"],"yoast_head":"<!-- This site is optimized with the Yoast SEO plugin v25.6 - https:\/\/yoast.com\/wordpress\/plugins\/seo\/ -->\n<title>Prefeito Eraldo discute avan\u00e7os do projeto de novos 480 apartamentos &quot;Minha Casa Minha Vida&quot; junto \u00e0 Caixa, em Recife - Blog do Bispo<\/title>\n<meta name=\"robots\" content=\"index, follow, max-snippet:-1, max-image-preview:large, max-video-preview:-1\" \/>\n<link rel=\"canonical\" href=\"https:\/\/blogdobispo.com.br\/?p=3289\" \/>\n<meta property=\"og:locale\" content=\"pt_BR\" \/>\n<meta property=\"og:type\" content=\"article\" \/>\n<meta property=\"og:title\" content=\"Prefeito Eraldo discute avan\u00e7os do projeto de novos 480 apartamentos &quot;Minha Casa Minha Vida&quot; junto \u00e0 Caixa, em Recife - Blog do Bispo\" \/>\n<meta property=\"og:description\" content=\"O prefeito de S\u00e3o Gon\u00e7alo do Amarante, Eraldo Paiva, acompanhado por autoridades municipais e representantes da construtora 2MS, participou de uma reuni\u00e3o na Centralizadora Regional de Habita\u00e7\u00e3o (CIHAR), sede da Caixa Econ\u00f4mica em Recife &#8211; PE. O encontro teve como foco discutir o andamento do projeto &#8220;Minha Casa Minha Vida&#8221;, no qual S\u00e3o Gon\u00e7alo do [&hellip;]\" \/>\n<meta property=\"og:url\" content=\"https:\/\/blogdobispo.com.br\/?p=3289\" \/>\n<meta property=\"og:site_name\" content=\"Blog do Bispo\" \/>\n<meta property=\"article:published_time\" content=\"2024-04-25T04:30:36+00:00\" \/>\n<meta property=\"og:image\" content=\"https:\/\/blogdobispo.com.br\/wp-content\/uploads\/2024\/04\/6ce2cad4-c753-401e-a3c1-84eabf1443a5-1-1-1024x682.jpg\" \/>\n<meta name=\"author\" content=\"Jefferson Sterfeno\" \/>\n<meta name=\"twitter:card\" content=\"summary_large_image\" \/>\n<meta name=\"twitter:label1\" content=\"Escrito por\" \/>\n\t<meta name=\"twitter:data1\" content=\"Jefferson Sterfeno\" \/>\n\t<meta name=\"twitter:label2\" content=\"Est. tempo de leitura\" \/>\n\t<meta name=\"twitter:data2\" content=\"1 minuto\" \/>\n<script type=\"application\/ld+json\" class=\"yoast-schema-graph\">{\"@context\":\"https:\/\/schema.org\",\"@graph\":[{\"@type\":\"Article\",\"@id\":\"https:\/\/blogdobispo.com.br\/?p=3289#article\",\"isPartOf\":{\"@id\":\"https:\/\/blogdobispo.com.br\/?p=3289\"},\"author\":{\"name\":\"Jefferson Sterfeno\",\"@id\":\"https:\/\/blogdobispo.com.br\/#\/schema\/person\/e2209cc0e6cea5c5233d033e997b373f\"},\"headline\":\"Prefeito Eraldo discute avan\u00e7os do projeto de novos 480 apartamentos &#8220;Minha Casa Minha Vida&#8221; junto \u00e0 Caixa, em Recife\",\"datePublished\":\"2024-04-25T04:30:36+00:00\",\"mainEntityOfPage\":{\"@id\":\"https:\/\/blogdobispo.com.br\/?p=3289\"},\"wordCount\":308,\"commentCount\":0,\"publisher\":{\"@id\":\"https:\/\/blogdobispo.com.br\/#organization\"},\"image\":{\"@id\":\"https:\/\/blogdobispo.com.br\/?p=3289#primaryimage\"},\"thumbnailUrl\":\"https:\/\/blogdobispo.com.br\/wp-content\/uploads\/2024\/04\/6ce2cad4-c753-401e-a3c1-84eabf1443a5-1-1-1024x682.jpg\",\"articleSection\":[\"diversos\"],\"inLanguage\":\"pt-BR\",\"potentialAction\":[{\"@type\":\"CommentAction\",\"name\":\"Comment\",\"target\":[\"https:\/\/blogdobispo.com.br\/?p=3289#respond\"]}]},{\"@type\":\"WebPage\",\"@id\":\"https:\/\/blogdobispo.com.br\/?p=3289\",\"url\":\"https:\/\/blogdobispo.com.br\/?p=3289\",\"name\":\"Prefeito Eraldo discute avan\u00e7os do projeto de novos 480 apartamentos \\\"Minha Casa Minha Vida\\\" junto \u00e0 Caixa, em Recife - Blog do Bispo\",\"isPartOf\":{\"@id\":\"https:\/\/blogdobispo.com.br\/#website\"},\"primaryImageOfPage\":{\"@id\":\"https:\/\/blogdobispo.com.br\/?p=3289#primaryimage\"},\"image\":{\"@id\":\"https:\/\/blogdobispo.com.br\/?p=3289#primaryimage\"},\"thumbnailUrl\":\"https:\/\/blogdobispo.com.br\/wp-content\/uploads\/2024\/04\/6ce2cad4-c753-401e-a3c1-84eabf1443a5-1-1-1024x682.jpg\",\"datePublished\":\"2024-04-25T04:30:36+00:00\",\"breadcrumb\":{\"@id\":\"https:\/\/blogdobispo.com.br\/?p=3289#breadcrumb\"},\"inLanguage\":\"pt-BR\",\"potentialAction\":[{\"@type\":\"ReadAction\",\"target\":[\"https:\/\/blogdobispo.com.br\/?p=3289\"]}]},{\"@type\":\"ImageObject\",\"inLanguage\":\"pt-BR\",\"@id\":\"https:\/\/blogdobispo.com.br\/?p=3289#primaryimage\",\"url\":\"https:\/\/blogdobispo.com.br\/wp-content\/uploads\/2024\/04\/6ce2cad4-c753-401e-a3c1-84eabf1443a5-1-1-1024x682.jpg\",\"contentUrl\":\"https:\/\/blogdobispo.com.br\/wp-content\/uploads\/2024\/04\/6ce2cad4-c753-401e-a3c1-84eabf1443a5-1-1-1024x682.jpg\"},{\"@type\":\"BreadcrumbList\",\"@id\":\"https:\/\/blogdobispo.com.br\/?p=3289#breadcrumb\",\"itemListElement\":[{\"@type\":\"ListItem\",\"position\":1,\"name\":\"In\u00edcio\",\"item\":\"https:\/\/blogdobispo.com.br\/\"},{\"@type\":\"ListItem\",\"position\":2,\"name\":\"Prefeito Eraldo discute avan\u00e7os do projeto de novos 480 apartamentos &#8220;Minha Casa Minha Vida&#8221; junto \u00e0 Caixa, em Recife\"}]},{\"@type\":\"WebSite\",\"@id\":\"https:\/\/blogdobispo.com.br\/#website\",\"url\":\"https:\/\/blogdobispo.com.br\/\",\"name\":\"Blog do Bispo\",\"description\":\"Comprometido apenas com o leitor\",\"publisher\":{\"@id\":\"https:\/\/blogdobispo.com.br\/#organization\"},\"potentialAction\":[{\"@type\":\"SearchAction\",\"target\":{\"@type\":\"EntryPoint\",\"urlTemplate\":\"https:\/\/blogdobispo.com.br\/?s={search_term_string}\"},\"query-input\":{\"@type\":\"PropertyValueSpecification\",\"valueRequired\":true,\"valueName\":\"search_term_string\"}}],\"inLanguage\":\"pt-BR\"},{\"@type\":\"Organization\",\"@id\":\"https:\/\/blogdobispo.com.br\/#organization\",\"name\":\"Blog do Bispo\",\"url\":\"https:\/\/blogdobispo.com.br\/\",\"logo\":{\"@type\":\"ImageObject\",\"inLanguage\":\"pt-BR\",\"@id\":\"https:\/\/blogdobispo.com.br\/#\/schema\/logo\/image\/\",\"url\":\"http:\/\/blogdobispo.com.br\/wp-content\/uploads\/2023\/05\/cropped-headear.png\",\"contentUrl\":\"http:\/\/blogdobispo.com.br\/wp-content\/uploads\/2023\/05\/cropped-headear.png\",\"width\":1500,\"height\":399,\"caption\":\"Blog do Bispo\"},\"image\":{\"@id\":\"https:\/\/blogdobispo.com.br\/#\/schema\/logo\/image\/\"}},{\"@type\":\"Person\",\"@id\":\"https:\/\/blogdobispo.com.br\/#\/schema\/person\/e2209cc0e6cea5c5233d033e997b373f\",\"name\":\"Jefferson Sterfeno\",\"image\":{\"@type\":\"ImageObject\",\"inLanguage\":\"pt-BR\",\"@id\":\"https:\/\/blogdobispo.com.br\/#\/schema\/person\/image\/\",\"url\":\"https:\/\/secure.gravatar.com\/avatar\/0534e84764641168a677026b6d57a3f51dc7ac4db0b4f6186d9cb330d4ee1160?s=96&d=mm&r=g\",\"contentUrl\":\"https:\/\/secure.gravatar.com\/avatar\/0534e84764641168a677026b6d57a3f51dc7ac4db0b4f6186d9cb330d4ee1160?s=96&d=mm&r=g\",\"caption\":\"Jefferson Sterfeno\"},\"sameAs\":[\"http:\/\/blogdobispo.com.br\"],\"url\":\"https:\/\/blogdobispo.com.br\/?author=1\"}]}<\/script>\n<!-- \/ Yoast SEO plugin. -->","yoast_head_json":{"title":"Prefeito Eraldo discute avan\u00e7os do projeto de novos 480 apartamentos \"Minha Casa Minha Vida\" junto \u00e0 Caixa, em Recife - Blog do Bispo","robots":{"index":"index","follow":"follow","max-snippet":"max-snippet:-1","max-image-preview":"max-image-preview:large","max-video-preview":"max-video-preview:-1"},"canonical":"https:\/\/blogdobispo.com.br\/?p=3289","og_locale":"pt_BR","og_type":"article","og_title":"Prefeito Eraldo discute avan\u00e7os do projeto de novos 480 apartamentos \"Minha Casa Minha Vida\" junto \u00e0 Caixa, em Recife - Blog do Bispo","og_description":"O prefeito de S\u00e3o Gon\u00e7alo do Amarante, Eraldo Paiva, acompanhado por autoridades municipais e representantes da construtora 2MS, participou de uma reuni\u00e3o na Centralizadora Regional de Habita\u00e7\u00e3o (CIHAR), sede da Caixa Econ\u00f4mica em Recife &#8211; PE. O encontro teve como foco discutir o andamento do projeto &#8220;Minha Casa Minha Vida&#8221;, no qual S\u00e3o Gon\u00e7alo do [&hellip;]","og_url":"https:\/\/blogdobispo.com.br\/?p=3289","og_site_name":"Blog do Bispo","article_published_time":"2024-04-25T04:30:36+00:00","og_image":[{"url":"https:\/\/blogdobispo.com.br\/wp-content\/uploads\/2024\/04\/6ce2cad4-c753-401e-a3c1-84eabf1443a5-1-1-1024x682.jpg","type":"","width":"","height":""}],"author":"Jefferson Sterfeno","twitter_card":"summary_large_image","twitter_misc":{"Escrito por":"Jefferson Sterfeno","Est. tempo de leitura":"1 minuto"},"schema":{"@context":"https:\/\/schema.org","@graph":[{"@type":"Article","@id":"https:\/\/blogdobispo.com.br\/?p=3289#article","isPartOf":{"@id":"https:\/\/blogdobispo.com.br\/?p=3289"},"author":{"name":"Jefferson Sterfeno","@id":"https:\/\/blogdobispo.com.br\/#\/schema\/person\/e2209cc0e6cea5c5233d033e997b373f"},"headline":"Prefeito Eraldo discute avan\u00e7os do projeto de novos 480 apartamentos &#8220;Minha Casa Minha Vida&#8221; junto \u00e0 Caixa, em Recife","datePublished":"2024-04-25T04:30:36+00:00","mainEntityOfPage":{"@id":"https:\/\/blogdobispo.com.br\/?p=3289"},"wordCount":308,"commentCount":0,"publisher":{"@id":"https:\/\/blogdobispo.com.br\/#organization"},"image":{"@id":"https:\/\/blogdobispo.com.br\/?p=3289#primaryimage"},"thumbnailUrl":"https:\/\/blogdobispo.com.br\/wp-content\/uploads\/2024\/04\/6ce2cad4-c753-401e-a3c1-84eabf1443a5-1-1-1024x682.jpg","articleSection":["diversos"],"inLanguage":"pt-BR","potentialAction":[{"@type":"CommentAction","name":"Comment","target":["https:\/\/blogdobispo.com.br\/?p=3289#respond"]}]},{"@type":"WebPage","@id":"https:\/\/blogdobispo.com.br\/?p=3289","url":"https:\/\/blogdobispo.com.br\/?p=3289","name":"Prefeito Eraldo discute avan\u00e7os do projeto de novos 480 apartamentos \"Minha Casa Minha Vida\" junto \u00e0 Caixa, em Recife - Blog do Bispo","isPartOf":{"@id":"https:\/\/blogdobispo.com.br\/#website"},"primaryImageOfPage":{"@id":"https:\/\/blogdobispo.com.br\/?p=3289#primaryimage"},"image":{"@id":"https:\/\/blogdobispo.com.br\/?p=3289#primaryimage"},"thumbnailUrl":"https:\/\/blogdobispo.com.br\/wp-content\/uploads\/2024\/04\/6ce2cad4-c753-401e-a3c1-84eabf1443a5-1-1-1024x682.jpg","datePublished":"2024-04-25T04:30:36+00:00","breadcrumb":{"@id":"https:\/\/blogdobispo.com.br\/?p=3289#breadcrumb"},"inLanguage":"pt-BR","potentialAction":[{"@type":"ReadAction","target":["https:\/\/blogdobispo.com.br\/?p=3289"]}]},{"@type":"ImageObject","inLanguage":"pt-BR","@id":"https:\/\/blogdobispo.com.br\/?p=3289#primaryimage","url":"https:\/\/blogdobispo.com.br\/wp-content\/uploads\/2024\/04\/6ce2cad4-c753-401e-a3c1-84eabf1443a5-1-1-1024x682.jpg","contentUrl":"https:\/\/blogdobispo.com.br\/wp-content\/uploads\/2024\/04\/6ce2cad4-c753-401e-a3c1-84eabf1443a5-1-1-1024x682.jpg"},{"@type":"BreadcrumbList","@id":"https:\/\/blogdobispo.com.br\/?p=3289#breadcrumb","itemListElement":[{"@type":"ListItem","position":1,"name":"In\u00edcio","item":"https:\/\/blogdobispo.com.br\/"},{"@type":"ListItem","position":2,"name":"Prefeito Eraldo discute avan\u00e7os do projeto de novos 480 apartamentos &#8220;Minha Casa Minha Vida&#8221; junto \u00e0 Caixa, em Recife"}]},{"@type":"WebSite","@id":"https:\/\/blogdobispo.com.br\/#website","url":"https:\/\/blogdobispo.com.br\/","name":"Blog do Bispo","description":"Comprometido apenas com o leitor","publisher":{"@id":"https:\/\/blogdobispo.com.br\/#organization"},"potentialAction":[{"@type":"SearchAction","target":{"@type":"EntryPoint","urlTemplate":"https:\/\/blogdobispo.com.br\/?s={search_term_string}"},"query-input":{"@type":"PropertyValueSpecification","valueRequired":true,"valueName":"search_term_string"}}],"inLanguage":"pt-BR"},{"@type":"Organization","@id":"https:\/\/blogdobispo.com.br\/#organization","name":"Blog do Bispo","url":"https:\/\/blogdobispo.com.br\/","logo":{"@type":"ImageObject","inLanguage":"pt-BR","@id":"https:\/\/blogdobispo.com.br\/#\/schema\/logo\/image\/","url":"http:\/\/blogdobispo.com.br\/wp-content\/uploads\/2023\/05\/cropped-headear.png","contentUrl":"http:\/\/blogdobispo.com.br\/wp-content\/uploads\/2023\/05\/cropped-headear.png","width":1500,"height":399,"caption":"Blog do Bispo"},"image":{"@id":"https:\/\/blogdobispo.com.br\/#\/schema\/logo\/image\/"}},{"@type":"Person","@id":"https:\/\/blogdobispo.com.br\/#\/schema\/person\/e2209cc0e6cea5c5233d033e997b373f","name":"Jefferson Sterfeno","image":{"@type":"ImageObject","inLanguage":"pt-BR","@id":"https:\/\/blogdobispo.com.br\/#\/schema\/person\/image\/","url":"https:\/\/secure.gravatar.com\/avatar\/0534e84764641168a677026b6d57a3f51dc7ac4db0b4f6186d9cb330d4ee1160?s=96&d=mm&r=g","contentUrl":"https:\/\/secure.gravatar.com\/avatar\/0534e84764641168a677026b6d57a3f51dc7ac4db0b4f6186d9cb330d4ee1160?s=96&d=mm&r=g","caption":"Jefferson Sterfeno"},"sameAs":["http:\/\/blogdobispo.com.br"],"url":"https:\/\/blogdobispo.com.br\/?author=1"}]}},"featured_image_urls":{"full":"","thumbnail":"","medium":"","medium_large":"","large":"","1536x1536":"","2048x2048":""},"author_info":{"display_name":"Jefferson Sterfeno","author_link":"https:\/\/blogdobispo.com.br\/?author=1"},"category_info":"<a href=\"https:\/\/blogdobispo.com.br\/?cat=1\" rel=\"category\">diversos<\/a>","tag_info":"diversos","comment_count":"0","jetpack_featured_media_url":"","jetpack_sharing_enabled":true,"_links":{"self":[{"href":"https:\/\/blogdobispo.com.br\/index.php?rest_route=\/wp\/v2\/posts\/3289","targetHints":{"allow":["GET"]}}],"collection":[{"href":"https:\/\/blogdobispo.com.br\/index.php?rest_route=\/wp\/v2\/posts"}],"about":[{"href":"https:\/\/blogdobispo.com.br\/index.php?rest_route=\/wp\/v2\/types\/post"}],"author":[{"embeddable":true,"href":"https:\/\/blogdobispo.com.br\/index.php?rest_route=\/wp\/v2\/users\/1"}],"replies":[{"embeddable":true,"href":"https:\/\/blogdobispo.com.br\/index.php?rest_route=%2Fwp%2Fv2%2Fcomments&post=3289"}],"version-history":[{"count":0,"href":"https:\/\/blogdobispo.com.br\/index.php?rest_route=\/wp\/v2\/posts\/3289\/revisions"}],"wp:attachment":[{"href":"https:\/\/blogdobispo.com.br\/index.php?rest_route=%2Fwp%2Fv2%2Fmedia&parent=3289"}],"wp:term":[{"taxonomy":"category","embeddable":true,"href":"https:\/\/blogdobispo.com.br\/index.php?rest_route=%2Fwp%2Fv2%2Fcategories&post=3289"},{"taxonomy":"post_tag","embeddable":true,"href":"https:\/\/blogdobispo.com.br\/index.php?rest_route=%2Fwp%2Fv2%2Ftags&post=3289"}],"curies":[{"name":"wp","href":"https:\/\/api.w.org\/{rel}","templated":true}]}}