{"id":3280,"date":"2024-04-24T13:15:39","date_gmt":"2024-04-24T13:15:39","guid":{"rendered":"https:\/\/blogdobispo.com.br\/?p=3280"},"modified":"2024-04-24T13:15:39","modified_gmt":"2024-04-24T13:15:39","slug":"sao-goncalo-avanca-na-educacao-com-obras-de-reforma-e-ampliacao-na-escola-jonas-escolastico","status":"publish","type":"post","link":"https:\/\/blogdobispo.com.br\/?p=3280","title":{"rendered":"S\u00e3o Gon\u00e7alo Avan\u00e7a na educa\u00e7\u00e3o com obras de reforma e amplia\u00e7\u00e3o na Escola Jonas Escol\u00e1stico"},"content":{"rendered":"\n<figure class=\"wp-block-image size-large\"><img data-recalc-dims=\"1\" fetchpriority=\"high\" decoding=\"async\" width=\"800\" height=\"530\" src=\"https:\/\/i0.wp.com\/blogdobispo.com.br\/wp-content\/uploads\/2024\/04\/f2add247-d974-47a8-b26a-2aa6e691e650-1-1024x678.jpg?resize=800%2C530&#038;ssl=1\" class=\"wp-image-3279\" srcset=\"https:\/\/i0.wp.com\/blogdobispo.com.br\/wp-content\/uploads\/2024\/04\/f2add247-d974-47a8-b26a-2aa6e691e650-1.jpg?resize=1024%2C678&amp;ssl=1 1024w, https:\/\/i0.wp.com\/blogdobispo.com.br\/wp-content\/uploads\/2024\/04\/f2add247-d974-47a8-b26a-2aa6e691e650-1.jpg?resize=300%2C199&amp;ssl=1 300w, https:\/\/i0.wp.com\/blogdobispo.com.br\/wp-content\/uploads\/2024\/04\/f2add247-d974-47a8-b26a-2aa6e691e650-1.jpg?resize=768%2C508&amp;ssl=1 768w, https:\/\/i0.wp.com\/blogdobispo.com.br\/wp-content\/uploads\/2024\/04\/f2add247-d974-47a8-b26a-2aa6e691e650-1.jpg?resize=1536%2C1017&amp;ssl=1 1536w, https:\/\/i0.wp.com\/blogdobispo.com.br\/wp-content\/uploads\/2024\/04\/f2add247-d974-47a8-b26a-2aa6e691e650-1.jpg?w=1600&amp;ssl=1 1600w\" sizes=\"(max-width: 800px) 100vw, 800px\" \/><\/figure>\n\n\n\n<p><\/p>\n\n\n\n<p>A Prefeitura Municipal de S\u00e3o Gon\u00e7alo do Amarante est\u00e1 realizando mais uma a\u00e7\u00e3o de moderniza\u00e7\u00e3o e expans\u00e3o das estruturas escolares, com a reforma da Escola Municipal Jonas Escol\u00e1stico de Noronha.<\/p>\n\n\n\n<p>As obras est\u00e3o em andamento e tem investimento de cerca de R$ 770 mil. O servi\u00e7o abrange uma s\u00e9rie de interven\u00e7\u00f5es essenciais para a melhoria do ambiente educacional.<\/p>\n\n\n\n<p>Entre os servi\u00e7os realizados est\u00e3o a pintura, revestimento, reforma completa da cobertura, adequa\u00e7\u00e3o do corredor central para acessibilidade, instala\u00e7\u00e3o de esquadrias, revis\u00e3o completa da parte el\u00e9trica, aplica\u00e7\u00e3o de novo piso, fechamentos e revestimentos na alvenaria, instala\u00e7\u00e3o de forro de PVC, reforma hidrossanit\u00e1ria, readequa\u00e7\u00e3o da cal\u00e7ada e fachada, eleva\u00e7\u00e3o da alvenaria, laje de entrada e impermeabiliza\u00e7\u00e3o, al\u00e9m da cria\u00e7\u00e3o de jardineira.<\/p>\n\n\n\n<p>As melhorias incluir\u00e3o 15 salas de aula, diretoria, secretaria, almoxarifado, despensa, copa, blocos de banheiros masculino e feminino, al\u00e9m de um banheiro adaptado para funcion\u00e1rios. \u201cO projeto renovado contemplar\u00e1 acessibilidade, drenagem, cobertura no acesso das salas de aula, nova fachada e banheiros adaptados para pessoas com defici\u00eancia\u201d, explica a Secret\u00e1ria Municipal de Infraestrutura, Rita do Carmo.<\/p>\n\n\n\n<p>&#8220;Estamos empenhados em aprimorar a educa\u00e7\u00e3o em S\u00e3o Gon\u00e7alo do Amarante. As obras de reforma e amplia\u00e7\u00e3o nas escolas representam apenas o in\u00edcio. Continuaremos investindo para assegurar que nossos alunos desfrutem de uma educa\u00e7\u00e3o de qualidade em ambientes inclusivos e acolhedores&#8221;, enfatizou o Prefeito do munic\u00edpio, Eraldo Paiva.<\/p>\n","protected":false},"excerpt":{"rendered":"<p>A Prefeitura Municipal de S\u00e3o Gon\u00e7alo do Amarante est\u00e1 realizando mais uma a\u00e7\u00e3o de moderniza\u00e7\u00e3o e expans\u00e3o das estruturas escolares, com a reforma da Escola Municipal Jonas Escol\u00e1stico de Noronha. As obras est\u00e3o em andamento e tem investimento de cerca de R$ 770 mil. O servi\u00e7o abrange uma s\u00e9rie de interven\u00e7\u00f5es essenciais para a melhoria [&hellip;]<\/p>\n","protected":false},"author":1,"featured_media":0,"comment_status":"open","ping_status":"open","sticky":false,"template":"","format":"standard","meta":{"cybocfi_hide_featured_image":"","_jetpack_memberships_contains_paid_content":false,"footnotes":""},"categories":[1],"tags":[],"class_list":["post-3280","post","type-post","status-publish","format-standard","hentry","category-diversos"],"yoast_head":"<!-- This site is optimized with the Yoast SEO plugin v25.6 - https:\/\/yoast.com\/wordpress\/plugins\/seo\/ -->\n<title>S\u00e3o Gon\u00e7alo Avan\u00e7a na educa\u00e7\u00e3o com obras de reforma e amplia\u00e7\u00e3o na Escola Jonas Escol\u00e1stico - Blog do Bispo<\/title>\n<meta name=\"robots\" content=\"index, follow, max-snippet:-1, max-image-preview:large, max-video-preview:-1\" \/>\n<link rel=\"canonical\" href=\"https:\/\/blogdobispo.com.br\/?p=3280\" \/>\n<meta property=\"og:locale\" content=\"pt_BR\" \/>\n<meta property=\"og:type\" content=\"article\" \/>\n<meta property=\"og:title\" content=\"S\u00e3o Gon\u00e7alo Avan\u00e7a na educa\u00e7\u00e3o com obras de reforma e amplia\u00e7\u00e3o na Escola Jonas Escol\u00e1stico - Blog do Bispo\" \/>\n<meta property=\"og:description\" content=\"A Prefeitura Municipal de S\u00e3o Gon\u00e7alo do Amarante est\u00e1 realizando mais uma a\u00e7\u00e3o de moderniza\u00e7\u00e3o e expans\u00e3o das estruturas escolares, com a reforma da Escola Municipal Jonas Escol\u00e1stico de Noronha. As obras est\u00e3o em andamento e tem investimento de cerca de R$ 770 mil. O servi\u00e7o abrange uma s\u00e9rie de interven\u00e7\u00f5es essenciais para a melhoria [&hellip;]\" \/>\n<meta property=\"og:url\" content=\"https:\/\/blogdobispo.com.br\/?p=3280\" \/>\n<meta property=\"og:site_name\" content=\"Blog do Bispo\" \/>\n<meta property=\"article:published_time\" content=\"2024-04-24T13:15:39+00:00\" \/>\n<meta property=\"og:image\" content=\"https:\/\/blogdobispo.com.br\/wp-content\/uploads\/2024\/04\/f2add247-d974-47a8-b26a-2aa6e691e650-1-1024x678.jpg\" \/>\n<meta name=\"author\" content=\"Jefferson Sterfeno\" \/>\n<meta name=\"twitter:card\" content=\"summary_large_image\" \/>\n<meta name=\"twitter:label1\" content=\"Escrito por\" \/>\n\t<meta name=\"twitter:data1\" content=\"Jefferson Sterfeno\" \/>\n\t<meta name=\"twitter:label2\" content=\"Est. tempo de leitura\" \/>\n\t<meta name=\"twitter:data2\" content=\"1 minuto\" \/>\n<script type=\"application\/ld+json\" class=\"yoast-schema-graph\">{\"@context\":\"https:\/\/schema.org\",\"@graph\":[{\"@type\":\"Article\",\"@id\":\"https:\/\/blogdobispo.com.br\/?p=3280#article\",\"isPartOf\":{\"@id\":\"https:\/\/blogdobispo.com.br\/?p=3280\"},\"author\":{\"name\":\"Jefferson Sterfeno\",\"@id\":\"https:\/\/blogdobispo.com.br\/#\/schema\/person\/e2209cc0e6cea5c5233d033e997b373f\"},\"headline\":\"S\u00e3o Gon\u00e7alo Avan\u00e7a na educa\u00e7\u00e3o com obras de reforma e amplia\u00e7\u00e3o na Escola Jonas Escol\u00e1stico\",\"datePublished\":\"2024-04-24T13:15:39+00:00\",\"mainEntityOfPage\":{\"@id\":\"https:\/\/blogdobispo.com.br\/?p=3280\"},\"wordCount\":278,\"commentCount\":0,\"publisher\":{\"@id\":\"https:\/\/blogdobispo.com.br\/#organization\"},\"image\":{\"@id\":\"https:\/\/blogdobispo.com.br\/?p=3280#primaryimage\"},\"thumbnailUrl\":\"https:\/\/blogdobispo.com.br\/wp-content\/uploads\/2024\/04\/f2add247-d974-47a8-b26a-2aa6e691e650-1-1024x678.jpg\",\"articleSection\":[\"diversos\"],\"inLanguage\":\"pt-BR\",\"potentialAction\":[{\"@type\":\"CommentAction\",\"name\":\"Comment\",\"target\":[\"https:\/\/blogdobispo.com.br\/?p=3280#respond\"]}]},{\"@type\":\"WebPage\",\"@id\":\"https:\/\/blogdobispo.com.br\/?p=3280\",\"url\":\"https:\/\/blogdobispo.com.br\/?p=3280\",\"name\":\"S\u00e3o Gon\u00e7alo Avan\u00e7a na educa\u00e7\u00e3o com obras de reforma e amplia\u00e7\u00e3o na Escola Jonas Escol\u00e1stico - Blog do Bispo\",\"isPartOf\":{\"@id\":\"https:\/\/blogdobispo.com.br\/#website\"},\"primaryImageOfPage\":{\"@id\":\"https:\/\/blogdobispo.com.br\/?p=3280#primaryimage\"},\"image\":{\"@id\":\"https:\/\/blogdobispo.com.br\/?p=3280#primaryimage\"},\"thumbnailUrl\":\"https:\/\/blogdobispo.com.br\/wp-content\/uploads\/2024\/04\/f2add247-d974-47a8-b26a-2aa6e691e650-1-1024x678.jpg\",\"datePublished\":\"2024-04-24T13:15:39+00:00\",\"breadcrumb\":{\"@id\":\"https:\/\/blogdobispo.com.br\/?p=3280#breadcrumb\"},\"inLanguage\":\"pt-BR\",\"potentialAction\":[{\"@type\":\"ReadAction\",\"target\":[\"https:\/\/blogdobispo.com.br\/?p=3280\"]}]},{\"@type\":\"ImageObject\",\"inLanguage\":\"pt-BR\",\"@id\":\"https:\/\/blogdobispo.com.br\/?p=3280#primaryimage\",\"url\":\"https:\/\/blogdobispo.com.br\/wp-content\/uploads\/2024\/04\/f2add247-d974-47a8-b26a-2aa6e691e650-1-1024x678.jpg\",\"contentUrl\":\"https:\/\/blogdobispo.com.br\/wp-content\/uploads\/2024\/04\/f2add247-d974-47a8-b26a-2aa6e691e650-1-1024x678.jpg\"},{\"@type\":\"BreadcrumbList\",\"@id\":\"https:\/\/blogdobispo.com.br\/?p=3280#breadcrumb\",\"itemListElement\":[{\"@type\":\"ListItem\",\"position\":1,\"name\":\"In\u00edcio\",\"item\":\"https:\/\/blogdobispo.com.br\/\"},{\"@type\":\"ListItem\",\"position\":2,\"name\":\"S\u00e3o Gon\u00e7alo Avan\u00e7a na educa\u00e7\u00e3o com obras de reforma e amplia\u00e7\u00e3o na Escola Jonas Escol\u00e1stico\"}]},{\"@type\":\"WebSite\",\"@id\":\"https:\/\/blogdobispo.com.br\/#website\",\"url\":\"https:\/\/blogdobispo.com.br\/\",\"name\":\"Blog do Bispo\",\"description\":\"Comprometido apenas com o leitor\",\"publisher\":{\"@id\":\"https:\/\/blogdobispo.com.br\/#organization\"},\"potentialAction\":[{\"@type\":\"SearchAction\",\"target\":{\"@type\":\"EntryPoint\",\"urlTemplate\":\"https:\/\/blogdobispo.com.br\/?s={search_term_string}\"},\"query-input\":{\"@type\":\"PropertyValueSpecification\",\"valueRequired\":true,\"valueName\":\"search_term_string\"}}],\"inLanguage\":\"pt-BR\"},{\"@type\":\"Organization\",\"@id\":\"https:\/\/blogdobispo.com.br\/#organization\",\"name\":\"Blog do Bispo\",\"url\":\"https:\/\/blogdobispo.com.br\/\",\"logo\":{\"@type\":\"ImageObject\",\"inLanguage\":\"pt-BR\",\"@id\":\"https:\/\/blogdobispo.com.br\/#\/schema\/logo\/image\/\",\"url\":\"http:\/\/blogdobispo.com.br\/wp-content\/uploads\/2023\/05\/cropped-headear.png\",\"contentUrl\":\"http:\/\/blogdobispo.com.br\/wp-content\/uploads\/2023\/05\/cropped-headear.png\",\"width\":1500,\"height\":399,\"caption\":\"Blog do Bispo\"},\"image\":{\"@id\":\"https:\/\/blogdobispo.com.br\/#\/schema\/logo\/image\/\"}},{\"@type\":\"Person\",\"@id\":\"https:\/\/blogdobispo.com.br\/#\/schema\/person\/e2209cc0e6cea5c5233d033e997b373f\",\"name\":\"Jefferson Sterfeno\",\"image\":{\"@type\":\"ImageObject\",\"inLanguage\":\"pt-BR\",\"@id\":\"https:\/\/blogdobispo.com.br\/#\/schema\/person\/image\/\",\"url\":\"https:\/\/secure.gravatar.com\/avatar\/0534e84764641168a677026b6d57a3f51dc7ac4db0b4f6186d9cb330d4ee1160?s=96&d=mm&r=g\",\"contentUrl\":\"https:\/\/secure.gravatar.com\/avatar\/0534e84764641168a677026b6d57a3f51dc7ac4db0b4f6186d9cb330d4ee1160?s=96&d=mm&r=g\",\"caption\":\"Jefferson Sterfeno\"},\"sameAs\":[\"http:\/\/blogdobispo.com.br\"],\"url\":\"https:\/\/blogdobispo.com.br\/?author=1\"}]}<\/script>\n<!-- \/ Yoast SEO plugin. -->","yoast_head_json":{"title":"S\u00e3o Gon\u00e7alo Avan\u00e7a na educa\u00e7\u00e3o com obras de reforma e amplia\u00e7\u00e3o na Escola Jonas Escol\u00e1stico - Blog do Bispo","robots":{"index":"index","follow":"follow","max-snippet":"max-snippet:-1","max-image-preview":"max-image-preview:large","max-video-preview":"max-video-preview:-1"},"canonical":"https:\/\/blogdobispo.com.br\/?p=3280","og_locale":"pt_BR","og_type":"article","og_title":"S\u00e3o Gon\u00e7alo Avan\u00e7a na educa\u00e7\u00e3o com obras de reforma e amplia\u00e7\u00e3o na Escola Jonas Escol\u00e1stico - Blog do Bispo","og_description":"A Prefeitura Municipal de S\u00e3o Gon\u00e7alo do Amarante est\u00e1 realizando mais uma a\u00e7\u00e3o de moderniza\u00e7\u00e3o e expans\u00e3o das estruturas escolares, com a reforma da Escola Municipal Jonas Escol\u00e1stico de Noronha. As obras est\u00e3o em andamento e tem investimento de cerca de R$ 770 mil. O servi\u00e7o abrange uma s\u00e9rie de interven\u00e7\u00f5es essenciais para a melhoria [&hellip;]","og_url":"https:\/\/blogdobispo.com.br\/?p=3280","og_site_name":"Blog do Bispo","article_published_time":"2024-04-24T13:15:39+00:00","og_image":[{"url":"https:\/\/blogdobispo.com.br\/wp-content\/uploads\/2024\/04\/f2add247-d974-47a8-b26a-2aa6e691e650-1-1024x678.jpg","type":"","width":"","height":""}],"author":"Jefferson Sterfeno","twitter_card":"summary_large_image","twitter_misc":{"Escrito por":"Jefferson Sterfeno","Est. tempo de leitura":"1 minuto"},"schema":{"@context":"https:\/\/schema.org","@graph":[{"@type":"Article","@id":"https:\/\/blogdobispo.com.br\/?p=3280#article","isPartOf":{"@id":"https:\/\/blogdobispo.com.br\/?p=3280"},"author":{"name":"Jefferson Sterfeno","@id":"https:\/\/blogdobispo.com.br\/#\/schema\/person\/e2209cc0e6cea5c5233d033e997b373f"},"headline":"S\u00e3o Gon\u00e7alo Avan\u00e7a na educa\u00e7\u00e3o com obras de reforma e amplia\u00e7\u00e3o na Escola Jonas Escol\u00e1stico","datePublished":"2024-04-24T13:15:39+00:00","mainEntityOfPage":{"@id":"https:\/\/blogdobispo.com.br\/?p=3280"},"wordCount":278,"commentCount":0,"publisher":{"@id":"https:\/\/blogdobispo.com.br\/#organization"},"image":{"@id":"https:\/\/blogdobispo.com.br\/?p=3280#primaryimage"},"thumbnailUrl":"https:\/\/blogdobispo.com.br\/wp-content\/uploads\/2024\/04\/f2add247-d974-47a8-b26a-2aa6e691e650-1-1024x678.jpg","articleSection":["diversos"],"inLanguage":"pt-BR","potentialAction":[{"@type":"CommentAction","name":"Comment","target":["https:\/\/blogdobispo.com.br\/?p=3280#respond"]}]},{"@type":"WebPage","@id":"https:\/\/blogdobispo.com.br\/?p=3280","url":"https:\/\/blogdobispo.com.br\/?p=3280","name":"S\u00e3o Gon\u00e7alo Avan\u00e7a na educa\u00e7\u00e3o com obras de reforma e amplia\u00e7\u00e3o na Escola Jonas Escol\u00e1stico - Blog do Bispo","isPartOf":{"@id":"https:\/\/blogdobispo.com.br\/#website"},"primaryImageOfPage":{"@id":"https:\/\/blogdobispo.com.br\/?p=3280#primaryimage"},"image":{"@id":"https:\/\/blogdobispo.com.br\/?p=3280#primaryimage"},"thumbnailUrl":"https:\/\/blogdobispo.com.br\/wp-content\/uploads\/2024\/04\/f2add247-d974-47a8-b26a-2aa6e691e650-1-1024x678.jpg","datePublished":"2024-04-24T13:15:39+00:00","breadcrumb":{"@id":"https:\/\/blogdobispo.com.br\/?p=3280#breadcrumb"},"inLanguage":"pt-BR","potentialAction":[{"@type":"ReadAction","target":["https:\/\/blogdobispo.com.br\/?p=3280"]}]},{"@type":"ImageObject","inLanguage":"pt-BR","@id":"https:\/\/blogdobispo.com.br\/?p=3280#primaryimage","url":"https:\/\/blogdobispo.com.br\/wp-content\/uploads\/2024\/04\/f2add247-d974-47a8-b26a-2aa6e691e650-1-1024x678.jpg","contentUrl":"https:\/\/blogdobispo.com.br\/wp-content\/uploads\/2024\/04\/f2add247-d974-47a8-b26a-2aa6e691e650-1-1024x678.jpg"},{"@type":"BreadcrumbList","@id":"https:\/\/blogdobispo.com.br\/?p=3280#breadcrumb","itemListElement":[{"@type":"ListItem","position":1,"name":"In\u00edcio","item":"https:\/\/blogdobispo.com.br\/"},{"@type":"ListItem","position":2,"name":"S\u00e3o Gon\u00e7alo Avan\u00e7a na educa\u00e7\u00e3o com obras de reforma e amplia\u00e7\u00e3o na Escola Jonas Escol\u00e1stico"}]},{"@type":"WebSite","@id":"https:\/\/blogdobispo.com.br\/#website","url":"https:\/\/blogdobispo.com.br\/","name":"Blog do Bispo","description":"Comprometido apenas com o leitor","publisher":{"@id":"https:\/\/blogdobispo.com.br\/#organization"},"potentialAction":[{"@type":"SearchAction","target":{"@type":"EntryPoint","urlTemplate":"https:\/\/blogdobispo.com.br\/?s={search_term_string}"},"query-input":{"@type":"PropertyValueSpecification","valueRequired":true,"valueName":"search_term_string"}}],"inLanguage":"pt-BR"},{"@type":"Organization","@id":"https:\/\/blogdobispo.com.br\/#organization","name":"Blog do Bispo","url":"https:\/\/blogdobispo.com.br\/","logo":{"@type":"ImageObject","inLanguage":"pt-BR","@id":"https:\/\/blogdobispo.com.br\/#\/schema\/logo\/image\/","url":"http:\/\/blogdobispo.com.br\/wp-content\/uploads\/2023\/05\/cropped-headear.png","contentUrl":"http:\/\/blogdobispo.com.br\/wp-content\/uploads\/2023\/05\/cropped-headear.png","width":1500,"height":399,"caption":"Blog do Bispo"},"image":{"@id":"https:\/\/blogdobispo.com.br\/#\/schema\/logo\/image\/"}},{"@type":"Person","@id":"https:\/\/blogdobispo.com.br\/#\/schema\/person\/e2209cc0e6cea5c5233d033e997b373f","name":"Jefferson Sterfeno","image":{"@type":"ImageObject","inLanguage":"pt-BR","@id":"https:\/\/blogdobispo.com.br\/#\/schema\/person\/image\/","url":"https:\/\/secure.gravatar.com\/avatar\/0534e84764641168a677026b6d57a3f51dc7ac4db0b4f6186d9cb330d4ee1160?s=96&d=mm&r=g","contentUrl":"https:\/\/secure.gravatar.com\/avatar\/0534e84764641168a677026b6d57a3f51dc7ac4db0b4f6186d9cb330d4ee1160?s=96&d=mm&r=g","caption":"Jefferson Sterfeno"},"sameAs":["http:\/\/blogdobispo.com.br"],"url":"https:\/\/blogdobispo.com.br\/?author=1"}]}},"featured_image_urls":{"full":"","thumbnail":"","medium":"","medium_large":"","large":"","1536x1536":"","2048x2048":""},"author_info":{"display_name":"Jefferson Sterfeno","author_link":"https:\/\/blogdobispo.com.br\/?author=1"},"category_info":"<a href=\"https:\/\/blogdobispo.com.br\/?cat=1\" rel=\"category\">diversos<\/a>","tag_info":"diversos","comment_count":"0","jetpack_featured_media_url":"","jetpack_sharing_enabled":true,"_links":{"self":[{"href":"https:\/\/blogdobispo.com.br\/index.php?rest_route=\/wp\/v2\/posts\/3280","targetHints":{"allow":["GET"]}}],"collection":[{"href":"https:\/\/blogdobispo.com.br\/index.php?rest_route=\/wp\/v2\/posts"}],"about":[{"href":"https:\/\/blogdobispo.com.br\/index.php?rest_route=\/wp\/v2\/types\/post"}],"author":[{"embeddable":true,"href":"https:\/\/blogdobispo.com.br\/index.php?rest_route=\/wp\/v2\/users\/1"}],"replies":[{"embeddable":true,"href":"https:\/\/blogdobispo.com.br\/index.php?rest_route=%2Fwp%2Fv2%2Fcomments&post=3280"}],"version-history":[{"count":0,"href":"https:\/\/blogdobispo.com.br\/index.php?rest_route=\/wp\/v2\/posts\/3280\/revisions"}],"wp:attachment":[{"href":"https:\/\/blogdobispo.com.br\/index.php?rest_route=%2Fwp%2Fv2%2Fmedia&parent=3280"}],"wp:term":[{"taxonomy":"category","embeddable":true,"href":"https:\/\/blogdobispo.com.br\/index.php?rest_route=%2Fwp%2Fv2%2Fcategories&post=3280"},{"taxonomy":"post_tag","embeddable":true,"href":"https:\/\/blogdobispo.com.br\/index.php?rest_route=%2Fwp%2Fv2%2Ftags&post=3280"}],"curies":[{"name":"wp","href":"https:\/\/api.w.org\/{rel}","templated":true}]}}