{"id":3264,"date":"2024-04-22T14:41:54","date_gmt":"2024-04-22T14:41:54","guid":{"rendered":"https:\/\/blogdobispo.com.br\/?p=3264"},"modified":"2024-04-22T14:41:54","modified_gmt":"2024-04-22T14:41:54","slug":"prefeito-taveira-nao-aceitara-aliados-apoiando-nilda-em-parnamirim","status":"publish","type":"post","link":"https:\/\/blogdobispo.com.br\/?p=3264","title":{"rendered":"Prefeito Taveira n\u00e3o aceitar\u00e1 \u201caliados\u201d apoiando Nilda em Parnamirim"},"content":{"rendered":"\n<figure class=\"wp-block-image size-large\"><img data-recalc-dims=\"1\" fetchpriority=\"high\" decoding=\"async\" width=\"679\" height=\"451\" src=\"https:\/\/i0.wp.com\/blogdobispo.com.br\/wp-content\/uploads\/2024\/04\/img_6838-1.jpg?resize=679%2C451&#038;ssl=1\" class=\"wp-image-3263\" srcset=\"https:\/\/i0.wp.com\/blogdobispo.com.br\/wp-content\/uploads\/2024\/04\/img_6838-1.jpg?w=679&amp;ssl=1 679w, https:\/\/i0.wp.com\/blogdobispo.com.br\/wp-content\/uploads\/2024\/04\/img_6838-1.jpg?resize=300%2C199&amp;ssl=1 300w\" sizes=\"(max-width: 679px) 100vw, 679px\" \/><\/figure>\n\n\n\n<p>Na Prefeitura de Parnamirim, a conversa \u00e9 uma s\u00f3. Vereador ou lideran\u00e7a que decidir apoiar o projeto da oposi\u00e7\u00e3o, ou seja, a Professora Nilda (Solidariedade) \u00e9 bom entregar os cargos e espa\u00e7os na gest\u00e3o do prefeito Rossano Taveira (Republicanos).&nbsp;<\/p>\n\n\n\n<p>Alguns j\u00e1 come\u00e7aram a Peder espa\u00e7os na semana passada. Come\u00e7ando mais uma semana de abril, m\u00eas que Taveira j\u00e1 trabalha a todo vapor o crescimento do comunicador Salatiel de Sousa (PL), o bom \u00e9 entregar os espa\u00e7os para n\u00e3o passar constrangimentos. Taveira n\u00e3o sentar\u00e1 mais com nenhum \u201caliado\u201d que queira ficar na base de apoio na C\u00e2mara Municipal, mas no palanque quer apoiar Nilda. \u201cOu vai de Salatiel, ou procurar outros meios\u201d, tem admitido Taveira.<\/p>\n\n\n\n<p>Anna Ruth Dantas <\/p>\n","protected":false},"excerpt":{"rendered":"<p>Na Prefeitura de Parnamirim, a conversa \u00e9 uma s\u00f3. Vereador ou lideran\u00e7a que decidir apoiar o projeto da oposi\u00e7\u00e3o, ou seja, a Professora Nilda (Solidariedade) \u00e9 bom entregar os cargos e espa\u00e7os na gest\u00e3o do prefeito Rossano Taveira (Republicanos).&nbsp; Alguns j\u00e1 come\u00e7aram a Peder espa\u00e7os na semana passada. Come\u00e7ando mais uma semana de abril, m\u00eas [&hellip;]<\/p>\n","protected":false},"author":1,"featured_media":0,"comment_status":"open","ping_status":"open","sticky":false,"template":"","format":"standard","meta":{"cybocfi_hide_featured_image":"","_jetpack_memberships_contains_paid_content":false,"footnotes":""},"categories":[1],"tags":[],"class_list":["post-3264","post","type-post","status-publish","format-standard","hentry","category-diversos"],"yoast_head":"<!-- This site is optimized with the Yoast SEO plugin v25.6 - https:\/\/yoast.com\/wordpress\/plugins\/seo\/ -->\n<title>Prefeito Taveira n\u00e3o aceitar\u00e1 \u201caliados\u201d apoiando Nilda em Parnamirim - Blog do Bispo<\/title>\n<meta name=\"robots\" content=\"index, follow, max-snippet:-1, max-image-preview:large, max-video-preview:-1\" \/>\n<link rel=\"canonical\" href=\"https:\/\/blogdobispo.com.br\/?p=3264\" \/>\n<meta property=\"og:locale\" content=\"pt_BR\" \/>\n<meta property=\"og:type\" content=\"article\" \/>\n<meta property=\"og:title\" content=\"Prefeito Taveira n\u00e3o aceitar\u00e1 \u201caliados\u201d apoiando Nilda em Parnamirim - Blog do Bispo\" \/>\n<meta property=\"og:description\" content=\"Na Prefeitura de Parnamirim, a conversa \u00e9 uma s\u00f3. Vereador ou lideran\u00e7a que decidir apoiar o projeto da oposi\u00e7\u00e3o, ou seja, a Professora Nilda (Solidariedade) \u00e9 bom entregar os cargos e espa\u00e7os na gest\u00e3o do prefeito Rossano Taveira (Republicanos).&nbsp; Alguns j\u00e1 come\u00e7aram a Peder espa\u00e7os na semana passada. Come\u00e7ando mais uma semana de abril, m\u00eas [&hellip;]\" \/>\n<meta property=\"og:url\" content=\"https:\/\/blogdobispo.com.br\/?p=3264\" \/>\n<meta property=\"og:site_name\" content=\"Blog do Bispo\" \/>\n<meta property=\"article:published_time\" content=\"2024-04-22T14:41:54+00:00\" \/>\n<meta property=\"og:image\" content=\"https:\/\/blogdobispo.com.br\/wp-content\/uploads\/2024\/04\/img_6838-1.jpg\" \/>\n<meta name=\"author\" content=\"Jefferson Sterfeno\" \/>\n<meta name=\"twitter:card\" content=\"summary_large_image\" \/>\n<meta name=\"twitter:label1\" content=\"Escrito por\" \/>\n\t<meta name=\"twitter:data1\" content=\"Jefferson Sterfeno\" \/>\n\t<meta name=\"twitter:label2\" content=\"Est. tempo de leitura\" \/>\n\t<meta name=\"twitter:data2\" content=\"1 minuto\" \/>\n<script type=\"application\/ld+json\" class=\"yoast-schema-graph\">{\"@context\":\"https:\/\/schema.org\",\"@graph\":[{\"@type\":\"Article\",\"@id\":\"https:\/\/blogdobispo.com.br\/?p=3264#article\",\"isPartOf\":{\"@id\":\"https:\/\/blogdobispo.com.br\/?p=3264\"},\"author\":{\"name\":\"Jefferson Sterfeno\",\"@id\":\"https:\/\/blogdobispo.com.br\/#\/schema\/person\/e2209cc0e6cea5c5233d033e997b373f\"},\"headline\":\"Prefeito Taveira n\u00e3o aceitar\u00e1 \u201caliados\u201d apoiando Nilda em Parnamirim\",\"datePublished\":\"2024-04-22T14:41:54+00:00\",\"mainEntityOfPage\":{\"@id\":\"https:\/\/blogdobispo.com.br\/?p=3264\"},\"wordCount\":137,\"commentCount\":0,\"publisher\":{\"@id\":\"https:\/\/blogdobispo.com.br\/#organization\"},\"image\":{\"@id\":\"https:\/\/blogdobispo.com.br\/?p=3264#primaryimage\"},\"thumbnailUrl\":\"https:\/\/blogdobispo.com.br\/wp-content\/uploads\/2024\/04\/img_6838-1.jpg\",\"articleSection\":[\"diversos\"],\"inLanguage\":\"pt-BR\",\"potentialAction\":[{\"@type\":\"CommentAction\",\"name\":\"Comment\",\"target\":[\"https:\/\/blogdobispo.com.br\/?p=3264#respond\"]}]},{\"@type\":\"WebPage\",\"@id\":\"https:\/\/blogdobispo.com.br\/?p=3264\",\"url\":\"https:\/\/blogdobispo.com.br\/?p=3264\",\"name\":\"Prefeito Taveira n\u00e3o aceitar\u00e1 \u201caliados\u201d apoiando Nilda em Parnamirim - Blog do Bispo\",\"isPartOf\":{\"@id\":\"https:\/\/blogdobispo.com.br\/#website\"},\"primaryImageOfPage\":{\"@id\":\"https:\/\/blogdobispo.com.br\/?p=3264#primaryimage\"},\"image\":{\"@id\":\"https:\/\/blogdobispo.com.br\/?p=3264#primaryimage\"},\"thumbnailUrl\":\"https:\/\/blogdobispo.com.br\/wp-content\/uploads\/2024\/04\/img_6838-1.jpg\",\"datePublished\":\"2024-04-22T14:41:54+00:00\",\"breadcrumb\":{\"@id\":\"https:\/\/blogdobispo.com.br\/?p=3264#breadcrumb\"},\"inLanguage\":\"pt-BR\",\"potentialAction\":[{\"@type\":\"ReadAction\",\"target\":[\"https:\/\/blogdobispo.com.br\/?p=3264\"]}]},{\"@type\":\"ImageObject\",\"inLanguage\":\"pt-BR\",\"@id\":\"https:\/\/blogdobispo.com.br\/?p=3264#primaryimage\",\"url\":\"https:\/\/blogdobispo.com.br\/wp-content\/uploads\/2024\/04\/img_6838-1.jpg\",\"contentUrl\":\"https:\/\/blogdobispo.com.br\/wp-content\/uploads\/2024\/04\/img_6838-1.jpg\"},{\"@type\":\"BreadcrumbList\",\"@id\":\"https:\/\/blogdobispo.com.br\/?p=3264#breadcrumb\",\"itemListElement\":[{\"@type\":\"ListItem\",\"position\":1,\"name\":\"In\u00edcio\",\"item\":\"https:\/\/blogdobispo.com.br\/\"},{\"@type\":\"ListItem\",\"position\":2,\"name\":\"Prefeito Taveira n\u00e3o aceitar\u00e1 \u201caliados\u201d apoiando Nilda em Parnamirim\"}]},{\"@type\":\"WebSite\",\"@id\":\"https:\/\/blogdobispo.com.br\/#website\",\"url\":\"https:\/\/blogdobispo.com.br\/\",\"name\":\"Blog do Bispo\",\"description\":\"Comprometido apenas com o leitor\",\"publisher\":{\"@id\":\"https:\/\/blogdobispo.com.br\/#organization\"},\"potentialAction\":[{\"@type\":\"SearchAction\",\"target\":{\"@type\":\"EntryPoint\",\"urlTemplate\":\"https:\/\/blogdobispo.com.br\/?s={search_term_string}\"},\"query-input\":{\"@type\":\"PropertyValueSpecification\",\"valueRequired\":true,\"valueName\":\"search_term_string\"}}],\"inLanguage\":\"pt-BR\"},{\"@type\":\"Organization\",\"@id\":\"https:\/\/blogdobispo.com.br\/#organization\",\"name\":\"Blog do Bispo\",\"url\":\"https:\/\/blogdobispo.com.br\/\",\"logo\":{\"@type\":\"ImageObject\",\"inLanguage\":\"pt-BR\",\"@id\":\"https:\/\/blogdobispo.com.br\/#\/schema\/logo\/image\/\",\"url\":\"http:\/\/blogdobispo.com.br\/wp-content\/uploads\/2023\/05\/cropped-headear.png\",\"contentUrl\":\"http:\/\/blogdobispo.com.br\/wp-content\/uploads\/2023\/05\/cropped-headear.png\",\"width\":1500,\"height\":399,\"caption\":\"Blog do Bispo\"},\"image\":{\"@id\":\"https:\/\/blogdobispo.com.br\/#\/schema\/logo\/image\/\"}},{\"@type\":\"Person\",\"@id\":\"https:\/\/blogdobispo.com.br\/#\/schema\/person\/e2209cc0e6cea5c5233d033e997b373f\",\"name\":\"Jefferson Sterfeno\",\"image\":{\"@type\":\"ImageObject\",\"inLanguage\":\"pt-BR\",\"@id\":\"https:\/\/blogdobispo.com.br\/#\/schema\/person\/image\/\",\"url\":\"https:\/\/secure.gravatar.com\/avatar\/0534e84764641168a677026b6d57a3f51dc7ac4db0b4f6186d9cb330d4ee1160?s=96&d=mm&r=g\",\"contentUrl\":\"https:\/\/secure.gravatar.com\/avatar\/0534e84764641168a677026b6d57a3f51dc7ac4db0b4f6186d9cb330d4ee1160?s=96&d=mm&r=g\",\"caption\":\"Jefferson Sterfeno\"},\"sameAs\":[\"http:\/\/blogdobispo.com.br\"],\"url\":\"https:\/\/blogdobispo.com.br\/?author=1\"}]}<\/script>\n<!-- \/ Yoast SEO plugin. -->","yoast_head_json":{"title":"Prefeito Taveira n\u00e3o aceitar\u00e1 \u201caliados\u201d apoiando Nilda em Parnamirim - Blog do Bispo","robots":{"index":"index","follow":"follow","max-snippet":"max-snippet:-1","max-image-preview":"max-image-preview:large","max-video-preview":"max-video-preview:-1"},"canonical":"https:\/\/blogdobispo.com.br\/?p=3264","og_locale":"pt_BR","og_type":"article","og_title":"Prefeito Taveira n\u00e3o aceitar\u00e1 \u201caliados\u201d apoiando Nilda em Parnamirim - Blog do Bispo","og_description":"Na Prefeitura de Parnamirim, a conversa \u00e9 uma s\u00f3. Vereador ou lideran\u00e7a que decidir apoiar o projeto da oposi\u00e7\u00e3o, ou seja, a Professora Nilda (Solidariedade) \u00e9 bom entregar os cargos e espa\u00e7os na gest\u00e3o do prefeito Rossano Taveira (Republicanos).&nbsp; Alguns j\u00e1 come\u00e7aram a Peder espa\u00e7os na semana passada. Come\u00e7ando mais uma semana de abril, m\u00eas [&hellip;]","og_url":"https:\/\/blogdobispo.com.br\/?p=3264","og_site_name":"Blog do Bispo","article_published_time":"2024-04-22T14:41:54+00:00","og_image":[{"url":"https:\/\/blogdobispo.com.br\/wp-content\/uploads\/2024\/04\/img_6838-1.jpg","type":"","width":"","height":""}],"author":"Jefferson Sterfeno","twitter_card":"summary_large_image","twitter_misc":{"Escrito por":"Jefferson Sterfeno","Est. tempo de leitura":"1 minuto"},"schema":{"@context":"https:\/\/schema.org","@graph":[{"@type":"Article","@id":"https:\/\/blogdobispo.com.br\/?p=3264#article","isPartOf":{"@id":"https:\/\/blogdobispo.com.br\/?p=3264"},"author":{"name":"Jefferson Sterfeno","@id":"https:\/\/blogdobispo.com.br\/#\/schema\/person\/e2209cc0e6cea5c5233d033e997b373f"},"headline":"Prefeito Taveira n\u00e3o aceitar\u00e1 \u201caliados\u201d apoiando Nilda em Parnamirim","datePublished":"2024-04-22T14:41:54+00:00","mainEntityOfPage":{"@id":"https:\/\/blogdobispo.com.br\/?p=3264"},"wordCount":137,"commentCount":0,"publisher":{"@id":"https:\/\/blogdobispo.com.br\/#organization"},"image":{"@id":"https:\/\/blogdobispo.com.br\/?p=3264#primaryimage"},"thumbnailUrl":"https:\/\/blogdobispo.com.br\/wp-content\/uploads\/2024\/04\/img_6838-1.jpg","articleSection":["diversos"],"inLanguage":"pt-BR","potentialAction":[{"@type":"CommentAction","name":"Comment","target":["https:\/\/blogdobispo.com.br\/?p=3264#respond"]}]},{"@type":"WebPage","@id":"https:\/\/blogdobispo.com.br\/?p=3264","url":"https:\/\/blogdobispo.com.br\/?p=3264","name":"Prefeito Taveira n\u00e3o aceitar\u00e1 \u201caliados\u201d apoiando Nilda em Parnamirim - Blog do Bispo","isPartOf":{"@id":"https:\/\/blogdobispo.com.br\/#website"},"primaryImageOfPage":{"@id":"https:\/\/blogdobispo.com.br\/?p=3264#primaryimage"},"image":{"@id":"https:\/\/blogdobispo.com.br\/?p=3264#primaryimage"},"thumbnailUrl":"https:\/\/blogdobispo.com.br\/wp-content\/uploads\/2024\/04\/img_6838-1.jpg","datePublished":"2024-04-22T14:41:54+00:00","breadcrumb":{"@id":"https:\/\/blogdobispo.com.br\/?p=3264#breadcrumb"},"inLanguage":"pt-BR","potentialAction":[{"@type":"ReadAction","target":["https:\/\/blogdobispo.com.br\/?p=3264"]}]},{"@type":"ImageObject","inLanguage":"pt-BR","@id":"https:\/\/blogdobispo.com.br\/?p=3264#primaryimage","url":"https:\/\/blogdobispo.com.br\/wp-content\/uploads\/2024\/04\/img_6838-1.jpg","contentUrl":"https:\/\/blogdobispo.com.br\/wp-content\/uploads\/2024\/04\/img_6838-1.jpg"},{"@type":"BreadcrumbList","@id":"https:\/\/blogdobispo.com.br\/?p=3264#breadcrumb","itemListElement":[{"@type":"ListItem","position":1,"name":"In\u00edcio","item":"https:\/\/blogdobispo.com.br\/"},{"@type":"ListItem","position":2,"name":"Prefeito Taveira n\u00e3o aceitar\u00e1 \u201caliados\u201d apoiando Nilda em Parnamirim"}]},{"@type":"WebSite","@id":"https:\/\/blogdobispo.com.br\/#website","url":"https:\/\/blogdobispo.com.br\/","name":"Blog do Bispo","description":"Comprometido apenas com o leitor","publisher":{"@id":"https:\/\/blogdobispo.com.br\/#organization"},"potentialAction":[{"@type":"SearchAction","target":{"@type":"EntryPoint","urlTemplate":"https:\/\/blogdobispo.com.br\/?s={search_term_string}"},"query-input":{"@type":"PropertyValueSpecification","valueRequired":true,"valueName":"search_term_string"}}],"inLanguage":"pt-BR"},{"@type":"Organization","@id":"https:\/\/blogdobispo.com.br\/#organization","name":"Blog do Bispo","url":"https:\/\/blogdobispo.com.br\/","logo":{"@type":"ImageObject","inLanguage":"pt-BR","@id":"https:\/\/blogdobispo.com.br\/#\/schema\/logo\/image\/","url":"http:\/\/blogdobispo.com.br\/wp-content\/uploads\/2023\/05\/cropped-headear.png","contentUrl":"http:\/\/blogdobispo.com.br\/wp-content\/uploads\/2023\/05\/cropped-headear.png","width":1500,"height":399,"caption":"Blog do Bispo"},"image":{"@id":"https:\/\/blogdobispo.com.br\/#\/schema\/logo\/image\/"}},{"@type":"Person","@id":"https:\/\/blogdobispo.com.br\/#\/schema\/person\/e2209cc0e6cea5c5233d033e997b373f","name":"Jefferson Sterfeno","image":{"@type":"ImageObject","inLanguage":"pt-BR","@id":"https:\/\/blogdobispo.com.br\/#\/schema\/person\/image\/","url":"https:\/\/secure.gravatar.com\/avatar\/0534e84764641168a677026b6d57a3f51dc7ac4db0b4f6186d9cb330d4ee1160?s=96&d=mm&r=g","contentUrl":"https:\/\/secure.gravatar.com\/avatar\/0534e84764641168a677026b6d57a3f51dc7ac4db0b4f6186d9cb330d4ee1160?s=96&d=mm&r=g","caption":"Jefferson Sterfeno"},"sameAs":["http:\/\/blogdobispo.com.br"],"url":"https:\/\/blogdobispo.com.br\/?author=1"}]}},"featured_image_urls":{"full":"","thumbnail":"","medium":"","medium_large":"","large":"","1536x1536":"","2048x2048":""},"author_info":{"display_name":"Jefferson Sterfeno","author_link":"https:\/\/blogdobispo.com.br\/?author=1"},"category_info":"<a href=\"https:\/\/blogdobispo.com.br\/?cat=1\" rel=\"category\">diversos<\/a>","tag_info":"diversos","comment_count":"0","jetpack_featured_media_url":"","jetpack_sharing_enabled":true,"_links":{"self":[{"href":"https:\/\/blogdobispo.com.br\/index.php?rest_route=\/wp\/v2\/posts\/3264","targetHints":{"allow":["GET"]}}],"collection":[{"href":"https:\/\/blogdobispo.com.br\/index.php?rest_route=\/wp\/v2\/posts"}],"about":[{"href":"https:\/\/blogdobispo.com.br\/index.php?rest_route=\/wp\/v2\/types\/post"}],"author":[{"embeddable":true,"href":"https:\/\/blogdobispo.com.br\/index.php?rest_route=\/wp\/v2\/users\/1"}],"replies":[{"embeddable":true,"href":"https:\/\/blogdobispo.com.br\/index.php?rest_route=%2Fwp%2Fv2%2Fcomments&post=3264"}],"version-history":[{"count":0,"href":"https:\/\/blogdobispo.com.br\/index.php?rest_route=\/wp\/v2\/posts\/3264\/revisions"}],"wp:attachment":[{"href":"https:\/\/blogdobispo.com.br\/index.php?rest_route=%2Fwp%2Fv2%2Fmedia&parent=3264"}],"wp:term":[{"taxonomy":"category","embeddable":true,"href":"https:\/\/blogdobispo.com.br\/index.php?rest_route=%2Fwp%2Fv2%2Fcategories&post=3264"},{"taxonomy":"post_tag","embeddable":true,"href":"https:\/\/blogdobispo.com.br\/index.php?rest_route=%2Fwp%2Fv2%2Ftags&post=3264"}],"curies":[{"name":"wp","href":"https:\/\/api.w.org\/{rel}","templated":true}]}}