{"id":3238,"date":"2024-04-18T02:59:48","date_gmt":"2024-04-18T02:59:48","guid":{"rendered":"https:\/\/blogdobispo.com.br\/?p=3238"},"modified":"2024-04-18T02:59:48","modified_gmt":"2024-04-18T02:59:48","slug":"prefeitura-de-natal-abre-selecao-para-apoiar-reformas-em-cinemas-de-rua","status":"publish","type":"post","link":"https:\/\/blogdobispo.com.br\/?p=3238","title":{"rendered":"Prefeitura de Natal abre sele\u00e7\u00e3o para apoiar reformas em cinemas de&nbsp;rua"},"content":{"rendered":"\n<figure class=\"wp-block-image size-large\"><img data-recalc-dims=\"1\" fetchpriority=\"high\" decoding=\"async\" width=\"800\" height=\"600\" src=\"https:\/\/i0.wp.com\/blogdobispo.com.br\/wp-content\/uploads\/2024\/04\/capitania-das-artes-fachada-foto-joana-lima-1024x768.jpg?resize=800%2C600&#038;ssl=1\" class=\"wp-image-3237\" srcset=\"https:\/\/i0.wp.com\/blogdobispo.com.br\/wp-content\/uploads\/2024\/04\/capitania-das-artes-fachada-foto-joana-lima.jpg?resize=1024%2C768&amp;ssl=1 1024w, https:\/\/i0.wp.com\/blogdobispo.com.br\/wp-content\/uploads\/2024\/04\/capitania-das-artes-fachada-foto-joana-lima.jpg?resize=300%2C225&amp;ssl=1 300w, https:\/\/i0.wp.com\/blogdobispo.com.br\/wp-content\/uploads\/2024\/04\/capitania-das-artes-fachada-foto-joana-lima.jpg?resize=768%2C576&amp;ssl=1 768w, https:\/\/i0.wp.com\/blogdobispo.com.br\/wp-content\/uploads\/2024\/04\/capitania-das-artes-fachada-foto-joana-lima.jpg?w=1280&amp;ssl=1 1280w\" sizes=\"(max-width: 800px) 100vw, 800px\" \/><\/figure>\n\n\n\n<p>Uma \u00f3tima not\u00edcia para o segmento do audiovisual. A Prefeitura do&nbsp;Natal, atrav\u00e9s da Secretaria de Cultura de Natal (Secult-Funcarte), est\u00e1&nbsp;com inscri\u00e7\u00f5es abertas para os interessados em solicitar recursos para&nbsp;apoio financeiro para reformas, restauros, manuten\u00e7\u00e3o e&nbsp;funcionamento de salas de cinema de rua e de cinemas itinerantes.&nbsp;<\/p>\n\n\n\n<p>O valor destinando \u00e9 de R$ 170 mil para projetos selecionados em duas&nbsp;categorias distintas: Salas de Cinema e Cinemas Itinerantes. O segmento&nbsp;Audiovisual esperava ansiosamente pela publica\u00e7\u00e3o deste edital,&nbsp;concluindo assim a etapa de promo\u00e7\u00e3o das sele\u00e7\u00f5es p\u00fablicas destinadas&nbsp;\u00e0 libera\u00e7\u00e3o dos recursos da Lei Complementar n\u00ba 195, de 8 de julho de&nbsp;2022 (Lei Paulo Gustavo).&nbsp;<\/p>\n\n\n\n<p>Entende-se por cinemas itinerantes recintos destinados, ainda que n\u00e3o&nbsp;exclusivamente, ao servi\u00e7o de exibi\u00e7\u00e3o aberta ao p\u00fablico regular de&nbsp;obras audiovisuais para frui\u00e7\u00e3o coletiva, admitida a possibilidade de&nbsp;amplia\u00e7\u00e3o da voca\u00e7\u00e3o de outro espa\u00e7o cultural j\u00e1 existente e Salas de&nbsp;Cinema, recintos destinados, ainda que n\u00e3o exclusivamente, ao servi\u00e7o&nbsp;de exibi\u00e7\u00e3o aberta ao p\u00fablico regular de obras audiovisuais para frui\u00e7\u00e3o&nbsp;coletiva, admitida a possibilidade de amplia\u00e7\u00e3o da voca\u00e7\u00e3o de outro&nbsp;espa\u00e7o cultural j\u00e1 existente (Decreto n\u00ba 11.525\/2023, Art. 3\u00ba, \u00a7 5\u00ba).&nbsp;<\/p>\n\n\n\n<p>Poder\u00e3o participar Pessoas F\u00edsicas, Jur\u00eddicas de Direito Privado (incluindo&nbsp;MEI), com ou sem fins lucrativos, com sede e foro em Natal e com&nbsp;inscri\u00e7\u00e3o no CMEC (Cadastro Municipal de Entidades Culturais) ou em&nbsp;outros cadastros culturais da federa\u00e7\u00e3o. Obedecendo aos crit\u00e9rios e&nbsp;exig\u00eancias contidos no referido cadastro e que concentrem suas&nbsp;atividades no campo do audiovisual.&nbsp;<\/p>\n\n\n\n<p>A sele\u00e7\u00e3o P\u00fablica para apoio financeiro a reformas, a restauros, a&nbsp;manuten\u00e7\u00e3o e funcionamento de cinemas de rua p\u00fablicos ou privados e&nbsp;de cinemas itinerantes conclui o cronograma, atendendo aos&nbsp;realizadores e gestores das categorias dispon\u00edveis. &nbsp;<\/p>\n\n\n\n<p>Para participar, \u00e9 preciso ler atentamente as determina\u00e7\u00f5es contidas na&nbsp;Sele\u00e7\u00e3o P\u00fablica e apresentar o respectivo projeto atrav\u00e9s de inscri\u00e7\u00e3o&nbsp;online. O Munic\u00edpio de Natal mant\u00e9m o compromisso de cumprir com a&nbsp;<\/p>\n\n\n\n<hr class=\"wp-block-separator has-alpha-channel-opacity\"\/>\n\n\n\n<p>2 \/ 2<\/p>\n\n\n\n<p>valoriza\u00e7\u00e3o e o fortalecimento do audiovisual pactuando junto \u00e0 Uni\u00e3o&nbsp;na promo\u00e7\u00e3o das condi\u00e7\u00f5es para o surgimento de filmes, s\u00e9ries, games,&nbsp;roteiros, qualifica\u00e7\u00e3o t\u00e9cnica, pesquisa, mem\u00f3ria, produtos digitais,&nbsp;v\u00eddeo arte entre tantos que beneficiar\u00e3o \u00e0 popula\u00e7\u00e3o do Munic\u00edpio,&nbsp;reconhecendo o valor dos profissionais do segmento. &nbsp;<\/p>\n\n\n\n<p>O Munic\u00edpio \u00e9 destaque em v\u00e1rios festivais nacionais e internacionais&nbsp;atrav\u00e9s da premia\u00e7\u00e3o de produ\u00e7\u00f5es que contaram com o apoio de&nbsp;recursos locais do CineNatal e continuar\u00e1 fortalecida com as novas&nbsp;produ\u00e7\u00f5es e produtos que est\u00e3o sendo realizados atrav\u00e9s da Lei Paulo&nbsp;Gustavo com o apoio do Governo Federal. &nbsp;&nbsp;<\/p>\n\n\n\n<p>A Secult\/Funcarte concluiu as demais linhas de apoio previstas para o&nbsp;audiovisual atrav\u00e9s da sele\u00e7\u00e3o p\u00fablica n\u00ba 024\/2023 \u2013 Apoio financeiro&nbsp;ao audiovisual do Munic\u00edpio de Natal atrav\u00e9s da Lei Complementar n\u00ba&nbsp;195, de 8 de julho de 2022, Lei Paulo Gustavo, lan\u00e7ada em outubro de&nbsp;2023, contemplando projetos culturais selecionados em 17 linhas de&nbsp;interesses diversos no campo da produ\u00e7\u00e3o, finaliza\u00e7\u00e3o, roteiro, pesquisa,&nbsp;cineclubes capacita\u00e7\u00e3o, mostras, festivais, produ\u00e7\u00e3o de curtas&nbsp;metragens, games, mem\u00f3ria, acessibilidade, entre outras. Todos os&nbsp;proponentes selecionados j\u00e1 receberam os recursos para realizarem&nbsp;seus projetos com prazo de at\u00e9 um ano.&nbsp;<\/p>\n","protected":false},"excerpt":{"rendered":"<p>Uma \u00f3tima not\u00edcia para o segmento do audiovisual. A Prefeitura do&nbsp;Natal, atrav\u00e9s da Secretaria de Cultura de Natal (Secult-Funcarte), est\u00e1&nbsp;com inscri\u00e7\u00f5es abertas para os interessados em solicitar recursos para&nbsp;apoio financeiro para reformas, restauros, manuten\u00e7\u00e3o e&nbsp;funcionamento de salas de cinema de rua e de cinemas itinerantes.&nbsp; O valor destinando \u00e9 de R$ 170 mil para projetos [&hellip;]<\/p>\n","protected":false},"author":1,"featured_media":0,"comment_status":"open","ping_status":"open","sticky":false,"template":"","format":"standard","meta":{"cybocfi_hide_featured_image":"","_jetpack_memberships_contains_paid_content":false,"footnotes":""},"categories":[1],"tags":[],"class_list":["post-3238","post","type-post","status-publish","format-standard","hentry","category-diversos"],"yoast_head":"<!-- This site is optimized with the Yoast SEO plugin v25.6 - https:\/\/yoast.com\/wordpress\/plugins\/seo\/ -->\n<title>Prefeitura de Natal abre sele\u00e7\u00e3o para apoiar reformas em cinemas de&nbsp;rua - Blog do Bispo<\/title>\n<meta name=\"robots\" content=\"index, follow, max-snippet:-1, max-image-preview:large, max-video-preview:-1\" \/>\n<link rel=\"canonical\" href=\"https:\/\/blogdobispo.com.br\/?p=3238\" \/>\n<meta property=\"og:locale\" content=\"pt_BR\" \/>\n<meta property=\"og:type\" content=\"article\" \/>\n<meta property=\"og:title\" content=\"Prefeitura de Natal abre sele\u00e7\u00e3o para apoiar reformas em cinemas de&nbsp;rua - Blog do Bispo\" \/>\n<meta property=\"og:description\" content=\"Uma \u00f3tima not\u00edcia para o segmento do audiovisual. A Prefeitura do&nbsp;Natal, atrav\u00e9s da Secretaria de Cultura de Natal (Secult-Funcarte), est\u00e1&nbsp;com inscri\u00e7\u00f5es abertas para os interessados em solicitar recursos para&nbsp;apoio financeiro para reformas, restauros, manuten\u00e7\u00e3o e&nbsp;funcionamento de salas de cinema de rua e de cinemas itinerantes.&nbsp; O valor destinando \u00e9 de R$ 170 mil para projetos [&hellip;]\" \/>\n<meta property=\"og:url\" content=\"https:\/\/blogdobispo.com.br\/?p=3238\" \/>\n<meta property=\"og:site_name\" content=\"Blog do Bispo\" \/>\n<meta property=\"article:published_time\" content=\"2024-04-18T02:59:48+00:00\" \/>\n<meta property=\"og:image\" content=\"https:\/\/blogdobispo.com.br\/wp-content\/uploads\/2024\/04\/capitania-das-artes-fachada-foto-joana-lima-1024x768.jpg\" \/>\n<meta name=\"author\" content=\"Jefferson Sterfeno\" \/>\n<meta name=\"twitter:card\" content=\"summary_large_image\" \/>\n<meta name=\"twitter:label1\" content=\"Escrito por\" \/>\n\t<meta name=\"twitter:data1\" content=\"Jefferson Sterfeno\" \/>\n\t<meta name=\"twitter:label2\" content=\"Est. tempo de leitura\" \/>\n\t<meta name=\"twitter:data2\" content=\"3 minutos\" \/>\n<script type=\"application\/ld+json\" class=\"yoast-schema-graph\">{\"@context\":\"https:\/\/schema.org\",\"@graph\":[{\"@type\":\"Article\",\"@id\":\"https:\/\/blogdobispo.com.br\/?p=3238#article\",\"isPartOf\":{\"@id\":\"https:\/\/blogdobispo.com.br\/?p=3238\"},\"author\":{\"name\":\"Jefferson Sterfeno\",\"@id\":\"https:\/\/blogdobispo.com.br\/#\/schema\/person\/e2209cc0e6cea5c5233d033e997b373f\"},\"headline\":\"Prefeitura de Natal abre sele\u00e7\u00e3o para apoiar reformas em cinemas de&nbsp;rua\",\"datePublished\":\"2024-04-18T02:59:48+00:00\",\"mainEntityOfPage\":{\"@id\":\"https:\/\/blogdobispo.com.br\/?p=3238\"},\"wordCount\":623,\"commentCount\":0,\"publisher\":{\"@id\":\"https:\/\/blogdobispo.com.br\/#organization\"},\"image\":{\"@id\":\"https:\/\/blogdobispo.com.br\/?p=3238#primaryimage\"},\"thumbnailUrl\":\"https:\/\/blogdobispo.com.br\/wp-content\/uploads\/2024\/04\/capitania-das-artes-fachada-foto-joana-lima-1024x768.jpg\",\"articleSection\":[\"diversos\"],\"inLanguage\":\"pt-BR\",\"potentialAction\":[{\"@type\":\"CommentAction\",\"name\":\"Comment\",\"target\":[\"https:\/\/blogdobispo.com.br\/?p=3238#respond\"]}]},{\"@type\":\"WebPage\",\"@id\":\"https:\/\/blogdobispo.com.br\/?p=3238\",\"url\":\"https:\/\/blogdobispo.com.br\/?p=3238\",\"name\":\"Prefeitura de Natal abre sele\u00e7\u00e3o para apoiar reformas em cinemas de&nbsp;rua - Blog do Bispo\",\"isPartOf\":{\"@id\":\"https:\/\/blogdobispo.com.br\/#website\"},\"primaryImageOfPage\":{\"@id\":\"https:\/\/blogdobispo.com.br\/?p=3238#primaryimage\"},\"image\":{\"@id\":\"https:\/\/blogdobispo.com.br\/?p=3238#primaryimage\"},\"thumbnailUrl\":\"https:\/\/blogdobispo.com.br\/wp-content\/uploads\/2024\/04\/capitania-das-artes-fachada-foto-joana-lima-1024x768.jpg\",\"datePublished\":\"2024-04-18T02:59:48+00:00\",\"breadcrumb\":{\"@id\":\"https:\/\/blogdobispo.com.br\/?p=3238#breadcrumb\"},\"inLanguage\":\"pt-BR\",\"potentialAction\":[{\"@type\":\"ReadAction\",\"target\":[\"https:\/\/blogdobispo.com.br\/?p=3238\"]}]},{\"@type\":\"ImageObject\",\"inLanguage\":\"pt-BR\",\"@id\":\"https:\/\/blogdobispo.com.br\/?p=3238#primaryimage\",\"url\":\"https:\/\/blogdobispo.com.br\/wp-content\/uploads\/2024\/04\/capitania-das-artes-fachada-foto-joana-lima-1024x768.jpg\",\"contentUrl\":\"https:\/\/blogdobispo.com.br\/wp-content\/uploads\/2024\/04\/capitania-das-artes-fachada-foto-joana-lima-1024x768.jpg\"},{\"@type\":\"BreadcrumbList\",\"@id\":\"https:\/\/blogdobispo.com.br\/?p=3238#breadcrumb\",\"itemListElement\":[{\"@type\":\"ListItem\",\"position\":1,\"name\":\"In\u00edcio\",\"item\":\"https:\/\/blogdobispo.com.br\/\"},{\"@type\":\"ListItem\",\"position\":2,\"name\":\"Prefeitura de Natal abre sele\u00e7\u00e3o para apoiar reformas em cinemas de&nbsp;rua\"}]},{\"@type\":\"WebSite\",\"@id\":\"https:\/\/blogdobispo.com.br\/#website\",\"url\":\"https:\/\/blogdobispo.com.br\/\",\"name\":\"Blog do Bispo\",\"description\":\"Comprometido apenas com o leitor\",\"publisher\":{\"@id\":\"https:\/\/blogdobispo.com.br\/#organization\"},\"potentialAction\":[{\"@type\":\"SearchAction\",\"target\":{\"@type\":\"EntryPoint\",\"urlTemplate\":\"https:\/\/blogdobispo.com.br\/?s={search_term_string}\"},\"query-input\":{\"@type\":\"PropertyValueSpecification\",\"valueRequired\":true,\"valueName\":\"search_term_string\"}}],\"inLanguage\":\"pt-BR\"},{\"@type\":\"Organization\",\"@id\":\"https:\/\/blogdobispo.com.br\/#organization\",\"name\":\"Blog do Bispo\",\"url\":\"https:\/\/blogdobispo.com.br\/\",\"logo\":{\"@type\":\"ImageObject\",\"inLanguage\":\"pt-BR\",\"@id\":\"https:\/\/blogdobispo.com.br\/#\/schema\/logo\/image\/\",\"url\":\"http:\/\/blogdobispo.com.br\/wp-content\/uploads\/2023\/05\/cropped-headear.png\",\"contentUrl\":\"http:\/\/blogdobispo.com.br\/wp-content\/uploads\/2023\/05\/cropped-headear.png\",\"width\":1500,\"height\":399,\"caption\":\"Blog do Bispo\"},\"image\":{\"@id\":\"https:\/\/blogdobispo.com.br\/#\/schema\/logo\/image\/\"}},{\"@type\":\"Person\",\"@id\":\"https:\/\/blogdobispo.com.br\/#\/schema\/person\/e2209cc0e6cea5c5233d033e997b373f\",\"name\":\"Jefferson Sterfeno\",\"image\":{\"@type\":\"ImageObject\",\"inLanguage\":\"pt-BR\",\"@id\":\"https:\/\/blogdobispo.com.br\/#\/schema\/person\/image\/\",\"url\":\"https:\/\/secure.gravatar.com\/avatar\/0534e84764641168a677026b6d57a3f51dc7ac4db0b4f6186d9cb330d4ee1160?s=96&d=mm&r=g\",\"contentUrl\":\"https:\/\/secure.gravatar.com\/avatar\/0534e84764641168a677026b6d57a3f51dc7ac4db0b4f6186d9cb330d4ee1160?s=96&d=mm&r=g\",\"caption\":\"Jefferson Sterfeno\"},\"sameAs\":[\"http:\/\/blogdobispo.com.br\"],\"url\":\"https:\/\/blogdobispo.com.br\/?author=1\"}]}<\/script>\n<!-- \/ Yoast SEO plugin. -->","yoast_head_json":{"title":"Prefeitura de Natal abre sele\u00e7\u00e3o para apoiar reformas em cinemas de&nbsp;rua - Blog do Bispo","robots":{"index":"index","follow":"follow","max-snippet":"max-snippet:-1","max-image-preview":"max-image-preview:large","max-video-preview":"max-video-preview:-1"},"canonical":"https:\/\/blogdobispo.com.br\/?p=3238","og_locale":"pt_BR","og_type":"article","og_title":"Prefeitura de Natal abre sele\u00e7\u00e3o para apoiar reformas em cinemas de&nbsp;rua - Blog do Bispo","og_description":"Uma \u00f3tima not\u00edcia para o segmento do audiovisual. A Prefeitura do&nbsp;Natal, atrav\u00e9s da Secretaria de Cultura de Natal (Secult-Funcarte), est\u00e1&nbsp;com inscri\u00e7\u00f5es abertas para os interessados em solicitar recursos para&nbsp;apoio financeiro para reformas, restauros, manuten\u00e7\u00e3o e&nbsp;funcionamento de salas de cinema de rua e de cinemas itinerantes.&nbsp; O valor destinando \u00e9 de R$ 170 mil para projetos [&hellip;]","og_url":"https:\/\/blogdobispo.com.br\/?p=3238","og_site_name":"Blog do Bispo","article_published_time":"2024-04-18T02:59:48+00:00","og_image":[{"url":"https:\/\/blogdobispo.com.br\/wp-content\/uploads\/2024\/04\/capitania-das-artes-fachada-foto-joana-lima-1024x768.jpg","type":"","width":"","height":""}],"author":"Jefferson Sterfeno","twitter_card":"summary_large_image","twitter_misc":{"Escrito por":"Jefferson Sterfeno","Est. tempo de leitura":"3 minutos"},"schema":{"@context":"https:\/\/schema.org","@graph":[{"@type":"Article","@id":"https:\/\/blogdobispo.com.br\/?p=3238#article","isPartOf":{"@id":"https:\/\/blogdobispo.com.br\/?p=3238"},"author":{"name":"Jefferson Sterfeno","@id":"https:\/\/blogdobispo.com.br\/#\/schema\/person\/e2209cc0e6cea5c5233d033e997b373f"},"headline":"Prefeitura de Natal abre sele\u00e7\u00e3o para apoiar reformas em cinemas de&nbsp;rua","datePublished":"2024-04-18T02:59:48+00:00","mainEntityOfPage":{"@id":"https:\/\/blogdobispo.com.br\/?p=3238"},"wordCount":623,"commentCount":0,"publisher":{"@id":"https:\/\/blogdobispo.com.br\/#organization"},"image":{"@id":"https:\/\/blogdobispo.com.br\/?p=3238#primaryimage"},"thumbnailUrl":"https:\/\/blogdobispo.com.br\/wp-content\/uploads\/2024\/04\/capitania-das-artes-fachada-foto-joana-lima-1024x768.jpg","articleSection":["diversos"],"inLanguage":"pt-BR","potentialAction":[{"@type":"CommentAction","name":"Comment","target":["https:\/\/blogdobispo.com.br\/?p=3238#respond"]}]},{"@type":"WebPage","@id":"https:\/\/blogdobispo.com.br\/?p=3238","url":"https:\/\/blogdobispo.com.br\/?p=3238","name":"Prefeitura de Natal abre sele\u00e7\u00e3o para apoiar reformas em cinemas de&nbsp;rua - Blog do Bispo","isPartOf":{"@id":"https:\/\/blogdobispo.com.br\/#website"},"primaryImageOfPage":{"@id":"https:\/\/blogdobispo.com.br\/?p=3238#primaryimage"},"image":{"@id":"https:\/\/blogdobispo.com.br\/?p=3238#primaryimage"},"thumbnailUrl":"https:\/\/blogdobispo.com.br\/wp-content\/uploads\/2024\/04\/capitania-das-artes-fachada-foto-joana-lima-1024x768.jpg","datePublished":"2024-04-18T02:59:48+00:00","breadcrumb":{"@id":"https:\/\/blogdobispo.com.br\/?p=3238#breadcrumb"},"inLanguage":"pt-BR","potentialAction":[{"@type":"ReadAction","target":["https:\/\/blogdobispo.com.br\/?p=3238"]}]},{"@type":"ImageObject","inLanguage":"pt-BR","@id":"https:\/\/blogdobispo.com.br\/?p=3238#primaryimage","url":"https:\/\/blogdobispo.com.br\/wp-content\/uploads\/2024\/04\/capitania-das-artes-fachada-foto-joana-lima-1024x768.jpg","contentUrl":"https:\/\/blogdobispo.com.br\/wp-content\/uploads\/2024\/04\/capitania-das-artes-fachada-foto-joana-lima-1024x768.jpg"},{"@type":"BreadcrumbList","@id":"https:\/\/blogdobispo.com.br\/?p=3238#breadcrumb","itemListElement":[{"@type":"ListItem","position":1,"name":"In\u00edcio","item":"https:\/\/blogdobispo.com.br\/"},{"@type":"ListItem","position":2,"name":"Prefeitura de Natal abre sele\u00e7\u00e3o para apoiar reformas em cinemas de&nbsp;rua"}]},{"@type":"WebSite","@id":"https:\/\/blogdobispo.com.br\/#website","url":"https:\/\/blogdobispo.com.br\/","name":"Blog do Bispo","description":"Comprometido apenas com o leitor","publisher":{"@id":"https:\/\/blogdobispo.com.br\/#organization"},"potentialAction":[{"@type":"SearchAction","target":{"@type":"EntryPoint","urlTemplate":"https:\/\/blogdobispo.com.br\/?s={search_term_string}"},"query-input":{"@type":"PropertyValueSpecification","valueRequired":true,"valueName":"search_term_string"}}],"inLanguage":"pt-BR"},{"@type":"Organization","@id":"https:\/\/blogdobispo.com.br\/#organization","name":"Blog do Bispo","url":"https:\/\/blogdobispo.com.br\/","logo":{"@type":"ImageObject","inLanguage":"pt-BR","@id":"https:\/\/blogdobispo.com.br\/#\/schema\/logo\/image\/","url":"http:\/\/blogdobispo.com.br\/wp-content\/uploads\/2023\/05\/cropped-headear.png","contentUrl":"http:\/\/blogdobispo.com.br\/wp-content\/uploads\/2023\/05\/cropped-headear.png","width":1500,"height":399,"caption":"Blog do Bispo"},"image":{"@id":"https:\/\/blogdobispo.com.br\/#\/schema\/logo\/image\/"}},{"@type":"Person","@id":"https:\/\/blogdobispo.com.br\/#\/schema\/person\/e2209cc0e6cea5c5233d033e997b373f","name":"Jefferson Sterfeno","image":{"@type":"ImageObject","inLanguage":"pt-BR","@id":"https:\/\/blogdobispo.com.br\/#\/schema\/person\/image\/","url":"https:\/\/secure.gravatar.com\/avatar\/0534e84764641168a677026b6d57a3f51dc7ac4db0b4f6186d9cb330d4ee1160?s=96&d=mm&r=g","contentUrl":"https:\/\/secure.gravatar.com\/avatar\/0534e84764641168a677026b6d57a3f51dc7ac4db0b4f6186d9cb330d4ee1160?s=96&d=mm&r=g","caption":"Jefferson Sterfeno"},"sameAs":["http:\/\/blogdobispo.com.br"],"url":"https:\/\/blogdobispo.com.br\/?author=1"}]}},"featured_image_urls":{"full":"","thumbnail":"","medium":"","medium_large":"","large":"","1536x1536":"","2048x2048":""},"author_info":{"display_name":"Jefferson Sterfeno","author_link":"https:\/\/blogdobispo.com.br\/?author=1"},"category_info":"<a href=\"https:\/\/blogdobispo.com.br\/?cat=1\" rel=\"category\">diversos<\/a>","tag_info":"diversos","comment_count":"0","jetpack_featured_media_url":"","jetpack_sharing_enabled":true,"_links":{"self":[{"href":"https:\/\/blogdobispo.com.br\/index.php?rest_route=\/wp\/v2\/posts\/3238","targetHints":{"allow":["GET"]}}],"collection":[{"href":"https:\/\/blogdobispo.com.br\/index.php?rest_route=\/wp\/v2\/posts"}],"about":[{"href":"https:\/\/blogdobispo.com.br\/index.php?rest_route=\/wp\/v2\/types\/post"}],"author":[{"embeddable":true,"href":"https:\/\/blogdobispo.com.br\/index.php?rest_route=\/wp\/v2\/users\/1"}],"replies":[{"embeddable":true,"href":"https:\/\/blogdobispo.com.br\/index.php?rest_route=%2Fwp%2Fv2%2Fcomments&post=3238"}],"version-history":[{"count":0,"href":"https:\/\/blogdobispo.com.br\/index.php?rest_route=\/wp\/v2\/posts\/3238\/revisions"}],"wp:attachment":[{"href":"https:\/\/blogdobispo.com.br\/index.php?rest_route=%2Fwp%2Fv2%2Fmedia&parent=3238"}],"wp:term":[{"taxonomy":"category","embeddable":true,"href":"https:\/\/blogdobispo.com.br\/index.php?rest_route=%2Fwp%2Fv2%2Fcategories&post=3238"},{"taxonomy":"post_tag","embeddable":true,"href":"https:\/\/blogdobispo.com.br\/index.php?rest_route=%2Fwp%2Fv2%2Ftags&post=3238"}],"curies":[{"name":"wp","href":"https:\/\/api.w.org\/{rel}","templated":true}]}}