{"id":3224,"date":"2024-04-15T14:40:47","date_gmt":"2024-04-15T14:40:47","guid":{"rendered":"https:\/\/blogdobispo.com.br\/?p=3224"},"modified":"2024-04-15T14:40:47","modified_gmt":"2024-04-15T14:40:47","slug":"sao-goncalo-e-destaque-na-cobertura-vacinal-no-dia-d-contra-gripe","status":"publish","type":"post","link":"https:\/\/blogdobispo.com.br\/?p=3224","title":{"rendered":"S\u00e3o Gon\u00e7alo \u00e9 destaque na cobertura vacinal no dia D contra gripe"},"content":{"rendered":"\n<figure class=\"wp-block-image size-large\"><img data-recalc-dims=\"1\" fetchpriority=\"high\" decoding=\"async\" width=\"800\" height=\"534\" src=\"https:\/\/i0.wp.com\/blogdobispo.com.br\/wp-content\/uploads\/2024\/04\/e8918ed9-8ef2-4eca-99b8-d4ac4eff2ca9-1-1024x683.jpg?resize=800%2C534&#038;ssl=1\" class=\"wp-image-3223\" srcset=\"https:\/\/i0.wp.com\/blogdobispo.com.br\/wp-content\/uploads\/2024\/04\/e8918ed9-8ef2-4eca-99b8-d4ac4eff2ca9-1.jpg?resize=1024%2C683&amp;ssl=1 1024w, https:\/\/i0.wp.com\/blogdobispo.com.br\/wp-content\/uploads\/2024\/04\/e8918ed9-8ef2-4eca-99b8-d4ac4eff2ca9-1.jpg?resize=300%2C200&amp;ssl=1 300w, https:\/\/i0.wp.com\/blogdobispo.com.br\/wp-content\/uploads\/2024\/04\/e8918ed9-8ef2-4eca-99b8-d4ac4eff2ca9-1.jpg?resize=768%2C512&amp;ssl=1 768w, https:\/\/i0.wp.com\/blogdobispo.com.br\/wp-content\/uploads\/2024\/04\/e8918ed9-8ef2-4eca-99b8-d4ac4eff2ca9-1.jpg?resize=1536%2C1024&amp;ssl=1 1536w, https:\/\/i0.wp.com\/blogdobispo.com.br\/wp-content\/uploads\/2024\/04\/e8918ed9-8ef2-4eca-99b8-d4ac4eff2ca9-1.jpg?w=1599&amp;ssl=1 1599w\" sizes=\"(max-width: 800px) 100vw, 800px\" \/><\/figure>\n\n\n\n<p><br><\/p>\n\n\n\n<p>Com todas as unidades de sa\u00fade abertas no \u00faltimo s\u00e1bado (13) o dia D de Vacina\u00e7\u00e3o em S\u00e3o Gon\u00e7alo foi um sucesso. O munic\u00edpio alcan\u00e7ou a terceira posi\u00e7\u00e3o com maior cobertura vacinal contra gripe do estado. Somente neste s\u00e1bado foram aplicadas 1.833 doses para os grupos priorit\u00e1rios nesta campanha nacional. O resultado disso \u00e9 fruto do empenho e dedica\u00e7\u00e3o dos mais de 240 profissionais envolvidos durante todo o dia em S\u00e3o Gon\u00e7alo. As equipes de vacina\u00e7\u00e3o n\u00e3o mediram esfor\u00e7os para trabalhar dnas unidades b\u00e1sicas de sa\u00fade que&nbsp;atendeu&nbsp;a popula\u00e7\u00e3o das 8h \u00e0s 17h.<\/p>\n\n\n\n<p>&nbsp;<\/p>\n\n\n\n<p>A secretaria de Sa\u00fade recomenda \u00e0 popula\u00e7\u00e3o do grupo priorit\u00e1rio que ainda n\u00e3o recebeu a dose da vacina que combate o v\u00edrus da gripe, que procure a UBS durante a semana de segunda \u00e0 sexta-feira,no hor\u00e1rio das 7h \u00e0s 16h. \u201cTodas as nossas unidades de sa\u00fade de S\u00e3o Gon\u00e7alo do Amarante est\u00e3o abastecidas com as doses que v\u00e3o proteger nossa popula\u00e7\u00e3o contra a gripe. Nossas equipes de vacina\u00e7\u00e3o est\u00e3o \u00e0 disposi\u00e7\u00e3o durante toda semana. Ent\u00e3o, procure a unidade mais pr\u00f3xima da sua casa e vacine-se!\u201d, destacou a secret\u00e1ria municipal de Sa\u00fade, Renata Nascimento.<\/p>\n\n\n\n<p>&nbsp;<\/p>\n\n\n\n<p>Mas quem pode se vacinar de acordo com a determina\u00e7\u00e3o do Minist\u00e9rio da Sa\u00fade?<\/p>\n\n\n\n<p>\u25cf&nbsp;Crian\u00e7as de 6 meses a menores de 6 anos;<br \/>\u200b<\/p>\n\n\n\n<p>\u25cf&nbsp;Crian\u00e7as ind\u00edgenas de 6 meses a menores de 9 anos;<br \/>\u200b<\/p>\n\n\n\n<p>\u25cf&nbsp;Trabalhadores da Sa\u00fade;<br \/>\u200b<\/p>\n\n\n\n<p>\u25cf&nbsp;Gestantes;<br \/>\u200b<\/p>\n\n\n\n<p>\u25cf&nbsp;Pu\u00e9rperas;<br \/>\u200b<\/p>\n\n\n\n<p>\u25cf&nbsp;Professores dos ensinos b\u00e1sico e superior;<br \/>\u200b<\/p>\n\n\n\n<p>\u25cf&nbsp;Povos ind\u00edgenas;<br \/>\u200b<\/p>\n\n\n\n<p>\u25cf&nbsp;Idosos com 60 anos ou mais;<br \/>\u200b<\/p>\n\n\n\n<p>\u25cf&nbsp;Pessoas em situa\u00e7\u00e3o de rua;<br \/>\u200b<\/p>\n\n\n\n<p>\u25cf&nbsp;Profissionais das for\u00e7as de seguran\u00e7a e de salvamento;<br \/>\u200b<\/p>\n\n\n\n<p>\u25cf&nbsp;Profissionais das For\u00e7as Armadas;<br \/>\u200b<\/p>\n\n\n\n<p>\u25cf&nbsp;Pessoas com doen\u00e7as cr\u00f4nicas n\u00e3o transmiss\u00edveis e outras condi\u00e7\u00f5es cl\u00ednicas especiais (independentemente da idade);<br \/>\u200b<\/p>\n\n\n\n<p>\u25cf&nbsp;Pessoas com defici\u00eancia permanente;<br \/>\u200b<\/p>\n\n\n\n<p>\u25cf&nbsp;Caminhoneiros;<br \/>\u200b<\/p>\n\n\n\n<p>\u25cf&nbsp;Trabalhadores do transporte rodovi\u00e1rio coletivo (urbano e de longo curso);<br \/>\u200b<\/p>\n\n\n\n<p>\u25cf&nbsp;Trabalhadores portu\u00e1rios<br \/>\u200b<\/p>\n\n\n\n<p>\u25cf&nbsp;Funcion\u00e1rios do sistema de priva\u00e7\u00e3o de liberdade;<br \/>\u200b<\/p>\n\n\n\n<p>\u25cf&nbsp;Popula\u00e7\u00e3o privada de liberdade, al\u00e9m de adolescentes e jovens sob medidas socioeducativas (entre 12 e 21 anos).<\/p>\n\n\n\n<p>O Prefeito de S\u00e3o Gon\u00e7alo do Amarante, Eraldo Paiva (PT), enfatizou a import\u00e2ncia da vacina\u00e7\u00e3o contra a gripe, especialmente, neste momento em que a sa\u00fade p\u00fablica enfrenta desafios significativos: \u201cA vacina\u00e7\u00e3o \u00e9 uma das medidas mais eficazes para proteger nossa popula\u00e7\u00e3o contra a gripe e &nbsp;complica\u00e7\u00f5es. Convidamos todos os cidad\u00e3os dos grupos priorit\u00e1rios a comparecerem \u00e0s Unidades B\u00e1sicas de Sa\u00fade para receberem a vacina\u201d, declarou o chefe do executivo.<\/p>\n","protected":false},"excerpt":{"rendered":"<p>Com todas as unidades de sa\u00fade abertas no \u00faltimo s\u00e1bado (13) o dia D de Vacina\u00e7\u00e3o em S\u00e3o Gon\u00e7alo foi um sucesso. O munic\u00edpio alcan\u00e7ou a terceira posi\u00e7\u00e3o com maior cobertura vacinal contra gripe do estado. Somente neste s\u00e1bado foram aplicadas 1.833 doses para os grupos priorit\u00e1rios nesta campanha nacional. O resultado disso \u00e9 fruto [&hellip;]<\/p>\n","protected":false},"author":1,"featured_media":0,"comment_status":"open","ping_status":"open","sticky":false,"template":"","format":"standard","meta":{"cybocfi_hide_featured_image":"","_jetpack_memberships_contains_paid_content":false,"footnotes":""},"categories":[1],"tags":[],"class_list":["post-3224","post","type-post","status-publish","format-standard","hentry","category-diversos"],"yoast_head":"<!-- This site is optimized with the Yoast SEO plugin v25.6 - https:\/\/yoast.com\/wordpress\/plugins\/seo\/ -->\n<title>S\u00e3o Gon\u00e7alo \u00e9 destaque na cobertura vacinal no dia D contra gripe - Blog do Bispo<\/title>\n<meta name=\"robots\" content=\"index, follow, max-snippet:-1, max-image-preview:large, max-video-preview:-1\" \/>\n<link rel=\"canonical\" href=\"https:\/\/blogdobispo.com.br\/?p=3224\" \/>\n<meta property=\"og:locale\" content=\"pt_BR\" \/>\n<meta property=\"og:type\" content=\"article\" \/>\n<meta property=\"og:title\" content=\"S\u00e3o Gon\u00e7alo \u00e9 destaque na cobertura vacinal no dia D contra gripe - Blog do Bispo\" \/>\n<meta property=\"og:description\" content=\"Com todas as unidades de sa\u00fade abertas no \u00faltimo s\u00e1bado (13) o dia D de Vacina\u00e7\u00e3o em S\u00e3o Gon\u00e7alo foi um sucesso. O munic\u00edpio alcan\u00e7ou a terceira posi\u00e7\u00e3o com maior cobertura vacinal contra gripe do estado. Somente neste s\u00e1bado foram aplicadas 1.833 doses para os grupos priorit\u00e1rios nesta campanha nacional. O resultado disso \u00e9 fruto [&hellip;]\" \/>\n<meta property=\"og:url\" content=\"https:\/\/blogdobispo.com.br\/?p=3224\" \/>\n<meta property=\"og:site_name\" content=\"Blog do Bispo\" \/>\n<meta property=\"article:published_time\" content=\"2024-04-15T14:40:47+00:00\" \/>\n<meta property=\"og:image\" content=\"https:\/\/blogdobispo.com.br\/wp-content\/uploads\/2024\/04\/e8918ed9-8ef2-4eca-99b8-d4ac4eff2ca9-1-1024x683.jpg\" \/>\n<meta name=\"author\" content=\"Jefferson Sterfeno\" \/>\n<meta name=\"twitter:card\" content=\"summary_large_image\" \/>\n<meta name=\"twitter:label1\" content=\"Escrito por\" \/>\n\t<meta name=\"twitter:data1\" content=\"Jefferson Sterfeno\" \/>\n\t<meta name=\"twitter:label2\" content=\"Est. tempo de leitura\" \/>\n\t<meta name=\"twitter:data2\" content=\"2 minutos\" \/>\n<script type=\"application\/ld+json\" class=\"yoast-schema-graph\">{\"@context\":\"https:\/\/schema.org\",\"@graph\":[{\"@type\":\"Article\",\"@id\":\"https:\/\/blogdobispo.com.br\/?p=3224#article\",\"isPartOf\":{\"@id\":\"https:\/\/blogdobispo.com.br\/?p=3224\"},\"author\":{\"name\":\"Jefferson Sterfeno\",\"@id\":\"https:\/\/blogdobispo.com.br\/#\/schema\/person\/e2209cc0e6cea5c5233d033e997b373f\"},\"headline\":\"S\u00e3o Gon\u00e7alo \u00e9 destaque na cobertura vacinal no dia D contra gripe\",\"datePublished\":\"2024-04-15T14:40:47+00:00\",\"mainEntityOfPage\":{\"@id\":\"https:\/\/blogdobispo.com.br\/?p=3224\"},\"wordCount\":480,\"commentCount\":0,\"publisher\":{\"@id\":\"https:\/\/blogdobispo.com.br\/#organization\"},\"image\":{\"@id\":\"https:\/\/blogdobispo.com.br\/?p=3224#primaryimage\"},\"thumbnailUrl\":\"https:\/\/blogdobispo.com.br\/wp-content\/uploads\/2024\/04\/e8918ed9-8ef2-4eca-99b8-d4ac4eff2ca9-1-1024x683.jpg\",\"articleSection\":[\"diversos\"],\"inLanguage\":\"pt-BR\",\"potentialAction\":[{\"@type\":\"CommentAction\",\"name\":\"Comment\",\"target\":[\"https:\/\/blogdobispo.com.br\/?p=3224#respond\"]}]},{\"@type\":\"WebPage\",\"@id\":\"https:\/\/blogdobispo.com.br\/?p=3224\",\"url\":\"https:\/\/blogdobispo.com.br\/?p=3224\",\"name\":\"S\u00e3o Gon\u00e7alo \u00e9 destaque na cobertura vacinal no dia D contra gripe - Blog do Bispo\",\"isPartOf\":{\"@id\":\"https:\/\/blogdobispo.com.br\/#website\"},\"primaryImageOfPage\":{\"@id\":\"https:\/\/blogdobispo.com.br\/?p=3224#primaryimage\"},\"image\":{\"@id\":\"https:\/\/blogdobispo.com.br\/?p=3224#primaryimage\"},\"thumbnailUrl\":\"https:\/\/blogdobispo.com.br\/wp-content\/uploads\/2024\/04\/e8918ed9-8ef2-4eca-99b8-d4ac4eff2ca9-1-1024x683.jpg\",\"datePublished\":\"2024-04-15T14:40:47+00:00\",\"breadcrumb\":{\"@id\":\"https:\/\/blogdobispo.com.br\/?p=3224#breadcrumb\"},\"inLanguage\":\"pt-BR\",\"potentialAction\":[{\"@type\":\"ReadAction\",\"target\":[\"https:\/\/blogdobispo.com.br\/?p=3224\"]}]},{\"@type\":\"ImageObject\",\"inLanguage\":\"pt-BR\",\"@id\":\"https:\/\/blogdobispo.com.br\/?p=3224#primaryimage\",\"url\":\"https:\/\/blogdobispo.com.br\/wp-content\/uploads\/2024\/04\/e8918ed9-8ef2-4eca-99b8-d4ac4eff2ca9-1-1024x683.jpg\",\"contentUrl\":\"https:\/\/blogdobispo.com.br\/wp-content\/uploads\/2024\/04\/e8918ed9-8ef2-4eca-99b8-d4ac4eff2ca9-1-1024x683.jpg\"},{\"@type\":\"BreadcrumbList\",\"@id\":\"https:\/\/blogdobispo.com.br\/?p=3224#breadcrumb\",\"itemListElement\":[{\"@type\":\"ListItem\",\"position\":1,\"name\":\"In\u00edcio\",\"item\":\"https:\/\/blogdobispo.com.br\/\"},{\"@type\":\"ListItem\",\"position\":2,\"name\":\"S\u00e3o Gon\u00e7alo \u00e9 destaque na cobertura vacinal no dia D contra gripe\"}]},{\"@type\":\"WebSite\",\"@id\":\"https:\/\/blogdobispo.com.br\/#website\",\"url\":\"https:\/\/blogdobispo.com.br\/\",\"name\":\"Blog do Bispo\",\"description\":\"Comprometido apenas com o leitor\",\"publisher\":{\"@id\":\"https:\/\/blogdobispo.com.br\/#organization\"},\"potentialAction\":[{\"@type\":\"SearchAction\",\"target\":{\"@type\":\"EntryPoint\",\"urlTemplate\":\"https:\/\/blogdobispo.com.br\/?s={search_term_string}\"},\"query-input\":{\"@type\":\"PropertyValueSpecification\",\"valueRequired\":true,\"valueName\":\"search_term_string\"}}],\"inLanguage\":\"pt-BR\"},{\"@type\":\"Organization\",\"@id\":\"https:\/\/blogdobispo.com.br\/#organization\",\"name\":\"Blog do Bispo\",\"url\":\"https:\/\/blogdobispo.com.br\/\",\"logo\":{\"@type\":\"ImageObject\",\"inLanguage\":\"pt-BR\",\"@id\":\"https:\/\/blogdobispo.com.br\/#\/schema\/logo\/image\/\",\"url\":\"http:\/\/blogdobispo.com.br\/wp-content\/uploads\/2023\/05\/cropped-headear.png\",\"contentUrl\":\"http:\/\/blogdobispo.com.br\/wp-content\/uploads\/2023\/05\/cropped-headear.png\",\"width\":1500,\"height\":399,\"caption\":\"Blog do Bispo\"},\"image\":{\"@id\":\"https:\/\/blogdobispo.com.br\/#\/schema\/logo\/image\/\"}},{\"@type\":\"Person\",\"@id\":\"https:\/\/blogdobispo.com.br\/#\/schema\/person\/e2209cc0e6cea5c5233d033e997b373f\",\"name\":\"Jefferson Sterfeno\",\"image\":{\"@type\":\"ImageObject\",\"inLanguage\":\"pt-BR\",\"@id\":\"https:\/\/blogdobispo.com.br\/#\/schema\/person\/image\/\",\"url\":\"https:\/\/secure.gravatar.com\/avatar\/0534e84764641168a677026b6d57a3f51dc7ac4db0b4f6186d9cb330d4ee1160?s=96&d=mm&r=g\",\"contentUrl\":\"https:\/\/secure.gravatar.com\/avatar\/0534e84764641168a677026b6d57a3f51dc7ac4db0b4f6186d9cb330d4ee1160?s=96&d=mm&r=g\",\"caption\":\"Jefferson Sterfeno\"},\"sameAs\":[\"http:\/\/blogdobispo.com.br\"],\"url\":\"https:\/\/blogdobispo.com.br\/?author=1\"}]}<\/script>\n<!-- \/ Yoast SEO plugin. -->","yoast_head_json":{"title":"S\u00e3o Gon\u00e7alo \u00e9 destaque na cobertura vacinal no dia D contra gripe - Blog do Bispo","robots":{"index":"index","follow":"follow","max-snippet":"max-snippet:-1","max-image-preview":"max-image-preview:large","max-video-preview":"max-video-preview:-1"},"canonical":"https:\/\/blogdobispo.com.br\/?p=3224","og_locale":"pt_BR","og_type":"article","og_title":"S\u00e3o Gon\u00e7alo \u00e9 destaque na cobertura vacinal no dia D contra gripe - Blog do Bispo","og_description":"Com todas as unidades de sa\u00fade abertas no \u00faltimo s\u00e1bado (13) o dia D de Vacina\u00e7\u00e3o em S\u00e3o Gon\u00e7alo foi um sucesso. O munic\u00edpio alcan\u00e7ou a terceira posi\u00e7\u00e3o com maior cobertura vacinal contra gripe do estado. Somente neste s\u00e1bado foram aplicadas 1.833 doses para os grupos priorit\u00e1rios nesta campanha nacional. O resultado disso \u00e9 fruto [&hellip;]","og_url":"https:\/\/blogdobispo.com.br\/?p=3224","og_site_name":"Blog do Bispo","article_published_time":"2024-04-15T14:40:47+00:00","og_image":[{"url":"https:\/\/blogdobispo.com.br\/wp-content\/uploads\/2024\/04\/e8918ed9-8ef2-4eca-99b8-d4ac4eff2ca9-1-1024x683.jpg","type":"","width":"","height":""}],"author":"Jefferson Sterfeno","twitter_card":"summary_large_image","twitter_misc":{"Escrito por":"Jefferson Sterfeno","Est. tempo de leitura":"2 minutos"},"schema":{"@context":"https:\/\/schema.org","@graph":[{"@type":"Article","@id":"https:\/\/blogdobispo.com.br\/?p=3224#article","isPartOf":{"@id":"https:\/\/blogdobispo.com.br\/?p=3224"},"author":{"name":"Jefferson Sterfeno","@id":"https:\/\/blogdobispo.com.br\/#\/schema\/person\/e2209cc0e6cea5c5233d033e997b373f"},"headline":"S\u00e3o Gon\u00e7alo \u00e9 destaque na cobertura vacinal no dia D contra gripe","datePublished":"2024-04-15T14:40:47+00:00","mainEntityOfPage":{"@id":"https:\/\/blogdobispo.com.br\/?p=3224"},"wordCount":480,"commentCount":0,"publisher":{"@id":"https:\/\/blogdobispo.com.br\/#organization"},"image":{"@id":"https:\/\/blogdobispo.com.br\/?p=3224#primaryimage"},"thumbnailUrl":"https:\/\/blogdobispo.com.br\/wp-content\/uploads\/2024\/04\/e8918ed9-8ef2-4eca-99b8-d4ac4eff2ca9-1-1024x683.jpg","articleSection":["diversos"],"inLanguage":"pt-BR","potentialAction":[{"@type":"CommentAction","name":"Comment","target":["https:\/\/blogdobispo.com.br\/?p=3224#respond"]}]},{"@type":"WebPage","@id":"https:\/\/blogdobispo.com.br\/?p=3224","url":"https:\/\/blogdobispo.com.br\/?p=3224","name":"S\u00e3o Gon\u00e7alo \u00e9 destaque na cobertura vacinal no dia D contra gripe - Blog do Bispo","isPartOf":{"@id":"https:\/\/blogdobispo.com.br\/#website"},"primaryImageOfPage":{"@id":"https:\/\/blogdobispo.com.br\/?p=3224#primaryimage"},"image":{"@id":"https:\/\/blogdobispo.com.br\/?p=3224#primaryimage"},"thumbnailUrl":"https:\/\/blogdobispo.com.br\/wp-content\/uploads\/2024\/04\/e8918ed9-8ef2-4eca-99b8-d4ac4eff2ca9-1-1024x683.jpg","datePublished":"2024-04-15T14:40:47+00:00","breadcrumb":{"@id":"https:\/\/blogdobispo.com.br\/?p=3224#breadcrumb"},"inLanguage":"pt-BR","potentialAction":[{"@type":"ReadAction","target":["https:\/\/blogdobispo.com.br\/?p=3224"]}]},{"@type":"ImageObject","inLanguage":"pt-BR","@id":"https:\/\/blogdobispo.com.br\/?p=3224#primaryimage","url":"https:\/\/blogdobispo.com.br\/wp-content\/uploads\/2024\/04\/e8918ed9-8ef2-4eca-99b8-d4ac4eff2ca9-1-1024x683.jpg","contentUrl":"https:\/\/blogdobispo.com.br\/wp-content\/uploads\/2024\/04\/e8918ed9-8ef2-4eca-99b8-d4ac4eff2ca9-1-1024x683.jpg"},{"@type":"BreadcrumbList","@id":"https:\/\/blogdobispo.com.br\/?p=3224#breadcrumb","itemListElement":[{"@type":"ListItem","position":1,"name":"In\u00edcio","item":"https:\/\/blogdobispo.com.br\/"},{"@type":"ListItem","position":2,"name":"S\u00e3o Gon\u00e7alo \u00e9 destaque na cobertura vacinal no dia D contra gripe"}]},{"@type":"WebSite","@id":"https:\/\/blogdobispo.com.br\/#website","url":"https:\/\/blogdobispo.com.br\/","name":"Blog do Bispo","description":"Comprometido apenas com o leitor","publisher":{"@id":"https:\/\/blogdobispo.com.br\/#organization"},"potentialAction":[{"@type":"SearchAction","target":{"@type":"EntryPoint","urlTemplate":"https:\/\/blogdobispo.com.br\/?s={search_term_string}"},"query-input":{"@type":"PropertyValueSpecification","valueRequired":true,"valueName":"search_term_string"}}],"inLanguage":"pt-BR"},{"@type":"Organization","@id":"https:\/\/blogdobispo.com.br\/#organization","name":"Blog do Bispo","url":"https:\/\/blogdobispo.com.br\/","logo":{"@type":"ImageObject","inLanguage":"pt-BR","@id":"https:\/\/blogdobispo.com.br\/#\/schema\/logo\/image\/","url":"http:\/\/blogdobispo.com.br\/wp-content\/uploads\/2023\/05\/cropped-headear.png","contentUrl":"http:\/\/blogdobispo.com.br\/wp-content\/uploads\/2023\/05\/cropped-headear.png","width":1500,"height":399,"caption":"Blog do Bispo"},"image":{"@id":"https:\/\/blogdobispo.com.br\/#\/schema\/logo\/image\/"}},{"@type":"Person","@id":"https:\/\/blogdobispo.com.br\/#\/schema\/person\/e2209cc0e6cea5c5233d033e997b373f","name":"Jefferson Sterfeno","image":{"@type":"ImageObject","inLanguage":"pt-BR","@id":"https:\/\/blogdobispo.com.br\/#\/schema\/person\/image\/","url":"https:\/\/secure.gravatar.com\/avatar\/0534e84764641168a677026b6d57a3f51dc7ac4db0b4f6186d9cb330d4ee1160?s=96&d=mm&r=g","contentUrl":"https:\/\/secure.gravatar.com\/avatar\/0534e84764641168a677026b6d57a3f51dc7ac4db0b4f6186d9cb330d4ee1160?s=96&d=mm&r=g","caption":"Jefferson Sterfeno"},"sameAs":["http:\/\/blogdobispo.com.br"],"url":"https:\/\/blogdobispo.com.br\/?author=1"}]}},"featured_image_urls":{"full":"","thumbnail":"","medium":"","medium_large":"","large":"","1536x1536":"","2048x2048":""},"author_info":{"display_name":"Jefferson Sterfeno","author_link":"https:\/\/blogdobispo.com.br\/?author=1"},"category_info":"<a href=\"https:\/\/blogdobispo.com.br\/?cat=1\" rel=\"category\">diversos<\/a>","tag_info":"diversos","comment_count":"0","jetpack_featured_media_url":"","jetpack_sharing_enabled":true,"_links":{"self":[{"href":"https:\/\/blogdobispo.com.br\/index.php?rest_route=\/wp\/v2\/posts\/3224","targetHints":{"allow":["GET"]}}],"collection":[{"href":"https:\/\/blogdobispo.com.br\/index.php?rest_route=\/wp\/v2\/posts"}],"about":[{"href":"https:\/\/blogdobispo.com.br\/index.php?rest_route=\/wp\/v2\/types\/post"}],"author":[{"embeddable":true,"href":"https:\/\/blogdobispo.com.br\/index.php?rest_route=\/wp\/v2\/users\/1"}],"replies":[{"embeddable":true,"href":"https:\/\/blogdobispo.com.br\/index.php?rest_route=%2Fwp%2Fv2%2Fcomments&post=3224"}],"version-history":[{"count":0,"href":"https:\/\/blogdobispo.com.br\/index.php?rest_route=\/wp\/v2\/posts\/3224\/revisions"}],"wp:attachment":[{"href":"https:\/\/blogdobispo.com.br\/index.php?rest_route=%2Fwp%2Fv2%2Fmedia&parent=3224"}],"wp:term":[{"taxonomy":"category","embeddable":true,"href":"https:\/\/blogdobispo.com.br\/index.php?rest_route=%2Fwp%2Fv2%2Fcategories&post=3224"},{"taxonomy":"post_tag","embeddable":true,"href":"https:\/\/blogdobispo.com.br\/index.php?rest_route=%2Fwp%2Fv2%2Ftags&post=3224"}],"curies":[{"name":"wp","href":"https:\/\/api.w.org\/{rel}","templated":true}]}}