{"id":3194,"date":"2024-04-12T19:20:55","date_gmt":"2024-04-12T19:20:55","guid":{"rendered":"https:\/\/blogdobispo.com.br\/?p=3194"},"modified":"2024-05-03T15:54:55","modified_gmt":"2024-05-03T15:54:55","slug":"minuto-da-camara-prestando-contas-com-voce-26","status":"publish","type":"post","link":"https:\/\/blogdobispo.com.br\/?p=3194","title":{"rendered":"Projetos de lei voltados para inf\u00e2ncia e cultura s\u00e3o aprovados em comiss\u00e3o"},"content":{"rendered":"\n<figure class=\"wp-block-image\"><img data-recalc-dims=\"1\" decoding=\"async\" src=\"https:\/\/i0.wp.com\/www.cmnat.rn.gov.br\/_ups\/noticias\/2024\/04\/09\/9300bfbbeb48be7a3bff45f78904f745.jpeg?w=800&#038;ssl=1\" alt=\"\"\/><\/figure>\n\n\n\n<p>Nesta ter\u00e7a-feira (09), a Comiss\u00e3o de Educa\u00e7\u00e3o, Cultura, Ci\u00eancia, Tecnologia e Inova\u00e7\u00e3o da C\u00e2mara Municipal de Natal apreciou projetos de lei durante uma reuni\u00e3o realizada no plen\u00e1rio da Casa. Entre os textos que receberam parecer favor\u00e1vel dos parlamentares, destaque para os PLs 469\/2023, de autoria da vereadora Ana Paula (SD), que regulamenta a destina\u00e7\u00e3o de recursos p\u00fablicos para as festividades de S\u00e3o Jo\u00e3o, em Natal, e estabelece percentual m\u00ednimo que deve ser empregado para a contrata\u00e7\u00e3o de artistas e conjuntos musicais que representam a cultura popular do g\u00eanero Forr\u00f3 e 566\/2023, da vereadora J\u00falia Arruda (PCdoB), que institui o Programa de Arrecada\u00e7\u00e3o de Brinquedos para Doa\u00e7\u00e3o \u00e0s Crian\u00e7as do Munic\u00edpio.<\/p>\n\n\n\n<p>O primeiro tem o objetivo de regulamentar a destina\u00e7\u00e3o de recursos p\u00fablicos para as festividades do S\u00e3o Jo\u00e3o no Munic\u00edpio de Natal, visando \u00e0 valoriza\u00e7\u00e3o do Forr\u00f3 como Patrim\u00f4nio Cultural Imaterial da Regi\u00e3o Nordeste e o segundo receber e armazenar os produtos e brinquedos em suas diversas classifica\u00e7\u00f5es (brinquedos artesanais, brinquedos l\u00fadicos, brinquedos pedag\u00f3gicos, brinquedos educativos, jogos, entre outros) desde que em condi\u00e7\u00f5es de utiliza\u00e7\u00e3o e com prazos de validade adequados, provenientes de doa\u00e7\u00f5es de estabelecimentos comerciais e industriais ligados \u00e0 produ\u00e7\u00e3o e comercializa\u00e7\u00e3o, no atacado ou no varejo, de jogos e brinquedos.<\/p>\n","protected":false},"excerpt":{"rendered":"<p>Nesta ter\u00e7a-feira (09), a Comiss\u00e3o de Educa\u00e7\u00e3o, Cultura, Ci\u00eancia, Tecnologia e Inova\u00e7\u00e3o da C\u00e2mara Municipal de Natal apreciou projetos de lei durante uma reuni\u00e3o realizada no plen\u00e1rio da Casa. Entre os textos que receberam parecer favor\u00e1vel dos parlamentares, destaque para os PLs 469\/2023, de autoria da vereadora Ana Paula (SD), que regulamenta a destina\u00e7\u00e3o de [&hellip;]<\/p>\n","protected":false},"author":1,"featured_media":0,"comment_status":"open","ping_status":"open","sticky":false,"template":"","format":"standard","meta":{"cybocfi_hide_featured_image":"","_jetpack_memberships_contains_paid_content":false,"footnotes":""},"categories":[1],"tags":[],"class_list":["post-3194","post","type-post","status-publish","format-standard","hentry","category-diversos"],"yoast_head":"<!-- This site is optimized with the Yoast SEO plugin v25.6 - https:\/\/yoast.com\/wordpress\/plugins\/seo\/ -->\n<title>Projetos de lei voltados para inf\u00e2ncia e cultura s\u00e3o aprovados em comiss\u00e3o - Blog do Bispo<\/title>\n<meta name=\"robots\" content=\"index, follow, max-snippet:-1, max-image-preview:large, max-video-preview:-1\" \/>\n<link rel=\"canonical\" href=\"https:\/\/blogdobispo.com.br\/?p=3194\" \/>\n<meta property=\"og:locale\" content=\"pt_BR\" \/>\n<meta property=\"og:type\" content=\"article\" \/>\n<meta property=\"og:title\" content=\"Projetos de lei voltados para inf\u00e2ncia e cultura s\u00e3o aprovados em comiss\u00e3o - Blog do Bispo\" \/>\n<meta property=\"og:description\" content=\"Nesta ter\u00e7a-feira (09), a Comiss\u00e3o de Educa\u00e7\u00e3o, Cultura, Ci\u00eancia, Tecnologia e Inova\u00e7\u00e3o da C\u00e2mara Municipal de Natal apreciou projetos de lei durante uma reuni\u00e3o realizada no plen\u00e1rio da Casa. Entre os textos que receberam parecer favor\u00e1vel dos parlamentares, destaque para os PLs 469\/2023, de autoria da vereadora Ana Paula (SD), que regulamenta a destina\u00e7\u00e3o de [&hellip;]\" \/>\n<meta property=\"og:url\" content=\"https:\/\/blogdobispo.com.br\/?p=3194\" \/>\n<meta property=\"og:site_name\" content=\"Blog do Bispo\" \/>\n<meta property=\"article:published_time\" content=\"2024-04-12T19:20:55+00:00\" \/>\n<meta property=\"article:modified_time\" content=\"2024-05-03T15:54:55+00:00\" \/>\n<meta property=\"og:image\" content=\"https:\/\/www.cmnat.rn.gov.br\/_ups\/noticias\/2024\/04\/09\/9300bfbbeb48be7a3bff45f78904f745.jpeg\" \/>\n<meta name=\"author\" content=\"Jefferson Sterfeno\" \/>\n<meta name=\"twitter:card\" content=\"summary_large_image\" \/>\n<meta name=\"twitter:label1\" content=\"Escrito por\" \/>\n\t<meta name=\"twitter:data1\" content=\"Jefferson Sterfeno\" \/>\n\t<meta name=\"twitter:label2\" content=\"Est. tempo de leitura\" \/>\n\t<meta name=\"twitter:data2\" content=\"1 minuto\" \/>\n<script type=\"application\/ld+json\" class=\"yoast-schema-graph\">{\"@context\":\"https:\/\/schema.org\",\"@graph\":[{\"@type\":\"Article\",\"@id\":\"https:\/\/blogdobispo.com.br\/?p=3194#article\",\"isPartOf\":{\"@id\":\"https:\/\/blogdobispo.com.br\/?p=3194\"},\"author\":{\"name\":\"Jefferson Sterfeno\",\"@id\":\"https:\/\/blogdobispo.com.br\/#\/schema\/person\/e2209cc0e6cea5c5233d033e997b373f\"},\"headline\":\"Projetos de lei voltados para inf\u00e2ncia e cultura s\u00e3o aprovados em comiss\u00e3o\",\"datePublished\":\"2024-04-12T19:20:55+00:00\",\"dateModified\":\"2024-05-03T15:54:55+00:00\",\"mainEntityOfPage\":{\"@id\":\"https:\/\/blogdobispo.com.br\/?p=3194\"},\"wordCount\":250,\"commentCount\":0,\"publisher\":{\"@id\":\"https:\/\/blogdobispo.com.br\/#organization\"},\"image\":{\"@id\":\"https:\/\/blogdobispo.com.br\/?p=3194#primaryimage\"},\"thumbnailUrl\":\"https:\/\/www.cmnat.rn.gov.br\/_ups\/noticias\/2024\/04\/09\/9300bfbbeb48be7a3bff45f78904f745.jpeg\",\"articleSection\":[\"diversos\"],\"inLanguage\":\"pt-BR\",\"potentialAction\":[{\"@type\":\"CommentAction\",\"name\":\"Comment\",\"target\":[\"https:\/\/blogdobispo.com.br\/?p=3194#respond\"]}]},{\"@type\":\"WebPage\",\"@id\":\"https:\/\/blogdobispo.com.br\/?p=3194\",\"url\":\"https:\/\/blogdobispo.com.br\/?p=3194\",\"name\":\"Projetos de lei voltados para inf\u00e2ncia e cultura s\u00e3o aprovados em comiss\u00e3o - Blog do Bispo\",\"isPartOf\":{\"@id\":\"https:\/\/blogdobispo.com.br\/#website\"},\"primaryImageOfPage\":{\"@id\":\"https:\/\/blogdobispo.com.br\/?p=3194#primaryimage\"},\"image\":{\"@id\":\"https:\/\/blogdobispo.com.br\/?p=3194#primaryimage\"},\"thumbnailUrl\":\"https:\/\/www.cmnat.rn.gov.br\/_ups\/noticias\/2024\/04\/09\/9300bfbbeb48be7a3bff45f78904f745.jpeg\",\"datePublished\":\"2024-04-12T19:20:55+00:00\",\"dateModified\":\"2024-05-03T15:54:55+00:00\",\"breadcrumb\":{\"@id\":\"https:\/\/blogdobispo.com.br\/?p=3194#breadcrumb\"},\"inLanguage\":\"pt-BR\",\"potentialAction\":[{\"@type\":\"ReadAction\",\"target\":[\"https:\/\/blogdobispo.com.br\/?p=3194\"]}]},{\"@type\":\"ImageObject\",\"inLanguage\":\"pt-BR\",\"@id\":\"https:\/\/blogdobispo.com.br\/?p=3194#primaryimage\",\"url\":\"https:\/\/www.cmnat.rn.gov.br\/_ups\/noticias\/2024\/04\/09\/9300bfbbeb48be7a3bff45f78904f745.jpeg\",\"contentUrl\":\"https:\/\/www.cmnat.rn.gov.br\/_ups\/noticias\/2024\/04\/09\/9300bfbbeb48be7a3bff45f78904f745.jpeg\"},{\"@type\":\"BreadcrumbList\",\"@id\":\"https:\/\/blogdobispo.com.br\/?p=3194#breadcrumb\",\"itemListElement\":[{\"@type\":\"ListItem\",\"position\":1,\"name\":\"In\u00edcio\",\"item\":\"https:\/\/blogdobispo.com.br\/\"},{\"@type\":\"ListItem\",\"position\":2,\"name\":\"Projetos de lei voltados para inf\u00e2ncia e cultura s\u00e3o aprovados em comiss\u00e3o\"}]},{\"@type\":\"WebSite\",\"@id\":\"https:\/\/blogdobispo.com.br\/#website\",\"url\":\"https:\/\/blogdobispo.com.br\/\",\"name\":\"Blog do Bispo\",\"description\":\"Comprometido apenas com o leitor\",\"publisher\":{\"@id\":\"https:\/\/blogdobispo.com.br\/#organization\"},\"potentialAction\":[{\"@type\":\"SearchAction\",\"target\":{\"@type\":\"EntryPoint\",\"urlTemplate\":\"https:\/\/blogdobispo.com.br\/?s={search_term_string}\"},\"query-input\":{\"@type\":\"PropertyValueSpecification\",\"valueRequired\":true,\"valueName\":\"search_term_string\"}}],\"inLanguage\":\"pt-BR\"},{\"@type\":\"Organization\",\"@id\":\"https:\/\/blogdobispo.com.br\/#organization\",\"name\":\"Blog do Bispo\",\"url\":\"https:\/\/blogdobispo.com.br\/\",\"logo\":{\"@type\":\"ImageObject\",\"inLanguage\":\"pt-BR\",\"@id\":\"https:\/\/blogdobispo.com.br\/#\/schema\/logo\/image\/\",\"url\":\"http:\/\/blogdobispo.com.br\/wp-content\/uploads\/2023\/05\/cropped-headear.png\",\"contentUrl\":\"http:\/\/blogdobispo.com.br\/wp-content\/uploads\/2023\/05\/cropped-headear.png\",\"width\":1500,\"height\":399,\"caption\":\"Blog do Bispo\"},\"image\":{\"@id\":\"https:\/\/blogdobispo.com.br\/#\/schema\/logo\/image\/\"}},{\"@type\":\"Person\",\"@id\":\"https:\/\/blogdobispo.com.br\/#\/schema\/person\/e2209cc0e6cea5c5233d033e997b373f\",\"name\":\"Jefferson Sterfeno\",\"image\":{\"@type\":\"ImageObject\",\"inLanguage\":\"pt-BR\",\"@id\":\"https:\/\/blogdobispo.com.br\/#\/schema\/person\/image\/\",\"url\":\"https:\/\/secure.gravatar.com\/avatar\/0534e84764641168a677026b6d57a3f51dc7ac4db0b4f6186d9cb330d4ee1160?s=96&d=mm&r=g\",\"contentUrl\":\"https:\/\/secure.gravatar.com\/avatar\/0534e84764641168a677026b6d57a3f51dc7ac4db0b4f6186d9cb330d4ee1160?s=96&d=mm&r=g\",\"caption\":\"Jefferson Sterfeno\"},\"sameAs\":[\"http:\/\/blogdobispo.com.br\"],\"url\":\"https:\/\/blogdobispo.com.br\/?author=1\"}]}<\/script>\n<!-- \/ Yoast SEO plugin. -->","yoast_head_json":{"title":"Projetos de lei voltados para inf\u00e2ncia e cultura s\u00e3o aprovados em comiss\u00e3o - Blog do Bispo","robots":{"index":"index","follow":"follow","max-snippet":"max-snippet:-1","max-image-preview":"max-image-preview:large","max-video-preview":"max-video-preview:-1"},"canonical":"https:\/\/blogdobispo.com.br\/?p=3194","og_locale":"pt_BR","og_type":"article","og_title":"Projetos de lei voltados para inf\u00e2ncia e cultura s\u00e3o aprovados em comiss\u00e3o - Blog do Bispo","og_description":"Nesta ter\u00e7a-feira (09), a Comiss\u00e3o de Educa\u00e7\u00e3o, Cultura, Ci\u00eancia, Tecnologia e Inova\u00e7\u00e3o da C\u00e2mara Municipal de Natal apreciou projetos de lei durante uma reuni\u00e3o realizada no plen\u00e1rio da Casa. Entre os textos que receberam parecer favor\u00e1vel dos parlamentares, destaque para os PLs 469\/2023, de autoria da vereadora Ana Paula (SD), que regulamenta a destina\u00e7\u00e3o de [&hellip;]","og_url":"https:\/\/blogdobispo.com.br\/?p=3194","og_site_name":"Blog do Bispo","article_published_time":"2024-04-12T19:20:55+00:00","article_modified_time":"2024-05-03T15:54:55+00:00","og_image":[{"url":"https:\/\/www.cmnat.rn.gov.br\/_ups\/noticias\/2024\/04\/09\/9300bfbbeb48be7a3bff45f78904f745.jpeg","type":"","width":"","height":""}],"author":"Jefferson Sterfeno","twitter_card":"summary_large_image","twitter_misc":{"Escrito por":"Jefferson Sterfeno","Est. tempo de leitura":"1 minuto"},"schema":{"@context":"https:\/\/schema.org","@graph":[{"@type":"Article","@id":"https:\/\/blogdobispo.com.br\/?p=3194#article","isPartOf":{"@id":"https:\/\/blogdobispo.com.br\/?p=3194"},"author":{"name":"Jefferson Sterfeno","@id":"https:\/\/blogdobispo.com.br\/#\/schema\/person\/e2209cc0e6cea5c5233d033e997b373f"},"headline":"Projetos de lei voltados para inf\u00e2ncia e cultura s\u00e3o aprovados em comiss\u00e3o","datePublished":"2024-04-12T19:20:55+00:00","dateModified":"2024-05-03T15:54:55+00:00","mainEntityOfPage":{"@id":"https:\/\/blogdobispo.com.br\/?p=3194"},"wordCount":250,"commentCount":0,"publisher":{"@id":"https:\/\/blogdobispo.com.br\/#organization"},"image":{"@id":"https:\/\/blogdobispo.com.br\/?p=3194#primaryimage"},"thumbnailUrl":"https:\/\/www.cmnat.rn.gov.br\/_ups\/noticias\/2024\/04\/09\/9300bfbbeb48be7a3bff45f78904f745.jpeg","articleSection":["diversos"],"inLanguage":"pt-BR","potentialAction":[{"@type":"CommentAction","name":"Comment","target":["https:\/\/blogdobispo.com.br\/?p=3194#respond"]}]},{"@type":"WebPage","@id":"https:\/\/blogdobispo.com.br\/?p=3194","url":"https:\/\/blogdobispo.com.br\/?p=3194","name":"Projetos de lei voltados para inf\u00e2ncia e cultura s\u00e3o aprovados em comiss\u00e3o - Blog do Bispo","isPartOf":{"@id":"https:\/\/blogdobispo.com.br\/#website"},"primaryImageOfPage":{"@id":"https:\/\/blogdobispo.com.br\/?p=3194#primaryimage"},"image":{"@id":"https:\/\/blogdobispo.com.br\/?p=3194#primaryimage"},"thumbnailUrl":"https:\/\/www.cmnat.rn.gov.br\/_ups\/noticias\/2024\/04\/09\/9300bfbbeb48be7a3bff45f78904f745.jpeg","datePublished":"2024-04-12T19:20:55+00:00","dateModified":"2024-05-03T15:54:55+00:00","breadcrumb":{"@id":"https:\/\/blogdobispo.com.br\/?p=3194#breadcrumb"},"inLanguage":"pt-BR","potentialAction":[{"@type":"ReadAction","target":["https:\/\/blogdobispo.com.br\/?p=3194"]}]},{"@type":"ImageObject","inLanguage":"pt-BR","@id":"https:\/\/blogdobispo.com.br\/?p=3194#primaryimage","url":"https:\/\/www.cmnat.rn.gov.br\/_ups\/noticias\/2024\/04\/09\/9300bfbbeb48be7a3bff45f78904f745.jpeg","contentUrl":"https:\/\/www.cmnat.rn.gov.br\/_ups\/noticias\/2024\/04\/09\/9300bfbbeb48be7a3bff45f78904f745.jpeg"},{"@type":"BreadcrumbList","@id":"https:\/\/blogdobispo.com.br\/?p=3194#breadcrumb","itemListElement":[{"@type":"ListItem","position":1,"name":"In\u00edcio","item":"https:\/\/blogdobispo.com.br\/"},{"@type":"ListItem","position":2,"name":"Projetos de lei voltados para inf\u00e2ncia e cultura s\u00e3o aprovados em comiss\u00e3o"}]},{"@type":"WebSite","@id":"https:\/\/blogdobispo.com.br\/#website","url":"https:\/\/blogdobispo.com.br\/","name":"Blog do Bispo","description":"Comprometido apenas com o leitor","publisher":{"@id":"https:\/\/blogdobispo.com.br\/#organization"},"potentialAction":[{"@type":"SearchAction","target":{"@type":"EntryPoint","urlTemplate":"https:\/\/blogdobispo.com.br\/?s={search_term_string}"},"query-input":{"@type":"PropertyValueSpecification","valueRequired":true,"valueName":"search_term_string"}}],"inLanguage":"pt-BR"},{"@type":"Organization","@id":"https:\/\/blogdobispo.com.br\/#organization","name":"Blog do Bispo","url":"https:\/\/blogdobispo.com.br\/","logo":{"@type":"ImageObject","inLanguage":"pt-BR","@id":"https:\/\/blogdobispo.com.br\/#\/schema\/logo\/image\/","url":"http:\/\/blogdobispo.com.br\/wp-content\/uploads\/2023\/05\/cropped-headear.png","contentUrl":"http:\/\/blogdobispo.com.br\/wp-content\/uploads\/2023\/05\/cropped-headear.png","width":1500,"height":399,"caption":"Blog do Bispo"},"image":{"@id":"https:\/\/blogdobispo.com.br\/#\/schema\/logo\/image\/"}},{"@type":"Person","@id":"https:\/\/blogdobispo.com.br\/#\/schema\/person\/e2209cc0e6cea5c5233d033e997b373f","name":"Jefferson Sterfeno","image":{"@type":"ImageObject","inLanguage":"pt-BR","@id":"https:\/\/blogdobispo.com.br\/#\/schema\/person\/image\/","url":"https:\/\/secure.gravatar.com\/avatar\/0534e84764641168a677026b6d57a3f51dc7ac4db0b4f6186d9cb330d4ee1160?s=96&d=mm&r=g","contentUrl":"https:\/\/secure.gravatar.com\/avatar\/0534e84764641168a677026b6d57a3f51dc7ac4db0b4f6186d9cb330d4ee1160?s=96&d=mm&r=g","caption":"Jefferson Sterfeno"},"sameAs":["http:\/\/blogdobispo.com.br"],"url":"https:\/\/blogdobispo.com.br\/?author=1"}]}},"featured_image_urls":{"full":"","thumbnail":"","medium":"","medium_large":"","large":"","1536x1536":"","2048x2048":""},"author_info":{"display_name":"Jefferson Sterfeno","author_link":"https:\/\/blogdobispo.com.br\/?author=1"},"category_info":"<a href=\"https:\/\/blogdobispo.com.br\/?cat=1\" rel=\"category\">diversos<\/a>","tag_info":"diversos","comment_count":"0","jetpack_featured_media_url":"","jetpack_sharing_enabled":true,"_links":{"self":[{"href":"https:\/\/blogdobispo.com.br\/index.php?rest_route=\/wp\/v2\/posts\/3194","targetHints":{"allow":["GET"]}}],"collection":[{"href":"https:\/\/blogdobispo.com.br\/index.php?rest_route=\/wp\/v2\/posts"}],"about":[{"href":"https:\/\/blogdobispo.com.br\/index.php?rest_route=\/wp\/v2\/types\/post"}],"author":[{"embeddable":true,"href":"https:\/\/blogdobispo.com.br\/index.php?rest_route=\/wp\/v2\/users\/1"}],"replies":[{"embeddable":true,"href":"https:\/\/blogdobispo.com.br\/index.php?rest_route=%2Fwp%2Fv2%2Fcomments&post=3194"}],"version-history":[{"count":1,"href":"https:\/\/blogdobispo.com.br\/index.php?rest_route=\/wp\/v2\/posts\/3194\/revisions"}],"predecessor-version":[{"id":3342,"href":"https:\/\/blogdobispo.com.br\/index.php?rest_route=\/wp\/v2\/posts\/3194\/revisions\/3342"}],"wp:attachment":[{"href":"https:\/\/blogdobispo.com.br\/index.php?rest_route=%2Fwp%2Fv2%2Fmedia&parent=3194"}],"wp:term":[{"taxonomy":"category","embeddable":true,"href":"https:\/\/blogdobispo.com.br\/index.php?rest_route=%2Fwp%2Fv2%2Fcategories&post=3194"},{"taxonomy":"post_tag","embeddable":true,"href":"https:\/\/blogdobispo.com.br\/index.php?rest_route=%2Fwp%2Fv2%2Ftags&post=3194"}],"curies":[{"name":"wp","href":"https:\/\/api.w.org\/{rel}","templated":true}]}}